{"id":2047,"date":"2022-05-18T18:50:37","date_gmt":"2022-05-18T16:50:37","guid":{"rendered":"https:\/\/eraztunberdeurdina.eus\/?p=2047"},"modified":"2022-05-23T18:53:34","modified_gmt":"2022-05-23T16:53:34","slug":"vamos-a-crear-el-mural-ebu","status":"publish","type":"post","link":"https:\/\/eraztunberdeurdina.eus\/es\/vamos-a-crear-el-mural-ebu-20220518\/","title":{"rendered":"\u00a1Vamos a crear el mural EBU!"},"content":{"rendered":"<p>El domingo (d\u00eda 22 de mayo) es el D\u00eda Internacional de la Biodiversidad y para celebrarlo realizaremos murales de los diferentes ecosistemas del Anillo Verde Azul, con el objetivo de conocer y visibilizar su biodiversidad. Esta actividad estar\u00e1 dirigida a ni\u00f1as y ni\u00f1os de 6 a 12 a\u00f1os.<br \/>\n\u00a1An\u00edmate y participa!<\/p>\n<p>* La actividad ser\u00e1 libre y no ser\u00e1 necesaria una previa inscripci\u00f3n<\/p>\n<p>? 22 de mayo<br \/>\n? 10:00-13:00<br \/>\n? 6-12 a\u00f1os<br \/>\n?Frontoi Txikia<\/p>\n<p><img fetchpriority=\"high\" decoding=\"async\" src=\"https:\/\/eraztunberdeurdina.eus\/wp-content\/uploads\/2022\/05\/EBU-MURALA-424x600.png\" alt=\"\" width=\"424\" height=\"600\" class=\"alignnone size-medium wp-image-2045\" srcset=\"https:\/\/eraztunberdeurdina.eus\/wp-content\/uploads\/2022\/05\/EBU-MURALA-424x600.png 424w, https:\/\/eraztunberdeurdina.eus\/wp-content\/uploads\/2022\/05\/EBU-MURALA-768x1086.png 768w, https:\/\/eraztunberdeurdina.eus\/wp-content\/uploads\/2022\/05\/EBU-MURALA.png 1587w\" sizes=\"(max-width: 424px) 100vw, 424px\" \/><\/p>\n","protected":false},"excerpt":{"rendered":"<p>El domingo (d\u00eda 22 de mayo) es el D\u00eda Internacional de la Biodiversidad y para celebrarlo realizaremos murales de los [&hellip;]<\/p>\n","protected":false},"author":3,"featured_media":2045,"comment_status":"closed","ping_status":"closed","sticky":false,"template":"","format":"standard","meta":{"_acf_changed":false,"site-sidebar-layout":"default","site-content-layout":"","ast-site-content-layout":"default","site-content-style":"default","site-sidebar-style":"default","ast-global-header-display":"","ast-banner-title-visibility":"","ast-main-header-display":"","ast-hfb-above-header-display":"","ast-hfb-below-header-display":"","ast-hfb-mobile-header-display":"","site-post-title":"","ast-breadcrumbs-content":"","ast-featured-img":"","footer-sml-layout":"","ast-disable-related-posts":"","theme-transparent-header-meta":"","adv-header-id-meta":"","stick-header-meta":"","header-above-stick-meta":"","header-main-stick-meta":"","header-below-stick-meta":"","astra-migrate-meta-layouts":"default","ast-page-background-enabled":"default","ast-page-background-meta":{"desktop":{"background-color":"var(--ast-global-color-5)","background-image":"","background-repeat":"repeat","background-position":"center center","background-size":"auto","background-attachment":"scroll","background-type":"","background-media":"","overlay-type":"","overlay-color":"","overlay-opacity":"","overlay-gradient":""},"tablet":{"background-color":"","background-image":"","background-repeat":"repeat","background-position":"center center","background-size":"auto","background-attachment":"scroll","background-type":"","background-media":"","overlay-type":"","overlay-color":"","overlay-opacity":"","overlay-gradient":""},"mobile":{"background-color":"","background-image":"","background-repeat":"repeat","background-position":"center center","background-size":"auto","background-attachment":"scroll","background-type":"","background-media":"","overlay-type":"","overlay-color":"","overlay-opacity":"","overlay-gradient":""}},"ast-content-background-meta":{"desktop":{"background-color":"var(--ast-global-color-4)","background-image":"","background-repeat":"repeat","background-position":"center center","background-size":"auto","background-attachment":"scroll","background-type":"","background-media":"","overlay-type":"","overlay-color":"","overlay-opacity":"","overlay-gradient":""},"tablet":{"background-color":"var(--ast-global-color-4)","background-image":"","background-repeat":"repeat","background-position":"center center","background-size":"auto","background-attachment":"scroll","background-type":"","background-media":"","overlay-type":"","overlay-color":"","overlay-opacity":"","overlay-gradient":""},"mobile":{"background-color":"var(--ast-global-color-4)","background-image":"","background-repeat":"repeat","background-position":"center center","background-size":"auto","background-attachment":"scroll","background-type":"","background-media":"","overlay-type":"","overlay-color":"","overlay-opacity":"","overlay-gradient":""}},"footnotes":""},"categories":[86,60],"tags":[104,33,106,101,102,30,103,105,39,28,35],"class_list":["post-2047","post","type-post","status-publish","format-standard","has-post-thumbnail","hentry","category-actividades","category-dinamizacion","tag-actividades-con-ninos","tag-anillo-verde-azul","tag-ayuntamiento-de-zarautz","tag-biodiversidad","tag-dia-internacional-de-la-biodiversidad","tag-ebu","tag-ecosistemas","tag-mural-ebu","tag-natura","tag-zarautz","tag-zarauzko-udala"],"acf":[],"yoast_head":"<!-- This site is optimized with the Yoast SEO plugin v27.1.1 - https:\/\/yoast.com\/product\/yoast-seo-wordpress\/ -->\n<title>\u00a1Vamos a crear el mural EBU! - Anillo Verde Azul de Zarautz<\/title>\n<meta name=\"robots\" content=\"index, follow, max-snippet:-1, max-image-preview:large, max-video-preview:-1\" \/>\n<link rel=\"canonical\" href=\"https:\/\/eraztunberdeurdina.eus\/es\/vamos-a-crear-el-mural-ebu-20220518\/\" \/>\n<meta property=\"og:locale\" content=\"es_ES\" \/>\n<meta property=\"og:type\" content=\"article\" \/>\n<meta property=\"og:title\" content=\"\u00a1Vamos a crear el mural EBU! - Anillo Verde Azul de Zarautz\" \/>\n<meta property=\"og:description\" content=\"El domingo (d\u00eda 22 de mayo) es el D\u00eda Internacional de la Biodiversidad y para celebrarlo realizaremos murales de los [&hellip;]\" \/>\n<meta property=\"og:url\" content=\"https:\/\/eraztunberdeurdina.eus\/es\/vamos-a-crear-el-mural-ebu-20220518\/\" \/>\n<meta property=\"og:site_name\" content=\"Anillo Verde Azul de Zarautz\" \/>\n<meta property=\"article:published_time\" content=\"2022-05-18T16:50:37+00:00\" \/>\n<meta property=\"article:modified_time\" content=\"2022-05-23T16:53:34+00:00\" \/>\n<meta property=\"og:image\" content=\"https:\/\/eraztunberdeurdina.eus\/wp-content\/uploads\/2022\/05\/EBU-MURALA-600x600.png\" \/>\n\t<meta property=\"og:image:width\" content=\"600\" \/>\n\t<meta property=\"og:image:height\" content=\"600\" \/>\n\t<meta property=\"og:image:type\" content=\"image\/png\" \/>\n<meta name=\"author\" content=\"ebu\" \/>\n<meta name=\"twitter:card\" content=\"summary_large_image\" \/>\n<meta name=\"twitter:label1\" content=\"Escrito por\" \/>\n\t<meta name=\"twitter:data1\" content=\"ebu\" \/>\n<script type=\"application\/ld+json\" class=\"yoast-schema-graph\">{\"@context\":\"https:\/\/schema.org\",\"@graph\":[{\"@type\":\"Article\",\"@id\":\"https:\/\/eraztunberdeurdina.eus\/es\/vamos-a-crear-el-mural-ebu-20220518\/#article\",\"isPartOf\":{\"@id\":\"https:\/\/eraztunberdeurdina.eus\/es\/vamos-a-crear-el-mural-ebu-20220518\/\"},\"author\":{\"name\":\"ebu\",\"@id\":\"https:\/\/eraztunberdeurdina.eus\/#\/schema\/person\/a9c3a9d9ddfc0024a1d798d33b8eb53c\"},\"headline\":\"\u00a1Vamos a crear el mural EBU!\",\"datePublished\":\"2022-05-18T16:50:37+00:00\",\"dateModified\":\"2022-05-23T16:53:34+00:00\",\"mainEntityOfPage\":{\"@id\":\"https:\/\/eraztunberdeurdina.eus\/es\/vamos-a-crear-el-mural-ebu-20220518\/\"},\"wordCount\":80,\"publisher\":{\"@id\":\"https:\/\/eraztunberdeurdina.eus\/#organization\"},\"image\":{\"@id\":\"https:\/\/eraztunberdeurdina.eus\/es\/vamos-a-crear-el-mural-ebu-20220518\/#primaryimage\"},\"thumbnailUrl\":\"https:\/\/eraztunberdeurdina.eus\/wp-content\/uploads\/2022\/05\/EBU-MURALA.png\",\"keywords\":[\"actividades con ni\u00f1os\",\"anillo verde azul\",\"Ayuntamiento de Zarautz\",\"biodiversidad\",\"Dia Internacional de la Biodiversidad\",\"EBU\",\"ecosistemas\",\"mural EBU\",\"natura\",\"Zarautz\",\"Zarauzko Udala\"],\"articleSection\":[\"Actividades\",\"dinamizaci\u00f3n\"],\"inLanguage\":\"es\"},{\"@type\":\"WebPage\",\"@id\":\"https:\/\/eraztunberdeurdina.eus\/es\/vamos-a-crear-el-mural-ebu-20220518\/\",\"url\":\"https:\/\/eraztunberdeurdina.eus\/es\/vamos-a-crear-el-mural-ebu-20220518\/\",\"name\":\"\u00a1Vamos a crear el mural EBU! - Anillo Verde Azul de Zarautz\",\"isPartOf\":{\"@id\":\"https:\/\/eraztunberdeurdina.eus\/#website\"},\"primaryImageOfPage\":{\"@id\":\"https:\/\/eraztunberdeurdina.eus\/es\/vamos-a-crear-el-mural-ebu-20220518\/#primaryimage\"},\"image\":{\"@id\":\"https:\/\/eraztunberdeurdina.eus\/es\/vamos-a-crear-el-mural-ebu-20220518\/#primaryimage\"},\"thumbnailUrl\":\"https:\/\/eraztunberdeurdina.eus\/wp-content\/uploads\/2022\/05\/EBU-MURALA.png\",\"datePublished\":\"2022-05-18T16:50:37+00:00\",\"dateModified\":\"2022-05-23T16:53:34+00:00\",\"breadcrumb\":{\"@id\":\"https:\/\/eraztunberdeurdina.eus\/es\/vamos-a-crear-el-mural-ebu-20220518\/#breadcrumb\"},\"inLanguage\":\"es\",\"potentialAction\":[{\"@type\":\"ReadAction\",\"target\":[\"https:\/\/eraztunberdeurdina.eus\/es\/vamos-a-crear-el-mural-ebu-20220518\/\"]}]},{\"@type\":\"ImageObject\",\"inLanguage\":\"es\",\"@id\":\"https:\/\/eraztunberdeurdina.eus\/es\/vamos-a-crear-el-mural-ebu-20220518\/#primaryimage\",\"url\":\"https:\/\/eraztunberdeurdina.eus\/wp-content\/uploads\/2022\/05\/EBU-MURALA.png\",\"contentUrl\":\"https:\/\/eraztunberdeurdina.eus\/wp-content\/uploads\/2022\/05\/EBU-MURALA.png\",\"width\":1587,\"height\":2245},{\"@type\":\"BreadcrumbList\",\"@id\":\"https:\/\/eraztunberdeurdina.eus\/es\/vamos-a-crear-el-mural-ebu-20220518\/#breadcrumb\",\"itemListElement\":[{\"@type\":\"ListItem\",\"position\":1,\"name\":\"Home\",\"item\":\"https:\/\/eraztunberdeurdina.eus\/es\/anillo-verde-azul\/\"},{\"@type\":\"ListItem\",\"position\":2,\"name\":\"\u00a1Vamos a crear el mural EBU!\"}]},{\"@type\":\"WebSite\",\"@id\":\"https:\/\/eraztunberdeurdina.eus\/#website\",\"url\":\"https:\/\/eraztunberdeurdina.eus\/\",\"name\":\"Zarauzko Eraztun Berde Urdina\",\"description\":\"Herri-inguruko berdeguneen zaintza\",\"publisher\":{\"@id\":\"https:\/\/eraztunberdeurdina.eus\/#organization\"},\"potentialAction\":[{\"@type\":\"SearchAction\",\"target\":{\"@type\":\"EntryPoint\",\"urlTemplate\":\"https:\/\/eraztunberdeurdina.eus\/?s={search_term_string}\"},\"query-input\":{\"@type\":\"PropertyValueSpecification\",\"valueRequired\":true,\"valueName\":\"search_term_string\"}}],\"inLanguage\":\"es\"},{\"@type\":\"Organization\",\"@id\":\"https:\/\/eraztunberdeurdina.eus\/#organization\",\"name\":\"Zarauzko Eraztun Berde Urdina\",\"url\":\"https:\/\/eraztunberdeurdina.eus\/\",\"logo\":{\"@type\":\"ImageObject\",\"inLanguage\":\"es\",\"@id\":\"https:\/\/eraztunberdeurdina.eus\/#\/schema\/logo\/image\/\",\"url\":\"https:\/\/eraztunberdeurdina.eus\/wp-content\/uploads\/2018\/07\/EBUkoloretan.jpg\",\"contentUrl\":\"https:\/\/eraztunberdeurdina.eus\/wp-content\/uploads\/2018\/07\/EBUkoloretan.jpg\",\"width\":934,\"height\":687,\"caption\":\"Zarauzko Eraztun Berde Urdina\"},\"image\":{\"@id\":\"https:\/\/eraztunberdeurdina.eus\/#\/schema\/logo\/image\/\"}},{\"@type\":\"Person\",\"@id\":\"https:\/\/eraztunberdeurdina.eus\/#\/schema\/person\/a9c3a9d9ddfc0024a1d798d33b8eb53c\",\"name\":\"ebu\"}]}<\/script>\n<!-- \/ Yoast SEO plugin. -->","yoast_head_json":{"title":"\u00a1Vamos a crear el mural EBU! - Anillo Verde Azul de Zarautz","robots":{"index":"index","follow":"follow","max-snippet":"max-snippet:-1","max-image-preview":"max-image-preview:large","max-video-preview":"max-video-preview:-1"},"canonical":"https:\/\/eraztunberdeurdina.eus\/es\/vamos-a-crear-el-mural-ebu-20220518\/","og_locale":"es_ES","og_type":"article","og_title":"\u00a1Vamos a crear el mural EBU! - Anillo Verde Azul de Zarautz","og_description":"El domingo (d\u00eda 22 de mayo) es el D\u00eda Internacional de la Biodiversidad y para celebrarlo realizaremos murales de los [&hellip;]","og_url":"https:\/\/eraztunberdeurdina.eus\/es\/vamos-a-crear-el-mural-ebu-20220518\/","og_site_name":"Anillo Verde Azul de Zarautz","article_published_time":"2022-05-18T16:50:37+00:00","article_modified_time":"2022-05-23T16:53:34+00:00","og_image":[{"width":600,"height":600,"url":"https:\/\/eraztunberdeurdina.eus\/wp-content\/uploads\/2022\/05\/EBU-MURALA-600x600.png","type":"image\/png"}],"author":"ebu","twitter_card":"summary_large_image","twitter_misc":{"Escrito por":"ebu"},"schema":{"@context":"https:\/\/schema.org","@graph":[{"@type":"Article","@id":"https:\/\/eraztunberdeurdina.eus\/es\/vamos-a-crear-el-mural-ebu-20220518\/#article","isPartOf":{"@id":"https:\/\/eraztunberdeurdina.eus\/es\/vamos-a-crear-el-mural-ebu-20220518\/"},"author":{"name":"ebu","@id":"https:\/\/eraztunberdeurdina.eus\/#\/schema\/person\/a9c3a9d9ddfc0024a1d798d33b8eb53c"},"headline":"\u00a1Vamos a crear el mural EBU!","datePublished":"2022-05-18T16:50:37+00:00","dateModified":"2022-05-23T16:53:34+00:00","mainEntityOfPage":{"@id":"https:\/\/eraztunberdeurdina.eus\/es\/vamos-a-crear-el-mural-ebu-20220518\/"},"wordCount":80,"publisher":{"@id":"https:\/\/eraztunberdeurdina.eus\/#organization"},"image":{"@id":"https:\/\/eraztunberdeurdina.eus\/es\/vamos-a-crear-el-mural-ebu-20220518\/#primaryimage"},"thumbnailUrl":"https:\/\/eraztunberdeurdina.eus\/wp-content\/uploads\/2022\/05\/EBU-MURALA.png","keywords":["actividades con ni\u00f1os","anillo verde azul","Ayuntamiento de Zarautz","biodiversidad","Dia Internacional de la Biodiversidad","EBU","ecosistemas","mural EBU","natura","Zarautz","Zarauzko Udala"],"articleSection":["Actividades","dinamizaci\u00f3n"],"inLanguage":"es"},{"@type":"WebPage","@id":"https:\/\/eraztunberdeurdina.eus\/es\/vamos-a-crear-el-mural-ebu-20220518\/","url":"https:\/\/eraztunberdeurdina.eus\/es\/vamos-a-crear-el-mural-ebu-20220518\/","name":"\u00a1Vamos a crear el mural EBU! - Anillo Verde Azul de Zarautz","isPartOf":{"@id":"https:\/\/eraztunberdeurdina.eus\/#website"},"primaryImageOfPage":{"@id":"https:\/\/eraztunberdeurdina.eus\/es\/vamos-a-crear-el-mural-ebu-20220518\/#primaryimage"},"image":{"@id":"https:\/\/eraztunberdeurdina.eus\/es\/vamos-a-crear-el-mural-ebu-20220518\/#primaryimage"},"thumbnailUrl":"https:\/\/eraztunberdeurdina.eus\/wp-content\/uploads\/2022\/05\/EBU-MURALA.png","datePublished":"2022-05-18T16:50:37+00:00","dateModified":"2022-05-23T16:53:34+00:00","breadcrumb":{"@id":"https:\/\/eraztunberdeurdina.eus\/es\/vamos-a-crear-el-mural-ebu-20220518\/#breadcrumb"},"inLanguage":"es","potentialAction":[{"@type":"ReadAction","target":["https:\/\/eraztunberdeurdina.eus\/es\/vamos-a-crear-el-mural-ebu-20220518\/"]}]},{"@type":"ImageObject","inLanguage":"es","@id":"https:\/\/eraztunberdeurdina.eus\/es\/vamos-a-crear-el-mural-ebu-20220518\/#primaryimage","url":"https:\/\/eraztunberdeurdina.eus\/wp-content\/uploads\/2022\/05\/EBU-MURALA.png","contentUrl":"https:\/\/eraztunberdeurdina.eus\/wp-content\/uploads\/2022\/05\/EBU-MURALA.png","width":1587,"height":2245},{"@type":"BreadcrumbList","@id":"https:\/\/eraztunberdeurdina.eus\/es\/vamos-a-crear-el-mural-ebu-20220518\/#breadcrumb","itemListElement":[{"@type":"ListItem","position":1,"name":"Home","item":"https:\/\/eraztunberdeurdina.eus\/es\/anillo-verde-azul\/"},{"@type":"ListItem","position":2,"name":"\u00a1Vamos a crear el mural EBU!"}]},{"@type":"WebSite","@id":"https:\/\/eraztunberdeurdina.eus\/#website","url":"https:\/\/eraztunberdeurdina.eus\/","name":"Zarauzko Eraztun Berde Urdina","description":"Herri-inguruko berdeguneen zaintza","publisher":{"@id":"https:\/\/eraztunberdeurdina.eus\/#organization"},"potentialAction":[{"@type":"SearchAction","target":{"@type":"EntryPoint","urlTemplate":"https:\/\/eraztunberdeurdina.eus\/?s={search_term_string}"},"query-input":{"@type":"PropertyValueSpecification","valueRequired":true,"valueName":"search_term_string"}}],"inLanguage":"es"},{"@type":"Organization","@id":"https:\/\/eraztunberdeurdina.eus\/#organization","name":"Zarauzko Eraztun Berde Urdina","url":"https:\/\/eraztunberdeurdina.eus\/","logo":{"@type":"ImageObject","inLanguage":"es","@id":"https:\/\/eraztunberdeurdina.eus\/#\/schema\/logo\/image\/","url":"https:\/\/eraztunberdeurdina.eus\/wp-content\/uploads\/2018\/07\/EBUkoloretan.jpg","contentUrl":"https:\/\/eraztunberdeurdina.eus\/wp-content\/uploads\/2018\/07\/EBUkoloretan.jpg","width":934,"height":687,"caption":"Zarauzko Eraztun Berde Urdina"},"image":{"@id":"https:\/\/eraztunberdeurdina.eus\/#\/schema\/logo\/image\/"}},{"@type":"Person","@id":"https:\/\/eraztunberdeurdina.eus\/#\/schema\/person\/a9c3a9d9ddfc0024a1d798d33b8eb53c","name":"ebu"}]}},"_links":{"self":[{"href":"https:\/\/eraztunberdeurdina.eus\/es\/wp-json\/wp\/v2\/posts\/2047","targetHints":{"allow":["GET"]}}],"collection":[{"href":"https:\/\/eraztunberdeurdina.eus\/es\/wp-json\/wp\/v2\/posts"}],"about":[{"href":"https:\/\/eraztunberdeurdina.eus\/es\/wp-json\/wp\/v2\/types\/post"}],"author":[{"embeddable":true,"href":"https:\/\/eraztunberdeurdina.eus\/es\/wp-json\/wp\/v2\/users\/3"}],"replies":[{"embeddable":true,"href":"https:\/\/eraztunberdeurdina.eus\/es\/wp-json\/wp\/v2\/comments?post=2047"}],"version-history":[{"count":1,"href":"https:\/\/eraztunberdeurdina.eus\/es\/wp-json\/wp\/v2\/posts\/2047\/revisions"}],"predecessor-version":[{"id":2048,"href":"https:\/\/eraztunberdeurdina.eus\/es\/wp-json\/wp\/v2\/posts\/2047\/revisions\/2048"}],"wp:featuredmedia":[{"embeddable":true,"href":"https:\/\/eraztunberdeurdina.eus\/es\/wp-json\/wp\/v2\/media\/2045"}],"wp:attachment":[{"href":"https:\/\/eraztunberdeurdina.eus\/es\/wp-json\/wp\/v2\/media?parent=2047"}],"wp:term":[{"taxonomy":"category","embeddable":true,"href":"https:\/\/eraztunberdeurdina.eus\/es\/wp-json\/wp\/v2\/categories?post=2047"},{"taxonomy":"post_tag","embeddable":true,"href":"https:\/\/eraztunberdeurdina.eus\/es\/wp-json\/wp\/v2\/tags?post=2047"}],"curies":[{"name":"wp","href":"https:\/\/api.w.org\/{rel}","templated":true}]}}