{"id":2112,"date":"2022-05-26T14:15:44","date_gmt":"2022-05-26T12:15:44","guid":{"rendered":"https:\/\/eraztunberdeurdina.eus\/?p=2112"},"modified":"2022-06-06T14:30:09","modified_gmt":"2022-06-06T12:30:09","slug":"charla-euskara-eta-natura-txirikordatuz","status":"publish","type":"post","link":"https:\/\/eraztunberdeurdina.eus\/es\/charla-euskara-eta-natura-txirikordatuz-20220526\/","title":{"rendered":"Charla \u00abEuskara eta natura txirikordatuz\u00bb"},"content":{"rendered":"<p>En junio tambi\u00e9n llegar\u00e1n propuestas interesantes desde el Anillo Verde Azul, entre ellas una charla muy interesante sobre la relaci\u00f3n entre el euskera y la naturaleza conocida como \u00abEuskara eta natura txirikordatuz, Zarautzen\u00bb que tendr\u00e1 lugar el pr\u00f3ximo jueves d\u00eda 2 de junio. \u00a1Os esperamos!<\/p>\n<p>? jueves, 2 de junio<br \/>\n?19:00<br \/>\n? Cinema Modelo <\/p>\n<p><img fetchpriority=\"high\" decoding=\"async\" src=\"https:\/\/eraztunberdeurdina.eus\/wp-content\/uploads\/2022\/06\/Zarautz.-GureFauna-kartelaHitzaldia-600x338.jpg\" alt=\"\" width=\"600\" height=\"338\" class=\"alignnone size-medium wp-image-2110\" srcset=\"https:\/\/eraztunberdeurdina.eus\/wp-content\/uploads\/2022\/06\/Zarautz.-GureFauna-kartelaHitzaldia-600x338.jpg 600w, https:\/\/eraztunberdeurdina.eus\/wp-content\/uploads\/2022\/06\/Zarautz.-GureFauna-kartelaHitzaldia-768x432.jpg 768w, https:\/\/eraztunberdeurdina.eus\/wp-content\/uploads\/2022\/06\/Zarautz.-GureFauna-kartelaHitzaldia.jpg 1366w\" sizes=\"(max-width: 600px) 100vw, 600px\" \/><\/p>\n","protected":false},"excerpt":{"rendered":"<p>En junio tambi\u00e9n llegar\u00e1n propuestas interesantes desde el Anillo Verde Azul, entre ellas una charla muy interesante sobre la relaci\u00f3n [&hellip;]<\/p>\n","protected":false},"author":3,"featured_media":2110,"comment_status":"closed","ping_status":"closed","sticky":false,"template":"","format":"standard","meta":{"_acf_changed":false,"site-sidebar-layout":"default","site-content-layout":"","ast-site-content-layout":"default","site-content-style":"default","site-sidebar-style":"default","ast-global-header-display":"","ast-banner-title-visibility":"","ast-main-header-display":"","ast-hfb-above-header-display":"","ast-hfb-below-header-display":"","ast-hfb-mobile-header-display":"","site-post-title":"","ast-breadcrumbs-content":"","ast-featured-img":"","footer-sml-layout":"","ast-disable-related-posts":"","theme-transparent-header-meta":"","adv-header-id-meta":"","stick-header-meta":"","header-above-stick-meta":"","header-main-stick-meta":"","header-below-stick-meta":"","astra-migrate-meta-layouts":"default","ast-page-background-enabled":"default","ast-page-background-meta":{"desktop":{"background-color":"var(--ast-global-color-5)","background-image":"","background-repeat":"repeat","background-position":"center center","background-size":"auto","background-attachment":"scroll","background-type":"","background-media":"","overlay-type":"","overlay-color":"","overlay-opacity":"","overlay-gradient":""},"tablet":{"background-color":"","background-image":"","background-repeat":"repeat","background-position":"center center","background-size":"auto","background-attachment":"scroll","background-type":"","background-media":"","overlay-type":"","overlay-color":"","overlay-opacity":"","overlay-gradient":""},"mobile":{"background-color":"","background-image":"","background-repeat":"repeat","background-position":"center center","background-size":"auto","background-attachment":"scroll","background-type":"","background-media":"","overlay-type":"","overlay-color":"","overlay-opacity":"","overlay-gradient":""}},"ast-content-background-meta":{"desktop":{"background-color":"var(--ast-global-color-4)","background-image":"","background-repeat":"repeat","background-position":"center center","background-size":"auto","background-attachment":"scroll","background-type":"","background-media":"","overlay-type":"","overlay-color":"","overlay-opacity":"","overlay-gradient":""},"tablet":{"background-color":"var(--ast-global-color-4)","background-image":"","background-repeat":"repeat","background-position":"center center","background-size":"auto","background-attachment":"scroll","background-type":"","background-media":"","overlay-type":"","overlay-color":"","overlay-opacity":"","overlay-gradient":""},"mobile":{"background-color":"var(--ast-global-color-4)","background-image":"","background-repeat":"repeat","background-position":"center center","background-size":"auto","background-attachment":"scroll","background-type":"","background-media":"","overlay-type":"","overlay-color":"","overlay-opacity":"","overlay-gradient":""}},"footnotes":""},"categories":[86,60],"tags":[33,107,106,156,158,147,30,155,39,70,157,28,35],"class_list":["post-2112","post","type-post","status-publish","format-standard","has-post-thumbnail","hentry","category-actividades","category-dinamizacion","tag-anillo-verde-azul","tag-aranzadi","tag-ayuntamiento-de-zarautz","tag-charla","tag-cinema-modelo","tag-dobera","tag-ebu","tag-euskara","tag-natura","tag-naturaleza","tag-patrimonio-oral","tag-zarautz","tag-zarauzko-udala"],"acf":[],"yoast_head":"<!-- This site is optimized with the Yoast SEO plugin v27.1.1 - https:\/\/yoast.com\/product\/yoast-seo-wordpress\/ -->\n<title>Charla &quot;Euskara eta natura txirikordatuz&quot; - Anillo Verde Azul de Zarautz<\/title>\n<meta name=\"robots\" content=\"index, follow, max-snippet:-1, max-image-preview:large, max-video-preview:-1\" \/>\n<link rel=\"canonical\" href=\"https:\/\/eraztunberdeurdina.eus\/es\/charla-euskara-eta-natura-txirikordatuz-20220526\/\" \/>\n<meta property=\"og:locale\" content=\"es_ES\" \/>\n<meta property=\"og:type\" content=\"article\" \/>\n<meta property=\"og:title\" content=\"Charla &quot;Euskara eta natura txirikordatuz&quot; - Anillo Verde Azul de Zarautz\" \/>\n<meta property=\"og:description\" content=\"En junio tambi\u00e9n llegar\u00e1n propuestas interesantes desde el Anillo Verde Azul, entre ellas una charla muy interesante sobre la relaci\u00f3n [&hellip;]\" \/>\n<meta property=\"og:url\" content=\"https:\/\/eraztunberdeurdina.eus\/es\/charla-euskara-eta-natura-txirikordatuz-20220526\/\" \/>\n<meta property=\"og:site_name\" content=\"Anillo Verde Azul de Zarautz\" \/>\n<meta property=\"article:published_time\" content=\"2022-05-26T12:15:44+00:00\" \/>\n<meta property=\"article:modified_time\" content=\"2022-06-06T12:30:09+00:00\" \/>\n<meta property=\"og:image\" content=\"https:\/\/eraztunberdeurdina.eus\/wp-content\/uploads\/2022\/06\/Zarautz.-GureFauna-kartelaHitzaldia.jpg\" \/>\n\t<meta property=\"og:image:width\" content=\"1366\" \/>\n\t<meta property=\"og:image:height\" content=\"769\" \/>\n\t<meta property=\"og:image:type\" content=\"image\/jpeg\" \/>\n<meta name=\"author\" content=\"ebu\" \/>\n<meta name=\"twitter:card\" content=\"summary_large_image\" \/>\n<meta name=\"twitter:label1\" content=\"Escrito por\" \/>\n\t<meta name=\"twitter:data1\" content=\"ebu\" \/>\n<script type=\"application\/ld+json\" class=\"yoast-schema-graph\">{\"@context\":\"https:\/\/schema.org\",\"@graph\":[{\"@type\":\"Article\",\"@id\":\"https:\/\/eraztunberdeurdina.eus\/es\/charla-euskara-eta-natura-txirikordatuz-20220526\/#article\",\"isPartOf\":{\"@id\":\"https:\/\/eraztunberdeurdina.eus\/es\/charla-euskara-eta-natura-txirikordatuz-20220526\/\"},\"author\":{\"name\":\"ebu\",\"@id\":\"https:\/\/eraztunberdeurdina.eus\/#\/schema\/person\/a9c3a9d9ddfc0024a1d798d33b8eb53c\"},\"headline\":\"Charla \u00abEuskara eta natura txirikordatuz\u00bb\",\"datePublished\":\"2022-05-26T12:15:44+00:00\",\"dateModified\":\"2022-06-06T12:30:09+00:00\",\"mainEntityOfPage\":{\"@id\":\"https:\/\/eraztunberdeurdina.eus\/es\/charla-euskara-eta-natura-txirikordatuz-20220526\/\"},\"wordCount\":59,\"publisher\":{\"@id\":\"https:\/\/eraztunberdeurdina.eus\/#organization\"},\"image\":{\"@id\":\"https:\/\/eraztunberdeurdina.eus\/es\/charla-euskara-eta-natura-txirikordatuz-20220526\/#primaryimage\"},\"thumbnailUrl\":\"https:\/\/eraztunberdeurdina.eus\/wp-content\/uploads\/2022\/06\/Zarautz.-GureFauna-kartelaHitzaldia.jpg\",\"keywords\":[\"anillo verde azul\",\"Aranzadi\",\"Ayuntamiento de Zarautz\",\"charla\",\"Cinema Modelo\",\"Dobera\",\"EBU\",\"euskara\",\"natura\",\"naturaleza\",\"patrimonio oral\",\"Zarautz\",\"Zarauzko Udala\"],\"articleSection\":[\"Actividades\",\"dinamizaci\u00f3n\"],\"inLanguage\":\"es\"},{\"@type\":\"WebPage\",\"@id\":\"https:\/\/eraztunberdeurdina.eus\/es\/charla-euskara-eta-natura-txirikordatuz-20220526\/\",\"url\":\"https:\/\/eraztunberdeurdina.eus\/es\/charla-euskara-eta-natura-txirikordatuz-20220526\/\",\"name\":\"Charla \\\"Euskara eta natura txirikordatuz\\\" - Anillo Verde Azul de Zarautz\",\"isPartOf\":{\"@id\":\"https:\/\/eraztunberdeurdina.eus\/#website\"},\"primaryImageOfPage\":{\"@id\":\"https:\/\/eraztunberdeurdina.eus\/es\/charla-euskara-eta-natura-txirikordatuz-20220526\/#primaryimage\"},\"image\":{\"@id\":\"https:\/\/eraztunberdeurdina.eus\/es\/charla-euskara-eta-natura-txirikordatuz-20220526\/#primaryimage\"},\"thumbnailUrl\":\"https:\/\/eraztunberdeurdina.eus\/wp-content\/uploads\/2022\/06\/Zarautz.-GureFauna-kartelaHitzaldia.jpg\",\"datePublished\":\"2022-05-26T12:15:44+00:00\",\"dateModified\":\"2022-06-06T12:30:09+00:00\",\"breadcrumb\":{\"@id\":\"https:\/\/eraztunberdeurdina.eus\/es\/charla-euskara-eta-natura-txirikordatuz-20220526\/#breadcrumb\"},\"inLanguage\":\"es\",\"potentialAction\":[{\"@type\":\"ReadAction\",\"target\":[\"https:\/\/eraztunberdeurdina.eus\/es\/charla-euskara-eta-natura-txirikordatuz-20220526\/\"]}]},{\"@type\":\"ImageObject\",\"inLanguage\":\"es\",\"@id\":\"https:\/\/eraztunberdeurdina.eus\/es\/charla-euskara-eta-natura-txirikordatuz-20220526\/#primaryimage\",\"url\":\"https:\/\/eraztunberdeurdina.eus\/wp-content\/uploads\/2022\/06\/Zarautz.-GureFauna-kartelaHitzaldia.jpg\",\"contentUrl\":\"https:\/\/eraztunberdeurdina.eus\/wp-content\/uploads\/2022\/06\/Zarautz.-GureFauna-kartelaHitzaldia.jpg\",\"width\":1366,\"height\":769},{\"@type\":\"BreadcrumbList\",\"@id\":\"https:\/\/eraztunberdeurdina.eus\/es\/charla-euskara-eta-natura-txirikordatuz-20220526\/#breadcrumb\",\"itemListElement\":[{\"@type\":\"ListItem\",\"position\":1,\"name\":\"Home\",\"item\":\"https:\/\/eraztunberdeurdina.eus\/es\/anillo-verde-azul\/\"},{\"@type\":\"ListItem\",\"position\":2,\"name\":\"Charla &#8220;Euskara eta natura txirikordatuz&#8221;\"}]},{\"@type\":\"WebSite\",\"@id\":\"https:\/\/eraztunberdeurdina.eus\/#website\",\"url\":\"https:\/\/eraztunberdeurdina.eus\/\",\"name\":\"Zarauzko Eraztun Berde Urdina\",\"description\":\"Herri-inguruko berdeguneen zaintza\",\"publisher\":{\"@id\":\"https:\/\/eraztunberdeurdina.eus\/#organization\"},\"potentialAction\":[{\"@type\":\"SearchAction\",\"target\":{\"@type\":\"EntryPoint\",\"urlTemplate\":\"https:\/\/eraztunberdeurdina.eus\/?s={search_term_string}\"},\"query-input\":{\"@type\":\"PropertyValueSpecification\",\"valueRequired\":true,\"valueName\":\"search_term_string\"}}],\"inLanguage\":\"es\"},{\"@type\":\"Organization\",\"@id\":\"https:\/\/eraztunberdeurdina.eus\/#organization\",\"name\":\"Zarauzko Eraztun Berde Urdina\",\"url\":\"https:\/\/eraztunberdeurdina.eus\/\",\"logo\":{\"@type\":\"ImageObject\",\"inLanguage\":\"es\",\"@id\":\"https:\/\/eraztunberdeurdina.eus\/#\/schema\/logo\/image\/\",\"url\":\"https:\/\/eraztunberdeurdina.eus\/wp-content\/uploads\/2018\/07\/EBUkoloretan.jpg\",\"contentUrl\":\"https:\/\/eraztunberdeurdina.eus\/wp-content\/uploads\/2018\/07\/EBUkoloretan.jpg\",\"width\":934,\"height\":687,\"caption\":\"Zarauzko Eraztun Berde Urdina\"},\"image\":{\"@id\":\"https:\/\/eraztunberdeurdina.eus\/#\/schema\/logo\/image\/\"}},{\"@type\":\"Person\",\"@id\":\"https:\/\/eraztunberdeurdina.eus\/#\/schema\/person\/a9c3a9d9ddfc0024a1d798d33b8eb53c\",\"name\":\"ebu\"}]}<\/script>\n<!-- \/ Yoast SEO plugin. -->","yoast_head_json":{"title":"Charla \"Euskara eta natura txirikordatuz\" - Anillo Verde Azul de Zarautz","robots":{"index":"index","follow":"follow","max-snippet":"max-snippet:-1","max-image-preview":"max-image-preview:large","max-video-preview":"max-video-preview:-1"},"canonical":"https:\/\/eraztunberdeurdina.eus\/es\/charla-euskara-eta-natura-txirikordatuz-20220526\/","og_locale":"es_ES","og_type":"article","og_title":"Charla \"Euskara eta natura txirikordatuz\" - Anillo Verde Azul de Zarautz","og_description":"En junio tambi\u00e9n llegar\u00e1n propuestas interesantes desde el Anillo Verde Azul, entre ellas una charla muy interesante sobre la relaci\u00f3n [&hellip;]","og_url":"https:\/\/eraztunberdeurdina.eus\/es\/charla-euskara-eta-natura-txirikordatuz-20220526\/","og_site_name":"Anillo Verde Azul de Zarautz","article_published_time":"2022-05-26T12:15:44+00:00","article_modified_time":"2022-06-06T12:30:09+00:00","og_image":[{"width":1366,"height":769,"url":"https:\/\/eraztunberdeurdina.eus\/wp-content\/uploads\/2022\/06\/Zarautz.-GureFauna-kartelaHitzaldia.jpg","type":"image\/jpeg"}],"author":"ebu","twitter_card":"summary_large_image","twitter_misc":{"Escrito por":"ebu"},"schema":{"@context":"https:\/\/schema.org","@graph":[{"@type":"Article","@id":"https:\/\/eraztunberdeurdina.eus\/es\/charla-euskara-eta-natura-txirikordatuz-20220526\/#article","isPartOf":{"@id":"https:\/\/eraztunberdeurdina.eus\/es\/charla-euskara-eta-natura-txirikordatuz-20220526\/"},"author":{"name":"ebu","@id":"https:\/\/eraztunberdeurdina.eus\/#\/schema\/person\/a9c3a9d9ddfc0024a1d798d33b8eb53c"},"headline":"Charla \u00abEuskara eta natura txirikordatuz\u00bb","datePublished":"2022-05-26T12:15:44+00:00","dateModified":"2022-06-06T12:30:09+00:00","mainEntityOfPage":{"@id":"https:\/\/eraztunberdeurdina.eus\/es\/charla-euskara-eta-natura-txirikordatuz-20220526\/"},"wordCount":59,"publisher":{"@id":"https:\/\/eraztunberdeurdina.eus\/#organization"},"image":{"@id":"https:\/\/eraztunberdeurdina.eus\/es\/charla-euskara-eta-natura-txirikordatuz-20220526\/#primaryimage"},"thumbnailUrl":"https:\/\/eraztunberdeurdina.eus\/wp-content\/uploads\/2022\/06\/Zarautz.-GureFauna-kartelaHitzaldia.jpg","keywords":["anillo verde azul","Aranzadi","Ayuntamiento de Zarautz","charla","Cinema Modelo","Dobera","EBU","euskara","natura","naturaleza","patrimonio oral","Zarautz","Zarauzko Udala"],"articleSection":["Actividades","dinamizaci\u00f3n"],"inLanguage":"es"},{"@type":"WebPage","@id":"https:\/\/eraztunberdeurdina.eus\/es\/charla-euskara-eta-natura-txirikordatuz-20220526\/","url":"https:\/\/eraztunberdeurdina.eus\/es\/charla-euskara-eta-natura-txirikordatuz-20220526\/","name":"Charla \"Euskara eta natura txirikordatuz\" - Anillo Verde Azul de Zarautz","isPartOf":{"@id":"https:\/\/eraztunberdeurdina.eus\/#website"},"primaryImageOfPage":{"@id":"https:\/\/eraztunberdeurdina.eus\/es\/charla-euskara-eta-natura-txirikordatuz-20220526\/#primaryimage"},"image":{"@id":"https:\/\/eraztunberdeurdina.eus\/es\/charla-euskara-eta-natura-txirikordatuz-20220526\/#primaryimage"},"thumbnailUrl":"https:\/\/eraztunberdeurdina.eus\/wp-content\/uploads\/2022\/06\/Zarautz.-GureFauna-kartelaHitzaldia.jpg","datePublished":"2022-05-26T12:15:44+00:00","dateModified":"2022-06-06T12:30:09+00:00","breadcrumb":{"@id":"https:\/\/eraztunberdeurdina.eus\/es\/charla-euskara-eta-natura-txirikordatuz-20220526\/#breadcrumb"},"inLanguage":"es","potentialAction":[{"@type":"ReadAction","target":["https:\/\/eraztunberdeurdina.eus\/es\/charla-euskara-eta-natura-txirikordatuz-20220526\/"]}]},{"@type":"ImageObject","inLanguage":"es","@id":"https:\/\/eraztunberdeurdina.eus\/es\/charla-euskara-eta-natura-txirikordatuz-20220526\/#primaryimage","url":"https:\/\/eraztunberdeurdina.eus\/wp-content\/uploads\/2022\/06\/Zarautz.-GureFauna-kartelaHitzaldia.jpg","contentUrl":"https:\/\/eraztunberdeurdina.eus\/wp-content\/uploads\/2022\/06\/Zarautz.-GureFauna-kartelaHitzaldia.jpg","width":1366,"height":769},{"@type":"BreadcrumbList","@id":"https:\/\/eraztunberdeurdina.eus\/es\/charla-euskara-eta-natura-txirikordatuz-20220526\/#breadcrumb","itemListElement":[{"@type":"ListItem","position":1,"name":"Home","item":"https:\/\/eraztunberdeurdina.eus\/es\/anillo-verde-azul\/"},{"@type":"ListItem","position":2,"name":"Charla &#8220;Euskara eta natura txirikordatuz&#8221;"}]},{"@type":"WebSite","@id":"https:\/\/eraztunberdeurdina.eus\/#website","url":"https:\/\/eraztunberdeurdina.eus\/","name":"Zarauzko Eraztun Berde Urdina","description":"Herri-inguruko berdeguneen zaintza","publisher":{"@id":"https:\/\/eraztunberdeurdina.eus\/#organization"},"potentialAction":[{"@type":"SearchAction","target":{"@type":"EntryPoint","urlTemplate":"https:\/\/eraztunberdeurdina.eus\/?s={search_term_string}"},"query-input":{"@type":"PropertyValueSpecification","valueRequired":true,"valueName":"search_term_string"}}],"inLanguage":"es"},{"@type":"Organization","@id":"https:\/\/eraztunberdeurdina.eus\/#organization","name":"Zarauzko Eraztun Berde Urdina","url":"https:\/\/eraztunberdeurdina.eus\/","logo":{"@type":"ImageObject","inLanguage":"es","@id":"https:\/\/eraztunberdeurdina.eus\/#\/schema\/logo\/image\/","url":"https:\/\/eraztunberdeurdina.eus\/wp-content\/uploads\/2018\/07\/EBUkoloretan.jpg","contentUrl":"https:\/\/eraztunberdeurdina.eus\/wp-content\/uploads\/2018\/07\/EBUkoloretan.jpg","width":934,"height":687,"caption":"Zarauzko Eraztun Berde Urdina"},"image":{"@id":"https:\/\/eraztunberdeurdina.eus\/#\/schema\/logo\/image\/"}},{"@type":"Person","@id":"https:\/\/eraztunberdeurdina.eus\/#\/schema\/person\/a9c3a9d9ddfc0024a1d798d33b8eb53c","name":"ebu"}]}},"_links":{"self":[{"href":"https:\/\/eraztunberdeurdina.eus\/es\/wp-json\/wp\/v2\/posts\/2112","targetHints":{"allow":["GET"]}}],"collection":[{"href":"https:\/\/eraztunberdeurdina.eus\/es\/wp-json\/wp\/v2\/posts"}],"about":[{"href":"https:\/\/eraztunberdeurdina.eus\/es\/wp-json\/wp\/v2\/types\/post"}],"author":[{"embeddable":true,"href":"https:\/\/eraztunberdeurdina.eus\/es\/wp-json\/wp\/v2\/users\/3"}],"replies":[{"embeddable":true,"href":"https:\/\/eraztunberdeurdina.eus\/es\/wp-json\/wp\/v2\/comments?post=2112"}],"version-history":[{"count":3,"href":"https:\/\/eraztunberdeurdina.eus\/es\/wp-json\/wp\/v2\/posts\/2112\/revisions"}],"predecessor-version":[{"id":2115,"href":"https:\/\/eraztunberdeurdina.eus\/es\/wp-json\/wp\/v2\/posts\/2112\/revisions\/2115"}],"wp:featuredmedia":[{"embeddable":true,"href":"https:\/\/eraztunberdeurdina.eus\/es\/wp-json\/wp\/v2\/media\/2110"}],"wp:attachment":[{"href":"https:\/\/eraztunberdeurdina.eus\/es\/wp-json\/wp\/v2\/media?parent=2112"}],"wp:term":[{"taxonomy":"category","embeddable":true,"href":"https:\/\/eraztunberdeurdina.eus\/es\/wp-json\/wp\/v2\/categories?post=2112"},{"taxonomy":"post_tag","embeddable":true,"href":"https:\/\/eraztunberdeurdina.eus\/es\/wp-json\/wp\/v2\/tags?post=2112"}],"curies":[{"name":"wp","href":"https:\/\/api.w.org\/{rel}","templated":true}]}}