{"id":2120,"date":"2022-05-27T14:52:03","date_gmt":"2022-05-27T12:52:03","guid":{"rendered":"https:\/\/eraztunberdeurdina.eus\/?p=2120"},"modified":"2022-06-06T14:54:21","modified_gmt":"2022-06-06T12:54:21","slug":"presentacion-del-ciclo-internacional-de-cine-submarino","status":"publish","type":"post","link":"https:\/\/eraztunberdeurdina.eus\/es\/presentacion-del-ciclo-internacional-de-cine-submarino-20220527\/","title":{"rendered":"Presentaci\u00f3n del Ciclo Internacional de Cine Submarino"},"content":{"rendered":"<p>Ya hemos presentado en la prensa el Ciclo Internacional de Cine Submarino #cimasub \u00a1No te lo pierdas! Los d\u00edas 1, 8 y 15 de junio el Ciclo llegar\u00e1 a Zarautz, en la Sala Modelo de 19:00 a 20:30. Cada mi\u00e9rcoles tendremos una proyecci\u00f3n diferente \u00a1Entradas GRATUITAS! \u00a1Ac\u00e9rcate y disfruta del tesoro que esconden nuestras aguas! <\/p>\n<p><img fetchpriority=\"high\" decoding=\"async\" src=\"https:\/\/eraztunberdeurdina.eus\/wp-content\/uploads\/2022\/06\/IMG_20220520_110222-600x337.jpg\" alt=\"\" width=\"600\" height=\"337\" class=\"alignnone size-medium wp-image-2118\" srcset=\"https:\/\/eraztunberdeurdina.eus\/wp-content\/uploads\/2022\/06\/IMG_20220520_110222-600x337.jpg 600w, https:\/\/eraztunberdeurdina.eus\/wp-content\/uploads\/2022\/06\/IMG_20220520_110222-768x432.jpg 768w\" sizes=\"(max-width: 600px) 100vw, 600px\" \/><\/p>\n","protected":false},"excerpt":{"rendered":"<p>Ya hemos presentado en la prensa el Ciclo Internacional de Cine Submarino #cimasub \u00a1No te lo pierdas! Los d\u00edas 1, [&hellip;]<\/p>\n","protected":false},"author":3,"featured_media":2118,"comment_status":"closed","ping_status":"closed","sticky":false,"template":"","format":"standard","meta":{"_acf_changed":false,"site-sidebar-layout":"default","site-content-layout":"","ast-site-content-layout":"default","site-content-style":"default","site-sidebar-style":"default","ast-global-header-display":"","ast-banner-title-visibility":"","ast-main-header-display":"","ast-hfb-above-header-display":"","ast-hfb-below-header-display":"","ast-hfb-mobile-header-display":"","site-post-title":"","ast-breadcrumbs-content":"","ast-featured-img":"","footer-sml-layout":"","ast-disable-related-posts":"","theme-transparent-header-meta":"","adv-header-id-meta":"","stick-header-meta":"","header-above-stick-meta":"","header-main-stick-meta":"","header-below-stick-meta":"","astra-migrate-meta-layouts":"default","ast-page-background-enabled":"default","ast-page-background-meta":{"desktop":{"background-color":"var(--ast-global-color-5)","background-image":"","background-repeat":"repeat","background-position":"center center","background-size":"auto","background-attachment":"scroll","background-type":"","background-media":"","overlay-type":"","overlay-color":"","overlay-opacity":"","overlay-gradient":""},"tablet":{"background-color":"","background-image":"","background-repeat":"repeat","background-position":"center center","background-size":"auto","background-attachment":"scroll","background-type":"","background-media":"","overlay-type":"","overlay-color":"","overlay-opacity":"","overlay-gradient":""},"mobile":{"background-color":"","background-image":"","background-repeat":"repeat","background-position":"center center","background-size":"auto","background-attachment":"scroll","background-type":"","background-media":"","overlay-type":"","overlay-color":"","overlay-opacity":"","overlay-gradient":""}},"ast-content-background-meta":{"desktop":{"background-color":"var(--ast-global-color-4)","background-image":"","background-repeat":"repeat","background-position":"center center","background-size":"auto","background-attachment":"scroll","background-type":"","background-media":"","overlay-type":"","overlay-color":"","overlay-opacity":"","overlay-gradient":""},"tablet":{"background-color":"var(--ast-global-color-4)","background-image":"","background-repeat":"repeat","background-position":"center center","background-size":"auto","background-attachment":"scroll","background-type":"","background-media":"","overlay-type":"","overlay-color":"","overlay-opacity":"","overlay-gradient":""},"mobile":{"background-color":"var(--ast-global-color-4)","background-image":"","background-repeat":"repeat","background-position":"center center","background-size":"auto","background-attachment":"scroll","background-type":"","background-media":"","overlay-type":"","overlay-color":"","overlay-opacity":"","overlay-gradient":""}},"footnotes":""},"categories":[86,60],"tags":[33,106,131,134,30,135,72,71,28,35],"class_list":["post-2120","post","type-post","status-publish","format-standard","has-post-thumbnail","hentry","category-actividades","category-dinamizacion","tag-anillo-verde-azul","tag-ayuntamiento-de-zarautz","tag-cimasub","tag-cine-submarino","tag-ebu","tag-mar","tag-medio-ambiente","tag-oceanos","tag-zarautz","tag-zarauzko-udala"],"acf":[],"yoast_head":"<!-- This site is optimized with the Yoast SEO plugin v27.1.1 - https:\/\/yoast.com\/product\/yoast-seo-wordpress\/ -->\n<title>Presentaci\u00f3n del Ciclo Internacional de Cine Submarino - Anillo Verde Azul de Zarautz<\/title>\n<meta name=\"robots\" content=\"index, follow, max-snippet:-1, max-image-preview:large, max-video-preview:-1\" \/>\n<link rel=\"canonical\" href=\"https:\/\/eraztunberdeurdina.eus\/es\/presentacion-del-ciclo-internacional-de-cine-submarino-20220527\/\" \/>\n<meta property=\"og:locale\" content=\"es_ES\" \/>\n<meta property=\"og:type\" content=\"article\" \/>\n<meta property=\"og:title\" content=\"Presentaci\u00f3n del Ciclo Internacional de Cine Submarino - Anillo Verde Azul de Zarautz\" \/>\n<meta property=\"og:description\" content=\"Ya hemos presentado en la prensa el Ciclo Internacional de Cine Submarino #cimasub \u00a1No te lo pierdas! Los d\u00edas 1, [&hellip;]\" \/>\n<meta property=\"og:url\" content=\"https:\/\/eraztunberdeurdina.eus\/es\/presentacion-del-ciclo-internacional-de-cine-submarino-20220527\/\" \/>\n<meta property=\"og:site_name\" content=\"Anillo Verde Azul de Zarautz\" \/>\n<meta property=\"article:published_time\" content=\"2022-05-27T12:52:03+00:00\" \/>\n<meta property=\"article:modified_time\" content=\"2022-06-06T12:54:21+00:00\" \/>\n<meta property=\"og:image\" content=\"https:\/\/eraztunberdeurdina.eus\/wp-content\/uploads\/2022\/06\/IMG_20220520_110222-600x600.jpg\" \/>\n\t<meta property=\"og:image:width\" content=\"600\" \/>\n\t<meta property=\"og:image:height\" content=\"600\" \/>\n\t<meta property=\"og:image:type\" content=\"image\/jpeg\" \/>\n<meta name=\"author\" content=\"ebu\" \/>\n<meta name=\"twitter:card\" content=\"summary_large_image\" \/>\n<meta name=\"twitter:label1\" content=\"Escrito por\" \/>\n\t<meta name=\"twitter:data1\" content=\"ebu\" \/>\n<script type=\"application\/ld+json\" class=\"yoast-schema-graph\">{\"@context\":\"https:\/\/schema.org\",\"@graph\":[{\"@type\":\"Article\",\"@id\":\"https:\/\/eraztunberdeurdina.eus\/es\/presentacion-del-ciclo-internacional-de-cine-submarino-20220527\/#article\",\"isPartOf\":{\"@id\":\"https:\/\/eraztunberdeurdina.eus\/es\/presentacion-del-ciclo-internacional-de-cine-submarino-20220527\/\"},\"author\":{\"name\":\"ebu\",\"@id\":\"https:\/\/eraztunberdeurdina.eus\/#\/schema\/person\/a9c3a9d9ddfc0024a1d798d33b8eb53c\"},\"headline\":\"Presentaci\u00f3n del Ciclo Internacional de Cine Submarino\",\"datePublished\":\"2022-05-27T12:52:03+00:00\",\"dateModified\":\"2022-06-06T12:54:21+00:00\",\"mainEntityOfPage\":{\"@id\":\"https:\/\/eraztunberdeurdina.eus\/es\/presentacion-del-ciclo-internacional-de-cine-submarino-20220527\/\"},\"wordCount\":62,\"publisher\":{\"@id\":\"https:\/\/eraztunberdeurdina.eus\/#organization\"},\"image\":{\"@id\":\"https:\/\/eraztunberdeurdina.eus\/es\/presentacion-del-ciclo-internacional-de-cine-submarino-20220527\/#primaryimage\"},\"thumbnailUrl\":\"https:\/\/eraztunberdeurdina.eus\/wp-content\/uploads\/2022\/06\/IMG_20220520_110222.jpg\",\"keywords\":[\"anillo verde azul\",\"Ayuntamiento de Zarautz\",\"CIMASUB\",\"cine submarino\",\"EBU\",\"mar\",\"Medio Ambiente\",\"oc\u00e9anos\",\"Zarautz\",\"Zarauzko Udala\"],\"articleSection\":[\"Actividades\",\"dinamizaci\u00f3n\"],\"inLanguage\":\"es\"},{\"@type\":\"WebPage\",\"@id\":\"https:\/\/eraztunberdeurdina.eus\/es\/presentacion-del-ciclo-internacional-de-cine-submarino-20220527\/\",\"url\":\"https:\/\/eraztunberdeurdina.eus\/es\/presentacion-del-ciclo-internacional-de-cine-submarino-20220527\/\",\"name\":\"Presentaci\u00f3n del Ciclo Internacional de Cine Submarino - Anillo Verde Azul de Zarautz\",\"isPartOf\":{\"@id\":\"https:\/\/eraztunberdeurdina.eus\/#website\"},\"primaryImageOfPage\":{\"@id\":\"https:\/\/eraztunberdeurdina.eus\/es\/presentacion-del-ciclo-internacional-de-cine-submarino-20220527\/#primaryimage\"},\"image\":{\"@id\":\"https:\/\/eraztunberdeurdina.eus\/es\/presentacion-del-ciclo-internacional-de-cine-submarino-20220527\/#primaryimage\"},\"thumbnailUrl\":\"https:\/\/eraztunberdeurdina.eus\/wp-content\/uploads\/2022\/06\/IMG_20220520_110222.jpg\",\"datePublished\":\"2022-05-27T12:52:03+00:00\",\"dateModified\":\"2022-06-06T12:54:21+00:00\",\"breadcrumb\":{\"@id\":\"https:\/\/eraztunberdeurdina.eus\/es\/presentacion-del-ciclo-internacional-de-cine-submarino-20220527\/#breadcrumb\"},\"inLanguage\":\"es\",\"potentialAction\":[{\"@type\":\"ReadAction\",\"target\":[\"https:\/\/eraztunberdeurdina.eus\/es\/presentacion-del-ciclo-internacional-de-cine-submarino-20220527\/\"]}]},{\"@type\":\"ImageObject\",\"inLanguage\":\"es\",\"@id\":\"https:\/\/eraztunberdeurdina.eus\/es\/presentacion-del-ciclo-internacional-de-cine-submarino-20220527\/#primaryimage\",\"url\":\"https:\/\/eraztunberdeurdina.eus\/wp-content\/uploads\/2022\/06\/IMG_20220520_110222.jpg\",\"contentUrl\":\"https:\/\/eraztunberdeurdina.eus\/wp-content\/uploads\/2022\/06\/IMG_20220520_110222.jpg\",\"width\":4000,\"height\":2248},{\"@type\":\"BreadcrumbList\",\"@id\":\"https:\/\/eraztunberdeurdina.eus\/es\/presentacion-del-ciclo-internacional-de-cine-submarino-20220527\/#breadcrumb\",\"itemListElement\":[{\"@type\":\"ListItem\",\"position\":1,\"name\":\"Home\",\"item\":\"https:\/\/eraztunberdeurdina.eus\/es\/anillo-verde-azul\/\"},{\"@type\":\"ListItem\",\"position\":2,\"name\":\"Presentaci\u00f3n del Ciclo Internacional de Cine Submarino\"}]},{\"@type\":\"WebSite\",\"@id\":\"https:\/\/eraztunberdeurdina.eus\/#website\",\"url\":\"https:\/\/eraztunberdeurdina.eus\/\",\"name\":\"Zarauzko Eraztun Berde Urdina\",\"description\":\"Herri-inguruko berdeguneen zaintza\",\"publisher\":{\"@id\":\"https:\/\/eraztunberdeurdina.eus\/#organization\"},\"potentialAction\":[{\"@type\":\"SearchAction\",\"target\":{\"@type\":\"EntryPoint\",\"urlTemplate\":\"https:\/\/eraztunberdeurdina.eus\/?s={search_term_string}\"},\"query-input\":{\"@type\":\"PropertyValueSpecification\",\"valueRequired\":true,\"valueName\":\"search_term_string\"}}],\"inLanguage\":\"es\"},{\"@type\":\"Organization\",\"@id\":\"https:\/\/eraztunberdeurdina.eus\/#organization\",\"name\":\"Zarauzko Eraztun Berde Urdina\",\"url\":\"https:\/\/eraztunberdeurdina.eus\/\",\"logo\":{\"@type\":\"ImageObject\",\"inLanguage\":\"es\",\"@id\":\"https:\/\/eraztunberdeurdina.eus\/#\/schema\/logo\/image\/\",\"url\":\"https:\/\/eraztunberdeurdina.eus\/wp-content\/uploads\/2018\/07\/EBUkoloretan.jpg\",\"contentUrl\":\"https:\/\/eraztunberdeurdina.eus\/wp-content\/uploads\/2018\/07\/EBUkoloretan.jpg\",\"width\":934,\"height\":687,\"caption\":\"Zarauzko Eraztun Berde Urdina\"},\"image\":{\"@id\":\"https:\/\/eraztunberdeurdina.eus\/#\/schema\/logo\/image\/\"}},{\"@type\":\"Person\",\"@id\":\"https:\/\/eraztunberdeurdina.eus\/#\/schema\/person\/a9c3a9d9ddfc0024a1d798d33b8eb53c\",\"name\":\"ebu\"}]}<\/script>\n<!-- \/ Yoast SEO plugin. -->","yoast_head_json":{"title":"Presentaci\u00f3n del Ciclo Internacional de Cine Submarino - Anillo Verde Azul de Zarautz","robots":{"index":"index","follow":"follow","max-snippet":"max-snippet:-1","max-image-preview":"max-image-preview:large","max-video-preview":"max-video-preview:-1"},"canonical":"https:\/\/eraztunberdeurdina.eus\/es\/presentacion-del-ciclo-internacional-de-cine-submarino-20220527\/","og_locale":"es_ES","og_type":"article","og_title":"Presentaci\u00f3n del Ciclo Internacional de Cine Submarino - Anillo Verde Azul de Zarautz","og_description":"Ya hemos presentado en la prensa el Ciclo Internacional de Cine Submarino #cimasub \u00a1No te lo pierdas! Los d\u00edas 1, [&hellip;]","og_url":"https:\/\/eraztunberdeurdina.eus\/es\/presentacion-del-ciclo-internacional-de-cine-submarino-20220527\/","og_site_name":"Anillo Verde Azul de Zarautz","article_published_time":"2022-05-27T12:52:03+00:00","article_modified_time":"2022-06-06T12:54:21+00:00","og_image":[{"width":600,"height":600,"url":"https:\/\/eraztunberdeurdina.eus\/wp-content\/uploads\/2022\/06\/IMG_20220520_110222-600x600.jpg","type":"image\/jpeg"}],"author":"ebu","twitter_card":"summary_large_image","twitter_misc":{"Escrito por":"ebu"},"schema":{"@context":"https:\/\/schema.org","@graph":[{"@type":"Article","@id":"https:\/\/eraztunberdeurdina.eus\/es\/presentacion-del-ciclo-internacional-de-cine-submarino-20220527\/#article","isPartOf":{"@id":"https:\/\/eraztunberdeurdina.eus\/es\/presentacion-del-ciclo-internacional-de-cine-submarino-20220527\/"},"author":{"name":"ebu","@id":"https:\/\/eraztunberdeurdina.eus\/#\/schema\/person\/a9c3a9d9ddfc0024a1d798d33b8eb53c"},"headline":"Presentaci\u00f3n del Ciclo Internacional de Cine Submarino","datePublished":"2022-05-27T12:52:03+00:00","dateModified":"2022-06-06T12:54:21+00:00","mainEntityOfPage":{"@id":"https:\/\/eraztunberdeurdina.eus\/es\/presentacion-del-ciclo-internacional-de-cine-submarino-20220527\/"},"wordCount":62,"publisher":{"@id":"https:\/\/eraztunberdeurdina.eus\/#organization"},"image":{"@id":"https:\/\/eraztunberdeurdina.eus\/es\/presentacion-del-ciclo-internacional-de-cine-submarino-20220527\/#primaryimage"},"thumbnailUrl":"https:\/\/eraztunberdeurdina.eus\/wp-content\/uploads\/2022\/06\/IMG_20220520_110222.jpg","keywords":["anillo verde azul","Ayuntamiento de Zarautz","CIMASUB","cine submarino","EBU","mar","Medio Ambiente","oc\u00e9anos","Zarautz","Zarauzko Udala"],"articleSection":["Actividades","dinamizaci\u00f3n"],"inLanguage":"es"},{"@type":"WebPage","@id":"https:\/\/eraztunberdeurdina.eus\/es\/presentacion-del-ciclo-internacional-de-cine-submarino-20220527\/","url":"https:\/\/eraztunberdeurdina.eus\/es\/presentacion-del-ciclo-internacional-de-cine-submarino-20220527\/","name":"Presentaci\u00f3n del Ciclo Internacional de Cine Submarino - Anillo Verde Azul de Zarautz","isPartOf":{"@id":"https:\/\/eraztunberdeurdina.eus\/#website"},"primaryImageOfPage":{"@id":"https:\/\/eraztunberdeurdina.eus\/es\/presentacion-del-ciclo-internacional-de-cine-submarino-20220527\/#primaryimage"},"image":{"@id":"https:\/\/eraztunberdeurdina.eus\/es\/presentacion-del-ciclo-internacional-de-cine-submarino-20220527\/#primaryimage"},"thumbnailUrl":"https:\/\/eraztunberdeurdina.eus\/wp-content\/uploads\/2022\/06\/IMG_20220520_110222.jpg","datePublished":"2022-05-27T12:52:03+00:00","dateModified":"2022-06-06T12:54:21+00:00","breadcrumb":{"@id":"https:\/\/eraztunberdeurdina.eus\/es\/presentacion-del-ciclo-internacional-de-cine-submarino-20220527\/#breadcrumb"},"inLanguage":"es","potentialAction":[{"@type":"ReadAction","target":["https:\/\/eraztunberdeurdina.eus\/es\/presentacion-del-ciclo-internacional-de-cine-submarino-20220527\/"]}]},{"@type":"ImageObject","inLanguage":"es","@id":"https:\/\/eraztunberdeurdina.eus\/es\/presentacion-del-ciclo-internacional-de-cine-submarino-20220527\/#primaryimage","url":"https:\/\/eraztunberdeurdina.eus\/wp-content\/uploads\/2022\/06\/IMG_20220520_110222.jpg","contentUrl":"https:\/\/eraztunberdeurdina.eus\/wp-content\/uploads\/2022\/06\/IMG_20220520_110222.jpg","width":4000,"height":2248},{"@type":"BreadcrumbList","@id":"https:\/\/eraztunberdeurdina.eus\/es\/presentacion-del-ciclo-internacional-de-cine-submarino-20220527\/#breadcrumb","itemListElement":[{"@type":"ListItem","position":1,"name":"Home","item":"https:\/\/eraztunberdeurdina.eus\/es\/anillo-verde-azul\/"},{"@type":"ListItem","position":2,"name":"Presentaci\u00f3n del Ciclo Internacional de Cine Submarino"}]},{"@type":"WebSite","@id":"https:\/\/eraztunberdeurdina.eus\/#website","url":"https:\/\/eraztunberdeurdina.eus\/","name":"Zarauzko Eraztun Berde Urdina","description":"Herri-inguruko berdeguneen zaintza","publisher":{"@id":"https:\/\/eraztunberdeurdina.eus\/#organization"},"potentialAction":[{"@type":"SearchAction","target":{"@type":"EntryPoint","urlTemplate":"https:\/\/eraztunberdeurdina.eus\/?s={search_term_string}"},"query-input":{"@type":"PropertyValueSpecification","valueRequired":true,"valueName":"search_term_string"}}],"inLanguage":"es"},{"@type":"Organization","@id":"https:\/\/eraztunberdeurdina.eus\/#organization","name":"Zarauzko Eraztun Berde Urdina","url":"https:\/\/eraztunberdeurdina.eus\/","logo":{"@type":"ImageObject","inLanguage":"es","@id":"https:\/\/eraztunberdeurdina.eus\/#\/schema\/logo\/image\/","url":"https:\/\/eraztunberdeurdina.eus\/wp-content\/uploads\/2018\/07\/EBUkoloretan.jpg","contentUrl":"https:\/\/eraztunberdeurdina.eus\/wp-content\/uploads\/2018\/07\/EBUkoloretan.jpg","width":934,"height":687,"caption":"Zarauzko Eraztun Berde Urdina"},"image":{"@id":"https:\/\/eraztunberdeurdina.eus\/#\/schema\/logo\/image\/"}},{"@type":"Person","@id":"https:\/\/eraztunberdeurdina.eus\/#\/schema\/person\/a9c3a9d9ddfc0024a1d798d33b8eb53c","name":"ebu"}]}},"_links":{"self":[{"href":"https:\/\/eraztunberdeurdina.eus\/es\/wp-json\/wp\/v2\/posts\/2120","targetHints":{"allow":["GET"]}}],"collection":[{"href":"https:\/\/eraztunberdeurdina.eus\/es\/wp-json\/wp\/v2\/posts"}],"about":[{"href":"https:\/\/eraztunberdeurdina.eus\/es\/wp-json\/wp\/v2\/types\/post"}],"author":[{"embeddable":true,"href":"https:\/\/eraztunberdeurdina.eus\/es\/wp-json\/wp\/v2\/users\/3"}],"replies":[{"embeddable":true,"href":"https:\/\/eraztunberdeurdina.eus\/es\/wp-json\/wp\/v2\/comments?post=2120"}],"version-history":[{"count":1,"href":"https:\/\/eraztunberdeurdina.eus\/es\/wp-json\/wp\/v2\/posts\/2120\/revisions"}],"predecessor-version":[{"id":2121,"href":"https:\/\/eraztunberdeurdina.eus\/es\/wp-json\/wp\/v2\/posts\/2120\/revisions\/2121"}],"wp:featuredmedia":[{"embeddable":true,"href":"https:\/\/eraztunberdeurdina.eus\/es\/wp-json\/wp\/v2\/media\/2118"}],"wp:attachment":[{"href":"https:\/\/eraztunberdeurdina.eus\/es\/wp-json\/wp\/v2\/media?parent=2120"}],"wp:term":[{"taxonomy":"category","embeddable":true,"href":"https:\/\/eraztunberdeurdina.eus\/es\/wp-json\/wp\/v2\/categories?post=2120"},{"taxonomy":"post_tag","embeddable":true,"href":"https:\/\/eraztunberdeurdina.eus\/es\/wp-json\/wp\/v2\/tags?post=2120"}],"curies":[{"name":"wp","href":"https:\/\/api.w.org\/{rel}","templated":true}]}}