{"id":2191,"date":"2022-06-08T15:13:20","date_gmt":"2022-06-08T13:13:20","guid":{"rendered":"https:\/\/eraztunberdeurdina.eus\/?p=2191"},"modified":"2022-06-08T15:13:20","modified_gmt":"2022-06-08T13:13:20","slug":"cine-submarino-en-modelo-cinema","status":"publish","type":"post","link":"https:\/\/eraztunberdeurdina.eus\/es\/cine-submarino-en-modelo-cinema-20220608\/","title":{"rendered":"Cine submarino en Modelo cinema"},"content":{"rendered":"<p>Hoy es el D\u00eda Mundial de los Oc\u00e9anos y queremos celebrarlo con la segunda emisi\u00f3n del Ciclo Internacional de Cine Submarino CIMASUB de Zarautz. Se proyectar\u00e1n los mejores cortometrajes y documentales de cine submarino para mostrar la belleza de los mares y, al mismo tiempo, concienciar acerca de la necesidad de cuidarlos. \u00a1No pierdas la oportunidad y ac\u00e9rcate a las 19:00 a la Sala Modelo! \u00a1ENTRADAS GRATUITAS!  <\/p>\n<p>*Adem\u00e1s, se podr\u00e1 visitar la exposici\u00f3n de fotograf\u00edas submarinas de CIMASUB y la exposici\u00f3n colectiva del Anillo Verde Azul hasta el 15 de junio, de mi\u00e9rcoles a s\u00e1bado de 18:00 a 20:00 (domingos de 12:00 a 14:00)<\/p>\n<p><img fetchpriority=\"high\" decoding=\"async\" src=\"https:\/\/eraztunberdeurdina.eus\/wp-content\/uploads\/2022\/06\/01-8-d\u00edas-Victor-S\u00e1nchez-Sayago-2-1-600x338.jpg\" alt=\"\" width=\"600\" height=\"338\" class=\"alignnone size-medium wp-image-2189\" srcset=\"https:\/\/eraztunberdeurdina.eus\/wp-content\/uploads\/2022\/06\/01-8-d\u00edas-Victor-S\u00e1nchez-Sayago-2-1-600x338.jpg 600w, https:\/\/eraztunberdeurdina.eus\/wp-content\/uploads\/2022\/06\/01-8-d\u00edas-Victor-S\u00e1nchez-Sayago-2-1-768x432.jpg 768w\" sizes=\"(max-width: 600px) 100vw, 600px\" \/><\/p>\n","protected":false},"excerpt":{"rendered":"<p>Hoy es el D\u00eda Mundial de los Oc\u00e9anos y queremos celebrarlo con la segunda emisi\u00f3n del Ciclo Internacional de Cine [&hellip;]<\/p>\n","protected":false},"author":3,"featured_media":2189,"comment_status":"closed","ping_status":"closed","sticky":false,"template":"","format":"standard","meta":{"_acf_changed":false,"site-sidebar-layout":"default","site-content-layout":"","ast-site-content-layout":"default","site-content-style":"default","site-sidebar-style":"default","ast-global-header-display":"","ast-banner-title-visibility":"","ast-main-header-display":"","ast-hfb-above-header-display":"","ast-hfb-below-header-display":"","ast-hfb-mobile-header-display":"","site-post-title":"","ast-breadcrumbs-content":"","ast-featured-img":"","footer-sml-layout":"","ast-disable-related-posts":"","theme-transparent-header-meta":"","adv-header-id-meta":"","stick-header-meta":"","header-above-stick-meta":"","header-main-stick-meta":"","header-below-stick-meta":"","astra-migrate-meta-layouts":"default","ast-page-background-enabled":"default","ast-page-background-meta":{"desktop":{"background-color":"var(--ast-global-color-5)","background-image":"","background-repeat":"repeat","background-position":"center center","background-size":"auto","background-attachment":"scroll","background-type":"","background-media":"","overlay-type":"","overlay-color":"","overlay-opacity":"","overlay-gradient":""},"tablet":{"background-color":"","background-image":"","background-repeat":"repeat","background-position":"center center","background-size":"auto","background-attachment":"scroll","background-type":"","background-media":"","overlay-type":"","overlay-color":"","overlay-opacity":"","overlay-gradient":""},"mobile":{"background-color":"","background-image":"","background-repeat":"repeat","background-position":"center center","background-size":"auto","background-attachment":"scroll","background-type":"","background-media":"","overlay-type":"","overlay-color":"","overlay-opacity":"","overlay-gradient":""}},"ast-content-background-meta":{"desktop":{"background-color":"var(--ast-global-color-4)","background-image":"","background-repeat":"repeat","background-position":"center center","background-size":"auto","background-attachment":"scroll","background-type":"","background-media":"","overlay-type":"","overlay-color":"","overlay-opacity":"","overlay-gradient":""},"tablet":{"background-color":"var(--ast-global-color-4)","background-image":"","background-repeat":"repeat","background-position":"center center","background-size":"auto","background-attachment":"scroll","background-type":"","background-media":"","overlay-type":"","overlay-color":"","overlay-opacity":"","overlay-gradient":""},"mobile":{"background-color":"var(--ast-global-color-4)","background-image":"","background-repeat":"repeat","background-position":"center center","background-size":"auto","background-attachment":"scroll","background-type":"","background-media":"","overlay-type":"","overlay-color":"","overlay-opacity":"","overlay-gradient":""}},"footnotes":""},"categories":[86,60],"tags":[106,131,134,28,35],"class_list":["post-2191","post","type-post","status-publish","format-standard","has-post-thumbnail","hentry","category-actividades","category-dinamizacion","tag-ayuntamiento-de-zarautz","tag-cimasub","tag-cine-submarino","tag-zarautz","tag-zarauzko-udala"],"acf":[],"yoast_head":"<!-- This site is optimized with the Yoast SEO plugin v27.1.1 - https:\/\/yoast.com\/product\/yoast-seo-wordpress\/ -->\n<title>Cine submarino en Modelo cinema - Anillo Verde Azul de Zarautz<\/title>\n<meta name=\"robots\" content=\"index, follow, max-snippet:-1, max-image-preview:large, max-video-preview:-1\" \/>\n<link rel=\"canonical\" href=\"https:\/\/eraztunberdeurdina.eus\/es\/cine-submarino-en-modelo-cinema-20220608\/\" \/>\n<meta property=\"og:locale\" content=\"es_ES\" \/>\n<meta property=\"og:type\" content=\"article\" \/>\n<meta property=\"og:title\" content=\"Cine submarino en Modelo cinema - Anillo Verde Azul de Zarautz\" \/>\n<meta property=\"og:description\" content=\"Hoy es el D\u00eda Mundial de los Oc\u00e9anos y queremos celebrarlo con la segunda emisi\u00f3n del Ciclo Internacional de Cine [&hellip;]\" \/>\n<meta property=\"og:url\" content=\"https:\/\/eraztunberdeurdina.eus\/es\/cine-submarino-en-modelo-cinema-20220608\/\" \/>\n<meta property=\"og:site_name\" content=\"Anillo Verde Azul de Zarautz\" \/>\n<meta property=\"article:published_time\" content=\"2022-06-08T13:13:20+00:00\" \/>\n<meta property=\"og:image\" content=\"https:\/\/eraztunberdeurdina.eus\/wp-content\/uploads\/2022\/06\/01-8-d\u00edas-Victor-S\u00e1nchez-Sayago-2-1.jpg\" \/>\n\t<meta property=\"og:image:width\" content=\"3840\" \/>\n\t<meta property=\"og:image:height\" content=\"2160\" \/>\n\t<meta property=\"og:image:type\" content=\"image\/jpeg\" \/>\n<meta name=\"author\" content=\"ebu\" \/>\n<meta name=\"twitter:card\" content=\"summary_large_image\" \/>\n<meta name=\"twitter:label1\" content=\"Escrito por\" \/>\n\t<meta name=\"twitter:data1\" content=\"ebu\" \/>\n\t<meta name=\"twitter:label2\" content=\"Tiempo de lectura\" \/>\n\t<meta name=\"twitter:data2\" content=\"1 minuto\" \/>\n<script type=\"application\/ld+json\" class=\"yoast-schema-graph\">{\"@context\":\"https:\/\/schema.org\",\"@graph\":[{\"@type\":\"Article\",\"@id\":\"https:\/\/eraztunberdeurdina.eus\/es\/cine-submarino-en-modelo-cinema-20220608\/#article\",\"isPartOf\":{\"@id\":\"https:\/\/eraztunberdeurdina.eus\/es\/cine-submarino-en-modelo-cinema-20220608\/\"},\"author\":{\"name\":\"ebu\",\"@id\":\"https:\/\/eraztunberdeurdina.eus\/#\/schema\/person\/a9c3a9d9ddfc0024a1d798d33b8eb53c\"},\"headline\":\"Cine submarino en Modelo cinema\",\"datePublished\":\"2022-06-08T13:13:20+00:00\",\"mainEntityOfPage\":{\"@id\":\"https:\/\/eraztunberdeurdina.eus\/es\/cine-submarino-en-modelo-cinema-20220608\/\"},\"wordCount\":114,\"publisher\":{\"@id\":\"https:\/\/eraztunberdeurdina.eus\/#organization\"},\"image\":{\"@id\":\"https:\/\/eraztunberdeurdina.eus\/es\/cine-submarino-en-modelo-cinema-20220608\/#primaryimage\"},\"thumbnailUrl\":\"https:\/\/eraztunberdeurdina.eus\/wp-content\/uploads\/2022\/06\/01-8-d\u00edas-Victor-S\u00e1nchez-Sayago-2-1.jpg\",\"keywords\":[\"Ayuntamiento de Zarautz\",\"CIMASUB\",\"cine submarino\",\"Zarautz\",\"Zarauzko Udala\"],\"articleSection\":[\"Actividades\",\"dinamizaci\u00f3n\"],\"inLanguage\":\"es\"},{\"@type\":\"WebPage\",\"@id\":\"https:\/\/eraztunberdeurdina.eus\/es\/cine-submarino-en-modelo-cinema-20220608\/\",\"url\":\"https:\/\/eraztunberdeurdina.eus\/es\/cine-submarino-en-modelo-cinema-20220608\/\",\"name\":\"Cine submarino en Modelo cinema - Anillo Verde Azul de Zarautz\",\"isPartOf\":{\"@id\":\"https:\/\/eraztunberdeurdina.eus\/#website\"},\"primaryImageOfPage\":{\"@id\":\"https:\/\/eraztunberdeurdina.eus\/es\/cine-submarino-en-modelo-cinema-20220608\/#primaryimage\"},\"image\":{\"@id\":\"https:\/\/eraztunberdeurdina.eus\/es\/cine-submarino-en-modelo-cinema-20220608\/#primaryimage\"},\"thumbnailUrl\":\"https:\/\/eraztunberdeurdina.eus\/wp-content\/uploads\/2022\/06\/01-8-d\u00edas-Victor-S\u00e1nchez-Sayago-2-1.jpg\",\"datePublished\":\"2022-06-08T13:13:20+00:00\",\"breadcrumb\":{\"@id\":\"https:\/\/eraztunberdeurdina.eus\/es\/cine-submarino-en-modelo-cinema-20220608\/#breadcrumb\"},\"inLanguage\":\"es\",\"potentialAction\":[{\"@type\":\"ReadAction\",\"target\":[\"https:\/\/eraztunberdeurdina.eus\/es\/cine-submarino-en-modelo-cinema-20220608\/\"]}]},{\"@type\":\"ImageObject\",\"inLanguage\":\"es\",\"@id\":\"https:\/\/eraztunberdeurdina.eus\/es\/cine-submarino-en-modelo-cinema-20220608\/#primaryimage\",\"url\":\"https:\/\/eraztunberdeurdina.eus\/wp-content\/uploads\/2022\/06\/01-8-d\u00edas-Victor-S\u00e1nchez-Sayago-2-1.jpg\",\"contentUrl\":\"https:\/\/eraztunberdeurdina.eus\/wp-content\/uploads\/2022\/06\/01-8-d\u00edas-Victor-S\u00e1nchez-Sayago-2-1.jpg\",\"width\":3840,\"height\":2160},{\"@type\":\"BreadcrumbList\",\"@id\":\"https:\/\/eraztunberdeurdina.eus\/es\/cine-submarino-en-modelo-cinema-20220608\/#breadcrumb\",\"itemListElement\":[{\"@type\":\"ListItem\",\"position\":1,\"name\":\"Home\",\"item\":\"https:\/\/eraztunberdeurdina.eus\/es\/anillo-verde-azul\/\"},{\"@type\":\"ListItem\",\"position\":2,\"name\":\"Cine submarino en Modelo cinema\"}]},{\"@type\":\"WebSite\",\"@id\":\"https:\/\/eraztunberdeurdina.eus\/#website\",\"url\":\"https:\/\/eraztunberdeurdina.eus\/\",\"name\":\"Zarauzko Eraztun Berde Urdina\",\"description\":\"Herri-inguruko berdeguneen zaintza\",\"publisher\":{\"@id\":\"https:\/\/eraztunberdeurdina.eus\/#organization\"},\"potentialAction\":[{\"@type\":\"SearchAction\",\"target\":{\"@type\":\"EntryPoint\",\"urlTemplate\":\"https:\/\/eraztunberdeurdina.eus\/?s={search_term_string}\"},\"query-input\":{\"@type\":\"PropertyValueSpecification\",\"valueRequired\":true,\"valueName\":\"search_term_string\"}}],\"inLanguage\":\"es\"},{\"@type\":\"Organization\",\"@id\":\"https:\/\/eraztunberdeurdina.eus\/#organization\",\"name\":\"Zarauzko Eraztun Berde Urdina\",\"url\":\"https:\/\/eraztunberdeurdina.eus\/\",\"logo\":{\"@type\":\"ImageObject\",\"inLanguage\":\"es\",\"@id\":\"https:\/\/eraztunberdeurdina.eus\/#\/schema\/logo\/image\/\",\"url\":\"https:\/\/eraztunberdeurdina.eus\/wp-content\/uploads\/2018\/07\/EBUkoloretan.jpg\",\"contentUrl\":\"https:\/\/eraztunberdeurdina.eus\/wp-content\/uploads\/2018\/07\/EBUkoloretan.jpg\",\"width\":934,\"height\":687,\"caption\":\"Zarauzko Eraztun Berde Urdina\"},\"image\":{\"@id\":\"https:\/\/eraztunberdeurdina.eus\/#\/schema\/logo\/image\/\"}},{\"@type\":\"Person\",\"@id\":\"https:\/\/eraztunberdeurdina.eus\/#\/schema\/person\/a9c3a9d9ddfc0024a1d798d33b8eb53c\",\"name\":\"ebu\"}]}<\/script>\n<!-- \/ Yoast SEO plugin. -->","yoast_head_json":{"title":"Cine submarino en Modelo cinema - Anillo Verde Azul de Zarautz","robots":{"index":"index","follow":"follow","max-snippet":"max-snippet:-1","max-image-preview":"max-image-preview:large","max-video-preview":"max-video-preview:-1"},"canonical":"https:\/\/eraztunberdeurdina.eus\/es\/cine-submarino-en-modelo-cinema-20220608\/","og_locale":"es_ES","og_type":"article","og_title":"Cine submarino en Modelo cinema - Anillo Verde Azul de Zarautz","og_description":"Hoy es el D\u00eda Mundial de los Oc\u00e9anos y queremos celebrarlo con la segunda emisi\u00f3n del Ciclo Internacional de Cine [&hellip;]","og_url":"https:\/\/eraztunberdeurdina.eus\/es\/cine-submarino-en-modelo-cinema-20220608\/","og_site_name":"Anillo Verde Azul de Zarautz","article_published_time":"2022-06-08T13:13:20+00:00","og_image":[{"width":3840,"height":2160,"url":"https:\/\/eraztunberdeurdina.eus\/wp-content\/uploads\/2022\/06\/01-8-d\u00edas-Victor-S\u00e1nchez-Sayago-2-1.jpg","type":"image\/jpeg"}],"author":"ebu","twitter_card":"summary_large_image","twitter_misc":{"Escrito por":"ebu","Tiempo de lectura":"1 minuto"},"schema":{"@context":"https:\/\/schema.org","@graph":[{"@type":"Article","@id":"https:\/\/eraztunberdeurdina.eus\/es\/cine-submarino-en-modelo-cinema-20220608\/#article","isPartOf":{"@id":"https:\/\/eraztunberdeurdina.eus\/es\/cine-submarino-en-modelo-cinema-20220608\/"},"author":{"name":"ebu","@id":"https:\/\/eraztunberdeurdina.eus\/#\/schema\/person\/a9c3a9d9ddfc0024a1d798d33b8eb53c"},"headline":"Cine submarino en Modelo cinema","datePublished":"2022-06-08T13:13:20+00:00","mainEntityOfPage":{"@id":"https:\/\/eraztunberdeurdina.eus\/es\/cine-submarino-en-modelo-cinema-20220608\/"},"wordCount":114,"publisher":{"@id":"https:\/\/eraztunberdeurdina.eus\/#organization"},"image":{"@id":"https:\/\/eraztunberdeurdina.eus\/es\/cine-submarino-en-modelo-cinema-20220608\/#primaryimage"},"thumbnailUrl":"https:\/\/eraztunberdeurdina.eus\/wp-content\/uploads\/2022\/06\/01-8-d\u00edas-Victor-S\u00e1nchez-Sayago-2-1.jpg","keywords":["Ayuntamiento de Zarautz","CIMASUB","cine submarino","Zarautz","Zarauzko Udala"],"articleSection":["Actividades","dinamizaci\u00f3n"],"inLanguage":"es"},{"@type":"WebPage","@id":"https:\/\/eraztunberdeurdina.eus\/es\/cine-submarino-en-modelo-cinema-20220608\/","url":"https:\/\/eraztunberdeurdina.eus\/es\/cine-submarino-en-modelo-cinema-20220608\/","name":"Cine submarino en Modelo cinema - Anillo Verde Azul de Zarautz","isPartOf":{"@id":"https:\/\/eraztunberdeurdina.eus\/#website"},"primaryImageOfPage":{"@id":"https:\/\/eraztunberdeurdina.eus\/es\/cine-submarino-en-modelo-cinema-20220608\/#primaryimage"},"image":{"@id":"https:\/\/eraztunberdeurdina.eus\/es\/cine-submarino-en-modelo-cinema-20220608\/#primaryimage"},"thumbnailUrl":"https:\/\/eraztunberdeurdina.eus\/wp-content\/uploads\/2022\/06\/01-8-d\u00edas-Victor-S\u00e1nchez-Sayago-2-1.jpg","datePublished":"2022-06-08T13:13:20+00:00","breadcrumb":{"@id":"https:\/\/eraztunberdeurdina.eus\/es\/cine-submarino-en-modelo-cinema-20220608\/#breadcrumb"},"inLanguage":"es","potentialAction":[{"@type":"ReadAction","target":["https:\/\/eraztunberdeurdina.eus\/es\/cine-submarino-en-modelo-cinema-20220608\/"]}]},{"@type":"ImageObject","inLanguage":"es","@id":"https:\/\/eraztunberdeurdina.eus\/es\/cine-submarino-en-modelo-cinema-20220608\/#primaryimage","url":"https:\/\/eraztunberdeurdina.eus\/wp-content\/uploads\/2022\/06\/01-8-d\u00edas-Victor-S\u00e1nchez-Sayago-2-1.jpg","contentUrl":"https:\/\/eraztunberdeurdina.eus\/wp-content\/uploads\/2022\/06\/01-8-d\u00edas-Victor-S\u00e1nchez-Sayago-2-1.jpg","width":3840,"height":2160},{"@type":"BreadcrumbList","@id":"https:\/\/eraztunberdeurdina.eus\/es\/cine-submarino-en-modelo-cinema-20220608\/#breadcrumb","itemListElement":[{"@type":"ListItem","position":1,"name":"Home","item":"https:\/\/eraztunberdeurdina.eus\/es\/anillo-verde-azul\/"},{"@type":"ListItem","position":2,"name":"Cine submarino en Modelo cinema"}]},{"@type":"WebSite","@id":"https:\/\/eraztunberdeurdina.eus\/#website","url":"https:\/\/eraztunberdeurdina.eus\/","name":"Zarauzko Eraztun Berde Urdina","description":"Herri-inguruko berdeguneen zaintza","publisher":{"@id":"https:\/\/eraztunberdeurdina.eus\/#organization"},"potentialAction":[{"@type":"SearchAction","target":{"@type":"EntryPoint","urlTemplate":"https:\/\/eraztunberdeurdina.eus\/?s={search_term_string}"},"query-input":{"@type":"PropertyValueSpecification","valueRequired":true,"valueName":"search_term_string"}}],"inLanguage":"es"},{"@type":"Organization","@id":"https:\/\/eraztunberdeurdina.eus\/#organization","name":"Zarauzko Eraztun Berde Urdina","url":"https:\/\/eraztunberdeurdina.eus\/","logo":{"@type":"ImageObject","inLanguage":"es","@id":"https:\/\/eraztunberdeurdina.eus\/#\/schema\/logo\/image\/","url":"https:\/\/eraztunberdeurdina.eus\/wp-content\/uploads\/2018\/07\/EBUkoloretan.jpg","contentUrl":"https:\/\/eraztunberdeurdina.eus\/wp-content\/uploads\/2018\/07\/EBUkoloretan.jpg","width":934,"height":687,"caption":"Zarauzko Eraztun Berde Urdina"},"image":{"@id":"https:\/\/eraztunberdeurdina.eus\/#\/schema\/logo\/image\/"}},{"@type":"Person","@id":"https:\/\/eraztunberdeurdina.eus\/#\/schema\/person\/a9c3a9d9ddfc0024a1d798d33b8eb53c","name":"ebu"}]}},"_links":{"self":[{"href":"https:\/\/eraztunberdeurdina.eus\/es\/wp-json\/wp\/v2\/posts\/2191","targetHints":{"allow":["GET"]}}],"collection":[{"href":"https:\/\/eraztunberdeurdina.eus\/es\/wp-json\/wp\/v2\/posts"}],"about":[{"href":"https:\/\/eraztunberdeurdina.eus\/es\/wp-json\/wp\/v2\/types\/post"}],"author":[{"embeddable":true,"href":"https:\/\/eraztunberdeurdina.eus\/es\/wp-json\/wp\/v2\/users\/3"}],"replies":[{"embeddable":true,"href":"https:\/\/eraztunberdeurdina.eus\/es\/wp-json\/wp\/v2\/comments?post=2191"}],"version-history":[{"count":1,"href":"https:\/\/eraztunberdeurdina.eus\/es\/wp-json\/wp\/v2\/posts\/2191\/revisions"}],"predecessor-version":[{"id":2192,"href":"https:\/\/eraztunberdeurdina.eus\/es\/wp-json\/wp\/v2\/posts\/2191\/revisions\/2192"}],"wp:featuredmedia":[{"embeddable":true,"href":"https:\/\/eraztunberdeurdina.eus\/es\/wp-json\/wp\/v2\/media\/2189"}],"wp:attachment":[{"href":"https:\/\/eraztunberdeurdina.eus\/es\/wp-json\/wp\/v2\/media?parent=2191"}],"wp:term":[{"taxonomy":"category","embeddable":true,"href":"https:\/\/eraztunberdeurdina.eus\/es\/wp-json\/wp\/v2\/categories?post=2191"},{"taxonomy":"post_tag","embeddable":true,"href":"https:\/\/eraztunberdeurdina.eus\/es\/wp-json\/wp\/v2\/tags?post=2191"}],"curies":[{"name":"wp","href":"https:\/\/api.w.org\/{rel}","templated":true}]}}