{"id":2386,"date":"2022-09-22T15:19:12","date_gmt":"2022-09-22T13:19:12","guid":{"rendered":"https:\/\/eraztunberdeurdina.eus\/?p=2386"},"modified":"2022-09-23T15:21:30","modified_gmt":"2022-09-23T13:21:30","slug":"campana-plastibistak","status":"publish","type":"post","link":"https:\/\/eraztunberdeurdina.eus\/es\/campana-plastibistak-20220922\/","title":{"rendered":"Campa\u00f1a PlastiBistak"},"content":{"rendered":"<p><span class=\"_aacl _aaco _aacu _aacx _aad7 _aade\">En la sala de exposiciones de Merkatu plaza se puede visitar la exposici\u00f3n <a class=\"qi72231t nu7423ey n3hqoq4p r86q59rh b3qcqh3k fq87ekyn bdao358l fsf7x5fv rse6dlih s5oniofx m8h3af8h l7ghb35v kjdc1dyq kmwttqpk srn514ro oxkhqvkx rl78xhln nch0832m cr00lzj9 rn8ck1ys s3jn8y49 icdlwmnq  _aa9_ _a6hd\" tabindex=\"0\" role=\"link\" href=\"https:\/\/www.instagram.com\/explore\/tags\/plastibistak\/\">#plastibistak<\/a> campa\u00f1a promovida por el Ayuntamiento de Zarautz, junto a la Fundaci\u00f3n Emaus. El objetivo de esta campa\u00f1a es reducir la contaminaci\u00f3n generada por los pl\u00e1sticos, poniendo especial atenci\u00f3n en los pl\u00e1sticos de un solo uso.<\/p>\n<p>En ella, por un lado, se podr\u00e1n ver los trabajos de varios alumnos del grado de Energ\u00edas Renovables de la facultad de Eibar de la UPV acerca del efecto que tienen las botellas de pl\u00e1stico en nuestro bienestar y el Medio Ambiente. Por otro lado, veremos figuras creadas en los centros de inserci\u00f3n que gestiona Emaus, elaboradas para mostrar los tipos de residuos que podemos encontrar en las playas guipuzcoanas.<\/p>\n<p>El horario de la exposici\u00f3n es el siguiente:<br \/>\nde lunes a mi\u00e9rcoles<br \/>\n10:00 a 12:00<br \/>\nde jueves a s\u00e1bado<br \/>\n17:30 a 19:30.<\/span><\/p>\n<p>&nbsp;<\/p>\n<p><img fetchpriority=\"high\" decoding=\"async\" class=\"alignnone size-medium wp-image-2384\" src=\"https:\/\/eraztunberdeurdina.eus\/wp-content\/uploads\/2022\/09\/306941692_163950812889827_3419608833320171923_n-480x600.jpg\" alt=\"\" width=\"480\" height=\"600\" srcset=\"https:\/\/eraztunberdeurdina.eus\/wp-content\/uploads\/2022\/09\/306941692_163950812889827_3419608833320171923_n-480x600.jpg 480w, https:\/\/eraztunberdeurdina.eus\/wp-content\/uploads\/2022\/09\/306941692_163950812889827_3419608833320171923_n-768x960.jpg 768w, https:\/\/eraztunberdeurdina.eus\/wp-content\/uploads\/2022\/09\/306941692_163950812889827_3419608833320171923_n.jpg 1080w\" sizes=\"(max-width: 480px) 100vw, 480px\" \/><\/p>\n","protected":false},"excerpt":{"rendered":"<p>En la sala de exposiciones de Merkatu plaza se puede visitar la exposici\u00f3n #plastibistak campa\u00f1a promovida por el Ayuntamiento de [&hellip;]<\/p>\n","protected":false},"author":3,"featured_media":2384,"comment_status":"closed","ping_status":"closed","sticky":false,"template":"","format":"standard","meta":{"_acf_changed":false,"site-sidebar-layout":"default","site-content-layout":"","ast-site-content-layout":"default","site-content-style":"default","site-sidebar-style":"default","ast-global-header-display":"","ast-banner-title-visibility":"","ast-main-header-display":"","ast-hfb-above-header-display":"","ast-hfb-below-header-display":"","ast-hfb-mobile-header-display":"","site-post-title":"","ast-breadcrumbs-content":"","ast-featured-img":"","footer-sml-layout":"","ast-disable-related-posts":"","theme-transparent-header-meta":"","adv-header-id-meta":"","stick-header-meta":"","header-above-stick-meta":"","header-main-stick-meta":"","header-below-stick-meta":"","astra-migrate-meta-layouts":"default","ast-page-background-enabled":"default","ast-page-background-meta":{"desktop":{"background-color":"var(--ast-global-color-5)","background-image":"","background-repeat":"repeat","background-position":"center center","background-size":"auto","background-attachment":"scroll","background-type":"","background-media":"","overlay-type":"","overlay-color":"","overlay-opacity":"","overlay-gradient":""},"tablet":{"background-color":"","background-image":"","background-repeat":"repeat","background-position":"center center","background-size":"auto","background-attachment":"scroll","background-type":"","background-media":"","overlay-type":"","overlay-color":"","overlay-opacity":"","overlay-gradient":""},"mobile":{"background-color":"","background-image":"","background-repeat":"repeat","background-position":"center center","background-size":"auto","background-attachment":"scroll","background-type":"","background-media":"","overlay-type":"","overlay-color":"","overlay-opacity":"","overlay-gradient":""}},"ast-content-background-meta":{"desktop":{"background-color":"var(--ast-global-color-4)","background-image":"","background-repeat":"repeat","background-position":"center center","background-size":"auto","background-attachment":"scroll","background-type":"","background-media":"","overlay-type":"","overlay-color":"","overlay-opacity":"","overlay-gradient":""},"tablet":{"background-color":"var(--ast-global-color-4)","background-image":"","background-repeat":"repeat","background-position":"center center","background-size":"auto","background-attachment":"scroll","background-type":"","background-media":"","overlay-type":"","overlay-color":"","overlay-opacity":"","overlay-gradient":""},"mobile":{"background-color":"var(--ast-global-color-4)","background-image":"","background-repeat":"repeat","background-position":"center center","background-size":"auto","background-attachment":"scroll","background-type":"","background-media":"","overlay-type":"","overlay-color":"","overlay-opacity":"","overlay-gradient":""}},"footnotes":""},"categories":[263],"tags":[106,299,300,114,179,295,296,264,28,35],"class_list":["post-2386","post","type-post","status-publish","format-standard","has-post-thumbnail","hentry","category-sensibilizacion","tag-ayuntamiento-de-zarautz","tag-campana-plastibistak","tag-emaus","tag-exposicion","tag-merkatu-plaza","tag-microplasticos","tag-plastibistak","tag-sensibilizacion","tag-zarautz","tag-zarauzko-udala"],"acf":[],"yoast_head":"<!-- This site is optimized with the Yoast SEO plugin v27.1.1 - https:\/\/yoast.com\/product\/yoast-seo-wordpress\/ -->\n<title>Campa\u00f1a PlastiBistak - Anillo Verde Azul de Zarautz<\/title>\n<meta name=\"robots\" content=\"index, follow, max-snippet:-1, max-image-preview:large, max-video-preview:-1\" \/>\n<link rel=\"canonical\" href=\"https:\/\/eraztunberdeurdina.eus\/es\/campana-plastibistak-20220922\/\" \/>\n<meta property=\"og:locale\" content=\"es_ES\" \/>\n<meta property=\"og:type\" content=\"article\" \/>\n<meta property=\"og:title\" content=\"Campa\u00f1a PlastiBistak - Anillo Verde Azul de Zarautz\" \/>\n<meta property=\"og:description\" content=\"En la sala de exposiciones de Merkatu plaza se puede visitar la exposici\u00f3n #plastibistak campa\u00f1a promovida por el Ayuntamiento de [&hellip;]\" \/>\n<meta property=\"og:url\" content=\"https:\/\/eraztunberdeurdina.eus\/es\/campana-plastibistak-20220922\/\" \/>\n<meta property=\"og:site_name\" content=\"Anillo Verde Azul de Zarautz\" \/>\n<meta property=\"article:published_time\" content=\"2022-09-22T13:19:12+00:00\" \/>\n<meta property=\"article:modified_time\" content=\"2022-09-23T13:21:30+00:00\" \/>\n<meta property=\"og:image\" content=\"https:\/\/eraztunberdeurdina.eus\/wp-content\/uploads\/2022\/09\/306941692_163950812889827_3419608833320171923_n.jpg\" \/>\n\t<meta property=\"og:image:width\" content=\"1080\" \/>\n\t<meta property=\"og:image:height\" content=\"1350\" \/>\n\t<meta property=\"og:image:type\" content=\"image\/jpeg\" \/>\n<meta name=\"author\" content=\"ebu\" \/>\n<meta name=\"twitter:card\" content=\"summary_large_image\" \/>\n<meta name=\"twitter:label1\" content=\"Escrito por\" \/>\n\t<meta name=\"twitter:data1\" content=\"ebu\" \/>\n\t<meta name=\"twitter:label2\" content=\"Tiempo de lectura\" \/>\n\t<meta name=\"twitter:data2\" content=\"1 minuto\" \/>\n<script type=\"application\/ld+json\" class=\"yoast-schema-graph\">{\"@context\":\"https:\/\/schema.org\",\"@graph\":[{\"@type\":\"Article\",\"@id\":\"https:\/\/eraztunberdeurdina.eus\/es\/campana-plastibistak-20220922\/#article\",\"isPartOf\":{\"@id\":\"https:\/\/eraztunberdeurdina.eus\/es\/campana-plastibistak-20220922\/\"},\"author\":{\"name\":\"ebu\",\"@id\":\"https:\/\/eraztunberdeurdina.eus\/#\/schema\/person\/a9c3a9d9ddfc0024a1d798d33b8eb53c\"},\"headline\":\"Campa\u00f1a PlastiBistak\",\"datePublished\":\"2022-09-22T13:19:12+00:00\",\"dateModified\":\"2022-09-23T13:21:30+00:00\",\"mainEntityOfPage\":{\"@id\":\"https:\/\/eraztunberdeurdina.eus\/es\/campana-plastibistak-20220922\/\"},\"wordCount\":156,\"publisher\":{\"@id\":\"https:\/\/eraztunberdeurdina.eus\/#organization\"},\"image\":{\"@id\":\"https:\/\/eraztunberdeurdina.eus\/es\/campana-plastibistak-20220922\/#primaryimage\"},\"thumbnailUrl\":\"https:\/\/eraztunberdeurdina.eus\/wp-content\/uploads\/2022\/09\/306941692_163950812889827_3419608833320171923_n.jpg\",\"keywords\":[\"Ayuntamiento de Zarautz\",\"Campa\u00f1a plastibistak\",\"Emaus\",\"Exposici\u00f3n\",\"Merkatu Plaza\",\"micropl\u00e1sticos\",\"Plastibistak\",\"sensibilizaci\u00f3n\",\"Zarautz\",\"Zarauzko Udala\"],\"articleSection\":[\"sensibilizaci\u00f3n\"],\"inLanguage\":\"es\"},{\"@type\":\"WebPage\",\"@id\":\"https:\/\/eraztunberdeurdina.eus\/es\/campana-plastibistak-20220922\/\",\"url\":\"https:\/\/eraztunberdeurdina.eus\/es\/campana-plastibistak-20220922\/\",\"name\":\"Campa\u00f1a PlastiBistak - Anillo Verde Azul de Zarautz\",\"isPartOf\":{\"@id\":\"https:\/\/eraztunberdeurdina.eus\/#website\"},\"primaryImageOfPage\":{\"@id\":\"https:\/\/eraztunberdeurdina.eus\/es\/campana-plastibistak-20220922\/#primaryimage\"},\"image\":{\"@id\":\"https:\/\/eraztunberdeurdina.eus\/es\/campana-plastibistak-20220922\/#primaryimage\"},\"thumbnailUrl\":\"https:\/\/eraztunberdeurdina.eus\/wp-content\/uploads\/2022\/09\/306941692_163950812889827_3419608833320171923_n.jpg\",\"datePublished\":\"2022-09-22T13:19:12+00:00\",\"dateModified\":\"2022-09-23T13:21:30+00:00\",\"breadcrumb\":{\"@id\":\"https:\/\/eraztunberdeurdina.eus\/es\/campana-plastibistak-20220922\/#breadcrumb\"},\"inLanguage\":\"es\",\"potentialAction\":[{\"@type\":\"ReadAction\",\"target\":[\"https:\/\/eraztunberdeurdina.eus\/es\/campana-plastibistak-20220922\/\"]}]},{\"@type\":\"ImageObject\",\"inLanguage\":\"es\",\"@id\":\"https:\/\/eraztunberdeurdina.eus\/es\/campana-plastibistak-20220922\/#primaryimage\",\"url\":\"https:\/\/eraztunberdeurdina.eus\/wp-content\/uploads\/2022\/09\/306941692_163950812889827_3419608833320171923_n.jpg\",\"contentUrl\":\"https:\/\/eraztunberdeurdina.eus\/wp-content\/uploads\/2022\/09\/306941692_163950812889827_3419608833320171923_n.jpg\",\"width\":1080,\"height\":1350},{\"@type\":\"BreadcrumbList\",\"@id\":\"https:\/\/eraztunberdeurdina.eus\/es\/campana-plastibistak-20220922\/#breadcrumb\",\"itemListElement\":[{\"@type\":\"ListItem\",\"position\":1,\"name\":\"Home\",\"item\":\"https:\/\/eraztunberdeurdina.eus\/es\/anillo-verde-azul\/\"},{\"@type\":\"ListItem\",\"position\":2,\"name\":\"Campa\u00f1a PlastiBistak\"}]},{\"@type\":\"WebSite\",\"@id\":\"https:\/\/eraztunberdeurdina.eus\/#website\",\"url\":\"https:\/\/eraztunberdeurdina.eus\/\",\"name\":\"Zarauzko Eraztun Berde Urdina\",\"description\":\"Herri-inguruko berdeguneen zaintza\",\"publisher\":{\"@id\":\"https:\/\/eraztunberdeurdina.eus\/#organization\"},\"potentialAction\":[{\"@type\":\"SearchAction\",\"target\":{\"@type\":\"EntryPoint\",\"urlTemplate\":\"https:\/\/eraztunberdeurdina.eus\/?s={search_term_string}\"},\"query-input\":{\"@type\":\"PropertyValueSpecification\",\"valueRequired\":true,\"valueName\":\"search_term_string\"}}],\"inLanguage\":\"es\"},{\"@type\":\"Organization\",\"@id\":\"https:\/\/eraztunberdeurdina.eus\/#organization\",\"name\":\"Zarauzko Eraztun Berde Urdina\",\"url\":\"https:\/\/eraztunberdeurdina.eus\/\",\"logo\":{\"@type\":\"ImageObject\",\"inLanguage\":\"es\",\"@id\":\"https:\/\/eraztunberdeurdina.eus\/#\/schema\/logo\/image\/\",\"url\":\"https:\/\/eraztunberdeurdina.eus\/wp-content\/uploads\/2018\/07\/EBUkoloretan.jpg\",\"contentUrl\":\"https:\/\/eraztunberdeurdina.eus\/wp-content\/uploads\/2018\/07\/EBUkoloretan.jpg\",\"width\":934,\"height\":687,\"caption\":\"Zarauzko Eraztun Berde Urdina\"},\"image\":{\"@id\":\"https:\/\/eraztunberdeurdina.eus\/#\/schema\/logo\/image\/\"}},{\"@type\":\"Person\",\"@id\":\"https:\/\/eraztunberdeurdina.eus\/#\/schema\/person\/a9c3a9d9ddfc0024a1d798d33b8eb53c\",\"name\":\"ebu\"}]}<\/script>\n<!-- \/ Yoast SEO plugin. -->","yoast_head_json":{"title":"Campa\u00f1a PlastiBistak - Anillo Verde Azul de Zarautz","robots":{"index":"index","follow":"follow","max-snippet":"max-snippet:-1","max-image-preview":"max-image-preview:large","max-video-preview":"max-video-preview:-1"},"canonical":"https:\/\/eraztunberdeurdina.eus\/es\/campana-plastibistak-20220922\/","og_locale":"es_ES","og_type":"article","og_title":"Campa\u00f1a PlastiBistak - Anillo Verde Azul de Zarautz","og_description":"En la sala de exposiciones de Merkatu plaza se puede visitar la exposici\u00f3n #plastibistak campa\u00f1a promovida por el Ayuntamiento de [&hellip;]","og_url":"https:\/\/eraztunberdeurdina.eus\/es\/campana-plastibistak-20220922\/","og_site_name":"Anillo Verde Azul de Zarautz","article_published_time":"2022-09-22T13:19:12+00:00","article_modified_time":"2022-09-23T13:21:30+00:00","og_image":[{"width":1080,"height":1350,"url":"https:\/\/eraztunberdeurdina.eus\/wp-content\/uploads\/2022\/09\/306941692_163950812889827_3419608833320171923_n.jpg","type":"image\/jpeg"}],"author":"ebu","twitter_card":"summary_large_image","twitter_misc":{"Escrito por":"ebu","Tiempo de lectura":"1 minuto"},"schema":{"@context":"https:\/\/schema.org","@graph":[{"@type":"Article","@id":"https:\/\/eraztunberdeurdina.eus\/es\/campana-plastibistak-20220922\/#article","isPartOf":{"@id":"https:\/\/eraztunberdeurdina.eus\/es\/campana-plastibistak-20220922\/"},"author":{"name":"ebu","@id":"https:\/\/eraztunberdeurdina.eus\/#\/schema\/person\/a9c3a9d9ddfc0024a1d798d33b8eb53c"},"headline":"Campa\u00f1a PlastiBistak","datePublished":"2022-09-22T13:19:12+00:00","dateModified":"2022-09-23T13:21:30+00:00","mainEntityOfPage":{"@id":"https:\/\/eraztunberdeurdina.eus\/es\/campana-plastibistak-20220922\/"},"wordCount":156,"publisher":{"@id":"https:\/\/eraztunberdeurdina.eus\/#organization"},"image":{"@id":"https:\/\/eraztunberdeurdina.eus\/es\/campana-plastibistak-20220922\/#primaryimage"},"thumbnailUrl":"https:\/\/eraztunberdeurdina.eus\/wp-content\/uploads\/2022\/09\/306941692_163950812889827_3419608833320171923_n.jpg","keywords":["Ayuntamiento de Zarautz","Campa\u00f1a plastibistak","Emaus","Exposici\u00f3n","Merkatu Plaza","micropl\u00e1sticos","Plastibistak","sensibilizaci\u00f3n","Zarautz","Zarauzko Udala"],"articleSection":["sensibilizaci\u00f3n"],"inLanguage":"es"},{"@type":"WebPage","@id":"https:\/\/eraztunberdeurdina.eus\/es\/campana-plastibistak-20220922\/","url":"https:\/\/eraztunberdeurdina.eus\/es\/campana-plastibistak-20220922\/","name":"Campa\u00f1a PlastiBistak - Anillo Verde Azul de Zarautz","isPartOf":{"@id":"https:\/\/eraztunberdeurdina.eus\/#website"},"primaryImageOfPage":{"@id":"https:\/\/eraztunberdeurdina.eus\/es\/campana-plastibistak-20220922\/#primaryimage"},"image":{"@id":"https:\/\/eraztunberdeurdina.eus\/es\/campana-plastibistak-20220922\/#primaryimage"},"thumbnailUrl":"https:\/\/eraztunberdeurdina.eus\/wp-content\/uploads\/2022\/09\/306941692_163950812889827_3419608833320171923_n.jpg","datePublished":"2022-09-22T13:19:12+00:00","dateModified":"2022-09-23T13:21:30+00:00","breadcrumb":{"@id":"https:\/\/eraztunberdeurdina.eus\/es\/campana-plastibistak-20220922\/#breadcrumb"},"inLanguage":"es","potentialAction":[{"@type":"ReadAction","target":["https:\/\/eraztunberdeurdina.eus\/es\/campana-plastibistak-20220922\/"]}]},{"@type":"ImageObject","inLanguage":"es","@id":"https:\/\/eraztunberdeurdina.eus\/es\/campana-plastibistak-20220922\/#primaryimage","url":"https:\/\/eraztunberdeurdina.eus\/wp-content\/uploads\/2022\/09\/306941692_163950812889827_3419608833320171923_n.jpg","contentUrl":"https:\/\/eraztunberdeurdina.eus\/wp-content\/uploads\/2022\/09\/306941692_163950812889827_3419608833320171923_n.jpg","width":1080,"height":1350},{"@type":"BreadcrumbList","@id":"https:\/\/eraztunberdeurdina.eus\/es\/campana-plastibistak-20220922\/#breadcrumb","itemListElement":[{"@type":"ListItem","position":1,"name":"Home","item":"https:\/\/eraztunberdeurdina.eus\/es\/anillo-verde-azul\/"},{"@type":"ListItem","position":2,"name":"Campa\u00f1a PlastiBistak"}]},{"@type":"WebSite","@id":"https:\/\/eraztunberdeurdina.eus\/#website","url":"https:\/\/eraztunberdeurdina.eus\/","name":"Zarauzko Eraztun Berde Urdina","description":"Herri-inguruko berdeguneen zaintza","publisher":{"@id":"https:\/\/eraztunberdeurdina.eus\/#organization"},"potentialAction":[{"@type":"SearchAction","target":{"@type":"EntryPoint","urlTemplate":"https:\/\/eraztunberdeurdina.eus\/?s={search_term_string}"},"query-input":{"@type":"PropertyValueSpecification","valueRequired":true,"valueName":"search_term_string"}}],"inLanguage":"es"},{"@type":"Organization","@id":"https:\/\/eraztunberdeurdina.eus\/#organization","name":"Zarauzko Eraztun Berde Urdina","url":"https:\/\/eraztunberdeurdina.eus\/","logo":{"@type":"ImageObject","inLanguage":"es","@id":"https:\/\/eraztunberdeurdina.eus\/#\/schema\/logo\/image\/","url":"https:\/\/eraztunberdeurdina.eus\/wp-content\/uploads\/2018\/07\/EBUkoloretan.jpg","contentUrl":"https:\/\/eraztunberdeurdina.eus\/wp-content\/uploads\/2018\/07\/EBUkoloretan.jpg","width":934,"height":687,"caption":"Zarauzko Eraztun Berde Urdina"},"image":{"@id":"https:\/\/eraztunberdeurdina.eus\/#\/schema\/logo\/image\/"}},{"@type":"Person","@id":"https:\/\/eraztunberdeurdina.eus\/#\/schema\/person\/a9c3a9d9ddfc0024a1d798d33b8eb53c","name":"ebu"}]}},"_links":{"self":[{"href":"https:\/\/eraztunberdeurdina.eus\/es\/wp-json\/wp\/v2\/posts\/2386","targetHints":{"allow":["GET"]}}],"collection":[{"href":"https:\/\/eraztunberdeurdina.eus\/es\/wp-json\/wp\/v2\/posts"}],"about":[{"href":"https:\/\/eraztunberdeurdina.eus\/es\/wp-json\/wp\/v2\/types\/post"}],"author":[{"embeddable":true,"href":"https:\/\/eraztunberdeurdina.eus\/es\/wp-json\/wp\/v2\/users\/3"}],"replies":[{"embeddable":true,"href":"https:\/\/eraztunberdeurdina.eus\/es\/wp-json\/wp\/v2\/comments?post=2386"}],"version-history":[{"count":1,"href":"https:\/\/eraztunberdeurdina.eus\/es\/wp-json\/wp\/v2\/posts\/2386\/revisions"}],"predecessor-version":[{"id":2387,"href":"https:\/\/eraztunberdeurdina.eus\/es\/wp-json\/wp\/v2\/posts\/2386\/revisions\/2387"}],"wp:featuredmedia":[{"embeddable":true,"href":"https:\/\/eraztunberdeurdina.eus\/es\/wp-json\/wp\/v2\/media\/2384"}],"wp:attachment":[{"href":"https:\/\/eraztunberdeurdina.eus\/es\/wp-json\/wp\/v2\/media?parent=2386"}],"wp:term":[{"taxonomy":"category","embeddable":true,"href":"https:\/\/eraztunberdeurdina.eus\/es\/wp-json\/wp\/v2\/categories?post=2386"},{"taxonomy":"post_tag","embeddable":true,"href":"https:\/\/eraztunberdeurdina.eus\/es\/wp-json\/wp\/v2\/tags?post=2386"}],"curies":[{"name":"wp","href":"https:\/\/api.w.org\/{rel}","templated":true}]}}