{"id":2410,"date":"2022-10-20T15:59:08","date_gmt":"2022-10-20T13:59:08","guid":{"rendered":"https:\/\/eraztunberdeurdina.eus\/?p=2410"},"modified":"2022-10-21T16:01:30","modified_gmt":"2022-10-21T14:01:30","slug":"2410","status":"publish","type":"post","link":"https:\/\/eraztunberdeurdina.eus\/es\/2410-20221020\/","title":{"rendered":""},"content":{"rendered":"<p>Hemos recibido la visita de miembros de la asociaci\u00f3n Begisare en el Parque de Vista Alegre. De hecho, estamos estudiando las alternativas para adecuar la accesibilidad de dos puntos de inter\u00e9s del Anillo Verde Azul de Zarautz, para mejorar el estado de bienestar, la calidad de vida y la autonom\u00eda de las personas. Para ello, estamos contactando con distintos colectivos y asociaciones para conocer su realidad y detectar de primera mano las dificultades que encuentran en su d\u00eda a d\u00eda en el tema de la accesibilidad.<\/p>\n<p>Uno de los objetivos del Anillo Verde Azul es dar a conocer la importancia de sus h\u00e1bitats y su biodiversidad. Por ello, queremos que los contenidos que se ofrecen a lo largo del recorrido sean comprensibles para todas las personas. A trav\u00e9s del conocimiento de estas \u00e1reas naturales se promueve la necesidad y el deseo de proteger y conservar dichos entornos, ya que no se puede amar lo que no se conoce.<\/p>\n<p>La asociaci\u00f3n Begisare, est\u00e1 formada por personas con baja visi\u00f3n afectadas por retinosis pigmentaria. Nos hemos reunido con ellas para conocer su punto de vista de primera mano. Para ello, hemos visitado y valorado los accesos del parque de Vista Alegre. Adem\u00e1s, hemos estudiado c\u00f3mo se puede mejorar el sistema de se\u00f1alizaci\u00f3n en el recorrido circular para que pueda ser localizado f\u00e1cilmente y para cuales son los pasos se pueden dar para que los contenidos de los paneles interpretativos puedan ser accesibles para todas las personas. Adem\u00e1s, se ha realizado la identificaci\u00f3n de esculturas de piedra y madera, hojas, semillas y frutos de los \u00e1rboles a trav\u00e9s del tacto. Tambi\u00e9n hemos tenido la oportunidad de conocer la importancia de la red Natura 2000, los beneficios de la madera muerta en el bosque, adem\u00e1s de poder disfrutar de los cantos de los p\u00e1jaros.<\/p>\n<p>Para promover la sensibilizaci\u00f3n de la baja visi\u00f3n, el pr\u00f3ximo martes (25 de octubre) la asociaci\u00f3n Begisare ofrecer\u00e1 una mesa informativa en la plaza del Lege Zaharra de 10:00 a 14:00 horas. Adem\u00e1s, ofrecer\u00e1n a las y los zarauztarras la posibilidad de utilizar las gafas de realidad virtual para a trav\u00e9s de las cuales conocer cu\u00e1l es la visi\u00f3n de las personas que padecen baja visi\u00f3n y para comprender cuales son las dificultades que puedan tener en su d\u00eda a d\u00eda. Nos parece que puede ser una experiencia muy enriquecedora. Por ello os animamos a que particip\u00e9is en esta jornada de sensibilizaci\u00f3n.<\/p>\n<p>Muchas gracias a la asociaci\u00f3n Begisare Gipuzkoa por acercaros a conocer este punto de inter\u00e9s y por vuestras aportaciones. Ha sido una experiencia muy enriquecedora y seguiremos trabajando conjuntamente para mejorar el Anillo Verde Azul.<\/p>\n<p><img fetchpriority=\"high\" decoding=\"async\" class=\"alignnone size-medium wp-image-2407\" src=\"https:\/\/eraztunberdeurdina.eus\/wp-content\/uploads\/2022\/10\/312433985_2037339799797901_1239433896688495428_n-450x600.jpg\" alt=\"\" width=\"450\" height=\"600\" srcset=\"https:\/\/eraztunberdeurdina.eus\/wp-content\/uploads\/2022\/10\/312433985_2037339799797901_1239433896688495428_n-450x600.jpg 450w, https:\/\/eraztunberdeurdina.eus\/wp-content\/uploads\/2022\/10\/312433985_2037339799797901_1239433896688495428_n.jpg 720w\" sizes=\"(max-width: 450px) 100vw, 450px\" \/><\/p>\n<p>&nbsp;<\/p>\n<p>&nbsp;<\/p>\n","protected":false},"excerpt":{"rendered":"<p>Hemos recibido la visita de miembros de la asociaci\u00f3n Begisare en el Parque de Vista Alegre. De hecho, estamos estudiando [&hellip;]<\/p>\n","protected":false},"author":3,"featured_media":2407,"comment_status":"closed","ping_status":"closed","sticky":false,"template":"","format":"standard","meta":{"_acf_changed":false,"site-sidebar-layout":"default","site-content-layout":"","ast-site-content-layout":"default","site-content-style":"default","site-sidebar-style":"default","ast-global-header-display":"","ast-banner-title-visibility":"","ast-main-header-display":"","ast-hfb-above-header-display":"","ast-hfb-below-header-display":"","ast-hfb-mobile-header-display":"","site-post-title":"","ast-breadcrumbs-content":"","ast-featured-img":"","footer-sml-layout":"","ast-disable-related-posts":"","theme-transparent-header-meta":"","adv-header-id-meta":"","stick-header-meta":"","header-above-stick-meta":"","header-main-stick-meta":"","header-below-stick-meta":"","astra-migrate-meta-layouts":"default","ast-page-background-enabled":"default","ast-page-background-meta":{"desktop":{"background-color":"var(--ast-global-color-5)","background-image":"","background-repeat":"repeat","background-position":"center center","background-size":"auto","background-attachment":"scroll","background-type":"","background-media":"","overlay-type":"","overlay-color":"","overlay-opacity":"","overlay-gradient":""},"tablet":{"background-color":"","background-image":"","background-repeat":"repeat","background-position":"center center","background-size":"auto","background-attachment":"scroll","background-type":"","background-media":"","overlay-type":"","overlay-color":"","overlay-opacity":"","overlay-gradient":""},"mobile":{"background-color":"","background-image":"","background-repeat":"repeat","background-position":"center center","background-size":"auto","background-attachment":"scroll","background-type":"","background-media":"","overlay-type":"","overlay-color":"","overlay-opacity":"","overlay-gradient":""}},"ast-content-background-meta":{"desktop":{"background-color":"var(--ast-global-color-4)","background-image":"","background-repeat":"repeat","background-position":"center center","background-size":"auto","background-attachment":"scroll","background-type":"","background-media":"","overlay-type":"","overlay-color":"","overlay-opacity":"","overlay-gradient":""},"tablet":{"background-color":"var(--ast-global-color-4)","background-image":"","background-repeat":"repeat","background-position":"center center","background-size":"auto","background-attachment":"scroll","background-type":"","background-media":"","overlay-type":"","overlay-color":"","overlay-opacity":"","overlay-gradient":""},"mobile":{"background-color":"var(--ast-global-color-4)","background-image":"","background-repeat":"repeat","background-position":"center center","background-size":"auto","background-attachment":"scroll","background-type":"","background-media":"","overlay-type":"","overlay-color":"","overlay-opacity":"","overlay-gradient":""}},"footnotes":""},"categories":[318,86,60],"tags":[319,33,315,30,34,39,70,320,28,35],"class_list":["post-2410","post","type-post","status-publish","format-standard","has-post-thumbnail","hentry","category-accesibilidad","category-actividades","category-dinamizacion","tag-accesibilidad","tag-anillo-verde-azul","tag-begisare","tag-ebu","tag-eraztun-berde-urdina","tag-natura","tag-naturaleza","tag-retinosis","tag-zarautz","tag-zarauzko-udala"],"acf":[],"yoast_head":"<!-- This site is optimized with the Yoast SEO plugin v27.1.1 - https:\/\/yoast.com\/product\/yoast-seo-wordpress\/ -->\n<title>- Anillo Verde Azul de Zarautz<\/title>\n<meta name=\"robots\" content=\"index, follow, max-snippet:-1, max-image-preview:large, max-video-preview:-1\" \/>\n<link rel=\"canonical\" href=\"https:\/\/eraztunberdeurdina.eus\/es\/2410-20221020\/\" \/>\n<meta property=\"og:locale\" content=\"es_ES\" \/>\n<meta property=\"og:type\" content=\"article\" \/>\n<meta property=\"og:title\" content=\"- Anillo Verde Azul de Zarautz\" \/>\n<meta property=\"og:description\" content=\"Hemos recibido la visita de miembros de la asociaci\u00f3n Begisare en el Parque de Vista Alegre. De hecho, estamos estudiando [&hellip;]\" \/>\n<meta property=\"og:url\" content=\"https:\/\/eraztunberdeurdina.eus\/es\/2410-20221020\/\" \/>\n<meta property=\"og:site_name\" content=\"Anillo Verde Azul de Zarautz\" \/>\n<meta property=\"article:published_time\" content=\"2022-10-20T13:59:08+00:00\" \/>\n<meta property=\"article:modified_time\" content=\"2022-10-21T14:01:30+00:00\" \/>\n<meta property=\"og:image\" content=\"https:\/\/eraztunberdeurdina.eus\/wp-content\/uploads\/2022\/10\/312433985_2037339799797901_1239433896688495428_n.jpg\" \/>\n\t<meta property=\"og:image:width\" content=\"720\" \/>\n\t<meta property=\"og:image:height\" content=\"960\" \/>\n\t<meta property=\"og:image:type\" content=\"image\/jpeg\" \/>\n<meta name=\"author\" content=\"ebu\" \/>\n<meta name=\"twitter:card\" content=\"summary_large_image\" \/>\n<meta name=\"twitter:label1\" content=\"Escrito por\" \/>\n\t<meta name=\"twitter:data1\" content=\"ebu\" \/>\n\t<meta name=\"twitter:label2\" content=\"Tiempo de lectura\" \/>\n\t<meta name=\"twitter:data2\" content=\"2 minutos\" \/>\n<script type=\"application\/ld+json\" class=\"yoast-schema-graph\">{\"@context\":\"https:\/\/schema.org\",\"@graph\":[{\"@type\":\"Article\",\"@id\":\"https:\/\/eraztunberdeurdina.eus\/es\/2410-20221020\/#article\",\"isPartOf\":{\"@id\":\"https:\/\/eraztunberdeurdina.eus\/es\/2410-20221020\/\"},\"author\":{\"name\":\"ebu\",\"@id\":\"https:\/\/eraztunberdeurdina.eus\/#\/schema\/person\/a9c3a9d9ddfc0024a1d798d33b8eb53c\"},\"headline\":\"Sin t\u00edtulo\",\"datePublished\":\"2022-10-20T13:59:08+00:00\",\"dateModified\":\"2022-10-21T14:01:30+00:00\",\"mainEntityOfPage\":{\"@id\":\"https:\/\/eraztunberdeurdina.eus\/es\/2410-20221020\/\"},\"wordCount\":471,\"publisher\":{\"@id\":\"https:\/\/eraztunberdeurdina.eus\/#organization\"},\"image\":{\"@id\":\"https:\/\/eraztunberdeurdina.eus\/es\/2410-20221020\/#primaryimage\"},\"thumbnailUrl\":\"https:\/\/eraztunberdeurdina.eus\/wp-content\/uploads\/2022\/10\/312433985_2037339799797901_1239433896688495428_n.jpg\",\"keywords\":[\"accesibilidad\",\"anillo verde azul\",\"Begisare\",\"EBU\",\"Eraztun Berde Urdina\",\"natura\",\"naturaleza\",\"retinosis\",\"Zarautz\",\"Zarauzko Udala\"],\"articleSection\":[\"accesibilidad\",\"Actividades\",\"dinamizaci\u00f3n\"],\"inLanguage\":\"es\"},{\"@type\":\"WebPage\",\"@id\":\"https:\/\/eraztunberdeurdina.eus\/es\/2410-20221020\/\",\"url\":\"https:\/\/eraztunberdeurdina.eus\/es\/2410-20221020\/\",\"name\":\"- Anillo Verde Azul de Zarautz\",\"isPartOf\":{\"@id\":\"https:\/\/eraztunberdeurdina.eus\/#website\"},\"primaryImageOfPage\":{\"@id\":\"https:\/\/eraztunberdeurdina.eus\/es\/2410-20221020\/#primaryimage\"},\"image\":{\"@id\":\"https:\/\/eraztunberdeurdina.eus\/es\/2410-20221020\/#primaryimage\"},\"thumbnailUrl\":\"https:\/\/eraztunberdeurdina.eus\/wp-content\/uploads\/2022\/10\/312433985_2037339799797901_1239433896688495428_n.jpg\",\"datePublished\":\"2022-10-20T13:59:08+00:00\",\"dateModified\":\"2022-10-21T14:01:30+00:00\",\"inLanguage\":\"es\",\"potentialAction\":[{\"@type\":\"ReadAction\",\"target\":[\"https:\/\/eraztunberdeurdina.eus\/es\/2410-20221020\/\"]}]},{\"@type\":\"ImageObject\",\"inLanguage\":\"es\",\"@id\":\"https:\/\/eraztunberdeurdina.eus\/es\/2410-20221020\/#primaryimage\",\"url\":\"https:\/\/eraztunberdeurdina.eus\/wp-content\/uploads\/2022\/10\/312433985_2037339799797901_1239433896688495428_n.jpg\",\"contentUrl\":\"https:\/\/eraztunberdeurdina.eus\/wp-content\/uploads\/2022\/10\/312433985_2037339799797901_1239433896688495428_n.jpg\",\"width\":720,\"height\":960},{\"@type\":\"WebSite\",\"@id\":\"https:\/\/eraztunberdeurdina.eus\/#website\",\"url\":\"https:\/\/eraztunberdeurdina.eus\/\",\"name\":\"Zarauzko Eraztun Berde Urdina\",\"description\":\"Herri-inguruko berdeguneen zaintza\",\"publisher\":{\"@id\":\"https:\/\/eraztunberdeurdina.eus\/#organization\"},\"potentialAction\":[{\"@type\":\"SearchAction\",\"target\":{\"@type\":\"EntryPoint\",\"urlTemplate\":\"https:\/\/eraztunberdeurdina.eus\/?s={search_term_string}\"},\"query-input\":{\"@type\":\"PropertyValueSpecification\",\"valueRequired\":true,\"valueName\":\"search_term_string\"}}],\"inLanguage\":\"es\"},{\"@type\":\"Organization\",\"@id\":\"https:\/\/eraztunberdeurdina.eus\/#organization\",\"name\":\"Zarauzko Eraztun Berde Urdina\",\"url\":\"https:\/\/eraztunberdeurdina.eus\/\",\"logo\":{\"@type\":\"ImageObject\",\"inLanguage\":\"es\",\"@id\":\"https:\/\/eraztunberdeurdina.eus\/#\/schema\/logo\/image\/\",\"url\":\"https:\/\/eraztunberdeurdina.eus\/wp-content\/uploads\/2018\/07\/EBUkoloretan.jpg\",\"contentUrl\":\"https:\/\/eraztunberdeurdina.eus\/wp-content\/uploads\/2018\/07\/EBUkoloretan.jpg\",\"width\":934,\"height\":687,\"caption\":\"Zarauzko Eraztun Berde Urdina\"},\"image\":{\"@id\":\"https:\/\/eraztunberdeurdina.eus\/#\/schema\/logo\/image\/\"}},{\"@type\":\"Person\",\"@id\":\"https:\/\/eraztunberdeurdina.eus\/#\/schema\/person\/a9c3a9d9ddfc0024a1d798d33b8eb53c\",\"name\":\"ebu\"}]}<\/script>\n<!-- \/ Yoast SEO plugin. -->","yoast_head_json":{"title":"- Anillo Verde Azul de Zarautz","robots":{"index":"index","follow":"follow","max-snippet":"max-snippet:-1","max-image-preview":"max-image-preview:large","max-video-preview":"max-video-preview:-1"},"canonical":"https:\/\/eraztunberdeurdina.eus\/es\/2410-20221020\/","og_locale":"es_ES","og_type":"article","og_title":"- Anillo Verde Azul de Zarautz","og_description":"Hemos recibido la visita de miembros de la asociaci\u00f3n Begisare en el Parque de Vista Alegre. De hecho, estamos estudiando [&hellip;]","og_url":"https:\/\/eraztunberdeurdina.eus\/es\/2410-20221020\/","og_site_name":"Anillo Verde Azul de Zarautz","article_published_time":"2022-10-20T13:59:08+00:00","article_modified_time":"2022-10-21T14:01:30+00:00","og_image":[{"width":720,"height":960,"url":"https:\/\/eraztunberdeurdina.eus\/wp-content\/uploads\/2022\/10\/312433985_2037339799797901_1239433896688495428_n.jpg","type":"image\/jpeg"}],"author":"ebu","twitter_card":"summary_large_image","twitter_misc":{"Escrito por":"ebu","Tiempo de lectura":"2 minutos"},"schema":{"@context":"https:\/\/schema.org","@graph":[{"@type":"Article","@id":"https:\/\/eraztunberdeurdina.eus\/es\/2410-20221020\/#article","isPartOf":{"@id":"https:\/\/eraztunberdeurdina.eus\/es\/2410-20221020\/"},"author":{"name":"ebu","@id":"https:\/\/eraztunberdeurdina.eus\/#\/schema\/person\/a9c3a9d9ddfc0024a1d798d33b8eb53c"},"headline":"Sin t\u00edtulo","datePublished":"2022-10-20T13:59:08+00:00","dateModified":"2022-10-21T14:01:30+00:00","mainEntityOfPage":{"@id":"https:\/\/eraztunberdeurdina.eus\/es\/2410-20221020\/"},"wordCount":471,"publisher":{"@id":"https:\/\/eraztunberdeurdina.eus\/#organization"},"image":{"@id":"https:\/\/eraztunberdeurdina.eus\/es\/2410-20221020\/#primaryimage"},"thumbnailUrl":"https:\/\/eraztunberdeurdina.eus\/wp-content\/uploads\/2022\/10\/312433985_2037339799797901_1239433896688495428_n.jpg","keywords":["accesibilidad","anillo verde azul","Begisare","EBU","Eraztun Berde Urdina","natura","naturaleza","retinosis","Zarautz","Zarauzko Udala"],"articleSection":["accesibilidad","Actividades","dinamizaci\u00f3n"],"inLanguage":"es"},{"@type":"WebPage","@id":"https:\/\/eraztunberdeurdina.eus\/es\/2410-20221020\/","url":"https:\/\/eraztunberdeurdina.eus\/es\/2410-20221020\/","name":"- Anillo Verde Azul de Zarautz","isPartOf":{"@id":"https:\/\/eraztunberdeurdina.eus\/#website"},"primaryImageOfPage":{"@id":"https:\/\/eraztunberdeurdina.eus\/es\/2410-20221020\/#primaryimage"},"image":{"@id":"https:\/\/eraztunberdeurdina.eus\/es\/2410-20221020\/#primaryimage"},"thumbnailUrl":"https:\/\/eraztunberdeurdina.eus\/wp-content\/uploads\/2022\/10\/312433985_2037339799797901_1239433896688495428_n.jpg","datePublished":"2022-10-20T13:59:08+00:00","dateModified":"2022-10-21T14:01:30+00:00","inLanguage":"es","potentialAction":[{"@type":"ReadAction","target":["https:\/\/eraztunberdeurdina.eus\/es\/2410-20221020\/"]}]},{"@type":"ImageObject","inLanguage":"es","@id":"https:\/\/eraztunberdeurdina.eus\/es\/2410-20221020\/#primaryimage","url":"https:\/\/eraztunberdeurdina.eus\/wp-content\/uploads\/2022\/10\/312433985_2037339799797901_1239433896688495428_n.jpg","contentUrl":"https:\/\/eraztunberdeurdina.eus\/wp-content\/uploads\/2022\/10\/312433985_2037339799797901_1239433896688495428_n.jpg","width":720,"height":960},{"@type":"WebSite","@id":"https:\/\/eraztunberdeurdina.eus\/#website","url":"https:\/\/eraztunberdeurdina.eus\/","name":"Zarauzko Eraztun Berde Urdina","description":"Herri-inguruko berdeguneen zaintza","publisher":{"@id":"https:\/\/eraztunberdeurdina.eus\/#organization"},"potentialAction":[{"@type":"SearchAction","target":{"@type":"EntryPoint","urlTemplate":"https:\/\/eraztunberdeurdina.eus\/?s={search_term_string}"},"query-input":{"@type":"PropertyValueSpecification","valueRequired":true,"valueName":"search_term_string"}}],"inLanguage":"es"},{"@type":"Organization","@id":"https:\/\/eraztunberdeurdina.eus\/#organization","name":"Zarauzko Eraztun Berde Urdina","url":"https:\/\/eraztunberdeurdina.eus\/","logo":{"@type":"ImageObject","inLanguage":"es","@id":"https:\/\/eraztunberdeurdina.eus\/#\/schema\/logo\/image\/","url":"https:\/\/eraztunberdeurdina.eus\/wp-content\/uploads\/2018\/07\/EBUkoloretan.jpg","contentUrl":"https:\/\/eraztunberdeurdina.eus\/wp-content\/uploads\/2018\/07\/EBUkoloretan.jpg","width":934,"height":687,"caption":"Zarauzko Eraztun Berde Urdina"},"image":{"@id":"https:\/\/eraztunberdeurdina.eus\/#\/schema\/logo\/image\/"}},{"@type":"Person","@id":"https:\/\/eraztunberdeurdina.eus\/#\/schema\/person\/a9c3a9d9ddfc0024a1d798d33b8eb53c","name":"ebu"}]}},"_links":{"self":[{"href":"https:\/\/eraztunberdeurdina.eus\/es\/wp-json\/wp\/v2\/posts\/2410","targetHints":{"allow":["GET"]}}],"collection":[{"href":"https:\/\/eraztunberdeurdina.eus\/es\/wp-json\/wp\/v2\/posts"}],"about":[{"href":"https:\/\/eraztunberdeurdina.eus\/es\/wp-json\/wp\/v2\/types\/post"}],"author":[{"embeddable":true,"href":"https:\/\/eraztunberdeurdina.eus\/es\/wp-json\/wp\/v2\/users\/3"}],"replies":[{"embeddable":true,"href":"https:\/\/eraztunberdeurdina.eus\/es\/wp-json\/wp\/v2\/comments?post=2410"}],"version-history":[{"count":1,"href":"https:\/\/eraztunberdeurdina.eus\/es\/wp-json\/wp\/v2\/posts\/2410\/revisions"}],"predecessor-version":[{"id":2411,"href":"https:\/\/eraztunberdeurdina.eus\/es\/wp-json\/wp\/v2\/posts\/2410\/revisions\/2411"}],"wp:featuredmedia":[{"embeddable":true,"href":"https:\/\/eraztunberdeurdina.eus\/es\/wp-json\/wp\/v2\/media\/2407"}],"wp:attachment":[{"href":"https:\/\/eraztunberdeurdina.eus\/es\/wp-json\/wp\/v2\/media?parent=2410"}],"wp:term":[{"taxonomy":"category","embeddable":true,"href":"https:\/\/eraztunberdeurdina.eus\/es\/wp-json\/wp\/v2\/categories?post=2410"},{"taxonomy":"post_tag","embeddable":true,"href":"https:\/\/eraztunberdeurdina.eus\/es\/wp-json\/wp\/v2\/tags?post=2410"}],"curies":[{"name":"wp","href":"https:\/\/api.w.org\/{rel}","templated":true}]}}