{"id":2428,"date":"2022-10-26T09:54:58","date_gmt":"2022-10-26T07:54:58","guid":{"rendered":"https:\/\/eraztunberdeurdina.eus\/?p=2428"},"modified":"2022-10-27T09:58:05","modified_gmt":"2022-10-27T07:58:05","slug":"llamamiento-auzolan-para-recogida-de-canas-en-inurritza","status":"publish","type":"post","link":"https:\/\/eraztunberdeurdina.eus\/es\/llamamiento-auzolan-para-recogida-de-canas-en-inurritza-20221026\/","title":{"rendered":"LLamamiento &#8216;auzolan&#8217; para recogida de ca\u00f1as en I\u00f1urritza"},"content":{"rendered":"<div class=\"x11i5rnm xat24cr x1mh8g0r x1vvkbs xtlvy1s x126k92a\">\n<div dir=\"auto\">Arkamurka Natur Taldea y el Departamento de Medio Ambiente del Ayuntamiento de Zarautz han realizado un llamamiento a la ciudadan\u00eda para que colabore en &#8216;auzolan&#8217; en la recogida de ca\u00f1as en el Biotopo I\u00f1urritza.<\/div>\n<div dir=\"auto\"><\/div>\n<\/div>\n<div class=\"x11i5rnm xat24cr x1mh8g0r x1vvkbs xtlvy1s x126k92a\">\n<div dir=\"auto\"><span class=\"x3nfvp2 x1j61x8r x1fcty0u xdj266r xhhsvwb xat24cr xgzva0m xxymvpz xlup9mm x1kky2od\"><img decoding=\"async\" src=\"https:\/\/static.xx.fbcdn.net\/images\/emoji.php\/v9\/tf6\/1.5\/16\/1f33e.png\" alt=\"?\" width=\"16\" height=\"16\" \/><\/span> Las especies invasoras, tienen la capacidad ocupar grandes espacios compitiendo con las especies aut\u00f3ctonas hasta el punto de hacerlas desaparecer y creando as\u00ed un enorme da\u00f1o a la biodiversidad.<\/div>\n<div dir=\"auto\"><\/div>\n<\/div>\n<div class=\"x11i5rnm xat24cr x1mh8g0r x1vvkbs xtlvy1s x126k92a\">\n<div dir=\"auto\"><span class=\"x3nfvp2 x1j61x8r x1fcty0u xdj266r xhhsvwb xat24cr xgzva0m xxymvpz xlup9mm x1kky2od\"><img decoding=\"async\" src=\"https:\/\/static.xx.fbcdn.net\/images\/emoji.php\/v9\/tc7\/1.5\/16\/25b6.png\" alt=\"\u25b6\ufe0f\" width=\"16\" height=\"16\" \/><\/span> Las ca\u00f1as, principales especies invasoras del Biotopo han sido cortadas por la Diputaci\u00f3n y el d\u00eda de la convocatoria se apilar\u00e1n en el exterior del biotopo para ser retiradas posteriormente en colaboraci\u00f3n con Txukun Lorazantza<\/div>\n<div dir=\"auto\"><\/div>\n<\/div>\n<div class=\"x11i5rnm xat24cr x1mh8g0r x1vvkbs xtlvy1s x126k92a\">\n<div dir=\"auto\"><span class=\"x3nfvp2 x1j61x8r x1fcty0u xdj266r xhhsvwb xat24cr xgzva0m xxymvpz xlup9mm x1kky2od\"><img decoding=\"async\" src=\"https:\/\/static.xx.fbcdn.net\/images\/emoji.php\/v9\/t58\/1.5\/16\/1f4c6.png\" alt=\"?\" width=\"16\" height=\"16\" \/><\/span> S\u00e1bado 29 de octubre<\/div>\n<div dir=\"auto\"><span class=\"x3nfvp2 x1j61x8r x1fcty0u xdj266r xhhsvwb xat24cr xgzva0m xxymvpz xlup9mm x1kky2od\"><img loading=\"lazy\" decoding=\"async\" src=\"https:\/\/static.xx.fbcdn.net\/images\/emoji.php\/v9\/t84\/1.5\/16\/1f553.png\" alt=\"?\" width=\"16\" height=\"16\" \/><\/span> 9:00<\/div>\n<div dir=\"auto\"><span class=\"x3nfvp2 x1j61x8r x1fcty0u xdj266r xhhsvwb xat24cr xgzva0m xxymvpz xlup9mm x1kky2od\"><img loading=\"lazy\" decoding=\"async\" src=\"https:\/\/static.xx.fbcdn.net\/images\/emoji.php\/v9\/t86\/1.5\/16\/1f4cd.png\" alt=\"?\" width=\"16\" height=\"16\" \/><\/span> Caser\u00edo Zubiaurre Berri (Kaskatxuri), situado frente a la gasolinera.<\/div>\n<\/div>\n<p>&nbsp;<\/p>\n<p><img loading=\"lazy\" decoding=\"async\" class=\"alignnone size-medium wp-image-2429\" src=\"https:\/\/eraztunberdeurdina.eus\/wp-content\/uploads\/2022\/10\/IMG_20221003_115110-1-600x337.jpg\" alt=\"\" width=\"600\" height=\"337\" srcset=\"https:\/\/eraztunberdeurdina.eus\/wp-content\/uploads\/2022\/10\/IMG_20221003_115110-1-600x337.jpg 600w, https:\/\/eraztunberdeurdina.eus\/wp-content\/uploads\/2022\/10\/IMG_20221003_115110-1-768x432.jpg 768w, https:\/\/eraztunberdeurdina.eus\/wp-content\/uploads\/2022\/10\/IMG_20221003_115110-1.jpg 1600w\" sizes=\"(max-width: 600px) 100vw, 600px\" \/><\/p>\n","protected":false},"excerpt":{"rendered":"<p>Arkamurka Natur Taldea y el Departamento de Medio Ambiente del Ayuntamiento de Zarautz han realizado un llamamiento a la ciudadan\u00eda [&hellip;]<\/p>\n","protected":false},"author":3,"featured_media":2429,"comment_status":"closed","ping_status":"closed","sticky":false,"template":"","format":"standard","meta":{"_acf_changed":false,"site-sidebar-layout":"default","site-content-layout":"","ast-site-content-layout":"default","site-content-style":"default","site-sidebar-style":"default","ast-global-header-display":"","ast-banner-title-visibility":"","ast-main-header-display":"","ast-hfb-above-header-display":"","ast-hfb-below-header-display":"","ast-hfb-mobile-header-display":"","site-post-title":"","ast-breadcrumbs-content":"","ast-featured-img":"","footer-sml-layout":"","ast-disable-related-posts":"","theme-transparent-header-meta":"","adv-header-id-meta":"","stick-header-meta":"","header-above-stick-meta":"","header-main-stick-meta":"","header-below-stick-meta":"","astra-migrate-meta-layouts":"default","ast-page-background-enabled":"default","ast-page-background-meta":{"desktop":{"background-color":"var(--ast-global-color-5)","background-image":"","background-repeat":"repeat","background-position":"center center","background-size":"auto","background-attachment":"scroll","background-type":"","background-media":"","overlay-type":"","overlay-color":"","overlay-opacity":"","overlay-gradient":""},"tablet":{"background-color":"","background-image":"","background-repeat":"repeat","background-position":"center center","background-size":"auto","background-attachment":"scroll","background-type":"","background-media":"","overlay-type":"","overlay-color":"","overlay-opacity":"","overlay-gradient":""},"mobile":{"background-color":"","background-image":"","background-repeat":"repeat","background-position":"center center","background-size":"auto","background-attachment":"scroll","background-type":"","background-media":"","overlay-type":"","overlay-color":"","overlay-opacity":"","overlay-gradient":""}},"ast-content-background-meta":{"desktop":{"background-color":"var(--ast-global-color-4)","background-image":"","background-repeat":"repeat","background-position":"center center","background-size":"auto","background-attachment":"scroll","background-type":"","background-media":"","overlay-type":"","overlay-color":"","overlay-opacity":"","overlay-gradient":""},"tablet":{"background-color":"var(--ast-global-color-4)","background-image":"","background-repeat":"repeat","background-position":"center center","background-size":"auto","background-attachment":"scroll","background-type":"","background-media":"","overlay-type":"","overlay-color":"","overlay-opacity":"","overlay-gradient":""},"mobile":{"background-color":"var(--ast-global-color-4)","background-image":"","background-repeat":"repeat","background-position":"center center","background-size":"auto","background-attachment":"scroll","background-type":"","background-media":"","overlay-type":"","overlay-color":"","overlay-opacity":"","overlay-gradient":""}},"footnotes":""},"categories":[60,263],"tags":[33,324,283,253,34,327,28,35],"class_list":["post-2428","post","type-post","status-publish","format-standard","has-post-thumbnail","hentry","category-dinamizacion","category-sensibilizacion","tag-anillo-verde-azul","tag-arkamurka-natur-taldea","tag-biotopo-inurritza","tag-biotopo-protegido","tag-eraztun-berde-urdina","tag-especies-invasoras","tag-zarautz","tag-zarauzko-udala"],"acf":[],"yoast_head":"<!-- This site is optimized with the Yoast SEO plugin v27.1.1 - https:\/\/yoast.com\/product\/yoast-seo-wordpress\/ -->\n<title>LLamamiento &#039;auzolan&#039; para recogida de ca\u00f1as en I\u00f1urritza - Anillo Verde Azul de Zarautz<\/title>\n<meta name=\"robots\" content=\"index, follow, max-snippet:-1, max-image-preview:large, max-video-preview:-1\" \/>\n<link rel=\"canonical\" href=\"https:\/\/eraztunberdeurdina.eus\/es\/llamamiento-auzolan-para-recogida-de-canas-en-inurritza-20221026\/\" \/>\n<meta property=\"og:locale\" content=\"es_ES\" \/>\n<meta property=\"og:type\" content=\"article\" \/>\n<meta property=\"og:title\" content=\"LLamamiento &#039;auzolan&#039; para recogida de ca\u00f1as en I\u00f1urritza - Anillo Verde Azul de Zarautz\" \/>\n<meta property=\"og:description\" content=\"Arkamurka Natur Taldea y el Departamento de Medio Ambiente del Ayuntamiento de Zarautz han realizado un llamamiento a la ciudadan\u00eda [&hellip;]\" \/>\n<meta property=\"og:url\" content=\"https:\/\/eraztunberdeurdina.eus\/es\/llamamiento-auzolan-para-recogida-de-canas-en-inurritza-20221026\/\" \/>\n<meta property=\"og:site_name\" content=\"Anillo Verde Azul de Zarautz\" \/>\n<meta property=\"article:published_time\" content=\"2022-10-26T07:54:58+00:00\" \/>\n<meta property=\"article:modified_time\" content=\"2022-10-27T07:58:05+00:00\" \/>\n<meta property=\"og:image\" content=\"https:\/\/eraztunberdeurdina.eus\/wp-content\/uploads\/2022\/10\/IMG_20221003_115110-1.jpg\" \/>\n\t<meta property=\"og:image:width\" content=\"1600\" \/>\n\t<meta property=\"og:image:height\" content=\"899\" \/>\n\t<meta property=\"og:image:type\" content=\"image\/jpeg\" \/>\n<meta name=\"author\" content=\"ebu\" \/>\n<meta name=\"twitter:card\" content=\"summary_large_image\" \/>\n<meta name=\"twitter:label1\" content=\"Escrito por\" \/>\n\t<meta name=\"twitter:data1\" content=\"ebu\" \/>\n\t<meta name=\"twitter:label2\" content=\"Tiempo de lectura\" \/>\n\t<meta name=\"twitter:data2\" content=\"1 minuto\" \/>\n<script type=\"application\/ld+json\" class=\"yoast-schema-graph\">{\"@context\":\"https:\/\/schema.org\",\"@graph\":[{\"@type\":\"Article\",\"@id\":\"https:\/\/eraztunberdeurdina.eus\/es\/llamamiento-auzolan-para-recogida-de-canas-en-inurritza-20221026\/#article\",\"isPartOf\":{\"@id\":\"https:\/\/eraztunberdeurdina.eus\/es\/llamamiento-auzolan-para-recogida-de-canas-en-inurritza-20221026\/\"},\"author\":{\"name\":\"ebu\",\"@id\":\"https:\/\/eraztunberdeurdina.eus\/#\/schema\/person\/a9c3a9d9ddfc0024a1d798d33b8eb53c\"},\"headline\":\"LLamamiento &#8216;auzolan&#8217; para recogida de ca\u00f1as en I\u00f1urritza\",\"datePublished\":\"2022-10-26T07:54:58+00:00\",\"dateModified\":\"2022-10-27T07:58:05+00:00\",\"mainEntityOfPage\":{\"@id\":\"https:\/\/eraztunberdeurdina.eus\/es\/llamamiento-auzolan-para-recogida-de-canas-en-inurritza-20221026\/\"},\"wordCount\":133,\"publisher\":{\"@id\":\"https:\/\/eraztunberdeurdina.eus\/#organization\"},\"image\":{\"@id\":\"https:\/\/eraztunberdeurdina.eus\/es\/llamamiento-auzolan-para-recogida-de-canas-en-inurritza-20221026\/#primaryimage\"},\"thumbnailUrl\":\"https:\/\/eraztunberdeurdina.eus\/wp-content\/uploads\/2022\/10\/IMG_20221003_115110-1.jpg\",\"keywords\":[\"anillo verde azul\",\"Arkamurka Natur Taldea\",\"Biotopo I\u00f1urritza\",\"Biotopo Protegido\",\"Eraztun Berde Urdina\",\"especies invasoras\",\"Zarautz\",\"Zarauzko Udala\"],\"articleSection\":[\"dinamizaci\u00f3n\",\"sensibilizaci\u00f3n\"],\"inLanguage\":\"es\"},{\"@type\":\"WebPage\",\"@id\":\"https:\/\/eraztunberdeurdina.eus\/es\/llamamiento-auzolan-para-recogida-de-canas-en-inurritza-20221026\/\",\"url\":\"https:\/\/eraztunberdeurdina.eus\/es\/llamamiento-auzolan-para-recogida-de-canas-en-inurritza-20221026\/\",\"name\":\"LLamamiento 'auzolan' para recogida de ca\u00f1as en I\u00f1urritza - Anillo Verde Azul de Zarautz\",\"isPartOf\":{\"@id\":\"https:\/\/eraztunberdeurdina.eus\/#website\"},\"primaryImageOfPage\":{\"@id\":\"https:\/\/eraztunberdeurdina.eus\/es\/llamamiento-auzolan-para-recogida-de-canas-en-inurritza-20221026\/#primaryimage\"},\"image\":{\"@id\":\"https:\/\/eraztunberdeurdina.eus\/es\/llamamiento-auzolan-para-recogida-de-canas-en-inurritza-20221026\/#primaryimage\"},\"thumbnailUrl\":\"https:\/\/eraztunberdeurdina.eus\/wp-content\/uploads\/2022\/10\/IMG_20221003_115110-1.jpg\",\"datePublished\":\"2022-10-26T07:54:58+00:00\",\"dateModified\":\"2022-10-27T07:58:05+00:00\",\"breadcrumb\":{\"@id\":\"https:\/\/eraztunberdeurdina.eus\/es\/llamamiento-auzolan-para-recogida-de-canas-en-inurritza-20221026\/#breadcrumb\"},\"inLanguage\":\"es\",\"potentialAction\":[{\"@type\":\"ReadAction\",\"target\":[\"https:\/\/eraztunberdeurdina.eus\/es\/llamamiento-auzolan-para-recogida-de-canas-en-inurritza-20221026\/\"]}]},{\"@type\":\"ImageObject\",\"inLanguage\":\"es\",\"@id\":\"https:\/\/eraztunberdeurdina.eus\/es\/llamamiento-auzolan-para-recogida-de-canas-en-inurritza-20221026\/#primaryimage\",\"url\":\"https:\/\/eraztunberdeurdina.eus\/wp-content\/uploads\/2022\/10\/IMG_20221003_115110-1.jpg\",\"contentUrl\":\"https:\/\/eraztunberdeurdina.eus\/wp-content\/uploads\/2022\/10\/IMG_20221003_115110-1.jpg\",\"width\":1600,\"height\":899},{\"@type\":\"BreadcrumbList\",\"@id\":\"https:\/\/eraztunberdeurdina.eus\/es\/llamamiento-auzolan-para-recogida-de-canas-en-inurritza-20221026\/#breadcrumb\",\"itemListElement\":[{\"@type\":\"ListItem\",\"position\":1,\"name\":\"Home\",\"item\":\"https:\/\/eraztunberdeurdina.eus\/es\/anillo-verde-azul\/\"},{\"@type\":\"ListItem\",\"position\":2,\"name\":\"LLamamiento &#8216;auzolan&#8217; para recogida de ca\u00f1as en I\u00f1urritza\"}]},{\"@type\":\"WebSite\",\"@id\":\"https:\/\/eraztunberdeurdina.eus\/#website\",\"url\":\"https:\/\/eraztunberdeurdina.eus\/\",\"name\":\"Zarauzko Eraztun Berde Urdina\",\"description\":\"Herri-inguruko berdeguneen zaintza\",\"publisher\":{\"@id\":\"https:\/\/eraztunberdeurdina.eus\/#organization\"},\"potentialAction\":[{\"@type\":\"SearchAction\",\"target\":{\"@type\":\"EntryPoint\",\"urlTemplate\":\"https:\/\/eraztunberdeurdina.eus\/?s={search_term_string}\"},\"query-input\":{\"@type\":\"PropertyValueSpecification\",\"valueRequired\":true,\"valueName\":\"search_term_string\"}}],\"inLanguage\":\"es\"},{\"@type\":\"Organization\",\"@id\":\"https:\/\/eraztunberdeurdina.eus\/#organization\",\"name\":\"Zarauzko Eraztun Berde Urdina\",\"url\":\"https:\/\/eraztunberdeurdina.eus\/\",\"logo\":{\"@type\":\"ImageObject\",\"inLanguage\":\"es\",\"@id\":\"https:\/\/eraztunberdeurdina.eus\/#\/schema\/logo\/image\/\",\"url\":\"https:\/\/eraztunberdeurdina.eus\/wp-content\/uploads\/2018\/07\/EBUkoloretan.jpg\",\"contentUrl\":\"https:\/\/eraztunberdeurdina.eus\/wp-content\/uploads\/2018\/07\/EBUkoloretan.jpg\",\"width\":934,\"height\":687,\"caption\":\"Zarauzko Eraztun Berde Urdina\"},\"image\":{\"@id\":\"https:\/\/eraztunberdeurdina.eus\/#\/schema\/logo\/image\/\"}},{\"@type\":\"Person\",\"@id\":\"https:\/\/eraztunberdeurdina.eus\/#\/schema\/person\/a9c3a9d9ddfc0024a1d798d33b8eb53c\",\"name\":\"ebu\"}]}<\/script>\n<!-- \/ Yoast SEO plugin. -->","yoast_head_json":{"title":"LLamamiento 'auzolan' para recogida de ca\u00f1as en I\u00f1urritza - Anillo Verde Azul de Zarautz","robots":{"index":"index","follow":"follow","max-snippet":"max-snippet:-1","max-image-preview":"max-image-preview:large","max-video-preview":"max-video-preview:-1"},"canonical":"https:\/\/eraztunberdeurdina.eus\/es\/llamamiento-auzolan-para-recogida-de-canas-en-inurritza-20221026\/","og_locale":"es_ES","og_type":"article","og_title":"LLamamiento 'auzolan' para recogida de ca\u00f1as en I\u00f1urritza - Anillo Verde Azul de Zarautz","og_description":"Arkamurka Natur Taldea y el Departamento de Medio Ambiente del Ayuntamiento de Zarautz han realizado un llamamiento a la ciudadan\u00eda [&hellip;]","og_url":"https:\/\/eraztunberdeurdina.eus\/es\/llamamiento-auzolan-para-recogida-de-canas-en-inurritza-20221026\/","og_site_name":"Anillo Verde Azul de Zarautz","article_published_time":"2022-10-26T07:54:58+00:00","article_modified_time":"2022-10-27T07:58:05+00:00","og_image":[{"width":1600,"height":899,"url":"https:\/\/eraztunberdeurdina.eus\/wp-content\/uploads\/2022\/10\/IMG_20221003_115110-1.jpg","type":"image\/jpeg"}],"author":"ebu","twitter_card":"summary_large_image","twitter_misc":{"Escrito por":"ebu","Tiempo de lectura":"1 minuto"},"schema":{"@context":"https:\/\/schema.org","@graph":[{"@type":"Article","@id":"https:\/\/eraztunberdeurdina.eus\/es\/llamamiento-auzolan-para-recogida-de-canas-en-inurritza-20221026\/#article","isPartOf":{"@id":"https:\/\/eraztunberdeurdina.eus\/es\/llamamiento-auzolan-para-recogida-de-canas-en-inurritza-20221026\/"},"author":{"name":"ebu","@id":"https:\/\/eraztunberdeurdina.eus\/#\/schema\/person\/a9c3a9d9ddfc0024a1d798d33b8eb53c"},"headline":"LLamamiento &#8216;auzolan&#8217; para recogida de ca\u00f1as en I\u00f1urritza","datePublished":"2022-10-26T07:54:58+00:00","dateModified":"2022-10-27T07:58:05+00:00","mainEntityOfPage":{"@id":"https:\/\/eraztunberdeurdina.eus\/es\/llamamiento-auzolan-para-recogida-de-canas-en-inurritza-20221026\/"},"wordCount":133,"publisher":{"@id":"https:\/\/eraztunberdeurdina.eus\/#organization"},"image":{"@id":"https:\/\/eraztunberdeurdina.eus\/es\/llamamiento-auzolan-para-recogida-de-canas-en-inurritza-20221026\/#primaryimage"},"thumbnailUrl":"https:\/\/eraztunberdeurdina.eus\/wp-content\/uploads\/2022\/10\/IMG_20221003_115110-1.jpg","keywords":["anillo verde azul","Arkamurka Natur Taldea","Biotopo I\u00f1urritza","Biotopo Protegido","Eraztun Berde Urdina","especies invasoras","Zarautz","Zarauzko Udala"],"articleSection":["dinamizaci\u00f3n","sensibilizaci\u00f3n"],"inLanguage":"es"},{"@type":"WebPage","@id":"https:\/\/eraztunberdeurdina.eus\/es\/llamamiento-auzolan-para-recogida-de-canas-en-inurritza-20221026\/","url":"https:\/\/eraztunberdeurdina.eus\/es\/llamamiento-auzolan-para-recogida-de-canas-en-inurritza-20221026\/","name":"LLamamiento 'auzolan' para recogida de ca\u00f1as en I\u00f1urritza - Anillo Verde Azul de Zarautz","isPartOf":{"@id":"https:\/\/eraztunberdeurdina.eus\/#website"},"primaryImageOfPage":{"@id":"https:\/\/eraztunberdeurdina.eus\/es\/llamamiento-auzolan-para-recogida-de-canas-en-inurritza-20221026\/#primaryimage"},"image":{"@id":"https:\/\/eraztunberdeurdina.eus\/es\/llamamiento-auzolan-para-recogida-de-canas-en-inurritza-20221026\/#primaryimage"},"thumbnailUrl":"https:\/\/eraztunberdeurdina.eus\/wp-content\/uploads\/2022\/10\/IMG_20221003_115110-1.jpg","datePublished":"2022-10-26T07:54:58+00:00","dateModified":"2022-10-27T07:58:05+00:00","breadcrumb":{"@id":"https:\/\/eraztunberdeurdina.eus\/es\/llamamiento-auzolan-para-recogida-de-canas-en-inurritza-20221026\/#breadcrumb"},"inLanguage":"es","potentialAction":[{"@type":"ReadAction","target":["https:\/\/eraztunberdeurdina.eus\/es\/llamamiento-auzolan-para-recogida-de-canas-en-inurritza-20221026\/"]}]},{"@type":"ImageObject","inLanguage":"es","@id":"https:\/\/eraztunberdeurdina.eus\/es\/llamamiento-auzolan-para-recogida-de-canas-en-inurritza-20221026\/#primaryimage","url":"https:\/\/eraztunberdeurdina.eus\/wp-content\/uploads\/2022\/10\/IMG_20221003_115110-1.jpg","contentUrl":"https:\/\/eraztunberdeurdina.eus\/wp-content\/uploads\/2022\/10\/IMG_20221003_115110-1.jpg","width":1600,"height":899},{"@type":"BreadcrumbList","@id":"https:\/\/eraztunberdeurdina.eus\/es\/llamamiento-auzolan-para-recogida-de-canas-en-inurritza-20221026\/#breadcrumb","itemListElement":[{"@type":"ListItem","position":1,"name":"Home","item":"https:\/\/eraztunberdeurdina.eus\/es\/anillo-verde-azul\/"},{"@type":"ListItem","position":2,"name":"LLamamiento &#8216;auzolan&#8217; para recogida de ca\u00f1as en I\u00f1urritza"}]},{"@type":"WebSite","@id":"https:\/\/eraztunberdeurdina.eus\/#website","url":"https:\/\/eraztunberdeurdina.eus\/","name":"Zarauzko Eraztun Berde Urdina","description":"Herri-inguruko berdeguneen zaintza","publisher":{"@id":"https:\/\/eraztunberdeurdina.eus\/#organization"},"potentialAction":[{"@type":"SearchAction","target":{"@type":"EntryPoint","urlTemplate":"https:\/\/eraztunberdeurdina.eus\/?s={search_term_string}"},"query-input":{"@type":"PropertyValueSpecification","valueRequired":true,"valueName":"search_term_string"}}],"inLanguage":"es"},{"@type":"Organization","@id":"https:\/\/eraztunberdeurdina.eus\/#organization","name":"Zarauzko Eraztun Berde Urdina","url":"https:\/\/eraztunberdeurdina.eus\/","logo":{"@type":"ImageObject","inLanguage":"es","@id":"https:\/\/eraztunberdeurdina.eus\/#\/schema\/logo\/image\/","url":"https:\/\/eraztunberdeurdina.eus\/wp-content\/uploads\/2018\/07\/EBUkoloretan.jpg","contentUrl":"https:\/\/eraztunberdeurdina.eus\/wp-content\/uploads\/2018\/07\/EBUkoloretan.jpg","width":934,"height":687,"caption":"Zarauzko Eraztun Berde Urdina"},"image":{"@id":"https:\/\/eraztunberdeurdina.eus\/#\/schema\/logo\/image\/"}},{"@type":"Person","@id":"https:\/\/eraztunberdeurdina.eus\/#\/schema\/person\/a9c3a9d9ddfc0024a1d798d33b8eb53c","name":"ebu"}]}},"_links":{"self":[{"href":"https:\/\/eraztunberdeurdina.eus\/es\/wp-json\/wp\/v2\/posts\/2428","targetHints":{"allow":["GET"]}}],"collection":[{"href":"https:\/\/eraztunberdeurdina.eus\/es\/wp-json\/wp\/v2\/posts"}],"about":[{"href":"https:\/\/eraztunberdeurdina.eus\/es\/wp-json\/wp\/v2\/types\/post"}],"author":[{"embeddable":true,"href":"https:\/\/eraztunberdeurdina.eus\/es\/wp-json\/wp\/v2\/users\/3"}],"replies":[{"embeddable":true,"href":"https:\/\/eraztunberdeurdina.eus\/es\/wp-json\/wp\/v2\/comments?post=2428"}],"version-history":[{"count":1,"href":"https:\/\/eraztunberdeurdina.eus\/es\/wp-json\/wp\/v2\/posts\/2428\/revisions"}],"predecessor-version":[{"id":2431,"href":"https:\/\/eraztunberdeurdina.eus\/es\/wp-json\/wp\/v2\/posts\/2428\/revisions\/2431"}],"wp:featuredmedia":[{"embeddable":true,"href":"https:\/\/eraztunberdeurdina.eus\/es\/wp-json\/wp\/v2\/media\/2429"}],"wp:attachment":[{"href":"https:\/\/eraztunberdeurdina.eus\/es\/wp-json\/wp\/v2\/media?parent=2428"}],"wp:term":[{"taxonomy":"category","embeddable":true,"href":"https:\/\/eraztunberdeurdina.eus\/es\/wp-json\/wp\/v2\/categories?post=2428"},{"taxonomy":"post_tag","embeddable":true,"href":"https:\/\/eraztunberdeurdina.eus\/es\/wp-json\/wp\/v2\/tags?post=2428"}],"curies":[{"name":"wp","href":"https:\/\/api.w.org\/{rel}","templated":true}]}}