{"id":2461,"date":"2022-11-04T09:19:11","date_gmt":"2022-11-04T08:19:11","guid":{"rendered":"https:\/\/eraztunberdeurdina.eus\/?p=2461"},"modified":"2022-11-04T12:18:16","modified_gmt":"2022-11-04T11:18:16","slug":"2461","status":"publish","type":"post","link":"https:\/\/eraztunberdeurdina.eus\/es\/2461-20221104\/","title":{"rendered":"Rally fotogr\u00e1fico con el m\u00f3vil \u00abOto\u00f1o en el recorrido Arkamurka del Anillo Verde Azul de Zarautz\u00bb"},"content":{"rendered":"<p>Desde el Anillo Verde Azul de Zarautz queremos dar continuidad a las actividades que se dieron a cabo en primavera, para dar a conocer la biodiversidad de los entornos naturales que nos rodean, as\u00ed como desarrollar talleres que a\u00fanan el arte y la naturaleza.<\/p>\n<p>La primera actividad se realizar\u00e1 el pr\u00f3ximo domingo 13 de noviembre. Se trata de un rally fotogr\u00e1fico con el m\u00f3vil, \u00abOto\u00f1o en el recorrido Arkamurka del Anillo Verde Azul\u00bb dirigido a personas j\u00f3venes y adultas. El rally comenzar\u00e1 a las 9:30 en la entrada principal del parque de Vista Alegre. En este punto de encuentro se dar\u00e1n a conocer los temas del concurso, junto con el mapa del Anillo Verde Azul. Desde all\u00ed se desarrollar\u00e1 el rally en el camino Arkamurka, es decir, en el recorrido circular que une el parque de Vista Alegre, el bosque Zingira, Santa Barbara y Mutxio.<\/p>\n<p>? Domingo 13 de noviembre<br \/>\n? 9:30<br \/>\n? Entrada principal del parque Vista Alegre.<\/p>\n<p>\u25b6\ufe0f\u00a0 Para consultar las bases y para m\u00e1s informaci\u00f3n puedes pinchar en el siguiente enlace:<br \/>\n<a href=\"https:\/\/labur.eus\/rallya\">https:\/\/labur.eus\/rallya<\/a><br \/>\n<strong>Pre-inscripciones: Tel.: 943 00 51 59 \/ <a href=\"mailto:zarautz@eraztunberdeurdina.eus\">zarautz@eraztunberdeurdina.eus<\/a><\/strong><\/p>\n<p><img fetchpriority=\"high\" decoding=\"async\" class=\"alignnone size-medium wp-image-2457\" src=\"https:\/\/eraztunberdeurdina.eus\/wp-content\/uploads\/2022\/11\/1-1-600x600.png\" alt=\"\" width=\"600\" height=\"600\" srcset=\"https:\/\/eraztunberdeurdina.eus\/wp-content\/uploads\/2022\/11\/1-1-600x600.png 600w, https:\/\/eraztunberdeurdina.eus\/wp-content\/uploads\/2022\/11\/1-1-300x300.png 300w, https:\/\/eraztunberdeurdina.eus\/wp-content\/uploads\/2022\/11\/1-1-768x768.png 768w, https:\/\/eraztunberdeurdina.eus\/wp-content\/uploads\/2022\/11\/1-1-85x85.png 85w, https:\/\/eraztunberdeurdina.eus\/wp-content\/uploads\/2022\/11\/1-1-500x500.png 500w, https:\/\/eraztunberdeurdina.eus\/wp-content\/uploads\/2022\/11\/1-1.png 1080w\" sizes=\"(max-width: 600px) 100vw, 600px\" \/><\/p>\n<p>&nbsp;<\/p>\n<p>&nbsp;<\/p>\n","protected":false},"excerpt":{"rendered":"<p>Desde el Anillo Verde Azul de Zarautz queremos dar continuidad a las actividades que se dieron a cabo en primavera, [&hellip;]<\/p>\n","protected":false},"author":3,"featured_media":2457,"comment_status":"closed","ping_status":"closed","sticky":false,"template":"","format":"standard","meta":{"_acf_changed":false,"site-sidebar-layout":"default","site-content-layout":"","ast-site-content-layout":"default","site-content-style":"default","site-sidebar-style":"default","ast-global-header-display":"","ast-banner-title-visibility":"","ast-main-header-display":"","ast-hfb-above-header-display":"","ast-hfb-below-header-display":"","ast-hfb-mobile-header-display":"","site-post-title":"","ast-breadcrumbs-content":"","ast-featured-img":"","footer-sml-layout":"","ast-disable-related-posts":"","theme-transparent-header-meta":"","adv-header-id-meta":"","stick-header-meta":"","header-above-stick-meta":"","header-main-stick-meta":"","header-below-stick-meta":"","astra-migrate-meta-layouts":"default","ast-page-background-enabled":"default","ast-page-background-meta":{"desktop":{"background-color":"var(--ast-global-color-5)","background-image":"","background-repeat":"repeat","background-position":"center center","background-size":"auto","background-attachment":"scroll","background-type":"","background-media":"","overlay-type":"","overlay-color":"","overlay-opacity":"","overlay-gradient":""},"tablet":{"background-color":"","background-image":"","background-repeat":"repeat","background-position":"center center","background-size":"auto","background-attachment":"scroll","background-type":"","background-media":"","overlay-type":"","overlay-color":"","overlay-opacity":"","overlay-gradient":""},"mobile":{"background-color":"","background-image":"","background-repeat":"repeat","background-position":"center center","background-size":"auto","background-attachment":"scroll","background-type":"","background-media":"","overlay-type":"","overlay-color":"","overlay-opacity":"","overlay-gradient":""}},"ast-content-background-meta":{"desktop":{"background-color":"var(--ast-global-color-4)","background-image":"","background-repeat":"repeat","background-position":"center center","background-size":"auto","background-attachment":"scroll","background-type":"","background-media":"","overlay-type":"","overlay-color":"","overlay-opacity":"","overlay-gradient":""},"tablet":{"background-color":"var(--ast-global-color-4)","background-image":"","background-repeat":"repeat","background-position":"center center","background-size":"auto","background-attachment":"scroll","background-type":"","background-media":"","overlay-type":"","overlay-color":"","overlay-opacity":"","overlay-gradient":""},"mobile":{"background-color":"var(--ast-global-color-4)","background-image":"","background-repeat":"repeat","background-position":"center center","background-size":"auto","background-attachment":"scroll","background-type":"","background-media":"","overlay-type":"","overlay-color":"","overlay-opacity":"","overlay-gradient":""}},"footnotes":""},"categories":[86,60],"tags":[347,106,34,348,39,344,345,342,341,343,346,28,76,35],"class_list":["post-2461","post","type-post","status-publish","format-standard","has-post-thumbnail","hentry","category-actividades","category-dinamizacion","tag-arte-y-naturaleza","tag-ayuntamiento-de-zarautz","tag-eraztun-berde-urdina","tag-movil","tag-natura","tag-otono","tag-otono-en-el-anillo-verde-azul","tag-rally-fotografico","tag-rally-fotografico-con-el-movil","tag-rally-fotografico-otono","tag-recorrido-arkamurka","tag-zarautz","tag-zarauzko-eraztun-berde-urdina","tag-zarauzko-udala"],"acf":[],"yoast_head":"<!-- This site is optimized with the Yoast SEO plugin v27.1.1 - https:\/\/yoast.com\/product\/yoast-seo-wordpress\/ -->\n<title>Rally fotogr\u00e1fico con el m\u00f3vil &quot;Oto\u00f1o en el recorrido Arkamurka del Anillo Verde Azul de Zarautz&quot; - Anillo Verde Azul de Zarautz<\/title>\n<meta name=\"robots\" content=\"index, follow, max-snippet:-1, max-image-preview:large, max-video-preview:-1\" \/>\n<link rel=\"canonical\" href=\"https:\/\/eraztunberdeurdina.eus\/es\/2461-20221104\/\" \/>\n<meta property=\"og:locale\" content=\"es_ES\" \/>\n<meta property=\"og:type\" content=\"article\" \/>\n<meta property=\"og:title\" content=\"Rally fotogr\u00e1fico con el m\u00f3vil &quot;Oto\u00f1o en el recorrido Arkamurka del Anillo Verde Azul de Zarautz&quot; - Anillo Verde Azul de Zarautz\" \/>\n<meta property=\"og:description\" content=\"Desde el Anillo Verde Azul de Zarautz queremos dar continuidad a las actividades que se dieron a cabo en primavera, [&hellip;]\" \/>\n<meta property=\"og:url\" content=\"https:\/\/eraztunberdeurdina.eus\/es\/2461-20221104\/\" \/>\n<meta property=\"og:site_name\" content=\"Anillo Verde Azul de Zarautz\" \/>\n<meta property=\"article:published_time\" content=\"2022-11-04T08:19:11+00:00\" \/>\n<meta property=\"article:modified_time\" content=\"2022-11-04T11:18:16+00:00\" \/>\n<meta property=\"og:image\" content=\"https:\/\/eraztunberdeurdina.eus\/wp-content\/uploads\/2022\/11\/1-1.png\" \/>\n\t<meta property=\"og:image:width\" content=\"1080\" \/>\n\t<meta property=\"og:image:height\" content=\"1080\" \/>\n\t<meta property=\"og:image:type\" content=\"image\/png\" \/>\n<meta name=\"author\" content=\"ebu\" \/>\n<meta name=\"twitter:card\" content=\"summary_large_image\" \/>\n<meta name=\"twitter:label1\" content=\"Escrito por\" \/>\n\t<meta name=\"twitter:data1\" content=\"ebu\" \/>\n\t<meta name=\"twitter:label2\" content=\"Tiempo de lectura\" \/>\n\t<meta name=\"twitter:data2\" content=\"1 minuto\" \/>\n<script type=\"application\/ld+json\" class=\"yoast-schema-graph\">{\"@context\":\"https:\/\/schema.org\",\"@graph\":[{\"@type\":\"Article\",\"@id\":\"https:\/\/eraztunberdeurdina.eus\/es\/2461-20221104\/#article\",\"isPartOf\":{\"@id\":\"https:\/\/eraztunberdeurdina.eus\/es\/2461-20221104\/\"},\"author\":{\"name\":\"ebu\",\"@id\":\"https:\/\/eraztunberdeurdina.eus\/#\/schema\/person\/a9c3a9d9ddfc0024a1d798d33b8eb53c\"},\"headline\":\"Rally fotogr\u00e1fico con el m\u00f3vil \u00abOto\u00f1o en el recorrido Arkamurka del Anillo Verde Azul de Zarautz\u00bb\",\"datePublished\":\"2022-11-04T08:19:11+00:00\",\"dateModified\":\"2022-11-04T11:18:16+00:00\",\"mainEntityOfPage\":{\"@id\":\"https:\/\/eraztunberdeurdina.eus\/es\/2461-20221104\/\"},\"wordCount\":205,\"publisher\":{\"@id\":\"https:\/\/eraztunberdeurdina.eus\/#organization\"},\"image\":{\"@id\":\"https:\/\/eraztunberdeurdina.eus\/es\/2461-20221104\/#primaryimage\"},\"thumbnailUrl\":\"https:\/\/eraztunberdeurdina.eus\/wp-content\/uploads\/2022\/11\/1-1.png\",\"keywords\":[\"Arte y naturaleza\",\"Ayuntamiento de Zarautz\",\"Eraztun Berde Urdina\",\"m\u00f3vil\",\"natura\",\"oto\u00f1o\",\"Oto\u00f1o en el Anillo Verde Azul\",\"rally fotogr\u00e1fico\",\"Rally fotogr\u00e1fico con el m\u00f3vil\",\"Rally fotogr\u00e1fico oto\u00f1o\",\"Recorrido Arkamurka\",\"Zarautz\",\"Zarauzko Eraztun Berde Urdina\",\"Zarauzko Udala\"],\"articleSection\":[\"Actividades\",\"dinamizaci\u00f3n\"],\"inLanguage\":\"es\"},{\"@type\":\"WebPage\",\"@id\":\"https:\/\/eraztunberdeurdina.eus\/es\/2461-20221104\/\",\"url\":\"https:\/\/eraztunberdeurdina.eus\/es\/2461-20221104\/\",\"name\":\"Rally fotogr\u00e1fico con el m\u00f3vil \\\"Oto\u00f1o en el recorrido Arkamurka del Anillo Verde Azul de Zarautz\\\" - Anillo Verde Azul de Zarautz\",\"isPartOf\":{\"@id\":\"https:\/\/eraztunberdeurdina.eus\/#website\"},\"primaryImageOfPage\":{\"@id\":\"https:\/\/eraztunberdeurdina.eus\/es\/2461-20221104\/#primaryimage\"},\"image\":{\"@id\":\"https:\/\/eraztunberdeurdina.eus\/es\/2461-20221104\/#primaryimage\"},\"thumbnailUrl\":\"https:\/\/eraztunberdeurdina.eus\/wp-content\/uploads\/2022\/11\/1-1.png\",\"datePublished\":\"2022-11-04T08:19:11+00:00\",\"dateModified\":\"2022-11-04T11:18:16+00:00\",\"breadcrumb\":{\"@id\":\"https:\/\/eraztunberdeurdina.eus\/es\/2461-20221104\/#breadcrumb\"},\"inLanguage\":\"es\",\"potentialAction\":[{\"@type\":\"ReadAction\",\"target\":[\"https:\/\/eraztunberdeurdina.eus\/es\/2461-20221104\/\"]}]},{\"@type\":\"ImageObject\",\"inLanguage\":\"es\",\"@id\":\"https:\/\/eraztunberdeurdina.eus\/es\/2461-20221104\/#primaryimage\",\"url\":\"https:\/\/eraztunberdeurdina.eus\/wp-content\/uploads\/2022\/11\/1-1.png\",\"contentUrl\":\"https:\/\/eraztunberdeurdina.eus\/wp-content\/uploads\/2022\/11\/1-1.png\",\"width\":1080,\"height\":1080},{\"@type\":\"BreadcrumbList\",\"@id\":\"https:\/\/eraztunberdeurdina.eus\/es\/2461-20221104\/#breadcrumb\",\"itemListElement\":[{\"@type\":\"ListItem\",\"position\":1,\"name\":\"Home\",\"item\":\"https:\/\/eraztunberdeurdina.eus\/es\/anillo-verde-azul\/\"},{\"@type\":\"ListItem\",\"position\":2,\"name\":\"Rally fotogr\u00e1fico con el m\u00f3vil &#8220;Oto\u00f1o en el recorrido Arkamurka del Anillo Verde Azul de Zarautz&#8221;\"}]},{\"@type\":\"WebSite\",\"@id\":\"https:\/\/eraztunberdeurdina.eus\/#website\",\"url\":\"https:\/\/eraztunberdeurdina.eus\/\",\"name\":\"Zarauzko Eraztun Berde Urdina\",\"description\":\"Herri-inguruko berdeguneen zaintza\",\"publisher\":{\"@id\":\"https:\/\/eraztunberdeurdina.eus\/#organization\"},\"potentialAction\":[{\"@type\":\"SearchAction\",\"target\":{\"@type\":\"EntryPoint\",\"urlTemplate\":\"https:\/\/eraztunberdeurdina.eus\/?s={search_term_string}\"},\"query-input\":{\"@type\":\"PropertyValueSpecification\",\"valueRequired\":true,\"valueName\":\"search_term_string\"}}],\"inLanguage\":\"es\"},{\"@type\":\"Organization\",\"@id\":\"https:\/\/eraztunberdeurdina.eus\/#organization\",\"name\":\"Zarauzko Eraztun Berde Urdina\",\"url\":\"https:\/\/eraztunberdeurdina.eus\/\",\"logo\":{\"@type\":\"ImageObject\",\"inLanguage\":\"es\",\"@id\":\"https:\/\/eraztunberdeurdina.eus\/#\/schema\/logo\/image\/\",\"url\":\"https:\/\/eraztunberdeurdina.eus\/wp-content\/uploads\/2018\/07\/EBUkoloretan.jpg\",\"contentUrl\":\"https:\/\/eraztunberdeurdina.eus\/wp-content\/uploads\/2018\/07\/EBUkoloretan.jpg\",\"width\":934,\"height\":687,\"caption\":\"Zarauzko Eraztun Berde Urdina\"},\"image\":{\"@id\":\"https:\/\/eraztunberdeurdina.eus\/#\/schema\/logo\/image\/\"}},{\"@type\":\"Person\",\"@id\":\"https:\/\/eraztunberdeurdina.eus\/#\/schema\/person\/a9c3a9d9ddfc0024a1d798d33b8eb53c\",\"name\":\"ebu\"}]}<\/script>\n<!-- \/ Yoast SEO plugin. -->","yoast_head_json":{"title":"Rally fotogr\u00e1fico con el m\u00f3vil \"Oto\u00f1o en el recorrido Arkamurka del Anillo Verde Azul de Zarautz\" - Anillo Verde Azul de Zarautz","robots":{"index":"index","follow":"follow","max-snippet":"max-snippet:-1","max-image-preview":"max-image-preview:large","max-video-preview":"max-video-preview:-1"},"canonical":"https:\/\/eraztunberdeurdina.eus\/es\/2461-20221104\/","og_locale":"es_ES","og_type":"article","og_title":"Rally fotogr\u00e1fico con el m\u00f3vil \"Oto\u00f1o en el recorrido Arkamurka del Anillo Verde Azul de Zarautz\" - Anillo Verde Azul de Zarautz","og_description":"Desde el Anillo Verde Azul de Zarautz queremos dar continuidad a las actividades que se dieron a cabo en primavera, [&hellip;]","og_url":"https:\/\/eraztunberdeurdina.eus\/es\/2461-20221104\/","og_site_name":"Anillo Verde Azul de Zarautz","article_published_time":"2022-11-04T08:19:11+00:00","article_modified_time":"2022-11-04T11:18:16+00:00","og_image":[{"width":1080,"height":1080,"url":"https:\/\/eraztunberdeurdina.eus\/wp-content\/uploads\/2022\/11\/1-1.png","type":"image\/png"}],"author":"ebu","twitter_card":"summary_large_image","twitter_misc":{"Escrito por":"ebu","Tiempo de lectura":"1 minuto"},"schema":{"@context":"https:\/\/schema.org","@graph":[{"@type":"Article","@id":"https:\/\/eraztunberdeurdina.eus\/es\/2461-20221104\/#article","isPartOf":{"@id":"https:\/\/eraztunberdeurdina.eus\/es\/2461-20221104\/"},"author":{"name":"ebu","@id":"https:\/\/eraztunberdeurdina.eus\/#\/schema\/person\/a9c3a9d9ddfc0024a1d798d33b8eb53c"},"headline":"Rally fotogr\u00e1fico con el m\u00f3vil \u00abOto\u00f1o en el recorrido Arkamurka del Anillo Verde Azul de Zarautz\u00bb","datePublished":"2022-11-04T08:19:11+00:00","dateModified":"2022-11-04T11:18:16+00:00","mainEntityOfPage":{"@id":"https:\/\/eraztunberdeurdina.eus\/es\/2461-20221104\/"},"wordCount":205,"publisher":{"@id":"https:\/\/eraztunberdeurdina.eus\/#organization"},"image":{"@id":"https:\/\/eraztunberdeurdina.eus\/es\/2461-20221104\/#primaryimage"},"thumbnailUrl":"https:\/\/eraztunberdeurdina.eus\/wp-content\/uploads\/2022\/11\/1-1.png","keywords":["Arte y naturaleza","Ayuntamiento de Zarautz","Eraztun Berde Urdina","m\u00f3vil","natura","oto\u00f1o","Oto\u00f1o en el Anillo Verde Azul","rally fotogr\u00e1fico","Rally fotogr\u00e1fico con el m\u00f3vil","Rally fotogr\u00e1fico oto\u00f1o","Recorrido Arkamurka","Zarautz","Zarauzko Eraztun Berde Urdina","Zarauzko Udala"],"articleSection":["Actividades","dinamizaci\u00f3n"],"inLanguage":"es"},{"@type":"WebPage","@id":"https:\/\/eraztunberdeurdina.eus\/es\/2461-20221104\/","url":"https:\/\/eraztunberdeurdina.eus\/es\/2461-20221104\/","name":"Rally fotogr\u00e1fico con el m\u00f3vil \"Oto\u00f1o en el recorrido Arkamurka del Anillo Verde Azul de Zarautz\" - Anillo Verde Azul de Zarautz","isPartOf":{"@id":"https:\/\/eraztunberdeurdina.eus\/#website"},"primaryImageOfPage":{"@id":"https:\/\/eraztunberdeurdina.eus\/es\/2461-20221104\/#primaryimage"},"image":{"@id":"https:\/\/eraztunberdeurdina.eus\/es\/2461-20221104\/#primaryimage"},"thumbnailUrl":"https:\/\/eraztunberdeurdina.eus\/wp-content\/uploads\/2022\/11\/1-1.png","datePublished":"2022-11-04T08:19:11+00:00","dateModified":"2022-11-04T11:18:16+00:00","breadcrumb":{"@id":"https:\/\/eraztunberdeurdina.eus\/es\/2461-20221104\/#breadcrumb"},"inLanguage":"es","potentialAction":[{"@type":"ReadAction","target":["https:\/\/eraztunberdeurdina.eus\/es\/2461-20221104\/"]}]},{"@type":"ImageObject","inLanguage":"es","@id":"https:\/\/eraztunberdeurdina.eus\/es\/2461-20221104\/#primaryimage","url":"https:\/\/eraztunberdeurdina.eus\/wp-content\/uploads\/2022\/11\/1-1.png","contentUrl":"https:\/\/eraztunberdeurdina.eus\/wp-content\/uploads\/2022\/11\/1-1.png","width":1080,"height":1080},{"@type":"BreadcrumbList","@id":"https:\/\/eraztunberdeurdina.eus\/es\/2461-20221104\/#breadcrumb","itemListElement":[{"@type":"ListItem","position":1,"name":"Home","item":"https:\/\/eraztunberdeurdina.eus\/es\/anillo-verde-azul\/"},{"@type":"ListItem","position":2,"name":"Rally fotogr\u00e1fico con el m\u00f3vil &#8220;Oto\u00f1o en el recorrido Arkamurka del Anillo Verde Azul de Zarautz&#8221;"}]},{"@type":"WebSite","@id":"https:\/\/eraztunberdeurdina.eus\/#website","url":"https:\/\/eraztunberdeurdina.eus\/","name":"Zarauzko Eraztun Berde Urdina","description":"Herri-inguruko berdeguneen zaintza","publisher":{"@id":"https:\/\/eraztunberdeurdina.eus\/#organization"},"potentialAction":[{"@type":"SearchAction","target":{"@type":"EntryPoint","urlTemplate":"https:\/\/eraztunberdeurdina.eus\/?s={search_term_string}"},"query-input":{"@type":"PropertyValueSpecification","valueRequired":true,"valueName":"search_term_string"}}],"inLanguage":"es"},{"@type":"Organization","@id":"https:\/\/eraztunberdeurdina.eus\/#organization","name":"Zarauzko Eraztun Berde Urdina","url":"https:\/\/eraztunberdeurdina.eus\/","logo":{"@type":"ImageObject","inLanguage":"es","@id":"https:\/\/eraztunberdeurdina.eus\/#\/schema\/logo\/image\/","url":"https:\/\/eraztunberdeurdina.eus\/wp-content\/uploads\/2018\/07\/EBUkoloretan.jpg","contentUrl":"https:\/\/eraztunberdeurdina.eus\/wp-content\/uploads\/2018\/07\/EBUkoloretan.jpg","width":934,"height":687,"caption":"Zarauzko Eraztun Berde Urdina"},"image":{"@id":"https:\/\/eraztunberdeurdina.eus\/#\/schema\/logo\/image\/"}},{"@type":"Person","@id":"https:\/\/eraztunberdeurdina.eus\/#\/schema\/person\/a9c3a9d9ddfc0024a1d798d33b8eb53c","name":"ebu"}]}},"_links":{"self":[{"href":"https:\/\/eraztunberdeurdina.eus\/es\/wp-json\/wp\/v2\/posts\/2461","targetHints":{"allow":["GET"]}}],"collection":[{"href":"https:\/\/eraztunberdeurdina.eus\/es\/wp-json\/wp\/v2\/posts"}],"about":[{"href":"https:\/\/eraztunberdeurdina.eus\/es\/wp-json\/wp\/v2\/types\/post"}],"author":[{"embeddable":true,"href":"https:\/\/eraztunberdeurdina.eus\/es\/wp-json\/wp\/v2\/users\/3"}],"replies":[{"embeddable":true,"href":"https:\/\/eraztunberdeurdina.eus\/es\/wp-json\/wp\/v2\/comments?post=2461"}],"version-history":[{"count":3,"href":"https:\/\/eraztunberdeurdina.eus\/es\/wp-json\/wp\/v2\/posts\/2461\/revisions"}],"predecessor-version":[{"id":2471,"href":"https:\/\/eraztunberdeurdina.eus\/es\/wp-json\/wp\/v2\/posts\/2461\/revisions\/2471"}],"wp:featuredmedia":[{"embeddable":true,"href":"https:\/\/eraztunberdeurdina.eus\/es\/wp-json\/wp\/v2\/media\/2457"}],"wp:attachment":[{"href":"https:\/\/eraztunberdeurdina.eus\/es\/wp-json\/wp\/v2\/media?parent=2461"}],"wp:term":[{"taxonomy":"category","embeddable":true,"href":"https:\/\/eraztunberdeurdina.eus\/es\/wp-json\/wp\/v2\/categories?post=2461"},{"taxonomy":"post_tag","embeddable":true,"href":"https:\/\/eraztunberdeurdina.eus\/es\/wp-json\/wp\/v2\/tags?post=2461"}],"curies":[{"name":"wp","href":"https:\/\/api.w.org\/{rel}","templated":true}]}}