{"id":2485,"date":"2022-11-21T14:24:54","date_gmt":"2022-11-21T13:24:54","guid":{"rendered":"https:\/\/eraztunberdeurdina.eus\/?p=2485"},"modified":"2022-11-29T10:40:48","modified_gmt":"2022-11-29T09:40:48","slug":"trabajos-de-restauracion-y-mejora-ambiental-del-bosque-de-gesoerreka","status":"publish","type":"post","link":"https:\/\/eraztunberdeurdina.eus\/es\/trabajos-de-restauracion-y-mejora-ambiental-del-bosque-de-gesoerreka-20221121\/","title":{"rendered":"Han comenzado los trabajos de restauraci\u00f3n y mejora ambiental del bosque de Gesoerreka"},"content":{"rendered":"<p>En 2019, el \u00e1rea de Medio Ambiente del Ayuntamiento de Zarautz adquiri\u00f3 dos parcelas contiguas ubicadas en el espacio protegido de Garate-Santa B\u00e1rbara, dentro de la red europea Natura 2000. Estas dos parcelas albergan masas de bosque de gran valor ambiental y ocupan una superficie de 3,8 hect\u00e1reas. En ellas se encuentra una importante masa alcornocal en buen estado de conservaci\u00f3n.<\/p>\n<p>El objetivo principal de compra verde es poder restaurar y mantener los bosques de alcornoques de este espacio para mantener la biodiversidad y, a la vez, aumentar la masa forestal de Zarautz para poder hacer frente al cambio clim\u00e1tico y para aumentar la conectividad ecol\u00f3gica y as\u00ed poder crear un corredor ecol\u00f3gico con el bosque de Zingira. Adem\u00e1s, el bosque de Gesoerreka se integrar\u00eda en el Anillo Verde Azul de Zarautz as\u00ed poder ofrecer m\u00e1s alternativas para disfrutar de la naturaleza y para mejorar la calidad de vida, la salud y el bienestar de las personas.<\/p>\n<p>Las labores de restauraci\u00f3n y regeneraci\u00f3n del alcornocal de Gesoerreka se han iniciado en octubre a trav\u00e9s de las subvenciones para la \u201cRecuperaci\u00f3n y restauraci\u00f3n de \u00e1reas degradadas y de mejora de las infraestructuras verdes\u201d promovida por el Departamento de Medio Ambiente y Obras Hidr\u00e1ulicas de la Diputaci\u00f3n Foral de Gipuzkoa que otorg\u00f3 al Ayuntamiento de Zarautz. Para la restauraci\u00f3n o recuperaci\u00f3n del alcornocal algunas especies ex\u00f3ticas (fundamentalmente pino de monterrey y falsa acacia) ser\u00e1n sustituidas por alcornoques (<em>Quercus suber<\/em>), roble com\u00fan (<em>Quercus robur<\/em>), marojo (<em>Quercus pyrenaica<\/em>) y madro\u00f1o (<em>Arbutus unedo<\/em>). En total se van a plantar unos 500 \u00e1rboles y arbustos de los que 302 ser\u00e1n alcornoques.<\/p>\n<p><img fetchpriority=\"high\" decoding=\"async\" class=\"alignnone size-medium wp-image-2481\" src=\"https:\/\/eraztunberdeurdina.eus\/wp-content\/uploads\/2022\/11\/WhatsApp-Image-2022-02-16-at-09.16.082-600x337.jpeg\" alt=\"\" width=\"600\" height=\"337\" srcset=\"https:\/\/eraztunberdeurdina.eus\/wp-content\/uploads\/2022\/11\/WhatsApp-Image-2022-02-16-at-09.16.082-600x337.jpeg 600w, https:\/\/eraztunberdeurdina.eus\/wp-content\/uploads\/2022\/11\/WhatsApp-Image-2022-02-16-at-09.16.082-768x432.jpeg 768w, https:\/\/eraztunberdeurdina.eus\/wp-content\/uploads\/2022\/11\/WhatsApp-Image-2022-02-16-at-09.16.082.jpeg 1600w\" sizes=\"(max-width: 600px) 100vw, 600px\" \/><\/p>\n","protected":false},"excerpt":{"rendered":"<p>En 2019, el \u00e1rea de Medio Ambiente del Ayuntamiento de Zarautz adquiri\u00f3 dos parcelas contiguas ubicadas en el espacio protegido [&hellip;]<\/p>\n","protected":false},"author":3,"featured_media":2481,"comment_status":"closed","ping_status":"closed","sticky":false,"template":"","format":"standard","meta":{"_acf_changed":false,"site-sidebar-layout":"default","site-content-layout":"","ast-site-content-layout":"default","site-content-style":"default","site-sidebar-style":"default","ast-global-header-display":"","ast-banner-title-visibility":"","ast-main-header-display":"","ast-hfb-above-header-display":"","ast-hfb-below-header-display":"","ast-hfb-mobile-header-display":"","site-post-title":"","ast-breadcrumbs-content":"","ast-featured-img":"","footer-sml-layout":"","ast-disable-related-posts":"","theme-transparent-header-meta":"","adv-header-id-meta":"","stick-header-meta":"","header-above-stick-meta":"","header-main-stick-meta":"","header-below-stick-meta":"","astra-migrate-meta-layouts":"default","ast-page-background-enabled":"default","ast-page-background-meta":{"desktop":{"background-color":"var(--ast-global-color-5)","background-image":"","background-repeat":"repeat","background-position":"center center","background-size":"auto","background-attachment":"scroll","background-type":"","background-media":"","overlay-type":"","overlay-color":"","overlay-opacity":"","overlay-gradient":""},"tablet":{"background-color":"","background-image":"","background-repeat":"repeat","background-position":"center center","background-size":"auto","background-attachment":"scroll","background-type":"","background-media":"","overlay-type":"","overlay-color":"","overlay-opacity":"","overlay-gradient":""},"mobile":{"background-color":"","background-image":"","background-repeat":"repeat","background-position":"center center","background-size":"auto","background-attachment":"scroll","background-type":"","background-media":"","overlay-type":"","overlay-color":"","overlay-opacity":"","overlay-gradient":""}},"ast-content-background-meta":{"desktop":{"background-color":"var(--ast-global-color-4)","background-image":"","background-repeat":"repeat","background-position":"center center","background-size":"auto","background-attachment":"scroll","background-type":"","background-media":"","overlay-type":"","overlay-color":"","overlay-opacity":"","overlay-gradient":""},"tablet":{"background-color":"var(--ast-global-color-4)","background-image":"","background-repeat":"repeat","background-position":"center center","background-size":"auto","background-attachment":"scroll","background-type":"","background-media":"","overlay-type":"","overlay-color":"","overlay-opacity":"","overlay-gradient":""},"mobile":{"background-color":"var(--ast-global-color-4)","background-image":"","background-repeat":"repeat","background-position":"center center","background-size":"auto","background-attachment":"scroll","background-type":"","background-media":"","overlay-type":"","overlay-color":"","overlay-opacity":"","overlay-gradient":""}},"footnotes":""},"categories":[368],"tags":[53,52,33,106,370,375,361,372,369,373,371,28,76,35,374],"class_list":["post-2485","post","type-post","status-publish","format-standard","has-post-thumbnail","hentry","category-gesoerreka-2","tag-alcornocal","tag-alcornoque","tag-anillo-verde-azul","tag-ayuntamiento-de-zarautz","tag-compra-verde","tag-espacio-protegido","tag-gesoerreka","tag-mejora-ambiental","tag-recuperacion-bosques","tag-red-natura-2000","tag-restauracion-bosque","tag-zarautz","tag-zarauzko-eraztun-berde-urdina","tag-zarauzko-udala","tag-zona-de-especias-conservacion"],"acf":[],"yoast_head":"<!-- This site is optimized with the Yoast SEO plugin v27.1.1 - https:\/\/yoast.com\/product\/yoast-seo-wordpress\/ -->\n<title>Han comenzado los trabajos de restauraci\u00f3n y mejora ambiental del bosque de Gesoerreka - Anillo Verde Azul de Zarautz<\/title>\n<meta name=\"robots\" content=\"index, follow, max-snippet:-1, max-image-preview:large, max-video-preview:-1\" \/>\n<link rel=\"canonical\" href=\"https:\/\/eraztunberdeurdina.eus\/es\/trabajos-de-restauracion-y-mejora-ambiental-del-bosque-de-gesoerreka-20221121\/\" \/>\n<meta property=\"og:locale\" content=\"es_ES\" \/>\n<meta property=\"og:type\" content=\"article\" \/>\n<meta property=\"og:title\" content=\"Han comenzado los trabajos de restauraci\u00f3n y mejora ambiental del bosque de Gesoerreka - Anillo Verde Azul de Zarautz\" \/>\n<meta property=\"og:description\" content=\"En 2019, el \u00e1rea de Medio Ambiente del Ayuntamiento de Zarautz adquiri\u00f3 dos parcelas contiguas ubicadas en el espacio protegido [&hellip;]\" \/>\n<meta property=\"og:url\" content=\"https:\/\/eraztunberdeurdina.eus\/es\/trabajos-de-restauracion-y-mejora-ambiental-del-bosque-de-gesoerreka-20221121\/\" \/>\n<meta property=\"og:site_name\" content=\"Anillo Verde Azul de Zarautz\" \/>\n<meta property=\"article:published_time\" content=\"2022-11-21T13:24:54+00:00\" \/>\n<meta property=\"article:modified_time\" content=\"2022-11-29T09:40:48+00:00\" \/>\n<meta property=\"og:image\" content=\"https:\/\/eraztunberdeurdina.eus\/wp-content\/uploads\/2022\/11\/WhatsApp-Image-2022-02-16-at-09.16.082.jpeg\" \/>\n\t<meta property=\"og:image:width\" content=\"1600\" \/>\n\t<meta property=\"og:image:height\" content=\"899\" \/>\n\t<meta property=\"og:image:type\" content=\"image\/jpeg\" \/>\n<meta name=\"author\" content=\"ebu\" \/>\n<meta name=\"twitter:card\" content=\"summary_large_image\" \/>\n<meta name=\"twitter:label1\" content=\"Escrito por\" \/>\n\t<meta name=\"twitter:data1\" content=\"ebu\" \/>\n\t<meta name=\"twitter:label2\" content=\"Tiempo de lectura\" \/>\n\t<meta name=\"twitter:data2\" content=\"1 minuto\" \/>\n<script type=\"application\/ld+json\" class=\"yoast-schema-graph\">{\"@context\":\"https:\/\/schema.org\",\"@graph\":[{\"@type\":\"Article\",\"@id\":\"https:\/\/eraztunberdeurdina.eus\/es\/trabajos-de-restauracion-y-mejora-ambiental-del-bosque-de-gesoerreka-20221121\/#article\",\"isPartOf\":{\"@id\":\"https:\/\/eraztunberdeurdina.eus\/es\/trabajos-de-restauracion-y-mejora-ambiental-del-bosque-de-gesoerreka-20221121\/\"},\"author\":{\"name\":\"ebu\",\"@id\":\"https:\/\/eraztunberdeurdina.eus\/#\/schema\/person\/a9c3a9d9ddfc0024a1d798d33b8eb53c\"},\"headline\":\"Han comenzado los trabajos de restauraci\u00f3n y mejora ambiental del bosque de Gesoerreka\",\"datePublished\":\"2022-11-21T13:24:54+00:00\",\"dateModified\":\"2022-11-29T09:40:48+00:00\",\"mainEntityOfPage\":{\"@id\":\"https:\/\/eraztunberdeurdina.eus\/es\/trabajos-de-restauracion-y-mejora-ambiental-del-bosque-de-gesoerreka-20221121\/\"},\"wordCount\":297,\"publisher\":{\"@id\":\"https:\/\/eraztunberdeurdina.eus\/#organization\"},\"image\":{\"@id\":\"https:\/\/eraztunberdeurdina.eus\/es\/trabajos-de-restauracion-y-mejora-ambiental-del-bosque-de-gesoerreka-20221121\/#primaryimage\"},\"thumbnailUrl\":\"https:\/\/eraztunberdeurdina.eus\/wp-content\/uploads\/2022\/11\/WhatsApp-Image-2022-02-16-at-09.16.082.jpeg\",\"keywords\":[\"alcornocal\",\"alcornoque\",\"anillo verde azul\",\"Ayuntamiento de Zarautz\",\"compra verde\",\"Espacio Protegido\",\"Gesoerreka\",\"mejora ambiental\",\"recuperaci\u00f3n bosques\",\"red Natura 2000\",\"restauraci\u00f3n bosque\",\"Zarautz\",\"Zarauzko Eraztun Berde Urdina\",\"Zarauzko Udala\",\"Zona de Especias Conservaci\u00f3n\"],\"articleSection\":[\"Gesoerreka\"],\"inLanguage\":\"es\"},{\"@type\":\"WebPage\",\"@id\":\"https:\/\/eraztunberdeurdina.eus\/es\/trabajos-de-restauracion-y-mejora-ambiental-del-bosque-de-gesoerreka-20221121\/\",\"url\":\"https:\/\/eraztunberdeurdina.eus\/es\/trabajos-de-restauracion-y-mejora-ambiental-del-bosque-de-gesoerreka-20221121\/\",\"name\":\"Han comenzado los trabajos de restauraci\u00f3n y mejora ambiental del bosque de Gesoerreka - Anillo Verde Azul de Zarautz\",\"isPartOf\":{\"@id\":\"https:\/\/eraztunberdeurdina.eus\/#website\"},\"primaryImageOfPage\":{\"@id\":\"https:\/\/eraztunberdeurdina.eus\/es\/trabajos-de-restauracion-y-mejora-ambiental-del-bosque-de-gesoerreka-20221121\/#primaryimage\"},\"image\":{\"@id\":\"https:\/\/eraztunberdeurdina.eus\/es\/trabajos-de-restauracion-y-mejora-ambiental-del-bosque-de-gesoerreka-20221121\/#primaryimage\"},\"thumbnailUrl\":\"https:\/\/eraztunberdeurdina.eus\/wp-content\/uploads\/2022\/11\/WhatsApp-Image-2022-02-16-at-09.16.082.jpeg\",\"datePublished\":\"2022-11-21T13:24:54+00:00\",\"dateModified\":\"2022-11-29T09:40:48+00:00\",\"breadcrumb\":{\"@id\":\"https:\/\/eraztunberdeurdina.eus\/es\/trabajos-de-restauracion-y-mejora-ambiental-del-bosque-de-gesoerreka-20221121\/#breadcrumb\"},\"inLanguage\":\"es\",\"potentialAction\":[{\"@type\":\"ReadAction\",\"target\":[\"https:\/\/eraztunberdeurdina.eus\/es\/trabajos-de-restauracion-y-mejora-ambiental-del-bosque-de-gesoerreka-20221121\/\"]}]},{\"@type\":\"ImageObject\",\"inLanguage\":\"es\",\"@id\":\"https:\/\/eraztunberdeurdina.eus\/es\/trabajos-de-restauracion-y-mejora-ambiental-del-bosque-de-gesoerreka-20221121\/#primaryimage\",\"url\":\"https:\/\/eraztunberdeurdina.eus\/wp-content\/uploads\/2022\/11\/WhatsApp-Image-2022-02-16-at-09.16.082.jpeg\",\"contentUrl\":\"https:\/\/eraztunberdeurdina.eus\/wp-content\/uploads\/2022\/11\/WhatsApp-Image-2022-02-16-at-09.16.082.jpeg\",\"width\":1600,\"height\":899},{\"@type\":\"BreadcrumbList\",\"@id\":\"https:\/\/eraztunberdeurdina.eus\/es\/trabajos-de-restauracion-y-mejora-ambiental-del-bosque-de-gesoerreka-20221121\/#breadcrumb\",\"itemListElement\":[{\"@type\":\"ListItem\",\"position\":1,\"name\":\"Home\",\"item\":\"https:\/\/eraztunberdeurdina.eus\/es\/anillo-verde-azul\/\"},{\"@type\":\"ListItem\",\"position\":2,\"name\":\"Han comenzado los trabajos de restauraci\u00f3n y mejora ambiental del bosque de Gesoerreka\"}]},{\"@type\":\"WebSite\",\"@id\":\"https:\/\/eraztunberdeurdina.eus\/#website\",\"url\":\"https:\/\/eraztunberdeurdina.eus\/\",\"name\":\"Zarauzko Eraztun Berde Urdina\",\"description\":\"Herri-inguruko berdeguneen zaintza\",\"publisher\":{\"@id\":\"https:\/\/eraztunberdeurdina.eus\/#organization\"},\"potentialAction\":[{\"@type\":\"SearchAction\",\"target\":{\"@type\":\"EntryPoint\",\"urlTemplate\":\"https:\/\/eraztunberdeurdina.eus\/?s={search_term_string}\"},\"query-input\":{\"@type\":\"PropertyValueSpecification\",\"valueRequired\":true,\"valueName\":\"search_term_string\"}}],\"inLanguage\":\"es\"},{\"@type\":\"Organization\",\"@id\":\"https:\/\/eraztunberdeurdina.eus\/#organization\",\"name\":\"Zarauzko Eraztun Berde Urdina\",\"url\":\"https:\/\/eraztunberdeurdina.eus\/\",\"logo\":{\"@type\":\"ImageObject\",\"inLanguage\":\"es\",\"@id\":\"https:\/\/eraztunberdeurdina.eus\/#\/schema\/logo\/image\/\",\"url\":\"https:\/\/eraztunberdeurdina.eus\/wp-content\/uploads\/2018\/07\/EBUkoloretan.jpg\",\"contentUrl\":\"https:\/\/eraztunberdeurdina.eus\/wp-content\/uploads\/2018\/07\/EBUkoloretan.jpg\",\"width\":934,\"height\":687,\"caption\":\"Zarauzko Eraztun Berde Urdina\"},\"image\":{\"@id\":\"https:\/\/eraztunberdeurdina.eus\/#\/schema\/logo\/image\/\"}},{\"@type\":\"Person\",\"@id\":\"https:\/\/eraztunberdeurdina.eus\/#\/schema\/person\/a9c3a9d9ddfc0024a1d798d33b8eb53c\",\"name\":\"ebu\"}]}<\/script>\n<!-- \/ Yoast SEO plugin. -->","yoast_head_json":{"title":"Han comenzado los trabajos de restauraci\u00f3n y mejora ambiental del bosque de Gesoerreka - Anillo Verde Azul de Zarautz","robots":{"index":"index","follow":"follow","max-snippet":"max-snippet:-1","max-image-preview":"max-image-preview:large","max-video-preview":"max-video-preview:-1"},"canonical":"https:\/\/eraztunberdeurdina.eus\/es\/trabajos-de-restauracion-y-mejora-ambiental-del-bosque-de-gesoerreka-20221121\/","og_locale":"es_ES","og_type":"article","og_title":"Han comenzado los trabajos de restauraci\u00f3n y mejora ambiental del bosque de Gesoerreka - Anillo Verde Azul de Zarautz","og_description":"En 2019, el \u00e1rea de Medio Ambiente del Ayuntamiento de Zarautz adquiri\u00f3 dos parcelas contiguas ubicadas en el espacio protegido [&hellip;]","og_url":"https:\/\/eraztunberdeurdina.eus\/es\/trabajos-de-restauracion-y-mejora-ambiental-del-bosque-de-gesoerreka-20221121\/","og_site_name":"Anillo Verde Azul de Zarautz","article_published_time":"2022-11-21T13:24:54+00:00","article_modified_time":"2022-11-29T09:40:48+00:00","og_image":[{"width":1600,"height":899,"url":"https:\/\/eraztunberdeurdina.eus\/wp-content\/uploads\/2022\/11\/WhatsApp-Image-2022-02-16-at-09.16.082.jpeg","type":"image\/jpeg"}],"author":"ebu","twitter_card":"summary_large_image","twitter_misc":{"Escrito por":"ebu","Tiempo de lectura":"1 minuto"},"schema":{"@context":"https:\/\/schema.org","@graph":[{"@type":"Article","@id":"https:\/\/eraztunberdeurdina.eus\/es\/trabajos-de-restauracion-y-mejora-ambiental-del-bosque-de-gesoerreka-20221121\/#article","isPartOf":{"@id":"https:\/\/eraztunberdeurdina.eus\/es\/trabajos-de-restauracion-y-mejora-ambiental-del-bosque-de-gesoerreka-20221121\/"},"author":{"name":"ebu","@id":"https:\/\/eraztunberdeurdina.eus\/#\/schema\/person\/a9c3a9d9ddfc0024a1d798d33b8eb53c"},"headline":"Han comenzado los trabajos de restauraci\u00f3n y mejora ambiental del bosque de Gesoerreka","datePublished":"2022-11-21T13:24:54+00:00","dateModified":"2022-11-29T09:40:48+00:00","mainEntityOfPage":{"@id":"https:\/\/eraztunberdeurdina.eus\/es\/trabajos-de-restauracion-y-mejora-ambiental-del-bosque-de-gesoerreka-20221121\/"},"wordCount":297,"publisher":{"@id":"https:\/\/eraztunberdeurdina.eus\/#organization"},"image":{"@id":"https:\/\/eraztunberdeurdina.eus\/es\/trabajos-de-restauracion-y-mejora-ambiental-del-bosque-de-gesoerreka-20221121\/#primaryimage"},"thumbnailUrl":"https:\/\/eraztunberdeurdina.eus\/wp-content\/uploads\/2022\/11\/WhatsApp-Image-2022-02-16-at-09.16.082.jpeg","keywords":["alcornocal","alcornoque","anillo verde azul","Ayuntamiento de Zarautz","compra verde","Espacio Protegido","Gesoerreka","mejora ambiental","recuperaci\u00f3n bosques","red Natura 2000","restauraci\u00f3n bosque","Zarautz","Zarauzko Eraztun Berde Urdina","Zarauzko Udala","Zona de Especias Conservaci\u00f3n"],"articleSection":["Gesoerreka"],"inLanguage":"es"},{"@type":"WebPage","@id":"https:\/\/eraztunberdeurdina.eus\/es\/trabajos-de-restauracion-y-mejora-ambiental-del-bosque-de-gesoerreka-20221121\/","url":"https:\/\/eraztunberdeurdina.eus\/es\/trabajos-de-restauracion-y-mejora-ambiental-del-bosque-de-gesoerreka-20221121\/","name":"Han comenzado los trabajos de restauraci\u00f3n y mejora ambiental del bosque de Gesoerreka - Anillo Verde Azul de Zarautz","isPartOf":{"@id":"https:\/\/eraztunberdeurdina.eus\/#website"},"primaryImageOfPage":{"@id":"https:\/\/eraztunberdeurdina.eus\/es\/trabajos-de-restauracion-y-mejora-ambiental-del-bosque-de-gesoerreka-20221121\/#primaryimage"},"image":{"@id":"https:\/\/eraztunberdeurdina.eus\/es\/trabajos-de-restauracion-y-mejora-ambiental-del-bosque-de-gesoerreka-20221121\/#primaryimage"},"thumbnailUrl":"https:\/\/eraztunberdeurdina.eus\/wp-content\/uploads\/2022\/11\/WhatsApp-Image-2022-02-16-at-09.16.082.jpeg","datePublished":"2022-11-21T13:24:54+00:00","dateModified":"2022-11-29T09:40:48+00:00","breadcrumb":{"@id":"https:\/\/eraztunberdeurdina.eus\/es\/trabajos-de-restauracion-y-mejora-ambiental-del-bosque-de-gesoerreka-20221121\/#breadcrumb"},"inLanguage":"es","potentialAction":[{"@type":"ReadAction","target":["https:\/\/eraztunberdeurdina.eus\/es\/trabajos-de-restauracion-y-mejora-ambiental-del-bosque-de-gesoerreka-20221121\/"]}]},{"@type":"ImageObject","inLanguage":"es","@id":"https:\/\/eraztunberdeurdina.eus\/es\/trabajos-de-restauracion-y-mejora-ambiental-del-bosque-de-gesoerreka-20221121\/#primaryimage","url":"https:\/\/eraztunberdeurdina.eus\/wp-content\/uploads\/2022\/11\/WhatsApp-Image-2022-02-16-at-09.16.082.jpeg","contentUrl":"https:\/\/eraztunberdeurdina.eus\/wp-content\/uploads\/2022\/11\/WhatsApp-Image-2022-02-16-at-09.16.082.jpeg","width":1600,"height":899},{"@type":"BreadcrumbList","@id":"https:\/\/eraztunberdeurdina.eus\/es\/trabajos-de-restauracion-y-mejora-ambiental-del-bosque-de-gesoerreka-20221121\/#breadcrumb","itemListElement":[{"@type":"ListItem","position":1,"name":"Home","item":"https:\/\/eraztunberdeurdina.eus\/es\/anillo-verde-azul\/"},{"@type":"ListItem","position":2,"name":"Han comenzado los trabajos de restauraci\u00f3n y mejora ambiental del bosque de Gesoerreka"}]},{"@type":"WebSite","@id":"https:\/\/eraztunberdeurdina.eus\/#website","url":"https:\/\/eraztunberdeurdina.eus\/","name":"Zarauzko Eraztun Berde Urdina","description":"Herri-inguruko berdeguneen zaintza","publisher":{"@id":"https:\/\/eraztunberdeurdina.eus\/#organization"},"potentialAction":[{"@type":"SearchAction","target":{"@type":"EntryPoint","urlTemplate":"https:\/\/eraztunberdeurdina.eus\/?s={search_term_string}"},"query-input":{"@type":"PropertyValueSpecification","valueRequired":true,"valueName":"search_term_string"}}],"inLanguage":"es"},{"@type":"Organization","@id":"https:\/\/eraztunberdeurdina.eus\/#organization","name":"Zarauzko Eraztun Berde Urdina","url":"https:\/\/eraztunberdeurdina.eus\/","logo":{"@type":"ImageObject","inLanguage":"es","@id":"https:\/\/eraztunberdeurdina.eus\/#\/schema\/logo\/image\/","url":"https:\/\/eraztunberdeurdina.eus\/wp-content\/uploads\/2018\/07\/EBUkoloretan.jpg","contentUrl":"https:\/\/eraztunberdeurdina.eus\/wp-content\/uploads\/2018\/07\/EBUkoloretan.jpg","width":934,"height":687,"caption":"Zarauzko Eraztun Berde Urdina"},"image":{"@id":"https:\/\/eraztunberdeurdina.eus\/#\/schema\/logo\/image\/"}},{"@type":"Person","@id":"https:\/\/eraztunberdeurdina.eus\/#\/schema\/person\/a9c3a9d9ddfc0024a1d798d33b8eb53c","name":"ebu"}]}},"_links":{"self":[{"href":"https:\/\/eraztunberdeurdina.eus\/es\/wp-json\/wp\/v2\/posts\/2485","targetHints":{"allow":["GET"]}}],"collection":[{"href":"https:\/\/eraztunberdeurdina.eus\/es\/wp-json\/wp\/v2\/posts"}],"about":[{"href":"https:\/\/eraztunberdeurdina.eus\/es\/wp-json\/wp\/v2\/types\/post"}],"author":[{"embeddable":true,"href":"https:\/\/eraztunberdeurdina.eus\/es\/wp-json\/wp\/v2\/users\/3"}],"replies":[{"embeddable":true,"href":"https:\/\/eraztunberdeurdina.eus\/es\/wp-json\/wp\/v2\/comments?post=2485"}],"version-history":[{"count":4,"href":"https:\/\/eraztunberdeurdina.eus\/es\/wp-json\/wp\/v2\/posts\/2485\/revisions"}],"predecessor-version":[{"id":2508,"href":"https:\/\/eraztunberdeurdina.eus\/es\/wp-json\/wp\/v2\/posts\/2485\/revisions\/2508"}],"wp:featuredmedia":[{"embeddable":true,"href":"https:\/\/eraztunberdeurdina.eus\/es\/wp-json\/wp\/v2\/media\/2481"}],"wp:attachment":[{"href":"https:\/\/eraztunberdeurdina.eus\/es\/wp-json\/wp\/v2\/media?parent=2485"}],"wp:term":[{"taxonomy":"category","embeddable":true,"href":"https:\/\/eraztunberdeurdina.eus\/es\/wp-json\/wp\/v2\/categories?post=2485"},{"taxonomy":"post_tag","embeddable":true,"href":"https:\/\/eraztunberdeurdina.eus\/es\/wp-json\/wp\/v2\/tags?post=2485"}],"curies":[{"name":"wp","href":"https:\/\/api.w.org\/{rel}","templated":true}]}}