{"id":2503,"date":"2022-11-24T10:56:58","date_gmt":"2022-11-24T09:56:58","guid":{"rendered":"https:\/\/eraztunberdeurdina.eus\/?p=2503"},"modified":"2022-11-24T13:25:11","modified_gmt":"2022-11-24T12:25:11","slug":"se-ha-realizado-el-sorteo-del-cuestionario-de-la-revista-ebu","status":"publish","type":"post","link":"https:\/\/eraztunberdeurdina.eus\/es\/se-ha-realizado-el-sorteo-del-cuestionario-de-la-revista-ebu-20221124\/","title":{"rendered":"Se ha realizado el sorteo del cuestionario de la revista EBU"},"content":{"rendered":"<p><span class=\"_aacl _aaco _aacu _aacx _aad7 _aade\">A finales del curso pasado repartimos el \u00faltimo n\u00famero de la revista EBU entre el alumnado de 1-4\u00ba de EP de <a class=\"x1i10hfl xjbqb8w x6umtig x1b1mbwd xaqea5y xav7gou x9f619 x1ypdohk xt0psk2 xe8uvvx xdj266r x11i5rnm xat24cr x1mh8g0r xexx8yu x4uap5 x18d9i69 xkhd6sd x16tdsg8 x1hl2dhg xggy1nq x1a2a7pz _aa9_ _a6hd\" tabindex=\"0\" role=\"link\" href=\"https:\/\/www.instagram.com\/explore\/tags\/zarautz\/\">#Zarautz<\/a> y adem\u00e1s de reportajes y pasatiempos se realiz\u00f3 un cuestionario participativo. Entre todas las respuestas recibidas se sorte\u00f3 una experiencia especial en el mar, de la mano de Kaixo Musto, Ozeanotik ikasten, una bonita experiencia para acercar a los ni\u00f1os y ni\u00f1as al mundo del mar. En las im\u00e1genes se puede ver la alumna premiada junto con su familia disfrutando de la experiencia el pasado octubre.<br \/>\n????<br \/>\n\u00a1Gracias a todas las personas que participaron en el cuestionario de la revista EBU!<\/span><\/p>\n<p>&nbsp;<\/p>\n<div style=\"width: 480px;\" class=\"wp-video\"><video class=\"wp-video-shortcode\" id=\"video-2503-1\" width=\"480\" height=\"848\" preload=\"metadata\" controls=\"controls\"><source type=\"video\/mp4\" src=\"https:\/\/eraztunberdeurdina.eus\/wp-content\/uploads\/2022\/11\/VID-20221022-WA0017.mp4?_=1\" \/><a href=\"https:\/\/eraztunberdeurdina.eus\/wp-content\/uploads\/2022\/11\/VID-20221022-WA0017.mp4\">https:\/\/eraztunberdeurdina.eus\/wp-content\/uploads\/2022\/11\/VID-20221022-WA0017.mp4<\/a><\/video><\/div>\n","protected":false},"excerpt":{"rendered":"<p>A finales del curso pasado repartimos el \u00faltimo n\u00famero de la revista EBU entre el alumnado de 1-4\u00ba de EP [&hellip;]<\/p>\n","protected":false},"author":3,"featured_media":2500,"comment_status":"closed","ping_status":"closed","sticky":false,"template":"","format":"standard","meta":{"_acf_changed":false,"site-sidebar-layout":"default","site-content-layout":"","ast-site-content-layout":"default","site-content-style":"default","site-sidebar-style":"default","ast-global-header-display":"","ast-banner-title-visibility":"","ast-main-header-display":"","ast-hfb-above-header-display":"","ast-hfb-below-header-display":"","ast-hfb-mobile-header-display":"","site-post-title":"","ast-breadcrumbs-content":"","ast-featured-img":"","footer-sml-layout":"","ast-disable-related-posts":"","theme-transparent-header-meta":"","adv-header-id-meta":"","stick-header-meta":"","header-above-stick-meta":"","header-main-stick-meta":"","header-below-stick-meta":"","astra-migrate-meta-layouts":"default","ast-page-background-enabled":"default","ast-page-background-meta":{"desktop":{"background-color":"var(--ast-global-color-5)","background-image":"","background-repeat":"repeat","background-position":"center center","background-size":"auto","background-attachment":"scroll","background-type":"","background-media":"","overlay-type":"","overlay-color":"","overlay-opacity":"","overlay-gradient":""},"tablet":{"background-color":"","background-image":"","background-repeat":"repeat","background-position":"center center","background-size":"auto","background-attachment":"scroll","background-type":"","background-media":"","overlay-type":"","overlay-color":"","overlay-opacity":"","overlay-gradient":""},"mobile":{"background-color":"","background-image":"","background-repeat":"repeat","background-position":"center center","background-size":"auto","background-attachment":"scroll","background-type":"","background-media":"","overlay-type":"","overlay-color":"","overlay-opacity":"","overlay-gradient":""}},"ast-content-background-meta":{"desktop":{"background-color":"var(--ast-global-color-4)","background-image":"","background-repeat":"repeat","background-position":"center center","background-size":"auto","background-attachment":"scroll","background-type":"","background-media":"","overlay-type":"","overlay-color":"","overlay-opacity":"","overlay-gradient":""},"tablet":{"background-color":"var(--ast-global-color-4)","background-image":"","background-repeat":"repeat","background-position":"center center","background-size":"auto","background-attachment":"scroll","background-type":"","background-media":"","overlay-type":"","overlay-color":"","overlay-opacity":"","overlay-gradient":""},"mobile":{"background-color":"var(--ast-global-color-4)","background-image":"","background-repeat":"repeat","background-position":"center center","background-size":"auto","background-attachment":"scroll","background-type":"","background-media":"","overlay-type":"","overlay-color":"","overlay-opacity":"","overlay-gradient":""}},"footnotes":""},"categories":[383],"tags":[33,106,392,34,390,388,378,376,135,387,391,389,386,384,385,28],"class_list":["post-2503","post","type-post","status-publish","format-standard","has-post-thumbnail","hentry","category-revista-ebu","tag-anillo-verde-azul","tag-ayuntamiento-de-zarautz","tag-costa-vasca","tag-eraztun-berde-urdina","tag-experiencia-marina","tag-familia","tag-getaria","tag-kaixo-musto","tag-mar","tag-ozeanotik-ikasten","tag-pesca","tag-plan-familiar","tag-premio","tag-revista-ebu","tag-sorteo","tag-zarautz"],"acf":[],"yoast_head":"<!-- This site is optimized with the Yoast SEO plugin v27.1.1 - https:\/\/yoast.com\/product\/yoast-seo-wordpress\/ -->\n<title>Se ha realizado el sorteo del cuestionario de la revista EBU - Anillo Verde Azul de Zarautz<\/title>\n<meta name=\"robots\" content=\"index, follow, max-snippet:-1, max-image-preview:large, max-video-preview:-1\" \/>\n<link rel=\"canonical\" href=\"https:\/\/eraztunberdeurdina.eus\/es\/se-ha-realizado-el-sorteo-del-cuestionario-de-la-revista-ebu-20221124\/\" \/>\n<meta property=\"og:locale\" content=\"es_ES\" \/>\n<meta property=\"og:type\" content=\"article\" \/>\n<meta property=\"og:title\" content=\"Se ha realizado el sorteo del cuestionario de la revista EBU - Anillo Verde Azul de Zarautz\" \/>\n<meta property=\"og:description\" content=\"A finales del curso pasado repartimos el \u00faltimo n\u00famero de la revista EBU entre el alumnado de 1-4\u00ba de EP [&hellip;]\" \/>\n<meta property=\"og:url\" content=\"https:\/\/eraztunberdeurdina.eus\/es\/se-ha-realizado-el-sorteo-del-cuestionario-de-la-revista-ebu-20221124\/\" \/>\n<meta property=\"og:site_name\" content=\"Anillo Verde Azul de Zarautz\" \/>\n<meta property=\"article:published_time\" content=\"2022-11-24T09:56:58+00:00\" \/>\n<meta property=\"article:modified_time\" content=\"2022-11-24T12:25:11+00:00\" \/>\n<meta property=\"og:image\" content=\"https:\/\/eraztunberdeurdina.eus\/wp-content\/uploads\/2022\/11\/1666600812050-1.jpg\" \/>\n\t<meta property=\"og:image:width\" content=\"2463\" \/>\n\t<meta property=\"og:image:height\" content=\"2463\" \/>\n\t<meta property=\"og:image:type\" content=\"image\/jpeg\" \/>\n<meta name=\"author\" content=\"ebu\" \/>\n<meta name=\"twitter:card\" content=\"summary_large_image\" \/>\n<meta name=\"twitter:label1\" content=\"Escrito por\" \/>\n\t<meta name=\"twitter:data1\" content=\"ebu\" \/>\n\t<meta name=\"twitter:label2\" content=\"Tiempo de lectura\" \/>\n\t<meta name=\"twitter:data2\" content=\"1 minuto\" \/>\n<script type=\"application\/ld+json\" class=\"yoast-schema-graph\">{\"@context\":\"https:\/\/schema.org\",\"@graph\":[{\"@type\":\"Article\",\"@id\":\"https:\/\/eraztunberdeurdina.eus\/es\/se-ha-realizado-el-sorteo-del-cuestionario-de-la-revista-ebu-20221124\/#article\",\"isPartOf\":{\"@id\":\"https:\/\/eraztunberdeurdina.eus\/es\/se-ha-realizado-el-sorteo-del-cuestionario-de-la-revista-ebu-20221124\/\"},\"author\":{\"name\":\"ebu\",\"@id\":\"https:\/\/eraztunberdeurdina.eus\/#\/schema\/person\/a9c3a9d9ddfc0024a1d798d33b8eb53c\"},\"headline\":\"Se ha realizado el sorteo del cuestionario de la revista EBU\",\"datePublished\":\"2022-11-24T09:56:58+00:00\",\"dateModified\":\"2022-11-24T12:25:11+00:00\",\"mainEntityOfPage\":{\"@id\":\"https:\/\/eraztunberdeurdina.eus\/es\/se-ha-realizado-el-sorteo-del-cuestionario-de-la-revista-ebu-20221124\/\"},\"wordCount\":132,\"publisher\":{\"@id\":\"https:\/\/eraztunberdeurdina.eus\/#organization\"},\"image\":{\"@id\":\"https:\/\/eraztunberdeurdina.eus\/es\/se-ha-realizado-el-sorteo-del-cuestionario-de-la-revista-ebu-20221124\/#primaryimage\"},\"thumbnailUrl\":\"https:\/\/eraztunberdeurdina.eus\/wp-content\/uploads\/2022\/11\/1666600812050-1.jpg\",\"keywords\":[\"anillo verde azul\",\"Ayuntamiento de Zarautz\",\"costa vasca\",\"Eraztun Berde Urdina\",\"experiencia marina\",\"familia\",\"Getaria\",\"Kaixo Musto\",\"mar\",\"Ozeanotik ikasten\",\"pesca\",\"plan familiar\",\"premio\",\"revista EBU\",\"sorteo\",\"Zarautz\"],\"articleSection\":[\"Revista EBU\"],\"inLanguage\":\"es\"},{\"@type\":\"WebPage\",\"@id\":\"https:\/\/eraztunberdeurdina.eus\/es\/se-ha-realizado-el-sorteo-del-cuestionario-de-la-revista-ebu-20221124\/\",\"url\":\"https:\/\/eraztunberdeurdina.eus\/es\/se-ha-realizado-el-sorteo-del-cuestionario-de-la-revista-ebu-20221124\/\",\"name\":\"Se ha realizado el sorteo del cuestionario de la revista EBU - Anillo Verde Azul de Zarautz\",\"isPartOf\":{\"@id\":\"https:\/\/eraztunberdeurdina.eus\/#website\"},\"primaryImageOfPage\":{\"@id\":\"https:\/\/eraztunberdeurdina.eus\/es\/se-ha-realizado-el-sorteo-del-cuestionario-de-la-revista-ebu-20221124\/#primaryimage\"},\"image\":{\"@id\":\"https:\/\/eraztunberdeurdina.eus\/es\/se-ha-realizado-el-sorteo-del-cuestionario-de-la-revista-ebu-20221124\/#primaryimage\"},\"thumbnailUrl\":\"https:\/\/eraztunberdeurdina.eus\/wp-content\/uploads\/2022\/11\/1666600812050-1.jpg\",\"datePublished\":\"2022-11-24T09:56:58+00:00\",\"dateModified\":\"2022-11-24T12:25:11+00:00\",\"breadcrumb\":{\"@id\":\"https:\/\/eraztunberdeurdina.eus\/es\/se-ha-realizado-el-sorteo-del-cuestionario-de-la-revista-ebu-20221124\/#breadcrumb\"},\"inLanguage\":\"es\",\"potentialAction\":[{\"@type\":\"ReadAction\",\"target\":[\"https:\/\/eraztunberdeurdina.eus\/es\/se-ha-realizado-el-sorteo-del-cuestionario-de-la-revista-ebu-20221124\/\"]}]},{\"@type\":\"ImageObject\",\"inLanguage\":\"es\",\"@id\":\"https:\/\/eraztunberdeurdina.eus\/es\/se-ha-realizado-el-sorteo-del-cuestionario-de-la-revista-ebu-20221124\/#primaryimage\",\"url\":\"https:\/\/eraztunberdeurdina.eus\/wp-content\/uploads\/2022\/11\/1666600812050-1.jpg\",\"contentUrl\":\"https:\/\/eraztunberdeurdina.eus\/wp-content\/uploads\/2022\/11\/1666600812050-1.jpg\",\"width\":2463,\"height\":2463},{\"@type\":\"BreadcrumbList\",\"@id\":\"https:\/\/eraztunberdeurdina.eus\/es\/se-ha-realizado-el-sorteo-del-cuestionario-de-la-revista-ebu-20221124\/#breadcrumb\",\"itemListElement\":[{\"@type\":\"ListItem\",\"position\":1,\"name\":\"Home\",\"item\":\"https:\/\/eraztunberdeurdina.eus\/es\/anillo-verde-azul\/\"},{\"@type\":\"ListItem\",\"position\":2,\"name\":\"Se ha realizado el sorteo del cuestionario de la revista EBU\"}]},{\"@type\":\"WebSite\",\"@id\":\"https:\/\/eraztunberdeurdina.eus\/#website\",\"url\":\"https:\/\/eraztunberdeurdina.eus\/\",\"name\":\"Zarauzko Eraztun Berde Urdina\",\"description\":\"Herri-inguruko berdeguneen zaintza\",\"publisher\":{\"@id\":\"https:\/\/eraztunberdeurdina.eus\/#organization\"},\"potentialAction\":[{\"@type\":\"SearchAction\",\"target\":{\"@type\":\"EntryPoint\",\"urlTemplate\":\"https:\/\/eraztunberdeurdina.eus\/?s={search_term_string}\"},\"query-input\":{\"@type\":\"PropertyValueSpecification\",\"valueRequired\":true,\"valueName\":\"search_term_string\"}}],\"inLanguage\":\"es\"},{\"@type\":\"Organization\",\"@id\":\"https:\/\/eraztunberdeurdina.eus\/#organization\",\"name\":\"Zarauzko Eraztun Berde Urdina\",\"url\":\"https:\/\/eraztunberdeurdina.eus\/\",\"logo\":{\"@type\":\"ImageObject\",\"inLanguage\":\"es\",\"@id\":\"https:\/\/eraztunberdeurdina.eus\/#\/schema\/logo\/image\/\",\"url\":\"https:\/\/eraztunberdeurdina.eus\/wp-content\/uploads\/2018\/07\/EBUkoloretan.jpg\",\"contentUrl\":\"https:\/\/eraztunberdeurdina.eus\/wp-content\/uploads\/2018\/07\/EBUkoloretan.jpg\",\"width\":934,\"height\":687,\"caption\":\"Zarauzko Eraztun Berde Urdina\"},\"image\":{\"@id\":\"https:\/\/eraztunberdeurdina.eus\/#\/schema\/logo\/image\/\"}},{\"@type\":\"Person\",\"@id\":\"https:\/\/eraztunberdeurdina.eus\/#\/schema\/person\/a9c3a9d9ddfc0024a1d798d33b8eb53c\",\"name\":\"ebu\"}]}<\/script>\n<!-- \/ Yoast SEO plugin. -->","yoast_head_json":{"title":"Se ha realizado el sorteo del cuestionario de la revista EBU - Anillo Verde Azul de Zarautz","robots":{"index":"index","follow":"follow","max-snippet":"max-snippet:-1","max-image-preview":"max-image-preview:large","max-video-preview":"max-video-preview:-1"},"canonical":"https:\/\/eraztunberdeurdina.eus\/es\/se-ha-realizado-el-sorteo-del-cuestionario-de-la-revista-ebu-20221124\/","og_locale":"es_ES","og_type":"article","og_title":"Se ha realizado el sorteo del cuestionario de la revista EBU - Anillo Verde Azul de Zarautz","og_description":"A finales del curso pasado repartimos el \u00faltimo n\u00famero de la revista EBU entre el alumnado de 1-4\u00ba de EP [&hellip;]","og_url":"https:\/\/eraztunberdeurdina.eus\/es\/se-ha-realizado-el-sorteo-del-cuestionario-de-la-revista-ebu-20221124\/","og_site_name":"Anillo Verde Azul de Zarautz","article_published_time":"2022-11-24T09:56:58+00:00","article_modified_time":"2022-11-24T12:25:11+00:00","og_image":[{"width":2463,"height":2463,"url":"https:\/\/eraztunberdeurdina.eus\/wp-content\/uploads\/2022\/11\/1666600812050-1.jpg","type":"image\/jpeg"}],"author":"ebu","twitter_card":"summary_large_image","twitter_misc":{"Escrito por":"ebu","Tiempo de lectura":"1 minuto"},"schema":{"@context":"https:\/\/schema.org","@graph":[{"@type":"Article","@id":"https:\/\/eraztunberdeurdina.eus\/es\/se-ha-realizado-el-sorteo-del-cuestionario-de-la-revista-ebu-20221124\/#article","isPartOf":{"@id":"https:\/\/eraztunberdeurdina.eus\/es\/se-ha-realizado-el-sorteo-del-cuestionario-de-la-revista-ebu-20221124\/"},"author":{"name":"ebu","@id":"https:\/\/eraztunberdeurdina.eus\/#\/schema\/person\/a9c3a9d9ddfc0024a1d798d33b8eb53c"},"headline":"Se ha realizado el sorteo del cuestionario de la revista EBU","datePublished":"2022-11-24T09:56:58+00:00","dateModified":"2022-11-24T12:25:11+00:00","mainEntityOfPage":{"@id":"https:\/\/eraztunberdeurdina.eus\/es\/se-ha-realizado-el-sorteo-del-cuestionario-de-la-revista-ebu-20221124\/"},"wordCount":132,"publisher":{"@id":"https:\/\/eraztunberdeurdina.eus\/#organization"},"image":{"@id":"https:\/\/eraztunberdeurdina.eus\/es\/se-ha-realizado-el-sorteo-del-cuestionario-de-la-revista-ebu-20221124\/#primaryimage"},"thumbnailUrl":"https:\/\/eraztunberdeurdina.eus\/wp-content\/uploads\/2022\/11\/1666600812050-1.jpg","keywords":["anillo verde azul","Ayuntamiento de Zarautz","costa vasca","Eraztun Berde Urdina","experiencia marina","familia","Getaria","Kaixo Musto","mar","Ozeanotik ikasten","pesca","plan familiar","premio","revista EBU","sorteo","Zarautz"],"articleSection":["Revista EBU"],"inLanguage":"es"},{"@type":"WebPage","@id":"https:\/\/eraztunberdeurdina.eus\/es\/se-ha-realizado-el-sorteo-del-cuestionario-de-la-revista-ebu-20221124\/","url":"https:\/\/eraztunberdeurdina.eus\/es\/se-ha-realizado-el-sorteo-del-cuestionario-de-la-revista-ebu-20221124\/","name":"Se ha realizado el sorteo del cuestionario de la revista EBU - Anillo Verde Azul de Zarautz","isPartOf":{"@id":"https:\/\/eraztunberdeurdina.eus\/#website"},"primaryImageOfPage":{"@id":"https:\/\/eraztunberdeurdina.eus\/es\/se-ha-realizado-el-sorteo-del-cuestionario-de-la-revista-ebu-20221124\/#primaryimage"},"image":{"@id":"https:\/\/eraztunberdeurdina.eus\/es\/se-ha-realizado-el-sorteo-del-cuestionario-de-la-revista-ebu-20221124\/#primaryimage"},"thumbnailUrl":"https:\/\/eraztunberdeurdina.eus\/wp-content\/uploads\/2022\/11\/1666600812050-1.jpg","datePublished":"2022-11-24T09:56:58+00:00","dateModified":"2022-11-24T12:25:11+00:00","breadcrumb":{"@id":"https:\/\/eraztunberdeurdina.eus\/es\/se-ha-realizado-el-sorteo-del-cuestionario-de-la-revista-ebu-20221124\/#breadcrumb"},"inLanguage":"es","potentialAction":[{"@type":"ReadAction","target":["https:\/\/eraztunberdeurdina.eus\/es\/se-ha-realizado-el-sorteo-del-cuestionario-de-la-revista-ebu-20221124\/"]}]},{"@type":"ImageObject","inLanguage":"es","@id":"https:\/\/eraztunberdeurdina.eus\/es\/se-ha-realizado-el-sorteo-del-cuestionario-de-la-revista-ebu-20221124\/#primaryimage","url":"https:\/\/eraztunberdeurdina.eus\/wp-content\/uploads\/2022\/11\/1666600812050-1.jpg","contentUrl":"https:\/\/eraztunberdeurdina.eus\/wp-content\/uploads\/2022\/11\/1666600812050-1.jpg","width":2463,"height":2463},{"@type":"BreadcrumbList","@id":"https:\/\/eraztunberdeurdina.eus\/es\/se-ha-realizado-el-sorteo-del-cuestionario-de-la-revista-ebu-20221124\/#breadcrumb","itemListElement":[{"@type":"ListItem","position":1,"name":"Home","item":"https:\/\/eraztunberdeurdina.eus\/es\/anillo-verde-azul\/"},{"@type":"ListItem","position":2,"name":"Se ha realizado el sorteo del cuestionario de la revista EBU"}]},{"@type":"WebSite","@id":"https:\/\/eraztunberdeurdina.eus\/#website","url":"https:\/\/eraztunberdeurdina.eus\/","name":"Zarauzko Eraztun Berde Urdina","description":"Herri-inguruko berdeguneen zaintza","publisher":{"@id":"https:\/\/eraztunberdeurdina.eus\/#organization"},"potentialAction":[{"@type":"SearchAction","target":{"@type":"EntryPoint","urlTemplate":"https:\/\/eraztunberdeurdina.eus\/?s={search_term_string}"},"query-input":{"@type":"PropertyValueSpecification","valueRequired":true,"valueName":"search_term_string"}}],"inLanguage":"es"},{"@type":"Organization","@id":"https:\/\/eraztunberdeurdina.eus\/#organization","name":"Zarauzko Eraztun Berde Urdina","url":"https:\/\/eraztunberdeurdina.eus\/","logo":{"@type":"ImageObject","inLanguage":"es","@id":"https:\/\/eraztunberdeurdina.eus\/#\/schema\/logo\/image\/","url":"https:\/\/eraztunberdeurdina.eus\/wp-content\/uploads\/2018\/07\/EBUkoloretan.jpg","contentUrl":"https:\/\/eraztunberdeurdina.eus\/wp-content\/uploads\/2018\/07\/EBUkoloretan.jpg","width":934,"height":687,"caption":"Zarauzko Eraztun Berde Urdina"},"image":{"@id":"https:\/\/eraztunberdeurdina.eus\/#\/schema\/logo\/image\/"}},{"@type":"Person","@id":"https:\/\/eraztunberdeurdina.eus\/#\/schema\/person\/a9c3a9d9ddfc0024a1d798d33b8eb53c","name":"ebu"}]}},"_links":{"self":[{"href":"https:\/\/eraztunberdeurdina.eus\/es\/wp-json\/wp\/v2\/posts\/2503","targetHints":{"allow":["GET"]}}],"collection":[{"href":"https:\/\/eraztunberdeurdina.eus\/es\/wp-json\/wp\/v2\/posts"}],"about":[{"href":"https:\/\/eraztunberdeurdina.eus\/es\/wp-json\/wp\/v2\/types\/post"}],"author":[{"embeddable":true,"href":"https:\/\/eraztunberdeurdina.eus\/es\/wp-json\/wp\/v2\/users\/3"}],"replies":[{"embeddable":true,"href":"https:\/\/eraztunberdeurdina.eus\/es\/wp-json\/wp\/v2\/comments?post=2503"}],"version-history":[{"count":2,"href":"https:\/\/eraztunberdeurdina.eus\/es\/wp-json\/wp\/v2\/posts\/2503\/revisions"}],"predecessor-version":[{"id":2506,"href":"https:\/\/eraztunberdeurdina.eus\/es\/wp-json\/wp\/v2\/posts\/2503\/revisions\/2506"}],"wp:featuredmedia":[{"embeddable":true,"href":"https:\/\/eraztunberdeurdina.eus\/es\/wp-json\/wp\/v2\/media\/2500"}],"wp:attachment":[{"href":"https:\/\/eraztunberdeurdina.eus\/es\/wp-json\/wp\/v2\/media?parent=2503"}],"wp:term":[{"taxonomy":"category","embeddable":true,"href":"https:\/\/eraztunberdeurdina.eus\/es\/wp-json\/wp\/v2\/categories?post=2503"},{"taxonomy":"post_tag","embeddable":true,"href":"https:\/\/eraztunberdeurdina.eus\/es\/wp-json\/wp\/v2\/tags?post=2503"}],"curies":[{"name":"wp","href":"https:\/\/api.w.org\/{rel}","templated":true}]}}