{"id":2540,"date":"2022-12-02T13:32:18","date_gmt":"2022-12-02T12:32:18","guid":{"rendered":"https:\/\/eraztunberdeurdina.eus\/?p=2540"},"modified":"2022-12-02T13:32:18","modified_gmt":"2022-12-02T12:32:18","slug":"charla-para-conocer-la-biodiversidad-de-zingira","status":"publish","type":"post","link":"https:\/\/eraztunberdeurdina.eus\/es\/charla-para-conocer-la-biodiversidad-de-zingira-20221202\/","title":{"rendered":"Charla para conocer la biodiversidad de Zingira"},"content":{"rendered":"<p>En la Zona de Especial Conservaci\u00f3n de Garate-Santa B\u00e1rbara, en las inmediaciones del caser\u00edo Zingira se acondicion\u00f3 la charca Zingira en 2019. Desde entonces han pasado 3 a\u00f1os y la charca ha afrontado un gran proceso de naturalizaci\u00f3n. En 2022 el Ayuntamiento ha realizado varias actuaciones para fomentar la continuidad de estas especies acu\u00e1ticas con la colaboraci\u00f3n de la Sociedad de Ciencias de Aranzadi. Adem\u00e1s, se ha desarrollado un inventario herpetol\u00f3gico y odontol\u00f3gico para conocer y aumentar su biodiversidad de forma local.<\/p>\n<p>En junio y julio se desarrollaron con los y las zarauztarras jornadas de formaci\u00f3n y excursiones para conocer anfibios, reptiles, caballitos del diablo y lib\u00e9lulas y presenciar algunas especies de anfibios, por ejemplo, el trit\u00f3n palmeado.<\/p>\n<p>Adem\u00e1s de aumentar el conocimiento hacia estos seres vivos, se ha querido conocer su estado de conservaci\u00f3n a trav\u00e9s de este estudio y para conocer estos datos hemos organizado una charla el pr\u00f3ximo jueves 15 de diciembre en la sala Etxezabala a las 18:30 de la tarde.<\/p>\n<p>NOTA: las plazas son limitadas por lo que es necesario inscribirse con antelaci\u00f3n a trav\u00e9s del correo electr\u00f3nico <a href=\"mailto:zarautz@eraztunberdeurdina.eus\">zarautz@eraztunberdeurdina.eus<\/a><\/p>\n<p>\u00a1An\u00edmate y participa!<\/p>\n<p><img fetchpriority=\"high\" decoding=\"async\" class=\"alignnone size-medium wp-image-2538\" src=\"https:\/\/eraztunberdeurdina.eus\/wp-content\/uploads\/2022\/12\/Zingira-hitzaldia-424x600.png\" alt=\"\" width=\"424\" height=\"600\" srcset=\"https:\/\/eraztunberdeurdina.eus\/wp-content\/uploads\/2022\/12\/Zingira-hitzaldia-424x600.png 424w, https:\/\/eraztunberdeurdina.eus\/wp-content\/uploads\/2022\/12\/Zingira-hitzaldia-768x1086.png 768w, https:\/\/eraztunberdeurdina.eus\/wp-content\/uploads\/2022\/12\/Zingira-hitzaldia.png 1414w\" sizes=\"(max-width: 424px) 100vw, 424px\" \/><\/p>\n","protected":false},"excerpt":{"rendered":"<p>En la Zona de Especial Conservaci\u00f3n de Garate-Santa B\u00e1rbara, en las inmediaciones del caser\u00edo Zingira se acondicion\u00f3 la charca Zingira [&hellip;]<\/p>\n","protected":false},"author":3,"featured_media":2538,"comment_status":"closed","ping_status":"closed","sticky":false,"template":"","format":"standard","meta":{"_acf_changed":false,"site-sidebar-layout":"default","site-content-layout":"","ast-site-content-layout":"default","site-content-style":"default","site-sidebar-style":"default","ast-global-header-display":"","ast-banner-title-visibility":"","ast-main-header-display":"","ast-hfb-above-header-display":"","ast-hfb-below-header-display":"","ast-hfb-mobile-header-display":"","site-post-title":"","ast-breadcrumbs-content":"","ast-featured-img":"","footer-sml-layout":"","ast-disable-related-posts":"","theme-transparent-header-meta":"","adv-header-id-meta":"","stick-header-meta":"","header-above-stick-meta":"","header-main-stick-meta":"","header-below-stick-meta":"","astra-migrate-meta-layouts":"default","ast-page-background-enabled":"default","ast-page-background-meta":{"desktop":{"background-color":"var(--ast-global-color-5)","background-image":"","background-repeat":"repeat","background-position":"center center","background-size":"auto","background-attachment":"scroll","background-type":"","background-media":"","overlay-type":"","overlay-color":"","overlay-opacity":"","overlay-gradient":""},"tablet":{"background-color":"","background-image":"","background-repeat":"repeat","background-position":"center center","background-size":"auto","background-attachment":"scroll","background-type":"","background-media":"","overlay-type":"","overlay-color":"","overlay-opacity":"","overlay-gradient":""},"mobile":{"background-color":"","background-image":"","background-repeat":"repeat","background-position":"center center","background-size":"auto","background-attachment":"scroll","background-type":"","background-media":"","overlay-type":"","overlay-color":"","overlay-opacity":"","overlay-gradient":""}},"ast-content-background-meta":{"desktop":{"background-color":"var(--ast-global-color-4)","background-image":"","background-repeat":"repeat","background-position":"center center","background-size":"auto","background-attachment":"scroll","background-type":"","background-media":"","overlay-type":"","overlay-color":"","overlay-opacity":"","overlay-gradient":""},"tablet":{"background-color":"var(--ast-global-color-4)","background-image":"","background-repeat":"repeat","background-position":"center center","background-size":"auto","background-attachment":"scroll","background-type":"","background-media":"","overlay-type":"","overlay-color":"","overlay-opacity":"","overlay-gradient":""},"mobile":{"background-color":"var(--ast-global-color-4)","background-image":"","background-repeat":"repeat","background-position":"center center","background-size":"auto","background-attachment":"scroll","background-type":"","background-media":"","overlay-type":"","overlay-color":"","overlay-opacity":"","overlay-gradient":""}},"footnotes":""},"categories":[86,47],"tags":[215,33,106,101,396,156,34,395,217,214,113,28,219],"class_list":["post-2540","post","type-post","status-publish","format-standard","has-post-thumbnail","hentry","category-actividades","category-bosques","tag-anfibios","tag-anillo-verde-azul","tag-ayuntamiento-de-zarautz","tag-biodiversidad","tag-charca","tag-charla","tag-eraztun-berde-urdina","tag-estudio","tag-libelulas","tag-reptiles","tag-sociedad-de-ciencias-aranzadi","tag-zarautz","tag-zingira"],"acf":[],"yoast_head":"<!-- This site is optimized with the Yoast SEO plugin v27.1.1 - https:\/\/yoast.com\/product\/yoast-seo-wordpress\/ -->\n<title>Charla para conocer la biodiversidad de Zingira - Anillo Verde Azul de Zarautz<\/title>\n<meta name=\"robots\" content=\"index, follow, max-snippet:-1, max-image-preview:large, max-video-preview:-1\" \/>\n<link rel=\"canonical\" href=\"https:\/\/eraztunberdeurdina.eus\/es\/charla-para-conocer-la-biodiversidad-de-zingira-20221202\/\" \/>\n<meta property=\"og:locale\" content=\"es_ES\" \/>\n<meta property=\"og:type\" content=\"article\" \/>\n<meta property=\"og:title\" content=\"Charla para conocer la biodiversidad de Zingira - Anillo Verde Azul de Zarautz\" \/>\n<meta property=\"og:description\" content=\"En la Zona de Especial Conservaci\u00f3n de Garate-Santa B\u00e1rbara, en las inmediaciones del caser\u00edo Zingira se acondicion\u00f3 la charca Zingira [&hellip;]\" \/>\n<meta property=\"og:url\" content=\"https:\/\/eraztunberdeurdina.eus\/es\/charla-para-conocer-la-biodiversidad-de-zingira-20221202\/\" \/>\n<meta property=\"og:site_name\" content=\"Anillo Verde Azul de Zarautz\" \/>\n<meta property=\"article:published_time\" content=\"2022-12-02T12:32:18+00:00\" \/>\n<meta property=\"og:image\" content=\"https:\/\/eraztunberdeurdina.eus\/wp-content\/uploads\/2022\/12\/Zingira-hitzaldia-600x600.png\" \/>\n\t<meta property=\"og:image:width\" content=\"600\" \/>\n\t<meta property=\"og:image:height\" content=\"600\" \/>\n\t<meta property=\"og:image:type\" content=\"image\/png\" \/>\n<meta name=\"author\" content=\"ebu\" \/>\n<meta name=\"twitter:card\" content=\"summary_large_image\" \/>\n<meta name=\"twitter:label1\" content=\"Escrito por\" \/>\n\t<meta name=\"twitter:data1\" content=\"ebu\" \/>\n\t<meta name=\"twitter:label2\" content=\"Tiempo de lectura\" \/>\n\t<meta name=\"twitter:data2\" content=\"1 minuto\" \/>\n<script type=\"application\/ld+json\" class=\"yoast-schema-graph\">{\"@context\":\"https:\/\/schema.org\",\"@graph\":[{\"@type\":\"Article\",\"@id\":\"https:\/\/eraztunberdeurdina.eus\/es\/charla-para-conocer-la-biodiversidad-de-zingira-20221202\/#article\",\"isPartOf\":{\"@id\":\"https:\/\/eraztunberdeurdina.eus\/es\/charla-para-conocer-la-biodiversidad-de-zingira-20221202\/\"},\"author\":{\"name\":\"ebu\",\"@id\":\"https:\/\/eraztunberdeurdina.eus\/#\/schema\/person\/a9c3a9d9ddfc0024a1d798d33b8eb53c\"},\"headline\":\"Charla para conocer la biodiversidad de Zingira\",\"datePublished\":\"2022-12-02T12:32:18+00:00\",\"mainEntityOfPage\":{\"@id\":\"https:\/\/eraztunberdeurdina.eus\/es\/charla-para-conocer-la-biodiversidad-de-zingira-20221202\/\"},\"wordCount\":212,\"publisher\":{\"@id\":\"https:\/\/eraztunberdeurdina.eus\/#organization\"},\"image\":{\"@id\":\"https:\/\/eraztunberdeurdina.eus\/es\/charla-para-conocer-la-biodiversidad-de-zingira-20221202\/#primaryimage\"},\"thumbnailUrl\":\"https:\/\/eraztunberdeurdina.eus\/wp-content\/uploads\/2022\/12\/Zingira-hitzaldia.png\",\"keywords\":[\"anfibios\",\"anillo verde azul\",\"Ayuntamiento de Zarautz\",\"biodiversidad\",\"charca\",\"charla\",\"Eraztun Berde Urdina\",\"estudio\",\"lib\u00e9lulas\",\"reptiles\",\"Sociedad de Ciencias Aranzadi\",\"Zarautz\",\"Zingira\"],\"articleSection\":[\"Actividades\",\"bosques\"],\"inLanguage\":\"es\"},{\"@type\":\"WebPage\",\"@id\":\"https:\/\/eraztunberdeurdina.eus\/es\/charla-para-conocer-la-biodiversidad-de-zingira-20221202\/\",\"url\":\"https:\/\/eraztunberdeurdina.eus\/es\/charla-para-conocer-la-biodiversidad-de-zingira-20221202\/\",\"name\":\"Charla para conocer la biodiversidad de Zingira - Anillo Verde Azul de Zarautz\",\"isPartOf\":{\"@id\":\"https:\/\/eraztunberdeurdina.eus\/#website\"},\"primaryImageOfPage\":{\"@id\":\"https:\/\/eraztunberdeurdina.eus\/es\/charla-para-conocer-la-biodiversidad-de-zingira-20221202\/#primaryimage\"},\"image\":{\"@id\":\"https:\/\/eraztunberdeurdina.eus\/es\/charla-para-conocer-la-biodiversidad-de-zingira-20221202\/#primaryimage\"},\"thumbnailUrl\":\"https:\/\/eraztunberdeurdina.eus\/wp-content\/uploads\/2022\/12\/Zingira-hitzaldia.png\",\"datePublished\":\"2022-12-02T12:32:18+00:00\",\"breadcrumb\":{\"@id\":\"https:\/\/eraztunberdeurdina.eus\/es\/charla-para-conocer-la-biodiversidad-de-zingira-20221202\/#breadcrumb\"},\"inLanguage\":\"es\",\"potentialAction\":[{\"@type\":\"ReadAction\",\"target\":[\"https:\/\/eraztunberdeurdina.eus\/es\/charla-para-conocer-la-biodiversidad-de-zingira-20221202\/\"]}]},{\"@type\":\"ImageObject\",\"inLanguage\":\"es\",\"@id\":\"https:\/\/eraztunberdeurdina.eus\/es\/charla-para-conocer-la-biodiversidad-de-zingira-20221202\/#primaryimage\",\"url\":\"https:\/\/eraztunberdeurdina.eus\/wp-content\/uploads\/2022\/12\/Zingira-hitzaldia.png\",\"contentUrl\":\"https:\/\/eraztunberdeurdina.eus\/wp-content\/uploads\/2022\/12\/Zingira-hitzaldia.png\",\"width\":1414,\"height\":2000},{\"@type\":\"BreadcrumbList\",\"@id\":\"https:\/\/eraztunberdeurdina.eus\/es\/charla-para-conocer-la-biodiversidad-de-zingira-20221202\/#breadcrumb\",\"itemListElement\":[{\"@type\":\"ListItem\",\"position\":1,\"name\":\"Home\",\"item\":\"https:\/\/eraztunberdeurdina.eus\/es\/anillo-verde-azul\/\"},{\"@type\":\"ListItem\",\"position\":2,\"name\":\"Charla para conocer la biodiversidad de Zingira\"}]},{\"@type\":\"WebSite\",\"@id\":\"https:\/\/eraztunberdeurdina.eus\/#website\",\"url\":\"https:\/\/eraztunberdeurdina.eus\/\",\"name\":\"Zarauzko Eraztun Berde Urdina\",\"description\":\"Herri-inguruko berdeguneen zaintza\",\"publisher\":{\"@id\":\"https:\/\/eraztunberdeurdina.eus\/#organization\"},\"potentialAction\":[{\"@type\":\"SearchAction\",\"target\":{\"@type\":\"EntryPoint\",\"urlTemplate\":\"https:\/\/eraztunberdeurdina.eus\/?s={search_term_string}\"},\"query-input\":{\"@type\":\"PropertyValueSpecification\",\"valueRequired\":true,\"valueName\":\"search_term_string\"}}],\"inLanguage\":\"es\"},{\"@type\":\"Organization\",\"@id\":\"https:\/\/eraztunberdeurdina.eus\/#organization\",\"name\":\"Zarauzko Eraztun Berde Urdina\",\"url\":\"https:\/\/eraztunberdeurdina.eus\/\",\"logo\":{\"@type\":\"ImageObject\",\"inLanguage\":\"es\",\"@id\":\"https:\/\/eraztunberdeurdina.eus\/#\/schema\/logo\/image\/\",\"url\":\"https:\/\/eraztunberdeurdina.eus\/wp-content\/uploads\/2018\/07\/EBUkoloretan.jpg\",\"contentUrl\":\"https:\/\/eraztunberdeurdina.eus\/wp-content\/uploads\/2018\/07\/EBUkoloretan.jpg\",\"width\":934,\"height\":687,\"caption\":\"Zarauzko Eraztun Berde Urdina\"},\"image\":{\"@id\":\"https:\/\/eraztunberdeurdina.eus\/#\/schema\/logo\/image\/\"}},{\"@type\":\"Person\",\"@id\":\"https:\/\/eraztunberdeurdina.eus\/#\/schema\/person\/a9c3a9d9ddfc0024a1d798d33b8eb53c\",\"name\":\"ebu\"}]}<\/script>\n<!-- \/ Yoast SEO plugin. -->","yoast_head_json":{"title":"Charla para conocer la biodiversidad de Zingira - Anillo Verde Azul de Zarautz","robots":{"index":"index","follow":"follow","max-snippet":"max-snippet:-1","max-image-preview":"max-image-preview:large","max-video-preview":"max-video-preview:-1"},"canonical":"https:\/\/eraztunberdeurdina.eus\/es\/charla-para-conocer-la-biodiversidad-de-zingira-20221202\/","og_locale":"es_ES","og_type":"article","og_title":"Charla para conocer la biodiversidad de Zingira - Anillo Verde Azul de Zarautz","og_description":"En la Zona de Especial Conservaci\u00f3n de Garate-Santa B\u00e1rbara, en las inmediaciones del caser\u00edo Zingira se acondicion\u00f3 la charca Zingira [&hellip;]","og_url":"https:\/\/eraztunberdeurdina.eus\/es\/charla-para-conocer-la-biodiversidad-de-zingira-20221202\/","og_site_name":"Anillo Verde Azul de Zarautz","article_published_time":"2022-12-02T12:32:18+00:00","og_image":[{"width":600,"height":600,"url":"https:\/\/eraztunberdeurdina.eus\/wp-content\/uploads\/2022\/12\/Zingira-hitzaldia-600x600.png","type":"image\/png"}],"author":"ebu","twitter_card":"summary_large_image","twitter_misc":{"Escrito por":"ebu","Tiempo de lectura":"1 minuto"},"schema":{"@context":"https:\/\/schema.org","@graph":[{"@type":"Article","@id":"https:\/\/eraztunberdeurdina.eus\/es\/charla-para-conocer-la-biodiversidad-de-zingira-20221202\/#article","isPartOf":{"@id":"https:\/\/eraztunberdeurdina.eus\/es\/charla-para-conocer-la-biodiversidad-de-zingira-20221202\/"},"author":{"name":"ebu","@id":"https:\/\/eraztunberdeurdina.eus\/#\/schema\/person\/a9c3a9d9ddfc0024a1d798d33b8eb53c"},"headline":"Charla para conocer la biodiversidad de Zingira","datePublished":"2022-12-02T12:32:18+00:00","mainEntityOfPage":{"@id":"https:\/\/eraztunberdeurdina.eus\/es\/charla-para-conocer-la-biodiversidad-de-zingira-20221202\/"},"wordCount":212,"publisher":{"@id":"https:\/\/eraztunberdeurdina.eus\/#organization"},"image":{"@id":"https:\/\/eraztunberdeurdina.eus\/es\/charla-para-conocer-la-biodiversidad-de-zingira-20221202\/#primaryimage"},"thumbnailUrl":"https:\/\/eraztunberdeurdina.eus\/wp-content\/uploads\/2022\/12\/Zingira-hitzaldia.png","keywords":["anfibios","anillo verde azul","Ayuntamiento de Zarautz","biodiversidad","charca","charla","Eraztun Berde Urdina","estudio","lib\u00e9lulas","reptiles","Sociedad de Ciencias Aranzadi","Zarautz","Zingira"],"articleSection":["Actividades","bosques"],"inLanguage":"es"},{"@type":"WebPage","@id":"https:\/\/eraztunberdeurdina.eus\/es\/charla-para-conocer-la-biodiversidad-de-zingira-20221202\/","url":"https:\/\/eraztunberdeurdina.eus\/es\/charla-para-conocer-la-biodiversidad-de-zingira-20221202\/","name":"Charla para conocer la biodiversidad de Zingira - Anillo Verde Azul de Zarautz","isPartOf":{"@id":"https:\/\/eraztunberdeurdina.eus\/#website"},"primaryImageOfPage":{"@id":"https:\/\/eraztunberdeurdina.eus\/es\/charla-para-conocer-la-biodiversidad-de-zingira-20221202\/#primaryimage"},"image":{"@id":"https:\/\/eraztunberdeurdina.eus\/es\/charla-para-conocer-la-biodiversidad-de-zingira-20221202\/#primaryimage"},"thumbnailUrl":"https:\/\/eraztunberdeurdina.eus\/wp-content\/uploads\/2022\/12\/Zingira-hitzaldia.png","datePublished":"2022-12-02T12:32:18+00:00","breadcrumb":{"@id":"https:\/\/eraztunberdeurdina.eus\/es\/charla-para-conocer-la-biodiversidad-de-zingira-20221202\/#breadcrumb"},"inLanguage":"es","potentialAction":[{"@type":"ReadAction","target":["https:\/\/eraztunberdeurdina.eus\/es\/charla-para-conocer-la-biodiversidad-de-zingira-20221202\/"]}]},{"@type":"ImageObject","inLanguage":"es","@id":"https:\/\/eraztunberdeurdina.eus\/es\/charla-para-conocer-la-biodiversidad-de-zingira-20221202\/#primaryimage","url":"https:\/\/eraztunberdeurdina.eus\/wp-content\/uploads\/2022\/12\/Zingira-hitzaldia.png","contentUrl":"https:\/\/eraztunberdeurdina.eus\/wp-content\/uploads\/2022\/12\/Zingira-hitzaldia.png","width":1414,"height":2000},{"@type":"BreadcrumbList","@id":"https:\/\/eraztunberdeurdina.eus\/es\/charla-para-conocer-la-biodiversidad-de-zingira-20221202\/#breadcrumb","itemListElement":[{"@type":"ListItem","position":1,"name":"Home","item":"https:\/\/eraztunberdeurdina.eus\/es\/anillo-verde-azul\/"},{"@type":"ListItem","position":2,"name":"Charla para conocer la biodiversidad de Zingira"}]},{"@type":"WebSite","@id":"https:\/\/eraztunberdeurdina.eus\/#website","url":"https:\/\/eraztunberdeurdina.eus\/","name":"Zarauzko Eraztun Berde Urdina","description":"Herri-inguruko berdeguneen zaintza","publisher":{"@id":"https:\/\/eraztunberdeurdina.eus\/#organization"},"potentialAction":[{"@type":"SearchAction","target":{"@type":"EntryPoint","urlTemplate":"https:\/\/eraztunberdeurdina.eus\/?s={search_term_string}"},"query-input":{"@type":"PropertyValueSpecification","valueRequired":true,"valueName":"search_term_string"}}],"inLanguage":"es"},{"@type":"Organization","@id":"https:\/\/eraztunberdeurdina.eus\/#organization","name":"Zarauzko Eraztun Berde Urdina","url":"https:\/\/eraztunberdeurdina.eus\/","logo":{"@type":"ImageObject","inLanguage":"es","@id":"https:\/\/eraztunberdeurdina.eus\/#\/schema\/logo\/image\/","url":"https:\/\/eraztunberdeurdina.eus\/wp-content\/uploads\/2018\/07\/EBUkoloretan.jpg","contentUrl":"https:\/\/eraztunberdeurdina.eus\/wp-content\/uploads\/2018\/07\/EBUkoloretan.jpg","width":934,"height":687,"caption":"Zarauzko Eraztun Berde Urdina"},"image":{"@id":"https:\/\/eraztunberdeurdina.eus\/#\/schema\/logo\/image\/"}},{"@type":"Person","@id":"https:\/\/eraztunberdeurdina.eus\/#\/schema\/person\/a9c3a9d9ddfc0024a1d798d33b8eb53c","name":"ebu"}]}},"_links":{"self":[{"href":"https:\/\/eraztunberdeurdina.eus\/es\/wp-json\/wp\/v2\/posts\/2540","targetHints":{"allow":["GET"]}}],"collection":[{"href":"https:\/\/eraztunberdeurdina.eus\/es\/wp-json\/wp\/v2\/posts"}],"about":[{"href":"https:\/\/eraztunberdeurdina.eus\/es\/wp-json\/wp\/v2\/types\/post"}],"author":[{"embeddable":true,"href":"https:\/\/eraztunberdeurdina.eus\/es\/wp-json\/wp\/v2\/users\/3"}],"replies":[{"embeddable":true,"href":"https:\/\/eraztunberdeurdina.eus\/es\/wp-json\/wp\/v2\/comments?post=2540"}],"version-history":[{"count":1,"href":"https:\/\/eraztunberdeurdina.eus\/es\/wp-json\/wp\/v2\/posts\/2540\/revisions"}],"predecessor-version":[{"id":2541,"href":"https:\/\/eraztunberdeurdina.eus\/es\/wp-json\/wp\/v2\/posts\/2540\/revisions\/2541"}],"wp:featuredmedia":[{"embeddable":true,"href":"https:\/\/eraztunberdeurdina.eus\/es\/wp-json\/wp\/v2\/media\/2538"}],"wp:attachment":[{"href":"https:\/\/eraztunberdeurdina.eus\/es\/wp-json\/wp\/v2\/media?parent=2540"}],"wp:term":[{"taxonomy":"category","embeddable":true,"href":"https:\/\/eraztunberdeurdina.eus\/es\/wp-json\/wp\/v2\/categories?post=2540"},{"taxonomy":"post_tag","embeddable":true,"href":"https:\/\/eraztunberdeurdina.eus\/es\/wp-json\/wp\/v2\/tags?post=2540"}],"curies":[{"name":"wp","href":"https:\/\/api.w.org\/{rel}","templated":true}]}}