{"id":2566,"date":"2022-12-16T09:41:22","date_gmt":"2022-12-16T08:41:22","guid":{"rendered":"https:\/\/eraztunberdeurdina.eus\/?p=2566"},"modified":"2022-12-20T09:46:11","modified_gmt":"2022-12-20T08:46:11","slug":"charla-sobre-la-charca-de-zingira","status":"publish","type":"post","link":"https:\/\/eraztunberdeurdina.eus\/es\/charla-sobre-la-charca-de-zingira-20221216\/","title":{"rendered":"Charla sobre la charca Zingira"},"content":{"rendered":"<p><span class=\"_aacl _aaco _aacu _aacx _aad7 _aade\">Queremos dar las gracias tambi\u00e9n a todas las personas que acercaron ayer a la charla.<br \/>\nFueron realmente interesantes las explicaciones y los datos que nos proporcion\u00f3 Ion Garin del \u00e1rea de Herpetolog\u00eda de Aranzadi Zientzia Elkartea.<br \/>\nSeguiremos de cerca la evoluci\u00f3n y la situaci\u00f3n de los anfibios, reptiles, caballitos del diablo y lib\u00e9lulas que habitan en la charca <a class=\"x1i10hfl xjbqb8w x6umtig x1b1mbwd xaqea5y xav7gou x9f619 x1ypdohk xt0psk2 xe8uvvx xdj266r x11i5rnm xat24cr x1mh8g0r xexx8yu x4uap5 x18d9i69 xkhd6sd x16tdsg8 x1hl2dhg xggy1nq x1a2a7pz _aa9_ _a6hd\" tabindex=\"0\" role=\"link\" href=\"https:\/\/www.instagram.com\/explore\/tags\/zingira\/\">#Zingira<\/a> ????<\/span><\/p>\n<p><img fetchpriority=\"high\" decoding=\"async\" class=\"alignnone size-medium wp-image-2545\" src=\"https:\/\/eraztunberdeurdina.eus\/wp-content\/uploads\/2022\/12\/320158845_1761913357518590_4445528741484584543_n-600x337.jpg\" alt=\"\" width=\"600\" height=\"337\" srcset=\"https:\/\/eraztunberdeurdina.eus\/wp-content\/uploads\/2022\/12\/320158845_1761913357518590_4445528741484584543_n-600x337.jpg 600w, https:\/\/eraztunberdeurdina.eus\/wp-content\/uploads\/2022\/12\/320158845_1761913357518590_4445528741484584543_n-768x432.jpg 768w, https:\/\/eraztunberdeurdina.eus\/wp-content\/uploads\/2022\/12\/320158845_1761913357518590_4445528741484584543_n.jpg 1080w\" sizes=\"(max-width: 600px) 100vw, 600px\" \/><\/p>\n","protected":false},"excerpt":{"rendered":"<p>Queremos dar las gracias tambi\u00e9n a todas las personas que acercaron ayer a la charla. Fueron realmente interesantes las explicaciones [&hellip;]<\/p>\n","protected":false},"author":3,"featured_media":2545,"comment_status":"closed","ping_status":"closed","sticky":false,"template":"","format":"standard","meta":{"_acf_changed":false,"site-sidebar-layout":"default","site-content-layout":"","ast-site-content-layout":"default","site-content-style":"default","site-sidebar-style":"default","ast-global-header-display":"","ast-banner-title-visibility":"","ast-main-header-display":"","ast-hfb-above-header-display":"","ast-hfb-below-header-display":"","ast-hfb-mobile-header-display":"","site-post-title":"","ast-breadcrumbs-content":"","ast-featured-img":"","footer-sml-layout":"","ast-disable-related-posts":"","theme-transparent-header-meta":"","adv-header-id-meta":"","stick-header-meta":"","header-above-stick-meta":"","header-main-stick-meta":"","header-below-stick-meta":"","astra-migrate-meta-layouts":"default","ast-page-background-enabled":"default","ast-page-background-meta":{"desktop":{"background-color":"var(--ast-global-color-5)","background-image":"","background-repeat":"repeat","background-position":"center center","background-size":"auto","background-attachment":"scroll","background-type":"","background-media":"","overlay-type":"","overlay-color":"","overlay-opacity":"","overlay-gradient":""},"tablet":{"background-color":"","background-image":"","background-repeat":"repeat","background-position":"center center","background-size":"auto","background-attachment":"scroll","background-type":"","background-media":"","overlay-type":"","overlay-color":"","overlay-opacity":"","overlay-gradient":""},"mobile":{"background-color":"","background-image":"","background-repeat":"repeat","background-position":"center center","background-size":"auto","background-attachment":"scroll","background-type":"","background-media":"","overlay-type":"","overlay-color":"","overlay-opacity":"","overlay-gradient":""}},"ast-content-background-meta":{"desktop":{"background-color":"var(--ast-global-color-4)","background-image":"","background-repeat":"repeat","background-position":"center center","background-size":"auto","background-attachment":"scroll","background-type":"","background-media":"","overlay-type":"","overlay-color":"","overlay-opacity":"","overlay-gradient":""},"tablet":{"background-color":"var(--ast-global-color-4)","background-image":"","background-repeat":"repeat","background-position":"center center","background-size":"auto","background-attachment":"scroll","background-type":"","background-media":"","overlay-type":"","overlay-color":"","overlay-opacity":"","overlay-gradient":""},"mobile":{"background-color":"var(--ast-global-color-4)","background-image":"","background-repeat":"repeat","background-position":"center center","background-size":"auto","background-attachment":"scroll","background-type":"","background-media":"","overlay-type":"","overlay-color":"","overlay-opacity":"","overlay-gradient":""}},"footnotes":""},"categories":[86,415],"tags":[53,215,107,108,44,106,101,218,396,416,241,412,346,373,214,113,28,35,219],"class_list":["post-2566","post","type-post","status-publish","format-standard","has-post-thumbnail","hentry","category-actividades","category-zingira-2","tag-alcornocal","tag-anfibios","tag-aranzadi","tag-aranzadi-zientzia-elkartea","tag-arkamurka","tag-ayuntamiento-de-zarautz","tag-biodiversidad","tag-caballitos-del-diablo","tag-charca","tag-entomologia","tag-herpetologia","tag-natura-2000","tag-recorrido-arkamurka","tag-red-natura-2000","tag-reptiles","tag-sociedad-de-ciencias-aranzadi","tag-zarautz","tag-zarauzko-udala","tag-zingira"],"acf":[],"yoast_head":"<!-- This site is optimized with the Yoast SEO plugin v27.1.1 - https:\/\/yoast.com\/product\/yoast-seo-wordpress\/ -->\n<title>Charla sobre la charca Zingira - Anillo Verde Azul de Zarautz<\/title>\n<meta name=\"robots\" content=\"index, follow, max-snippet:-1, max-image-preview:large, max-video-preview:-1\" \/>\n<link rel=\"canonical\" href=\"https:\/\/eraztunberdeurdina.eus\/es\/charla-sobre-la-charca-de-zingira-20221216\/\" \/>\n<meta property=\"og:locale\" content=\"es_ES\" \/>\n<meta property=\"og:type\" content=\"article\" \/>\n<meta property=\"og:title\" content=\"Charla sobre la charca Zingira - Anillo Verde Azul de Zarautz\" \/>\n<meta property=\"og:description\" content=\"Queremos dar las gracias tambi\u00e9n a todas las personas que acercaron ayer a la charla. Fueron realmente interesantes las explicaciones [&hellip;]\" \/>\n<meta property=\"og:url\" content=\"https:\/\/eraztunberdeurdina.eus\/es\/charla-sobre-la-charca-de-zingira-20221216\/\" \/>\n<meta property=\"og:site_name\" content=\"Anillo Verde Azul de Zarautz\" \/>\n<meta property=\"article:published_time\" content=\"2022-12-16T08:41:22+00:00\" \/>\n<meta property=\"article:modified_time\" content=\"2022-12-20T08:46:11+00:00\" \/>\n<meta property=\"og:image\" content=\"https:\/\/eraztunberdeurdina.eus\/wp-content\/uploads\/2022\/12\/320158845_1761913357518590_4445528741484584543_n.jpg\" \/>\n\t<meta property=\"og:image:width\" content=\"1080\" \/>\n\t<meta property=\"og:image:height\" content=\"607\" \/>\n\t<meta property=\"og:image:type\" content=\"image\/jpeg\" \/>\n<meta name=\"author\" content=\"ebu\" \/>\n<meta name=\"twitter:card\" content=\"summary_large_image\" \/>\n<meta name=\"twitter:label1\" content=\"Escrito por\" \/>\n\t<meta name=\"twitter:data1\" content=\"ebu\" \/>\n<script type=\"application\/ld+json\" class=\"yoast-schema-graph\">{\"@context\":\"https:\/\/schema.org\",\"@graph\":[{\"@type\":\"Article\",\"@id\":\"https:\/\/eraztunberdeurdina.eus\/es\/charla-sobre-la-charca-de-zingira-20221216\/#article\",\"isPartOf\":{\"@id\":\"https:\/\/eraztunberdeurdina.eus\/es\/charla-sobre-la-charca-de-zingira-20221216\/\"},\"author\":{\"name\":\"ebu\",\"@id\":\"https:\/\/eraztunberdeurdina.eus\/#\/schema\/person\/a9c3a9d9ddfc0024a1d798d33b8eb53c\"},\"headline\":\"Charla sobre la charca Zingira\",\"datePublished\":\"2022-12-16T08:41:22+00:00\",\"dateModified\":\"2022-12-20T08:46:11+00:00\",\"mainEntityOfPage\":{\"@id\":\"https:\/\/eraztunberdeurdina.eus\/es\/charla-sobre-la-charca-de-zingira-20221216\/\"},\"wordCount\":69,\"publisher\":{\"@id\":\"https:\/\/eraztunberdeurdina.eus\/#organization\"},\"image\":{\"@id\":\"https:\/\/eraztunberdeurdina.eus\/es\/charla-sobre-la-charca-de-zingira-20221216\/#primaryimage\"},\"thumbnailUrl\":\"https:\/\/eraztunberdeurdina.eus\/wp-content\/uploads\/2022\/12\/320158845_1761913357518590_4445528741484584543_n.jpg\",\"keywords\":[\"alcornocal\",\"anfibios\",\"Aranzadi\",\"Aranzadi Zientzia Elkartea\",\"arkamurka\",\"Ayuntamiento de Zarautz\",\"biodiversidad\",\"caballitos del diablo\",\"charca\",\"Entomolog\u00eda\",\"herpetologia\",\"Natura 2000\",\"Recorrido Arkamurka\",\"red Natura 2000\",\"reptiles\",\"Sociedad de Ciencias Aranzadi\",\"Zarautz\",\"Zarauzko Udala\",\"Zingira\"],\"articleSection\":[\"Actividades\",\"Zingira\"],\"inLanguage\":\"es\"},{\"@type\":\"WebPage\",\"@id\":\"https:\/\/eraztunberdeurdina.eus\/es\/charla-sobre-la-charca-de-zingira-20221216\/\",\"url\":\"https:\/\/eraztunberdeurdina.eus\/es\/charla-sobre-la-charca-de-zingira-20221216\/\",\"name\":\"Charla sobre la charca Zingira - Anillo Verde Azul de Zarautz\",\"isPartOf\":{\"@id\":\"https:\/\/eraztunberdeurdina.eus\/#website\"},\"primaryImageOfPage\":{\"@id\":\"https:\/\/eraztunberdeurdina.eus\/es\/charla-sobre-la-charca-de-zingira-20221216\/#primaryimage\"},\"image\":{\"@id\":\"https:\/\/eraztunberdeurdina.eus\/es\/charla-sobre-la-charca-de-zingira-20221216\/#primaryimage\"},\"thumbnailUrl\":\"https:\/\/eraztunberdeurdina.eus\/wp-content\/uploads\/2022\/12\/320158845_1761913357518590_4445528741484584543_n.jpg\",\"datePublished\":\"2022-12-16T08:41:22+00:00\",\"dateModified\":\"2022-12-20T08:46:11+00:00\",\"breadcrumb\":{\"@id\":\"https:\/\/eraztunberdeurdina.eus\/es\/charla-sobre-la-charca-de-zingira-20221216\/#breadcrumb\"},\"inLanguage\":\"es\",\"potentialAction\":[{\"@type\":\"ReadAction\",\"target\":[\"https:\/\/eraztunberdeurdina.eus\/es\/charla-sobre-la-charca-de-zingira-20221216\/\"]}]},{\"@type\":\"ImageObject\",\"inLanguage\":\"es\",\"@id\":\"https:\/\/eraztunberdeurdina.eus\/es\/charla-sobre-la-charca-de-zingira-20221216\/#primaryimage\",\"url\":\"https:\/\/eraztunberdeurdina.eus\/wp-content\/uploads\/2022\/12\/320158845_1761913357518590_4445528741484584543_n.jpg\",\"contentUrl\":\"https:\/\/eraztunberdeurdina.eus\/wp-content\/uploads\/2022\/12\/320158845_1761913357518590_4445528741484584543_n.jpg\",\"width\":1080,\"height\":607},{\"@type\":\"BreadcrumbList\",\"@id\":\"https:\/\/eraztunberdeurdina.eus\/es\/charla-sobre-la-charca-de-zingira-20221216\/#breadcrumb\",\"itemListElement\":[{\"@type\":\"ListItem\",\"position\":1,\"name\":\"Home\",\"item\":\"https:\/\/eraztunberdeurdina.eus\/es\/anillo-verde-azul\/\"},{\"@type\":\"ListItem\",\"position\":2,\"name\":\"Charla sobre la charca Zingira\"}]},{\"@type\":\"WebSite\",\"@id\":\"https:\/\/eraztunberdeurdina.eus\/#website\",\"url\":\"https:\/\/eraztunberdeurdina.eus\/\",\"name\":\"Zarauzko Eraztun Berde Urdina\",\"description\":\"Herri-inguruko berdeguneen zaintza\",\"publisher\":{\"@id\":\"https:\/\/eraztunberdeurdina.eus\/#organization\"},\"potentialAction\":[{\"@type\":\"SearchAction\",\"target\":{\"@type\":\"EntryPoint\",\"urlTemplate\":\"https:\/\/eraztunberdeurdina.eus\/?s={search_term_string}\"},\"query-input\":{\"@type\":\"PropertyValueSpecification\",\"valueRequired\":true,\"valueName\":\"search_term_string\"}}],\"inLanguage\":\"es\"},{\"@type\":\"Organization\",\"@id\":\"https:\/\/eraztunberdeurdina.eus\/#organization\",\"name\":\"Zarauzko Eraztun Berde Urdina\",\"url\":\"https:\/\/eraztunberdeurdina.eus\/\",\"logo\":{\"@type\":\"ImageObject\",\"inLanguage\":\"es\",\"@id\":\"https:\/\/eraztunberdeurdina.eus\/#\/schema\/logo\/image\/\",\"url\":\"https:\/\/eraztunberdeurdina.eus\/wp-content\/uploads\/2018\/07\/EBUkoloretan.jpg\",\"contentUrl\":\"https:\/\/eraztunberdeurdina.eus\/wp-content\/uploads\/2018\/07\/EBUkoloretan.jpg\",\"width\":934,\"height\":687,\"caption\":\"Zarauzko Eraztun Berde Urdina\"},\"image\":{\"@id\":\"https:\/\/eraztunberdeurdina.eus\/#\/schema\/logo\/image\/\"}},{\"@type\":\"Person\",\"@id\":\"https:\/\/eraztunberdeurdina.eus\/#\/schema\/person\/a9c3a9d9ddfc0024a1d798d33b8eb53c\",\"name\":\"ebu\"}]}<\/script>\n<!-- \/ Yoast SEO plugin. -->","yoast_head_json":{"title":"Charla sobre la charca Zingira - Anillo Verde Azul de Zarautz","robots":{"index":"index","follow":"follow","max-snippet":"max-snippet:-1","max-image-preview":"max-image-preview:large","max-video-preview":"max-video-preview:-1"},"canonical":"https:\/\/eraztunberdeurdina.eus\/es\/charla-sobre-la-charca-de-zingira-20221216\/","og_locale":"es_ES","og_type":"article","og_title":"Charla sobre la charca Zingira - Anillo Verde Azul de Zarautz","og_description":"Queremos dar las gracias tambi\u00e9n a todas las personas que acercaron ayer a la charla. Fueron realmente interesantes las explicaciones [&hellip;]","og_url":"https:\/\/eraztunberdeurdina.eus\/es\/charla-sobre-la-charca-de-zingira-20221216\/","og_site_name":"Anillo Verde Azul de Zarautz","article_published_time":"2022-12-16T08:41:22+00:00","article_modified_time":"2022-12-20T08:46:11+00:00","og_image":[{"width":1080,"height":607,"url":"https:\/\/eraztunberdeurdina.eus\/wp-content\/uploads\/2022\/12\/320158845_1761913357518590_4445528741484584543_n.jpg","type":"image\/jpeg"}],"author":"ebu","twitter_card":"summary_large_image","twitter_misc":{"Escrito por":"ebu"},"schema":{"@context":"https:\/\/schema.org","@graph":[{"@type":"Article","@id":"https:\/\/eraztunberdeurdina.eus\/es\/charla-sobre-la-charca-de-zingira-20221216\/#article","isPartOf":{"@id":"https:\/\/eraztunberdeurdina.eus\/es\/charla-sobre-la-charca-de-zingira-20221216\/"},"author":{"name":"ebu","@id":"https:\/\/eraztunberdeurdina.eus\/#\/schema\/person\/a9c3a9d9ddfc0024a1d798d33b8eb53c"},"headline":"Charla sobre la charca Zingira","datePublished":"2022-12-16T08:41:22+00:00","dateModified":"2022-12-20T08:46:11+00:00","mainEntityOfPage":{"@id":"https:\/\/eraztunberdeurdina.eus\/es\/charla-sobre-la-charca-de-zingira-20221216\/"},"wordCount":69,"publisher":{"@id":"https:\/\/eraztunberdeurdina.eus\/#organization"},"image":{"@id":"https:\/\/eraztunberdeurdina.eus\/es\/charla-sobre-la-charca-de-zingira-20221216\/#primaryimage"},"thumbnailUrl":"https:\/\/eraztunberdeurdina.eus\/wp-content\/uploads\/2022\/12\/320158845_1761913357518590_4445528741484584543_n.jpg","keywords":["alcornocal","anfibios","Aranzadi","Aranzadi Zientzia Elkartea","arkamurka","Ayuntamiento de Zarautz","biodiversidad","caballitos del diablo","charca","Entomolog\u00eda","herpetologia","Natura 2000","Recorrido Arkamurka","red Natura 2000","reptiles","Sociedad de Ciencias Aranzadi","Zarautz","Zarauzko Udala","Zingira"],"articleSection":["Actividades","Zingira"],"inLanguage":"es"},{"@type":"WebPage","@id":"https:\/\/eraztunberdeurdina.eus\/es\/charla-sobre-la-charca-de-zingira-20221216\/","url":"https:\/\/eraztunberdeurdina.eus\/es\/charla-sobre-la-charca-de-zingira-20221216\/","name":"Charla sobre la charca Zingira - Anillo Verde Azul de Zarautz","isPartOf":{"@id":"https:\/\/eraztunberdeurdina.eus\/#website"},"primaryImageOfPage":{"@id":"https:\/\/eraztunberdeurdina.eus\/es\/charla-sobre-la-charca-de-zingira-20221216\/#primaryimage"},"image":{"@id":"https:\/\/eraztunberdeurdina.eus\/es\/charla-sobre-la-charca-de-zingira-20221216\/#primaryimage"},"thumbnailUrl":"https:\/\/eraztunberdeurdina.eus\/wp-content\/uploads\/2022\/12\/320158845_1761913357518590_4445528741484584543_n.jpg","datePublished":"2022-12-16T08:41:22+00:00","dateModified":"2022-12-20T08:46:11+00:00","breadcrumb":{"@id":"https:\/\/eraztunberdeurdina.eus\/es\/charla-sobre-la-charca-de-zingira-20221216\/#breadcrumb"},"inLanguage":"es","potentialAction":[{"@type":"ReadAction","target":["https:\/\/eraztunberdeurdina.eus\/es\/charla-sobre-la-charca-de-zingira-20221216\/"]}]},{"@type":"ImageObject","inLanguage":"es","@id":"https:\/\/eraztunberdeurdina.eus\/es\/charla-sobre-la-charca-de-zingira-20221216\/#primaryimage","url":"https:\/\/eraztunberdeurdina.eus\/wp-content\/uploads\/2022\/12\/320158845_1761913357518590_4445528741484584543_n.jpg","contentUrl":"https:\/\/eraztunberdeurdina.eus\/wp-content\/uploads\/2022\/12\/320158845_1761913357518590_4445528741484584543_n.jpg","width":1080,"height":607},{"@type":"BreadcrumbList","@id":"https:\/\/eraztunberdeurdina.eus\/es\/charla-sobre-la-charca-de-zingira-20221216\/#breadcrumb","itemListElement":[{"@type":"ListItem","position":1,"name":"Home","item":"https:\/\/eraztunberdeurdina.eus\/es\/anillo-verde-azul\/"},{"@type":"ListItem","position":2,"name":"Charla sobre la charca Zingira"}]},{"@type":"WebSite","@id":"https:\/\/eraztunberdeurdina.eus\/#website","url":"https:\/\/eraztunberdeurdina.eus\/","name":"Zarauzko Eraztun Berde Urdina","description":"Herri-inguruko berdeguneen zaintza","publisher":{"@id":"https:\/\/eraztunberdeurdina.eus\/#organization"},"potentialAction":[{"@type":"SearchAction","target":{"@type":"EntryPoint","urlTemplate":"https:\/\/eraztunberdeurdina.eus\/?s={search_term_string}"},"query-input":{"@type":"PropertyValueSpecification","valueRequired":true,"valueName":"search_term_string"}}],"inLanguage":"es"},{"@type":"Organization","@id":"https:\/\/eraztunberdeurdina.eus\/#organization","name":"Zarauzko Eraztun Berde Urdina","url":"https:\/\/eraztunberdeurdina.eus\/","logo":{"@type":"ImageObject","inLanguage":"es","@id":"https:\/\/eraztunberdeurdina.eus\/#\/schema\/logo\/image\/","url":"https:\/\/eraztunberdeurdina.eus\/wp-content\/uploads\/2018\/07\/EBUkoloretan.jpg","contentUrl":"https:\/\/eraztunberdeurdina.eus\/wp-content\/uploads\/2018\/07\/EBUkoloretan.jpg","width":934,"height":687,"caption":"Zarauzko Eraztun Berde Urdina"},"image":{"@id":"https:\/\/eraztunberdeurdina.eus\/#\/schema\/logo\/image\/"}},{"@type":"Person","@id":"https:\/\/eraztunberdeurdina.eus\/#\/schema\/person\/a9c3a9d9ddfc0024a1d798d33b8eb53c","name":"ebu"}]}},"_links":{"self":[{"href":"https:\/\/eraztunberdeurdina.eus\/es\/wp-json\/wp\/v2\/posts\/2566","targetHints":{"allow":["GET"]}}],"collection":[{"href":"https:\/\/eraztunberdeurdina.eus\/es\/wp-json\/wp\/v2\/posts"}],"about":[{"href":"https:\/\/eraztunberdeurdina.eus\/es\/wp-json\/wp\/v2\/types\/post"}],"author":[{"embeddable":true,"href":"https:\/\/eraztunberdeurdina.eus\/es\/wp-json\/wp\/v2\/users\/3"}],"replies":[{"embeddable":true,"href":"https:\/\/eraztunberdeurdina.eus\/es\/wp-json\/wp\/v2\/comments?post=2566"}],"version-history":[{"count":2,"href":"https:\/\/eraztunberdeurdina.eus\/es\/wp-json\/wp\/v2\/posts\/2566\/revisions"}],"predecessor-version":[{"id":2568,"href":"https:\/\/eraztunberdeurdina.eus\/es\/wp-json\/wp\/v2\/posts\/2566\/revisions\/2568"}],"wp:featuredmedia":[{"embeddable":true,"href":"https:\/\/eraztunberdeurdina.eus\/es\/wp-json\/wp\/v2\/media\/2545"}],"wp:attachment":[{"href":"https:\/\/eraztunberdeurdina.eus\/es\/wp-json\/wp\/v2\/media?parent=2566"}],"wp:term":[{"taxonomy":"category","embeddable":true,"href":"https:\/\/eraztunberdeurdina.eus\/es\/wp-json\/wp\/v2\/categories?post=2566"},{"taxonomy":"post_tag","embeddable":true,"href":"https:\/\/eraztunberdeurdina.eus\/es\/wp-json\/wp\/v2\/tags?post=2566"}],"curies":[{"name":"wp","href":"https:\/\/api.w.org\/{rel}","templated":true}]}}