{"id":2609,"date":"2023-01-16T10:43:43","date_gmt":"2023-01-16T09:43:43","guid":{"rendered":"https:\/\/eraztunberdeurdina.eus\/?p=2609"},"modified":"2023-01-17T11:04:33","modified_gmt":"2023-01-17T10:04:33","slug":"el-domingo-investigaremos-los-microplasticos-y-las-basuras-marinas-de-la-playa","status":"publish","type":"post","link":"https:\/\/eraztunberdeurdina.eus\/es\/el-domingo-investigaremos-los-microplasticos-y-las-basuras-marinas-de-la-playa-20230116\/","title":{"rendered":"El domingo investigaremos los micropl\u00e1sticos y las basuras marinas de la playa"},"content":{"rendered":"<p>El 22 de enero realizaremos el an\u00e1lisis de los micropl\u00e1sticos y las basuras marinas de la playa a trav\u00e9s de la ciencia ciudadana con la ayuda del Museo Ecoactivo MATER y el voluntariado de CIMASUB. Despu\u00e9s se realizar\u00e1 por las calles de <span class=\"xv78j7m xt0e3qv\" spellcheck=\"false\">#Zarautz<\/span> la Marcha de los Gigantes del Mar. Ser\u00e1 una actividad bonita para trabajar en equio, cuidar el medio ambiente y para reflexionar sobre los problemas que generan los micropl\u00e1sticos y las basuras marinas en nuestros mares.<\/p>\n<p>\u00a1Inscr\u00edbete y participa!<br \/>\n<span class=\"x1xsqp64 xiy17q3 x1o6pynw x19co3pv xdj266r xcwd3tp xat24cr x39eecv x2b8uid\" data-testid=\"emoji\"><span class=\"xexx8yu xn5pp95 x18d9i69 x2fxd7x x1yqt14a x1bhl96m\">?<\/span><\/span><br \/>\nzarautz@eraztunberdeurdina.eus<br \/>\n943005159<\/p>\n<p>+Info: <a class=\"x1fey0fg xmper1u x1edh9d7\" href=\"labur.eus\/herritarrenzientzia\">labur.eus\/herritarrenzientzia<\/a><\/p>\n<p>&nbsp;<\/p>\n<p>&nbsp;<\/p>\n<p><img fetchpriority=\"high\" decoding=\"async\" class=\"alignnone size-medium wp-image-2600\" src=\"https:\/\/eraztunberdeurdina.eus\/wp-content\/uploads\/2023\/01\/Instagram-600x600.png\" alt=\"\" width=\"600\" height=\"600\" srcset=\"https:\/\/eraztunberdeurdina.eus\/wp-content\/uploads\/2023\/01\/Instagram-600x600.png 600w, https:\/\/eraztunberdeurdina.eus\/wp-content\/uploads\/2023\/01\/Instagram-300x300.png 300w, https:\/\/eraztunberdeurdina.eus\/wp-content\/uploads\/2023\/01\/Instagram-768x768.png 768w, https:\/\/eraztunberdeurdina.eus\/wp-content\/uploads\/2023\/01\/Instagram-85x85.png 85w, https:\/\/eraztunberdeurdina.eus\/wp-content\/uploads\/2023\/01\/Instagram-500x500.png 500w, https:\/\/eraztunberdeurdina.eus\/wp-content\/uploads\/2023\/01\/Instagram.png 1080w\" sizes=\"(max-width: 600px) 100vw, 600px\" \/><\/p>\n","protected":false},"excerpt":{"rendered":"<p>El 22 de enero realizaremos el an\u00e1lisis de los micropl\u00e1sticos y las basuras marinas de la playa a trav\u00e9s de [&hellip;]<\/p>\n","protected":false},"author":3,"featured_media":2600,"comment_status":"closed","ping_status":"closed","sticky":false,"template":"","format":"standard","meta":{"_acf_changed":false,"site-sidebar-layout":"default","site-content-layout":"","ast-site-content-layout":"default","site-content-style":"default","site-sidebar-style":"default","ast-global-header-display":"","ast-banner-title-visibility":"","ast-main-header-display":"","ast-hfb-above-header-display":"","ast-hfb-below-header-display":"","ast-hfb-mobile-header-display":"","site-post-title":"","ast-breadcrumbs-content":"","ast-featured-img":"","footer-sml-layout":"","ast-disable-related-posts":"","theme-transparent-header-meta":"","adv-header-id-meta":"","stick-header-meta":"","header-above-stick-meta":"","header-main-stick-meta":"","header-below-stick-meta":"","astra-migrate-meta-layouts":"default","ast-page-background-enabled":"default","ast-page-background-meta":{"desktop":{"background-color":"var(--ast-global-color-5)","background-image":"","background-repeat":"repeat","background-position":"center center","background-size":"auto","background-attachment":"scroll","background-type":"","background-media":"","overlay-type":"","overlay-color":"","overlay-opacity":"","overlay-gradient":""},"tablet":{"background-color":"","background-image":"","background-repeat":"repeat","background-position":"center center","background-size":"auto","background-attachment":"scroll","background-type":"","background-media":"","overlay-type":"","overlay-color":"","overlay-opacity":"","overlay-gradient":""},"mobile":{"background-color":"","background-image":"","background-repeat":"repeat","background-position":"center center","background-size":"auto","background-attachment":"scroll","background-type":"","background-media":"","overlay-type":"","overlay-color":"","overlay-opacity":"","overlay-gradient":""}},"ast-content-background-meta":{"desktop":{"background-color":"var(--ast-global-color-4)","background-image":"","background-repeat":"repeat","background-position":"center center","background-size":"auto","background-attachment":"scroll","background-type":"","background-media":"","overlay-type":"","overlay-color":"","overlay-opacity":"","overlay-gradient":""},"tablet":{"background-color":"var(--ast-global-color-4)","background-image":"","background-repeat":"repeat","background-position":"center center","background-size":"auto","background-attachment":"scroll","background-type":"","background-media":"","overlay-type":"","overlay-color":"","overlay-opacity":"","overlay-gradient":""},"mobile":{"background-color":"var(--ast-global-color-4)","background-image":"","background-repeat":"repeat","background-position":"center center","background-size":"auto","background-attachment":"scroll","background-type":"","background-media":"","overlay-type":"","overlay-color":"","overlay-opacity":"","overlay-gradient":""}},"footnotes":""},"categories":[263],"tags":[106,294,249,131,242,135,290,295,39,264,28,35],"class_list":["post-2609","post","type-post","status-publish","format-standard","has-post-thumbnail","hentry","category-sensibilizacion","tag-ayuntamiento-de-zarautz","tag-basuras-marinas","tag-ciencia-ciudadana","tag-cimasub","tag-herritarren-zientzia","tag-mar","tag-mater","tag-microplasticos","tag-natura","tag-sensibilizacion","tag-zarautz","tag-zarauzko-udala"],"acf":[],"yoast_head":"<!-- This site is optimized with the Yoast SEO plugin v27.1.1 - https:\/\/yoast.com\/product\/yoast-seo-wordpress\/ -->\n<title>El domingo investigaremos los micropl\u00e1sticos y las basuras marinas de la playa - Anillo Verde Azul de Zarautz<\/title>\n<meta name=\"robots\" content=\"index, follow, max-snippet:-1, max-image-preview:large, max-video-preview:-1\" \/>\n<link rel=\"canonical\" href=\"https:\/\/eraztunberdeurdina.eus\/es\/el-domingo-investigaremos-los-microplasticos-y-las-basuras-marinas-de-la-playa-20230116\/\" \/>\n<meta property=\"og:locale\" content=\"es_ES\" \/>\n<meta property=\"og:type\" content=\"article\" \/>\n<meta property=\"og:title\" content=\"El domingo investigaremos los micropl\u00e1sticos y las basuras marinas de la playa - Anillo Verde Azul de Zarautz\" \/>\n<meta property=\"og:description\" content=\"El 22 de enero realizaremos el an\u00e1lisis de los micropl\u00e1sticos y las basuras marinas de la playa a trav\u00e9s de [&hellip;]\" \/>\n<meta property=\"og:url\" content=\"https:\/\/eraztunberdeurdina.eus\/es\/el-domingo-investigaremos-los-microplasticos-y-las-basuras-marinas-de-la-playa-20230116\/\" \/>\n<meta property=\"og:site_name\" content=\"Anillo Verde Azul de Zarautz\" \/>\n<meta property=\"article:published_time\" content=\"2023-01-16T09:43:43+00:00\" \/>\n<meta property=\"article:modified_time\" content=\"2023-01-17T10:04:33+00:00\" \/>\n<meta property=\"og:image\" content=\"https:\/\/eraztunberdeurdina.eus\/wp-content\/uploads\/2023\/01\/Instagram.png\" \/>\n\t<meta property=\"og:image:width\" content=\"1080\" \/>\n\t<meta property=\"og:image:height\" content=\"1080\" \/>\n\t<meta property=\"og:image:type\" content=\"image\/png\" \/>\n<meta name=\"author\" content=\"ebu\" \/>\n<meta name=\"twitter:card\" content=\"summary_large_image\" \/>\n<meta name=\"twitter:label1\" content=\"Escrito por\" \/>\n\t<meta name=\"twitter:data1\" content=\"ebu\" \/>\n<script type=\"application\/ld+json\" class=\"yoast-schema-graph\">{\"@context\":\"https:\/\/schema.org\",\"@graph\":[{\"@type\":\"Article\",\"@id\":\"https:\/\/eraztunberdeurdina.eus\/es\/el-domingo-investigaremos-los-microplasticos-y-las-basuras-marinas-de-la-playa-20230116\/#article\",\"isPartOf\":{\"@id\":\"https:\/\/eraztunberdeurdina.eus\/es\/el-domingo-investigaremos-los-microplasticos-y-las-basuras-marinas-de-la-playa-20230116\/\"},\"author\":{\"name\":\"ebu\",\"@id\":\"https:\/\/eraztunberdeurdina.eus\/#\/schema\/person\/a9c3a9d9ddfc0024a1d798d33b8eb53c\"},\"headline\":\"El domingo investigaremos los micropl\u00e1sticos y las basuras marinas de la playa\",\"datePublished\":\"2023-01-16T09:43:43+00:00\",\"dateModified\":\"2023-01-17T10:04:33+00:00\",\"mainEntityOfPage\":{\"@id\":\"https:\/\/eraztunberdeurdina.eus\/es\/el-domingo-investigaremos-los-microplasticos-y-las-basuras-marinas-de-la-playa-20230116\/\"},\"wordCount\":109,\"publisher\":{\"@id\":\"https:\/\/eraztunberdeurdina.eus\/#organization\"},\"image\":{\"@id\":\"https:\/\/eraztunberdeurdina.eus\/es\/el-domingo-investigaremos-los-microplasticos-y-las-basuras-marinas-de-la-playa-20230116\/#primaryimage\"},\"thumbnailUrl\":\"https:\/\/eraztunberdeurdina.eus\/wp-content\/uploads\/2023\/01\/Instagram.png\",\"keywords\":[\"Ayuntamiento de Zarautz\",\"basuras marinas\",\"Ciencia ciudadana\",\"CIMASUB\",\"Herritarren Zientzia\",\"mar\",\"MATER\",\"micropl\u00e1sticos\",\"natura\",\"sensibilizaci\u00f3n\",\"Zarautz\",\"Zarauzko Udala\"],\"articleSection\":[\"sensibilizaci\u00f3n\"],\"inLanguage\":\"es\"},{\"@type\":\"WebPage\",\"@id\":\"https:\/\/eraztunberdeurdina.eus\/es\/el-domingo-investigaremos-los-microplasticos-y-las-basuras-marinas-de-la-playa-20230116\/\",\"url\":\"https:\/\/eraztunberdeurdina.eus\/es\/el-domingo-investigaremos-los-microplasticos-y-las-basuras-marinas-de-la-playa-20230116\/\",\"name\":\"El domingo investigaremos los micropl\u00e1sticos y las basuras marinas de la playa - Anillo Verde Azul de Zarautz\",\"isPartOf\":{\"@id\":\"https:\/\/eraztunberdeurdina.eus\/#website\"},\"primaryImageOfPage\":{\"@id\":\"https:\/\/eraztunberdeurdina.eus\/es\/el-domingo-investigaremos-los-microplasticos-y-las-basuras-marinas-de-la-playa-20230116\/#primaryimage\"},\"image\":{\"@id\":\"https:\/\/eraztunberdeurdina.eus\/es\/el-domingo-investigaremos-los-microplasticos-y-las-basuras-marinas-de-la-playa-20230116\/#primaryimage\"},\"thumbnailUrl\":\"https:\/\/eraztunberdeurdina.eus\/wp-content\/uploads\/2023\/01\/Instagram.png\",\"datePublished\":\"2023-01-16T09:43:43+00:00\",\"dateModified\":\"2023-01-17T10:04:33+00:00\",\"breadcrumb\":{\"@id\":\"https:\/\/eraztunberdeurdina.eus\/es\/el-domingo-investigaremos-los-microplasticos-y-las-basuras-marinas-de-la-playa-20230116\/#breadcrumb\"},\"inLanguage\":\"es\",\"potentialAction\":[{\"@type\":\"ReadAction\",\"target\":[\"https:\/\/eraztunberdeurdina.eus\/es\/el-domingo-investigaremos-los-microplasticos-y-las-basuras-marinas-de-la-playa-20230116\/\"]}]},{\"@type\":\"ImageObject\",\"inLanguage\":\"es\",\"@id\":\"https:\/\/eraztunberdeurdina.eus\/es\/el-domingo-investigaremos-los-microplasticos-y-las-basuras-marinas-de-la-playa-20230116\/#primaryimage\",\"url\":\"https:\/\/eraztunberdeurdina.eus\/wp-content\/uploads\/2023\/01\/Instagram.png\",\"contentUrl\":\"https:\/\/eraztunberdeurdina.eus\/wp-content\/uploads\/2023\/01\/Instagram.png\",\"width\":1080,\"height\":1080},{\"@type\":\"BreadcrumbList\",\"@id\":\"https:\/\/eraztunberdeurdina.eus\/es\/el-domingo-investigaremos-los-microplasticos-y-las-basuras-marinas-de-la-playa-20230116\/#breadcrumb\",\"itemListElement\":[{\"@type\":\"ListItem\",\"position\":1,\"name\":\"Home\",\"item\":\"https:\/\/eraztunberdeurdina.eus\/es\/anillo-verde-azul\/\"},{\"@type\":\"ListItem\",\"position\":2,\"name\":\"El domingo investigaremos los micropl\u00e1sticos y las basuras marinas de la playa\"}]},{\"@type\":\"WebSite\",\"@id\":\"https:\/\/eraztunberdeurdina.eus\/#website\",\"url\":\"https:\/\/eraztunberdeurdina.eus\/\",\"name\":\"Zarauzko Eraztun Berde Urdina\",\"description\":\"Herri-inguruko berdeguneen zaintza\",\"publisher\":{\"@id\":\"https:\/\/eraztunberdeurdina.eus\/#organization\"},\"potentialAction\":[{\"@type\":\"SearchAction\",\"target\":{\"@type\":\"EntryPoint\",\"urlTemplate\":\"https:\/\/eraztunberdeurdina.eus\/?s={search_term_string}\"},\"query-input\":{\"@type\":\"PropertyValueSpecification\",\"valueRequired\":true,\"valueName\":\"search_term_string\"}}],\"inLanguage\":\"es\"},{\"@type\":\"Organization\",\"@id\":\"https:\/\/eraztunberdeurdina.eus\/#organization\",\"name\":\"Zarauzko Eraztun Berde Urdina\",\"url\":\"https:\/\/eraztunberdeurdina.eus\/\",\"logo\":{\"@type\":\"ImageObject\",\"inLanguage\":\"es\",\"@id\":\"https:\/\/eraztunberdeurdina.eus\/#\/schema\/logo\/image\/\",\"url\":\"https:\/\/eraztunberdeurdina.eus\/wp-content\/uploads\/2018\/07\/EBUkoloretan.jpg\",\"contentUrl\":\"https:\/\/eraztunberdeurdina.eus\/wp-content\/uploads\/2018\/07\/EBUkoloretan.jpg\",\"width\":934,\"height\":687,\"caption\":\"Zarauzko Eraztun Berde Urdina\"},\"image\":{\"@id\":\"https:\/\/eraztunberdeurdina.eus\/#\/schema\/logo\/image\/\"}},{\"@type\":\"Person\",\"@id\":\"https:\/\/eraztunberdeurdina.eus\/#\/schema\/person\/a9c3a9d9ddfc0024a1d798d33b8eb53c\",\"name\":\"ebu\"}]}<\/script>\n<!-- \/ Yoast SEO plugin. -->","yoast_head_json":{"title":"El domingo investigaremos los micropl\u00e1sticos y las basuras marinas de la playa - Anillo Verde Azul de Zarautz","robots":{"index":"index","follow":"follow","max-snippet":"max-snippet:-1","max-image-preview":"max-image-preview:large","max-video-preview":"max-video-preview:-1"},"canonical":"https:\/\/eraztunberdeurdina.eus\/es\/el-domingo-investigaremos-los-microplasticos-y-las-basuras-marinas-de-la-playa-20230116\/","og_locale":"es_ES","og_type":"article","og_title":"El domingo investigaremos los micropl\u00e1sticos y las basuras marinas de la playa - Anillo Verde Azul de Zarautz","og_description":"El 22 de enero realizaremos el an\u00e1lisis de los micropl\u00e1sticos y las basuras marinas de la playa a trav\u00e9s de [&hellip;]","og_url":"https:\/\/eraztunberdeurdina.eus\/es\/el-domingo-investigaremos-los-microplasticos-y-las-basuras-marinas-de-la-playa-20230116\/","og_site_name":"Anillo Verde Azul de Zarautz","article_published_time":"2023-01-16T09:43:43+00:00","article_modified_time":"2023-01-17T10:04:33+00:00","og_image":[{"width":1080,"height":1080,"url":"https:\/\/eraztunberdeurdina.eus\/wp-content\/uploads\/2023\/01\/Instagram.png","type":"image\/png"}],"author":"ebu","twitter_card":"summary_large_image","twitter_misc":{"Escrito por":"ebu"},"schema":{"@context":"https:\/\/schema.org","@graph":[{"@type":"Article","@id":"https:\/\/eraztunberdeurdina.eus\/es\/el-domingo-investigaremos-los-microplasticos-y-las-basuras-marinas-de-la-playa-20230116\/#article","isPartOf":{"@id":"https:\/\/eraztunberdeurdina.eus\/es\/el-domingo-investigaremos-los-microplasticos-y-las-basuras-marinas-de-la-playa-20230116\/"},"author":{"name":"ebu","@id":"https:\/\/eraztunberdeurdina.eus\/#\/schema\/person\/a9c3a9d9ddfc0024a1d798d33b8eb53c"},"headline":"El domingo investigaremos los micropl\u00e1sticos y las basuras marinas de la playa","datePublished":"2023-01-16T09:43:43+00:00","dateModified":"2023-01-17T10:04:33+00:00","mainEntityOfPage":{"@id":"https:\/\/eraztunberdeurdina.eus\/es\/el-domingo-investigaremos-los-microplasticos-y-las-basuras-marinas-de-la-playa-20230116\/"},"wordCount":109,"publisher":{"@id":"https:\/\/eraztunberdeurdina.eus\/#organization"},"image":{"@id":"https:\/\/eraztunberdeurdina.eus\/es\/el-domingo-investigaremos-los-microplasticos-y-las-basuras-marinas-de-la-playa-20230116\/#primaryimage"},"thumbnailUrl":"https:\/\/eraztunberdeurdina.eus\/wp-content\/uploads\/2023\/01\/Instagram.png","keywords":["Ayuntamiento de Zarautz","basuras marinas","Ciencia ciudadana","CIMASUB","Herritarren Zientzia","mar","MATER","micropl\u00e1sticos","natura","sensibilizaci\u00f3n","Zarautz","Zarauzko Udala"],"articleSection":["sensibilizaci\u00f3n"],"inLanguage":"es"},{"@type":"WebPage","@id":"https:\/\/eraztunberdeurdina.eus\/es\/el-domingo-investigaremos-los-microplasticos-y-las-basuras-marinas-de-la-playa-20230116\/","url":"https:\/\/eraztunberdeurdina.eus\/es\/el-domingo-investigaremos-los-microplasticos-y-las-basuras-marinas-de-la-playa-20230116\/","name":"El domingo investigaremos los micropl\u00e1sticos y las basuras marinas de la playa - Anillo Verde Azul de Zarautz","isPartOf":{"@id":"https:\/\/eraztunberdeurdina.eus\/#website"},"primaryImageOfPage":{"@id":"https:\/\/eraztunberdeurdina.eus\/es\/el-domingo-investigaremos-los-microplasticos-y-las-basuras-marinas-de-la-playa-20230116\/#primaryimage"},"image":{"@id":"https:\/\/eraztunberdeurdina.eus\/es\/el-domingo-investigaremos-los-microplasticos-y-las-basuras-marinas-de-la-playa-20230116\/#primaryimage"},"thumbnailUrl":"https:\/\/eraztunberdeurdina.eus\/wp-content\/uploads\/2023\/01\/Instagram.png","datePublished":"2023-01-16T09:43:43+00:00","dateModified":"2023-01-17T10:04:33+00:00","breadcrumb":{"@id":"https:\/\/eraztunberdeurdina.eus\/es\/el-domingo-investigaremos-los-microplasticos-y-las-basuras-marinas-de-la-playa-20230116\/#breadcrumb"},"inLanguage":"es","potentialAction":[{"@type":"ReadAction","target":["https:\/\/eraztunberdeurdina.eus\/es\/el-domingo-investigaremos-los-microplasticos-y-las-basuras-marinas-de-la-playa-20230116\/"]}]},{"@type":"ImageObject","inLanguage":"es","@id":"https:\/\/eraztunberdeurdina.eus\/es\/el-domingo-investigaremos-los-microplasticos-y-las-basuras-marinas-de-la-playa-20230116\/#primaryimage","url":"https:\/\/eraztunberdeurdina.eus\/wp-content\/uploads\/2023\/01\/Instagram.png","contentUrl":"https:\/\/eraztunberdeurdina.eus\/wp-content\/uploads\/2023\/01\/Instagram.png","width":1080,"height":1080},{"@type":"BreadcrumbList","@id":"https:\/\/eraztunberdeurdina.eus\/es\/el-domingo-investigaremos-los-microplasticos-y-las-basuras-marinas-de-la-playa-20230116\/#breadcrumb","itemListElement":[{"@type":"ListItem","position":1,"name":"Home","item":"https:\/\/eraztunberdeurdina.eus\/es\/anillo-verde-azul\/"},{"@type":"ListItem","position":2,"name":"El domingo investigaremos los micropl\u00e1sticos y las basuras marinas de la playa"}]},{"@type":"WebSite","@id":"https:\/\/eraztunberdeurdina.eus\/#website","url":"https:\/\/eraztunberdeurdina.eus\/","name":"Zarauzko Eraztun Berde Urdina","description":"Herri-inguruko berdeguneen zaintza","publisher":{"@id":"https:\/\/eraztunberdeurdina.eus\/#organization"},"potentialAction":[{"@type":"SearchAction","target":{"@type":"EntryPoint","urlTemplate":"https:\/\/eraztunberdeurdina.eus\/?s={search_term_string}"},"query-input":{"@type":"PropertyValueSpecification","valueRequired":true,"valueName":"search_term_string"}}],"inLanguage":"es"},{"@type":"Organization","@id":"https:\/\/eraztunberdeurdina.eus\/#organization","name":"Zarauzko Eraztun Berde Urdina","url":"https:\/\/eraztunberdeurdina.eus\/","logo":{"@type":"ImageObject","inLanguage":"es","@id":"https:\/\/eraztunberdeurdina.eus\/#\/schema\/logo\/image\/","url":"https:\/\/eraztunberdeurdina.eus\/wp-content\/uploads\/2018\/07\/EBUkoloretan.jpg","contentUrl":"https:\/\/eraztunberdeurdina.eus\/wp-content\/uploads\/2018\/07\/EBUkoloretan.jpg","width":934,"height":687,"caption":"Zarauzko Eraztun Berde Urdina"},"image":{"@id":"https:\/\/eraztunberdeurdina.eus\/#\/schema\/logo\/image\/"}},{"@type":"Person","@id":"https:\/\/eraztunberdeurdina.eus\/#\/schema\/person\/a9c3a9d9ddfc0024a1d798d33b8eb53c","name":"ebu"}]}},"_links":{"self":[{"href":"https:\/\/eraztunberdeurdina.eus\/es\/wp-json\/wp\/v2\/posts\/2609","targetHints":{"allow":["GET"]}}],"collection":[{"href":"https:\/\/eraztunberdeurdina.eus\/es\/wp-json\/wp\/v2\/posts"}],"about":[{"href":"https:\/\/eraztunberdeurdina.eus\/es\/wp-json\/wp\/v2\/types\/post"}],"author":[{"embeddable":true,"href":"https:\/\/eraztunberdeurdina.eus\/es\/wp-json\/wp\/v2\/users\/3"}],"replies":[{"embeddable":true,"href":"https:\/\/eraztunberdeurdina.eus\/es\/wp-json\/wp\/v2\/comments?post=2609"}],"version-history":[{"count":4,"href":"https:\/\/eraztunberdeurdina.eus\/es\/wp-json\/wp\/v2\/posts\/2609\/revisions"}],"predecessor-version":[{"id":2614,"href":"https:\/\/eraztunberdeurdina.eus\/es\/wp-json\/wp\/v2\/posts\/2609\/revisions\/2614"}],"wp:featuredmedia":[{"embeddable":true,"href":"https:\/\/eraztunberdeurdina.eus\/es\/wp-json\/wp\/v2\/media\/2600"}],"wp:attachment":[{"href":"https:\/\/eraztunberdeurdina.eus\/es\/wp-json\/wp\/v2\/media?parent=2609"}],"wp:term":[{"taxonomy":"category","embeddable":true,"href":"https:\/\/eraztunberdeurdina.eus\/es\/wp-json\/wp\/v2\/categories?post=2609"},{"taxonomy":"post_tag","embeddable":true,"href":"https:\/\/eraztunberdeurdina.eus\/es\/wp-json\/wp\/v2\/tags?post=2609"}],"curies":[{"name":"wp","href":"https:\/\/api.w.org\/{rel}","templated":true}]}}