{"id":2638,"date":"2023-02-01T15:33:56","date_gmt":"2023-02-01T14:33:56","guid":{"rendered":"https:\/\/eraztunberdeurdina.eus\/?p=2638"},"modified":"2023-02-01T15:33:56","modified_gmt":"2023-02-01T14:33:56","slug":"el-ciclo-internacional-de-cine-submarino-llega-a-zarautz","status":"publish","type":"post","link":"https:\/\/eraztunberdeurdina.eus\/es\/el-ciclo-internacional-de-cine-submarino-llega-a-zarautz-20230201\/","title":{"rendered":"El Ciclo Internacional de Cine Submarino llega a Zarautz"},"content":{"rendered":"<div class=\"x11i5rnm xat24cr x1mh8g0r x1vvkbs xtlvy1s x126k92a\">\n<div dir=\"auto\">Hoy comienza el Ciclo Internacional de Cine Submarino Cimasub, el Txikiziklo para los centros escolares y la exposici\u00f3n de fotograf\u00eda submarina.<\/div>\n<\/div>\n<div class=\"x11i5rnm xat24cr x1mh8g0r x1vvkbs xtlvy1s x126k92a\">\n<div dir=\"auto\"><\/div>\n<div dir=\"auto\">\u00a1No te lo pierdas!<\/div>\n<div dir=\"auto\"><\/div>\n<\/div>\n<div class=\"x11i5rnm xat24cr x1mh8g0r x1vvkbs xtlvy1s x126k92a\">\n<div dir=\"auto\"><span class=\"x3nfvp2 x1j61x8r x1fcty0u xdj266r xhhsvwb xat24cr xgzva0m xxymvpz xlup9mm x1kky2od\"><img decoding=\"async\" src=\"https:\/\/static.xx.fbcdn.net\/images\/emoji.php\/v9\/td7\/1.5\/16\/1f40b.png\" alt=\"?\" width=\"16\" height=\"16\" \/><\/span><span class=\"x3nfvp2 x1j61x8r x1fcty0u xdj266r xhhsvwb xat24cr xgzva0m xxymvpz xlup9mm x1kky2od\"><img decoding=\"async\" src=\"https:\/\/static.xx.fbcdn.net\/images\/emoji.php\/v9\/t58\/1.5\/16\/1f3a5.png\" alt=\"?\" width=\"16\" height=\"16\" \/><\/span> Proyecciones: d\u00edas 1, 8 y 15 de febrero, en la Sala Modelo a las 19:00h. Cada mi\u00e9rcoles tendremos una proyecci\u00f3n diferente.<\/div>\n<div dir=\"auto\"><\/div>\n<\/div>\n<div class=\"x11i5rnm xat24cr x1mh8g0r x1vvkbs xtlvy1s x126k92a\">\n<div dir=\"auto\"><span class=\"x3nfvp2 x1j61x8r x1fcty0u xdj266r xhhsvwb xat24cr xgzva0m xxymvpz xlup9mm x1kky2od\"><img decoding=\"async\" src=\"https:\/\/static.xx.fbcdn.net\/images\/emoji.php\/v9\/tb6\/1.5\/16\/1f4f7.png\" alt=\"?\" width=\"16\" height=\"16\" \/><\/span> Exposici\u00f3n fotograf\u00eda submarina del 1 al 16 de febrero en Merkatu Plaza.<\/div>\n<div dir=\"auto\">Mi\u00e9rcoles a viernes: 17:00-19:00<\/div>\n<div dir=\"auto\">S\u00e1bado-domingo: 12:00-13:00<\/div>\n<\/div>\n<div class=\"x11i5rnm xat24cr x1mh8g0r x1vvkbs xtlvy1s x126k92a\">\n<div dir=\"auto\">\u00a1Entradas GRATUITAS!<\/div>\n<\/div>\n<p>&nbsp;<\/p>\n<p><span class=\"x193iq5w xeuugli x13faqbe x1vvkbs x1xmvt09 x1lliihq x1s928wv xhkezso x1gmr53x x1cpjm7i x1fgarty x1943h6x xudqn12 x3x7a5m x6prxxf xvq8zen xo1l8bm xzsf02u x1yc453h\" dir=\"auto\"> En el festival realizaremos un fant\u00e1stico viaje hacia los m\u00e1s bellos fondos subacu\u00e1ticos con el objetivo de transmitir y extender una sensibilidad especial por nuestros mares y oc\u00e9anos. <\/span><\/p>\n<p><img loading=\"lazy\" decoding=\"async\" class=\"alignnone size-medium wp-image-2636\" src=\"https:\/\/eraztunberdeurdina.eus\/wp-content\/uploads\/2023\/02\/WhatsApp-Image-2023-01-31-at-11.08.22-600x593.jpeg\" alt=\"\" width=\"600\" height=\"593\" srcset=\"https:\/\/eraztunberdeurdina.eus\/wp-content\/uploads\/2023\/02\/WhatsApp-Image-2023-01-31-at-11.08.22-600x593.jpeg 600w, https:\/\/eraztunberdeurdina.eus\/wp-content\/uploads\/2023\/02\/WhatsApp-Image-2023-01-31-at-11.08.22-768x759.jpeg 768w, https:\/\/eraztunberdeurdina.eus\/wp-content\/uploads\/2023\/02\/WhatsApp-Image-2023-01-31-at-11.08.22-85x85.jpeg 85w, https:\/\/eraztunberdeurdina.eus\/wp-content\/uploads\/2023\/02\/WhatsApp-Image-2023-01-31-at-11.08.22.jpeg 1080w\" sizes=\"(max-width: 600px) 100vw, 600px\" \/><\/p>\n","protected":false},"excerpt":{"rendered":"<p>Hoy comienza el Ciclo Internacional de Cine Submarino Cimasub, el Txikiziklo para los centros escolares y la exposici\u00f3n de fotograf\u00eda [&hellip;]<\/p>\n","protected":false},"author":3,"featured_media":2636,"comment_status":"closed","ping_status":"closed","sticky":false,"template":"","format":"standard","meta":{"_acf_changed":false,"site-sidebar-layout":"default","site-content-layout":"","ast-site-content-layout":"default","site-content-style":"default","site-sidebar-style":"default","ast-global-header-display":"","ast-banner-title-visibility":"","ast-main-header-display":"","ast-hfb-above-header-display":"","ast-hfb-below-header-display":"","ast-hfb-mobile-header-display":"","site-post-title":"","ast-breadcrumbs-content":"","ast-featured-img":"","footer-sml-layout":"","ast-disable-related-posts":"","theme-transparent-header-meta":"","adv-header-id-meta":"","stick-header-meta":"","header-above-stick-meta":"","header-main-stick-meta":"","header-below-stick-meta":"","astra-migrate-meta-layouts":"default","ast-page-background-enabled":"default","ast-page-background-meta":{"desktop":{"background-color":"var(--ast-global-color-5)","background-image":"","background-repeat":"repeat","background-position":"center center","background-size":"auto","background-attachment":"scroll","background-type":"","background-media":"","overlay-type":"","overlay-color":"","overlay-opacity":"","overlay-gradient":""},"tablet":{"background-color":"","background-image":"","background-repeat":"repeat","background-position":"center center","background-size":"auto","background-attachment":"scroll","background-type":"","background-media":"","overlay-type":"","overlay-color":"","overlay-opacity":"","overlay-gradient":""},"mobile":{"background-color":"","background-image":"","background-repeat":"repeat","background-position":"center center","background-size":"auto","background-attachment":"scroll","background-type":"","background-media":"","overlay-type":"","overlay-color":"","overlay-opacity":"","overlay-gradient":""}},"ast-content-background-meta":{"desktop":{"background-color":"var(--ast-global-color-4)","background-image":"","background-repeat":"repeat","background-position":"center center","background-size":"auto","background-attachment":"scroll","background-type":"","background-media":"","overlay-type":"","overlay-color":"","overlay-opacity":"","overlay-gradient":""},"tablet":{"background-color":"var(--ast-global-color-4)","background-image":"","background-repeat":"repeat","background-position":"center center","background-size":"auto","background-attachment":"scroll","background-type":"","background-media":"","overlay-type":"","overlay-color":"","overlay-opacity":"","overlay-gradient":""},"mobile":{"background-color":"var(--ast-global-color-4)","background-image":"","background-repeat":"repeat","background-position":"center center","background-size":"auto","background-attachment":"scroll","background-type":"","background-media":"","overlay-type":"","overlay-color":"","overlay-opacity":"","overlay-gradient":""}},"footnotes":""},"categories":[263,23],"tags":[106,101,432,131,134,34,135,72,71,264,433,28,35],"class_list":["post-2638","post","type-post","status-publish","format-standard","has-post-thumbnail","hentry","category-sensibilizacion","category-sin-categorizar","tag-ayuntamiento-de-zarautz","tag-biodiversidad","tag-ciclo-internacional-de-cine-submarino","tag-cimasub","tag-cine-submarino","tag-eraztun-berde-urdina","tag-mar","tag-medio-ambiente","tag-oceanos","tag-sensibilizacion","tag-txikiziklo","tag-zarautz","tag-zarauzko-udala"],"acf":[],"yoast_head":"<!-- This site is optimized with the Yoast SEO plugin v27.1.1 - https:\/\/yoast.com\/product\/yoast-seo-wordpress\/ -->\n<title>El Ciclo Internacional de Cine Submarino llega a Zarautz - Anillo Verde Azul de Zarautz<\/title>\n<meta name=\"robots\" content=\"index, follow, max-snippet:-1, max-image-preview:large, max-video-preview:-1\" \/>\n<link rel=\"canonical\" href=\"https:\/\/eraztunberdeurdina.eus\/es\/el-ciclo-internacional-de-cine-submarino-llega-a-zarautz-20230201\/\" \/>\n<meta property=\"og:locale\" content=\"es_ES\" \/>\n<meta property=\"og:type\" content=\"article\" \/>\n<meta property=\"og:title\" content=\"El Ciclo Internacional de Cine Submarino llega a Zarautz - Anillo Verde Azul de Zarautz\" \/>\n<meta property=\"og:description\" content=\"Hoy comienza el Ciclo Internacional de Cine Submarino Cimasub, el Txikiziklo para los centros escolares y la exposici\u00f3n de fotograf\u00eda [&hellip;]\" \/>\n<meta property=\"og:url\" content=\"https:\/\/eraztunberdeurdina.eus\/es\/el-ciclo-internacional-de-cine-submarino-llega-a-zarautz-20230201\/\" \/>\n<meta property=\"og:site_name\" content=\"Anillo Verde Azul de Zarautz\" \/>\n<meta property=\"article:published_time\" content=\"2023-02-01T14:33:56+00:00\" \/>\n<meta property=\"og:image\" content=\"https:\/\/eraztunberdeurdina.eus\/wp-content\/uploads\/2023\/02\/WhatsApp-Image-2023-01-31-at-11.08.22.jpeg\" \/>\n\t<meta property=\"og:image:width\" content=\"1080\" \/>\n\t<meta property=\"og:image:height\" content=\"1068\" \/>\n\t<meta property=\"og:image:type\" content=\"image\/jpeg\" \/>\n<meta name=\"author\" content=\"ebu\" \/>\n<meta name=\"twitter:card\" content=\"summary_large_image\" \/>\n<meta name=\"twitter:label1\" content=\"Escrito por\" \/>\n\t<meta name=\"twitter:data1\" content=\"ebu\" \/>\n\t<meta name=\"twitter:label2\" content=\"Tiempo de lectura\" \/>\n\t<meta name=\"twitter:data2\" content=\"1 minuto\" \/>\n<script type=\"application\/ld+json\" class=\"yoast-schema-graph\">{\"@context\":\"https:\/\/schema.org\",\"@graph\":[{\"@type\":\"Article\",\"@id\":\"https:\/\/eraztunberdeurdina.eus\/es\/el-ciclo-internacional-de-cine-submarino-llega-a-zarautz-20230201\/#article\",\"isPartOf\":{\"@id\":\"https:\/\/eraztunberdeurdina.eus\/es\/el-ciclo-internacional-de-cine-submarino-llega-a-zarautz-20230201\/\"},\"author\":{\"name\":\"ebu\",\"@id\":\"https:\/\/eraztunberdeurdina.eus\/#\/schema\/person\/a9c3a9d9ddfc0024a1d798d33b8eb53c\"},\"headline\":\"El Ciclo Internacional de Cine Submarino llega a Zarautz\",\"datePublished\":\"2023-02-01T14:33:56+00:00\",\"mainEntityOfPage\":{\"@id\":\"https:\/\/eraztunberdeurdina.eus\/es\/el-ciclo-internacional-de-cine-submarino-llega-a-zarautz-20230201\/\"},\"wordCount\":112,\"publisher\":{\"@id\":\"https:\/\/eraztunberdeurdina.eus\/#organization\"},\"image\":{\"@id\":\"https:\/\/eraztunberdeurdina.eus\/es\/el-ciclo-internacional-de-cine-submarino-llega-a-zarautz-20230201\/#primaryimage\"},\"thumbnailUrl\":\"https:\/\/eraztunberdeurdina.eus\/wp-content\/uploads\/2023\/02\/WhatsApp-Image-2023-01-31-at-11.08.22.jpeg\",\"keywords\":[\"Ayuntamiento de Zarautz\",\"biodiversidad\",\"ciclo internacional de cine submarino\",\"CIMASUB\",\"cine submarino\",\"Eraztun Berde Urdina\",\"mar\",\"Medio Ambiente\",\"oc\u00e9anos\",\"sensibilizaci\u00f3n\",\"Txikiziklo\",\"Zarautz\",\"Zarauzko Udala\"],\"articleSection\":[\"sensibilizaci\u00f3n\",\"Sin categorizar\"],\"inLanguage\":\"es\"},{\"@type\":\"WebPage\",\"@id\":\"https:\/\/eraztunberdeurdina.eus\/es\/el-ciclo-internacional-de-cine-submarino-llega-a-zarautz-20230201\/\",\"url\":\"https:\/\/eraztunberdeurdina.eus\/es\/el-ciclo-internacional-de-cine-submarino-llega-a-zarautz-20230201\/\",\"name\":\"El Ciclo Internacional de Cine Submarino llega a Zarautz - Anillo Verde Azul de Zarautz\",\"isPartOf\":{\"@id\":\"https:\/\/eraztunberdeurdina.eus\/#website\"},\"primaryImageOfPage\":{\"@id\":\"https:\/\/eraztunberdeurdina.eus\/es\/el-ciclo-internacional-de-cine-submarino-llega-a-zarautz-20230201\/#primaryimage\"},\"image\":{\"@id\":\"https:\/\/eraztunberdeurdina.eus\/es\/el-ciclo-internacional-de-cine-submarino-llega-a-zarautz-20230201\/#primaryimage\"},\"thumbnailUrl\":\"https:\/\/eraztunberdeurdina.eus\/wp-content\/uploads\/2023\/02\/WhatsApp-Image-2023-01-31-at-11.08.22.jpeg\",\"datePublished\":\"2023-02-01T14:33:56+00:00\",\"breadcrumb\":{\"@id\":\"https:\/\/eraztunberdeurdina.eus\/es\/el-ciclo-internacional-de-cine-submarino-llega-a-zarautz-20230201\/#breadcrumb\"},\"inLanguage\":\"es\",\"potentialAction\":[{\"@type\":\"ReadAction\",\"target\":[\"https:\/\/eraztunberdeurdina.eus\/es\/el-ciclo-internacional-de-cine-submarino-llega-a-zarautz-20230201\/\"]}]},{\"@type\":\"ImageObject\",\"inLanguage\":\"es\",\"@id\":\"https:\/\/eraztunberdeurdina.eus\/es\/el-ciclo-internacional-de-cine-submarino-llega-a-zarautz-20230201\/#primaryimage\",\"url\":\"https:\/\/eraztunberdeurdina.eus\/wp-content\/uploads\/2023\/02\/WhatsApp-Image-2023-01-31-at-11.08.22.jpeg\",\"contentUrl\":\"https:\/\/eraztunberdeurdina.eus\/wp-content\/uploads\/2023\/02\/WhatsApp-Image-2023-01-31-at-11.08.22.jpeg\",\"width\":1080,\"height\":1068},{\"@type\":\"BreadcrumbList\",\"@id\":\"https:\/\/eraztunberdeurdina.eus\/es\/el-ciclo-internacional-de-cine-submarino-llega-a-zarautz-20230201\/#breadcrumb\",\"itemListElement\":[{\"@type\":\"ListItem\",\"position\":1,\"name\":\"Home\",\"item\":\"https:\/\/eraztunberdeurdina.eus\/es\/anillo-verde-azul\/\"},{\"@type\":\"ListItem\",\"position\":2,\"name\":\"El Ciclo Internacional de Cine Submarino llega a Zarautz\"}]},{\"@type\":\"WebSite\",\"@id\":\"https:\/\/eraztunberdeurdina.eus\/#website\",\"url\":\"https:\/\/eraztunberdeurdina.eus\/\",\"name\":\"Zarauzko Eraztun Berde Urdina\",\"description\":\"Herri-inguruko berdeguneen zaintza\",\"publisher\":{\"@id\":\"https:\/\/eraztunberdeurdina.eus\/#organization\"},\"potentialAction\":[{\"@type\":\"SearchAction\",\"target\":{\"@type\":\"EntryPoint\",\"urlTemplate\":\"https:\/\/eraztunberdeurdina.eus\/?s={search_term_string}\"},\"query-input\":{\"@type\":\"PropertyValueSpecification\",\"valueRequired\":true,\"valueName\":\"search_term_string\"}}],\"inLanguage\":\"es\"},{\"@type\":\"Organization\",\"@id\":\"https:\/\/eraztunberdeurdina.eus\/#organization\",\"name\":\"Zarauzko Eraztun Berde Urdina\",\"url\":\"https:\/\/eraztunberdeurdina.eus\/\",\"logo\":{\"@type\":\"ImageObject\",\"inLanguage\":\"es\",\"@id\":\"https:\/\/eraztunberdeurdina.eus\/#\/schema\/logo\/image\/\",\"url\":\"https:\/\/eraztunberdeurdina.eus\/wp-content\/uploads\/2018\/07\/EBUkoloretan.jpg\",\"contentUrl\":\"https:\/\/eraztunberdeurdina.eus\/wp-content\/uploads\/2018\/07\/EBUkoloretan.jpg\",\"width\":934,\"height\":687,\"caption\":\"Zarauzko Eraztun Berde Urdina\"},\"image\":{\"@id\":\"https:\/\/eraztunberdeurdina.eus\/#\/schema\/logo\/image\/\"}},{\"@type\":\"Person\",\"@id\":\"https:\/\/eraztunberdeurdina.eus\/#\/schema\/person\/a9c3a9d9ddfc0024a1d798d33b8eb53c\",\"name\":\"ebu\"}]}<\/script>\n<!-- \/ Yoast SEO plugin. -->","yoast_head_json":{"title":"El Ciclo Internacional de Cine Submarino llega a Zarautz - Anillo Verde Azul de Zarautz","robots":{"index":"index","follow":"follow","max-snippet":"max-snippet:-1","max-image-preview":"max-image-preview:large","max-video-preview":"max-video-preview:-1"},"canonical":"https:\/\/eraztunberdeurdina.eus\/es\/el-ciclo-internacional-de-cine-submarino-llega-a-zarautz-20230201\/","og_locale":"es_ES","og_type":"article","og_title":"El Ciclo Internacional de Cine Submarino llega a Zarautz - Anillo Verde Azul de Zarautz","og_description":"Hoy comienza el Ciclo Internacional de Cine Submarino Cimasub, el Txikiziklo para los centros escolares y la exposici\u00f3n de fotograf\u00eda [&hellip;]","og_url":"https:\/\/eraztunberdeurdina.eus\/es\/el-ciclo-internacional-de-cine-submarino-llega-a-zarautz-20230201\/","og_site_name":"Anillo Verde Azul de Zarautz","article_published_time":"2023-02-01T14:33:56+00:00","og_image":[{"width":1080,"height":1068,"url":"https:\/\/eraztunberdeurdina.eus\/wp-content\/uploads\/2023\/02\/WhatsApp-Image-2023-01-31-at-11.08.22.jpeg","type":"image\/jpeg"}],"author":"ebu","twitter_card":"summary_large_image","twitter_misc":{"Escrito por":"ebu","Tiempo de lectura":"1 minuto"},"schema":{"@context":"https:\/\/schema.org","@graph":[{"@type":"Article","@id":"https:\/\/eraztunberdeurdina.eus\/es\/el-ciclo-internacional-de-cine-submarino-llega-a-zarautz-20230201\/#article","isPartOf":{"@id":"https:\/\/eraztunberdeurdina.eus\/es\/el-ciclo-internacional-de-cine-submarino-llega-a-zarautz-20230201\/"},"author":{"name":"ebu","@id":"https:\/\/eraztunberdeurdina.eus\/#\/schema\/person\/a9c3a9d9ddfc0024a1d798d33b8eb53c"},"headline":"El Ciclo Internacional de Cine Submarino llega a Zarautz","datePublished":"2023-02-01T14:33:56+00:00","mainEntityOfPage":{"@id":"https:\/\/eraztunberdeurdina.eus\/es\/el-ciclo-internacional-de-cine-submarino-llega-a-zarautz-20230201\/"},"wordCount":112,"publisher":{"@id":"https:\/\/eraztunberdeurdina.eus\/#organization"},"image":{"@id":"https:\/\/eraztunberdeurdina.eus\/es\/el-ciclo-internacional-de-cine-submarino-llega-a-zarautz-20230201\/#primaryimage"},"thumbnailUrl":"https:\/\/eraztunberdeurdina.eus\/wp-content\/uploads\/2023\/02\/WhatsApp-Image-2023-01-31-at-11.08.22.jpeg","keywords":["Ayuntamiento de Zarautz","biodiversidad","ciclo internacional de cine submarino","CIMASUB","cine submarino","Eraztun Berde Urdina","mar","Medio Ambiente","oc\u00e9anos","sensibilizaci\u00f3n","Txikiziklo","Zarautz","Zarauzko Udala"],"articleSection":["sensibilizaci\u00f3n","Sin categorizar"],"inLanguage":"es"},{"@type":"WebPage","@id":"https:\/\/eraztunberdeurdina.eus\/es\/el-ciclo-internacional-de-cine-submarino-llega-a-zarautz-20230201\/","url":"https:\/\/eraztunberdeurdina.eus\/es\/el-ciclo-internacional-de-cine-submarino-llega-a-zarautz-20230201\/","name":"El Ciclo Internacional de Cine Submarino llega a Zarautz - Anillo Verde Azul de Zarautz","isPartOf":{"@id":"https:\/\/eraztunberdeurdina.eus\/#website"},"primaryImageOfPage":{"@id":"https:\/\/eraztunberdeurdina.eus\/es\/el-ciclo-internacional-de-cine-submarino-llega-a-zarautz-20230201\/#primaryimage"},"image":{"@id":"https:\/\/eraztunberdeurdina.eus\/es\/el-ciclo-internacional-de-cine-submarino-llega-a-zarautz-20230201\/#primaryimage"},"thumbnailUrl":"https:\/\/eraztunberdeurdina.eus\/wp-content\/uploads\/2023\/02\/WhatsApp-Image-2023-01-31-at-11.08.22.jpeg","datePublished":"2023-02-01T14:33:56+00:00","breadcrumb":{"@id":"https:\/\/eraztunberdeurdina.eus\/es\/el-ciclo-internacional-de-cine-submarino-llega-a-zarautz-20230201\/#breadcrumb"},"inLanguage":"es","potentialAction":[{"@type":"ReadAction","target":["https:\/\/eraztunberdeurdina.eus\/es\/el-ciclo-internacional-de-cine-submarino-llega-a-zarautz-20230201\/"]}]},{"@type":"ImageObject","inLanguage":"es","@id":"https:\/\/eraztunberdeurdina.eus\/es\/el-ciclo-internacional-de-cine-submarino-llega-a-zarautz-20230201\/#primaryimage","url":"https:\/\/eraztunberdeurdina.eus\/wp-content\/uploads\/2023\/02\/WhatsApp-Image-2023-01-31-at-11.08.22.jpeg","contentUrl":"https:\/\/eraztunberdeurdina.eus\/wp-content\/uploads\/2023\/02\/WhatsApp-Image-2023-01-31-at-11.08.22.jpeg","width":1080,"height":1068},{"@type":"BreadcrumbList","@id":"https:\/\/eraztunberdeurdina.eus\/es\/el-ciclo-internacional-de-cine-submarino-llega-a-zarautz-20230201\/#breadcrumb","itemListElement":[{"@type":"ListItem","position":1,"name":"Home","item":"https:\/\/eraztunberdeurdina.eus\/es\/anillo-verde-azul\/"},{"@type":"ListItem","position":2,"name":"El Ciclo Internacional de Cine Submarino llega a Zarautz"}]},{"@type":"WebSite","@id":"https:\/\/eraztunberdeurdina.eus\/#website","url":"https:\/\/eraztunberdeurdina.eus\/","name":"Zarauzko Eraztun Berde Urdina","description":"Herri-inguruko berdeguneen zaintza","publisher":{"@id":"https:\/\/eraztunberdeurdina.eus\/#organization"},"potentialAction":[{"@type":"SearchAction","target":{"@type":"EntryPoint","urlTemplate":"https:\/\/eraztunberdeurdina.eus\/?s={search_term_string}"},"query-input":{"@type":"PropertyValueSpecification","valueRequired":true,"valueName":"search_term_string"}}],"inLanguage":"es"},{"@type":"Organization","@id":"https:\/\/eraztunberdeurdina.eus\/#organization","name":"Zarauzko Eraztun Berde Urdina","url":"https:\/\/eraztunberdeurdina.eus\/","logo":{"@type":"ImageObject","inLanguage":"es","@id":"https:\/\/eraztunberdeurdina.eus\/#\/schema\/logo\/image\/","url":"https:\/\/eraztunberdeurdina.eus\/wp-content\/uploads\/2018\/07\/EBUkoloretan.jpg","contentUrl":"https:\/\/eraztunberdeurdina.eus\/wp-content\/uploads\/2018\/07\/EBUkoloretan.jpg","width":934,"height":687,"caption":"Zarauzko Eraztun Berde Urdina"},"image":{"@id":"https:\/\/eraztunberdeurdina.eus\/#\/schema\/logo\/image\/"}},{"@type":"Person","@id":"https:\/\/eraztunberdeurdina.eus\/#\/schema\/person\/a9c3a9d9ddfc0024a1d798d33b8eb53c","name":"ebu"}]}},"_links":{"self":[{"href":"https:\/\/eraztunberdeurdina.eus\/es\/wp-json\/wp\/v2\/posts\/2638","targetHints":{"allow":["GET"]}}],"collection":[{"href":"https:\/\/eraztunberdeurdina.eus\/es\/wp-json\/wp\/v2\/posts"}],"about":[{"href":"https:\/\/eraztunberdeurdina.eus\/es\/wp-json\/wp\/v2\/types\/post"}],"author":[{"embeddable":true,"href":"https:\/\/eraztunberdeurdina.eus\/es\/wp-json\/wp\/v2\/users\/3"}],"replies":[{"embeddable":true,"href":"https:\/\/eraztunberdeurdina.eus\/es\/wp-json\/wp\/v2\/comments?post=2638"}],"version-history":[{"count":1,"href":"https:\/\/eraztunberdeurdina.eus\/es\/wp-json\/wp\/v2\/posts\/2638\/revisions"}],"predecessor-version":[{"id":2639,"href":"https:\/\/eraztunberdeurdina.eus\/es\/wp-json\/wp\/v2\/posts\/2638\/revisions\/2639"}],"wp:featuredmedia":[{"embeddable":true,"href":"https:\/\/eraztunberdeurdina.eus\/es\/wp-json\/wp\/v2\/media\/2636"}],"wp:attachment":[{"href":"https:\/\/eraztunberdeurdina.eus\/es\/wp-json\/wp\/v2\/media?parent=2638"}],"wp:term":[{"taxonomy":"category","embeddable":true,"href":"https:\/\/eraztunberdeurdina.eus\/es\/wp-json\/wp\/v2\/categories?post=2638"},{"taxonomy":"post_tag","embeddable":true,"href":"https:\/\/eraztunberdeurdina.eus\/es\/wp-json\/wp\/v2\/tags?post=2638"}],"curies":[{"name":"wp","href":"https:\/\/api.w.org\/{rel}","templated":true}]}}