{"id":2648,"date":"2023-02-02T22:06:08","date_gmt":"2023-02-02T21:06:08","guid":{"rendered":"https:\/\/eraztunberdeurdina.eus\/?p=2648"},"modified":"2023-02-02T14:17:13","modified_gmt":"2023-02-02T13:17:13","slug":"comienza-cimasub-el-ciclo-internacional-de-cine-submarino-de-zarautz","status":"publish","type":"post","link":"https:\/\/eraztunberdeurdina.eus\/es\/comienza-cimasub-el-ciclo-internacional-de-cine-submarino-de-zarautz-20230202\/","title":{"rendered":"Comienza CIMASUB, el Ciclo Internacional de Cine Submarino de Zarautz"},"content":{"rendered":"<div dir=\"auto\">Hoy hemos dado comienzo al Ciclo Internacional de Cine Submarino Cimasub<\/div>\n<div dir=\"auto\">Por la ma\u00f1ana 300 estudiantes de 5\u00b0 y 6\u00b0 de \u00a0Zarauzko Ikastola y Orokieta han participado en el Txikiziklo.<\/div>\n<div dir=\"auto\">Despu\u00e9s se ha realizado la apertura de la exposici\u00f3n de fotograf\u00eda submarina y al atardecer se ha podido disfrutar de las primera proyecci\u00f3n del ciclo de cine submarino.<\/div>\n<div dir=\"auto\">\u00a1Muchas gracias a todas las personas que se han acercado!<\/div>\n<div dir=\"auto\">Recuerda <span class=\"x3nfvp2 x1j61x8r x1fcty0u xdj266r xhhsvwb xat24cr xgzva0m xxymvpz xlup9mm x1kky2od\"><img decoding=\"async\" src=\"https:\/\/static.xx.fbcdn.net\/images\/emoji.php\/v9\/ta8\/1.5\/16\/1f447.png\" alt=\"?\" width=\"16\" height=\"16\" \/><\/span><\/div>\n<div dir=\"auto\"><span class=\"x3nfvp2 x1j61x8r x1fcty0u xdj266r xhhsvwb xat24cr xgzva0m xxymvpz xlup9mm x1kky2od\"><img decoding=\"async\" src=\"https:\/\/static.xx.fbcdn.net\/images\/emoji.php\/v9\/t63\/1.5\/16\/1f4fd.png\" alt=\"?\ufe0f\" width=\"16\" height=\"16\" \/><\/span> Las pr\u00f3ximas proyecciones ser\u00e1n el 8 y el 15 de febrero a las 19:00 en Modelo cinema.<\/div>\n<div dir=\"auto\">\u00a1ENTRADAS GRATUITAS!<\/div>\n<div dir=\"auto\"><span class=\"x3nfvp2 x1j61x8r x1fcty0u xdj266r xhhsvwb xat24cr xgzva0m xxymvpz xlup9mm x1kky2od\"><img decoding=\"async\" src=\"https:\/\/static.xx.fbcdn.net\/images\/emoji.php\/v9\/tb6\/1.5\/16\/1f4f7.png\" alt=\"?\" width=\"16\" height=\"16\" \/><\/span> La exposici\u00f3n de fotos se podr\u00e1 visitar hasta el 16 de febrero en Merkatu Plaza.<\/div>\n<div dir=\"auto\">Mi\u00e9rcoles a viernes:<\/div>\n<div dir=\"auto\">17:00-19:00<\/div>\n<div dir=\"auto\">S\u00e1bados y domingos:<\/div>\n<div dir=\"auto\">12:00-14:00<\/div>\n<div dir=\"auto\"><\/div>\n<p><img loading=\"lazy\" decoding=\"async\" class=\"alignnone size-medium wp-image-2644\" src=\"https:\/\/eraztunberdeurdina.eus\/wp-content\/uploads\/2023\/02\/txikizikloa-600x600.jpg\" alt=\"\" width=\"600\" height=\"600\" srcset=\"https:\/\/eraztunberdeurdina.eus\/wp-content\/uploads\/2023\/02\/txikizikloa-600x600.jpg 600w, https:\/\/eraztunberdeurdina.eus\/wp-content\/uploads\/2023\/02\/txikizikloa-300x300.jpg 300w, https:\/\/eraztunberdeurdina.eus\/wp-content\/uploads\/2023\/02\/txikizikloa-768x768.jpg 768w, https:\/\/eraztunberdeurdina.eus\/wp-content\/uploads\/2023\/02\/txikizikloa-85x85.jpg 85w, https:\/\/eraztunberdeurdina.eus\/wp-content\/uploads\/2023\/02\/txikizikloa-500x500.jpg 500w, https:\/\/eraztunberdeurdina.eus\/wp-content\/uploads\/2023\/02\/txikizikloa.jpg 1080w\" sizes=\"(max-width: 600px) 100vw, 600px\" \/><\/p>\n","protected":false},"excerpt":{"rendered":"<p>Hoy hemos dado comienzo al Ciclo Internacional de Cine Submarino Cimasub Por la ma\u00f1ana 300 estudiantes de 5\u00b0 y 6\u00b0 [&hellip;]<\/p>\n","protected":false},"author":3,"featured_media":2644,"comment_status":"closed","ping_status":"closed","sticky":false,"template":"","format":"standard","meta":{"_acf_changed":false,"site-sidebar-layout":"default","site-content-layout":"","ast-site-content-layout":"default","site-content-style":"default","site-sidebar-style":"default","ast-global-header-display":"","ast-banner-title-visibility":"","ast-main-header-display":"","ast-hfb-above-header-display":"","ast-hfb-below-header-display":"","ast-hfb-mobile-header-display":"","site-post-title":"","ast-breadcrumbs-content":"","ast-featured-img":"","footer-sml-layout":"","ast-disable-related-posts":"","theme-transparent-header-meta":"","adv-header-id-meta":"","stick-header-meta":"","header-above-stick-meta":"","header-main-stick-meta":"","header-below-stick-meta":"","astra-migrate-meta-layouts":"default","ast-page-background-enabled":"default","ast-page-background-meta":{"desktop":{"background-color":"var(--ast-global-color-5)","background-image":"","background-repeat":"repeat","background-position":"center center","background-size":"auto","background-attachment":"scroll","background-type":"","background-media":"","overlay-type":"","overlay-color":"","overlay-opacity":"","overlay-gradient":""},"tablet":{"background-color":"","background-image":"","background-repeat":"repeat","background-position":"center center","background-size":"auto","background-attachment":"scroll","background-type":"","background-media":"","overlay-type":"","overlay-color":"","overlay-opacity":"","overlay-gradient":""},"mobile":{"background-color":"","background-image":"","background-repeat":"repeat","background-position":"center center","background-size":"auto","background-attachment":"scroll","background-type":"","background-media":"","overlay-type":"","overlay-color":"","overlay-opacity":"","overlay-gradient":""}},"ast-content-background-meta":{"desktop":{"background-color":"var(--ast-global-color-4)","background-image":"","background-repeat":"repeat","background-position":"center center","background-size":"auto","background-attachment":"scroll","background-type":"","background-media":"","overlay-type":"","overlay-color":"","overlay-opacity":"","overlay-gradient":""},"tablet":{"background-color":"var(--ast-global-color-4)","background-image":"","background-repeat":"repeat","background-position":"center center","background-size":"auto","background-attachment":"scroll","background-type":"","background-media":"","overlay-type":"","overlay-color":"","overlay-opacity":"","overlay-gradient":""},"mobile":{"background-color":"var(--ast-global-color-4)","background-image":"","background-repeat":"repeat","background-position":"center center","background-size":"auto","background-attachment":"scroll","background-type":"","background-media":"","overlay-type":"","overlay-color":"","overlay-opacity":"","overlay-gradient":""}},"footnotes":""},"categories":[263],"tags":[432,131,134,158,30,437,438,290,179,71,433,28,35],"class_list":["post-2648","post","type-post","status-publish","format-standard","has-post-thumbnail","hentry","category-sensibilizacion","tag-ciclo-internacional-de-cine-submarino","tag-cimasub","tag-cine-submarino","tag-cinema-modelo","tag-ebu","tag-exposicion-fotografia-submarina","tag-fotografia-submarina","tag-mater","tag-merkatu-plaza","tag-oceanos","tag-txikiziklo","tag-zarautz","tag-zarauzko-udala"],"acf":[],"yoast_head":"<!-- This site is optimized with the Yoast SEO plugin v27.1.1 - https:\/\/yoast.com\/product\/yoast-seo-wordpress\/ -->\n<title>Comienza CIMASUB, el Ciclo Internacional de Cine Submarino de Zarautz - Anillo Verde Azul de Zarautz<\/title>\n<meta name=\"robots\" content=\"index, follow, max-snippet:-1, max-image-preview:large, max-video-preview:-1\" \/>\n<link rel=\"canonical\" href=\"https:\/\/eraztunberdeurdina.eus\/es\/comienza-cimasub-el-ciclo-internacional-de-cine-submarino-de-zarautz-20230202\/\" \/>\n<meta property=\"og:locale\" content=\"es_ES\" \/>\n<meta property=\"og:type\" content=\"article\" \/>\n<meta property=\"og:title\" content=\"Comienza CIMASUB, el Ciclo Internacional de Cine Submarino de Zarautz - Anillo Verde Azul de Zarautz\" \/>\n<meta property=\"og:description\" content=\"Hoy hemos dado comienzo al Ciclo Internacional de Cine Submarino Cimasub Por la ma\u00f1ana 300 estudiantes de 5\u00b0 y 6\u00b0 [&hellip;]\" \/>\n<meta property=\"og:url\" content=\"https:\/\/eraztunberdeurdina.eus\/es\/comienza-cimasub-el-ciclo-internacional-de-cine-submarino-de-zarautz-20230202\/\" \/>\n<meta property=\"og:site_name\" content=\"Anillo Verde Azul de Zarautz\" \/>\n<meta property=\"article:published_time\" content=\"2023-02-02T21:06:08+00:00\" \/>\n<meta property=\"og:image\" content=\"https:\/\/eraztunberdeurdina.eus\/wp-content\/uploads\/2023\/02\/txikizikloa.jpg\" \/>\n\t<meta property=\"og:image:width\" content=\"1080\" \/>\n\t<meta property=\"og:image:height\" content=\"1080\" \/>\n\t<meta property=\"og:image:type\" content=\"image\/jpeg\" \/>\n<meta name=\"author\" content=\"ebu\" \/>\n<meta name=\"twitter:card\" content=\"summary_large_image\" \/>\n<meta name=\"twitter:label1\" content=\"Escrito por\" \/>\n\t<meta name=\"twitter:data1\" content=\"ebu\" \/>\n\t<meta name=\"twitter:label2\" content=\"Tiempo de lectura\" \/>\n\t<meta name=\"twitter:data2\" content=\"1 minuto\" \/>\n<script type=\"application\/ld+json\" class=\"yoast-schema-graph\">{\"@context\":\"https:\/\/schema.org\",\"@graph\":[{\"@type\":\"Article\",\"@id\":\"https:\/\/eraztunberdeurdina.eus\/es\/comienza-cimasub-el-ciclo-internacional-de-cine-submarino-de-zarautz-20230202\/#article\",\"isPartOf\":{\"@id\":\"https:\/\/eraztunberdeurdina.eus\/es\/comienza-cimasub-el-ciclo-internacional-de-cine-submarino-de-zarautz-20230202\/\"},\"author\":{\"name\":\"ebu\",\"@id\":\"https:\/\/eraztunberdeurdina.eus\/#\/schema\/person\/a9c3a9d9ddfc0024a1d798d33b8eb53c\"},\"headline\":\"Comienza CIMASUB, el Ciclo Internacional de Cine Submarino de Zarautz\",\"datePublished\":\"2023-02-02T21:06:08+00:00\",\"mainEntityOfPage\":{\"@id\":\"https:\/\/eraztunberdeurdina.eus\/es\/comienza-cimasub-el-ciclo-internacional-de-cine-submarino-de-zarautz-20230202\/\"},\"wordCount\":124,\"publisher\":{\"@id\":\"https:\/\/eraztunberdeurdina.eus\/#organization\"},\"image\":{\"@id\":\"https:\/\/eraztunberdeurdina.eus\/es\/comienza-cimasub-el-ciclo-internacional-de-cine-submarino-de-zarautz-20230202\/#primaryimage\"},\"thumbnailUrl\":\"https:\/\/eraztunberdeurdina.eus\/wp-content\/uploads\/2023\/02\/txikizikloa.jpg\",\"keywords\":[\"ciclo internacional de cine submarino\",\"CIMASUB\",\"cine submarino\",\"Cinema Modelo\",\"EBU\",\"exposici\u00f3n fotograf\u00eda submarina\",\"fotograf\u00eda submarina\",\"MATER\",\"Merkatu Plaza\",\"oc\u00e9anos\",\"Txikiziklo\",\"Zarautz\",\"Zarauzko Udala\"],\"articleSection\":[\"sensibilizaci\u00f3n\"],\"inLanguage\":\"es\"},{\"@type\":\"WebPage\",\"@id\":\"https:\/\/eraztunberdeurdina.eus\/es\/comienza-cimasub-el-ciclo-internacional-de-cine-submarino-de-zarautz-20230202\/\",\"url\":\"https:\/\/eraztunberdeurdina.eus\/es\/comienza-cimasub-el-ciclo-internacional-de-cine-submarino-de-zarautz-20230202\/\",\"name\":\"Comienza CIMASUB, el Ciclo Internacional de Cine Submarino de Zarautz - Anillo Verde Azul de Zarautz\",\"isPartOf\":{\"@id\":\"https:\/\/eraztunberdeurdina.eus\/#website\"},\"primaryImageOfPage\":{\"@id\":\"https:\/\/eraztunberdeurdina.eus\/es\/comienza-cimasub-el-ciclo-internacional-de-cine-submarino-de-zarautz-20230202\/#primaryimage\"},\"image\":{\"@id\":\"https:\/\/eraztunberdeurdina.eus\/es\/comienza-cimasub-el-ciclo-internacional-de-cine-submarino-de-zarautz-20230202\/#primaryimage\"},\"thumbnailUrl\":\"https:\/\/eraztunberdeurdina.eus\/wp-content\/uploads\/2023\/02\/txikizikloa.jpg\",\"datePublished\":\"2023-02-02T21:06:08+00:00\",\"breadcrumb\":{\"@id\":\"https:\/\/eraztunberdeurdina.eus\/es\/comienza-cimasub-el-ciclo-internacional-de-cine-submarino-de-zarautz-20230202\/#breadcrumb\"},\"inLanguage\":\"es\",\"potentialAction\":[{\"@type\":\"ReadAction\",\"target\":[\"https:\/\/eraztunberdeurdina.eus\/es\/comienza-cimasub-el-ciclo-internacional-de-cine-submarino-de-zarautz-20230202\/\"]}]},{\"@type\":\"ImageObject\",\"inLanguage\":\"es\",\"@id\":\"https:\/\/eraztunberdeurdina.eus\/es\/comienza-cimasub-el-ciclo-internacional-de-cine-submarino-de-zarautz-20230202\/#primaryimage\",\"url\":\"https:\/\/eraztunberdeurdina.eus\/wp-content\/uploads\/2023\/02\/txikizikloa.jpg\",\"contentUrl\":\"https:\/\/eraztunberdeurdina.eus\/wp-content\/uploads\/2023\/02\/txikizikloa.jpg\",\"width\":1080,\"height\":1080},{\"@type\":\"BreadcrumbList\",\"@id\":\"https:\/\/eraztunberdeurdina.eus\/es\/comienza-cimasub-el-ciclo-internacional-de-cine-submarino-de-zarautz-20230202\/#breadcrumb\",\"itemListElement\":[{\"@type\":\"ListItem\",\"position\":1,\"name\":\"Home\",\"item\":\"https:\/\/eraztunberdeurdina.eus\/es\/anillo-verde-azul\/\"},{\"@type\":\"ListItem\",\"position\":2,\"name\":\"Comienza CIMASUB, el Ciclo Internacional de Cine Submarino de Zarautz\"}]},{\"@type\":\"WebSite\",\"@id\":\"https:\/\/eraztunberdeurdina.eus\/#website\",\"url\":\"https:\/\/eraztunberdeurdina.eus\/\",\"name\":\"Zarauzko Eraztun Berde Urdina\",\"description\":\"Herri-inguruko berdeguneen zaintza\",\"publisher\":{\"@id\":\"https:\/\/eraztunberdeurdina.eus\/#organization\"},\"potentialAction\":[{\"@type\":\"SearchAction\",\"target\":{\"@type\":\"EntryPoint\",\"urlTemplate\":\"https:\/\/eraztunberdeurdina.eus\/?s={search_term_string}\"},\"query-input\":{\"@type\":\"PropertyValueSpecification\",\"valueRequired\":true,\"valueName\":\"search_term_string\"}}],\"inLanguage\":\"es\"},{\"@type\":\"Organization\",\"@id\":\"https:\/\/eraztunberdeurdina.eus\/#organization\",\"name\":\"Zarauzko Eraztun Berde Urdina\",\"url\":\"https:\/\/eraztunberdeurdina.eus\/\",\"logo\":{\"@type\":\"ImageObject\",\"inLanguage\":\"es\",\"@id\":\"https:\/\/eraztunberdeurdina.eus\/#\/schema\/logo\/image\/\",\"url\":\"https:\/\/eraztunberdeurdina.eus\/wp-content\/uploads\/2018\/07\/EBUkoloretan.jpg\",\"contentUrl\":\"https:\/\/eraztunberdeurdina.eus\/wp-content\/uploads\/2018\/07\/EBUkoloretan.jpg\",\"width\":934,\"height\":687,\"caption\":\"Zarauzko Eraztun Berde Urdina\"},\"image\":{\"@id\":\"https:\/\/eraztunberdeurdina.eus\/#\/schema\/logo\/image\/\"}},{\"@type\":\"Person\",\"@id\":\"https:\/\/eraztunberdeurdina.eus\/#\/schema\/person\/a9c3a9d9ddfc0024a1d798d33b8eb53c\",\"name\":\"ebu\"}]}<\/script>\n<!-- \/ Yoast SEO plugin. -->","yoast_head_json":{"title":"Comienza CIMASUB, el Ciclo Internacional de Cine Submarino de Zarautz - Anillo Verde Azul de Zarautz","robots":{"index":"index","follow":"follow","max-snippet":"max-snippet:-1","max-image-preview":"max-image-preview:large","max-video-preview":"max-video-preview:-1"},"canonical":"https:\/\/eraztunberdeurdina.eus\/es\/comienza-cimasub-el-ciclo-internacional-de-cine-submarino-de-zarautz-20230202\/","og_locale":"es_ES","og_type":"article","og_title":"Comienza CIMASUB, el Ciclo Internacional de Cine Submarino de Zarautz - Anillo Verde Azul de Zarautz","og_description":"Hoy hemos dado comienzo al Ciclo Internacional de Cine Submarino Cimasub Por la ma\u00f1ana 300 estudiantes de 5\u00b0 y 6\u00b0 [&hellip;]","og_url":"https:\/\/eraztunberdeurdina.eus\/es\/comienza-cimasub-el-ciclo-internacional-de-cine-submarino-de-zarautz-20230202\/","og_site_name":"Anillo Verde Azul de Zarautz","article_published_time":"2023-02-02T21:06:08+00:00","og_image":[{"width":1080,"height":1080,"url":"https:\/\/eraztunberdeurdina.eus\/wp-content\/uploads\/2023\/02\/txikizikloa.jpg","type":"image\/jpeg"}],"author":"ebu","twitter_card":"summary_large_image","twitter_misc":{"Escrito por":"ebu","Tiempo de lectura":"1 minuto"},"schema":{"@context":"https:\/\/schema.org","@graph":[{"@type":"Article","@id":"https:\/\/eraztunberdeurdina.eus\/es\/comienza-cimasub-el-ciclo-internacional-de-cine-submarino-de-zarautz-20230202\/#article","isPartOf":{"@id":"https:\/\/eraztunberdeurdina.eus\/es\/comienza-cimasub-el-ciclo-internacional-de-cine-submarino-de-zarautz-20230202\/"},"author":{"name":"ebu","@id":"https:\/\/eraztunberdeurdina.eus\/#\/schema\/person\/a9c3a9d9ddfc0024a1d798d33b8eb53c"},"headline":"Comienza CIMASUB, el Ciclo Internacional de Cine Submarino de Zarautz","datePublished":"2023-02-02T21:06:08+00:00","mainEntityOfPage":{"@id":"https:\/\/eraztunberdeurdina.eus\/es\/comienza-cimasub-el-ciclo-internacional-de-cine-submarino-de-zarautz-20230202\/"},"wordCount":124,"publisher":{"@id":"https:\/\/eraztunberdeurdina.eus\/#organization"},"image":{"@id":"https:\/\/eraztunberdeurdina.eus\/es\/comienza-cimasub-el-ciclo-internacional-de-cine-submarino-de-zarautz-20230202\/#primaryimage"},"thumbnailUrl":"https:\/\/eraztunberdeurdina.eus\/wp-content\/uploads\/2023\/02\/txikizikloa.jpg","keywords":["ciclo internacional de cine submarino","CIMASUB","cine submarino","Cinema Modelo","EBU","exposici\u00f3n fotograf\u00eda submarina","fotograf\u00eda submarina","MATER","Merkatu Plaza","oc\u00e9anos","Txikiziklo","Zarautz","Zarauzko Udala"],"articleSection":["sensibilizaci\u00f3n"],"inLanguage":"es"},{"@type":"WebPage","@id":"https:\/\/eraztunberdeurdina.eus\/es\/comienza-cimasub-el-ciclo-internacional-de-cine-submarino-de-zarautz-20230202\/","url":"https:\/\/eraztunberdeurdina.eus\/es\/comienza-cimasub-el-ciclo-internacional-de-cine-submarino-de-zarautz-20230202\/","name":"Comienza CIMASUB, el Ciclo Internacional de Cine Submarino de Zarautz - Anillo Verde Azul de Zarautz","isPartOf":{"@id":"https:\/\/eraztunberdeurdina.eus\/#website"},"primaryImageOfPage":{"@id":"https:\/\/eraztunberdeurdina.eus\/es\/comienza-cimasub-el-ciclo-internacional-de-cine-submarino-de-zarautz-20230202\/#primaryimage"},"image":{"@id":"https:\/\/eraztunberdeurdina.eus\/es\/comienza-cimasub-el-ciclo-internacional-de-cine-submarino-de-zarautz-20230202\/#primaryimage"},"thumbnailUrl":"https:\/\/eraztunberdeurdina.eus\/wp-content\/uploads\/2023\/02\/txikizikloa.jpg","datePublished":"2023-02-02T21:06:08+00:00","breadcrumb":{"@id":"https:\/\/eraztunberdeurdina.eus\/es\/comienza-cimasub-el-ciclo-internacional-de-cine-submarino-de-zarautz-20230202\/#breadcrumb"},"inLanguage":"es","potentialAction":[{"@type":"ReadAction","target":["https:\/\/eraztunberdeurdina.eus\/es\/comienza-cimasub-el-ciclo-internacional-de-cine-submarino-de-zarautz-20230202\/"]}]},{"@type":"ImageObject","inLanguage":"es","@id":"https:\/\/eraztunberdeurdina.eus\/es\/comienza-cimasub-el-ciclo-internacional-de-cine-submarino-de-zarautz-20230202\/#primaryimage","url":"https:\/\/eraztunberdeurdina.eus\/wp-content\/uploads\/2023\/02\/txikizikloa.jpg","contentUrl":"https:\/\/eraztunberdeurdina.eus\/wp-content\/uploads\/2023\/02\/txikizikloa.jpg","width":1080,"height":1080},{"@type":"BreadcrumbList","@id":"https:\/\/eraztunberdeurdina.eus\/es\/comienza-cimasub-el-ciclo-internacional-de-cine-submarino-de-zarautz-20230202\/#breadcrumb","itemListElement":[{"@type":"ListItem","position":1,"name":"Home","item":"https:\/\/eraztunberdeurdina.eus\/es\/anillo-verde-azul\/"},{"@type":"ListItem","position":2,"name":"Comienza CIMASUB, el Ciclo Internacional de Cine Submarino de Zarautz"}]},{"@type":"WebSite","@id":"https:\/\/eraztunberdeurdina.eus\/#website","url":"https:\/\/eraztunberdeurdina.eus\/","name":"Zarauzko Eraztun Berde Urdina","description":"Herri-inguruko berdeguneen zaintza","publisher":{"@id":"https:\/\/eraztunberdeurdina.eus\/#organization"},"potentialAction":[{"@type":"SearchAction","target":{"@type":"EntryPoint","urlTemplate":"https:\/\/eraztunberdeurdina.eus\/?s={search_term_string}"},"query-input":{"@type":"PropertyValueSpecification","valueRequired":true,"valueName":"search_term_string"}}],"inLanguage":"es"},{"@type":"Organization","@id":"https:\/\/eraztunberdeurdina.eus\/#organization","name":"Zarauzko Eraztun Berde Urdina","url":"https:\/\/eraztunberdeurdina.eus\/","logo":{"@type":"ImageObject","inLanguage":"es","@id":"https:\/\/eraztunberdeurdina.eus\/#\/schema\/logo\/image\/","url":"https:\/\/eraztunberdeurdina.eus\/wp-content\/uploads\/2018\/07\/EBUkoloretan.jpg","contentUrl":"https:\/\/eraztunberdeurdina.eus\/wp-content\/uploads\/2018\/07\/EBUkoloretan.jpg","width":934,"height":687,"caption":"Zarauzko Eraztun Berde Urdina"},"image":{"@id":"https:\/\/eraztunberdeurdina.eus\/#\/schema\/logo\/image\/"}},{"@type":"Person","@id":"https:\/\/eraztunberdeurdina.eus\/#\/schema\/person\/a9c3a9d9ddfc0024a1d798d33b8eb53c","name":"ebu"}]}},"_links":{"self":[{"href":"https:\/\/eraztunberdeurdina.eus\/es\/wp-json\/wp\/v2\/posts\/2648","targetHints":{"allow":["GET"]}}],"collection":[{"href":"https:\/\/eraztunberdeurdina.eus\/es\/wp-json\/wp\/v2\/posts"}],"about":[{"href":"https:\/\/eraztunberdeurdina.eus\/es\/wp-json\/wp\/v2\/types\/post"}],"author":[{"embeddable":true,"href":"https:\/\/eraztunberdeurdina.eus\/es\/wp-json\/wp\/v2\/users\/3"}],"replies":[{"embeddable":true,"href":"https:\/\/eraztunberdeurdina.eus\/es\/wp-json\/wp\/v2\/comments?post=2648"}],"version-history":[{"count":1,"href":"https:\/\/eraztunberdeurdina.eus\/es\/wp-json\/wp\/v2\/posts\/2648\/revisions"}],"predecessor-version":[{"id":2649,"href":"https:\/\/eraztunberdeurdina.eus\/es\/wp-json\/wp\/v2\/posts\/2648\/revisions\/2649"}],"wp:featuredmedia":[{"embeddable":true,"href":"https:\/\/eraztunberdeurdina.eus\/es\/wp-json\/wp\/v2\/media\/2644"}],"wp:attachment":[{"href":"https:\/\/eraztunberdeurdina.eus\/es\/wp-json\/wp\/v2\/media?parent=2648"}],"wp:term":[{"taxonomy":"category","embeddable":true,"href":"https:\/\/eraztunberdeurdina.eus\/es\/wp-json\/wp\/v2\/categories?post=2648"},{"taxonomy":"post_tag","embeddable":true,"href":"https:\/\/eraztunberdeurdina.eus\/es\/wp-json\/wp\/v2\/tags?post=2648"}],"curies":[{"name":"wp","href":"https:\/\/api.w.org\/{rel}","templated":true}]}}