{"id":2665,"date":"2023-02-08T12:30:05","date_gmt":"2023-02-08T11:30:05","guid":{"rendered":"https:\/\/eraztunberdeurdina.eus\/?p=2665"},"modified":"2023-02-10T14:32:59","modified_gmt":"2023-02-10T13:32:59","slug":"segunda-sesion-de-cine-submarino","status":"publish","type":"post","link":"https:\/\/eraztunberdeurdina.eus\/es\/segunda-sesion-de-cine-submarino-20230208\/","title":{"rendered":"Segunda sesi\u00f3n de cine submarino"},"content":{"rendered":"<div class=\"x11i5rnm xat24cr x1mh8g0r x1vvkbs xtlvy1s x126k92a\">\n<div dir=\"auto\"><\/div>\n<div dir=\"auto\">\u00a0Hoy mi\u00e9rcoles 8 de febrero tendr\u00e1 lugar la segunda sesi\u00f3n del Ciclo Internacional de Cine Submarino Cimasub<\/div>\n<div dir=\"auto\">\u00a1No te lo pierdas!<\/div>\n<div dir=\"auto\"><span class=\"x3nfvp2 x1j61x8r x1fcty0u xdj266r xhhsvwb xat24cr xgzva0m xxymvpz xlup9mm x1kky2od\"><img decoding=\"async\" src=\"https:\/\/static.xx.fbcdn.net\/images\/emoji.php\/v9\/t63\/1.5\/16\/1f4fd.png\" alt=\"?\ufe0f\" width=\"16\" height=\"16\" \/> Sesi\u00f3n de cine submarino<br \/>\n<\/span><\/div>\n<div dir=\"auto\"><span class=\"x3nfvp2 x1j61x8r x1fcty0u xdj266r xhhsvwb xat24cr xgzva0m xxymvpz xlup9mm x1kky2od\"><img decoding=\"async\" src=\"https:\/\/static.xx.fbcdn.net\/images\/emoji.php\/v9\/ta4\/1.5\/16\/1f564.png\" alt=\"?\" width=\"16\" height=\"16\" \/><\/span> 19:00h<\/div>\n<div dir=\"auto\"><span class=\"x3nfvp2 x1j61x8r x1fcty0u xdj266r xhhsvwb xat24cr xgzva0m xxymvpz xlup9mm x1kky2od\"><img decoding=\"async\" src=\"https:\/\/static.xx.fbcdn.net\/images\/emoji.php\/v9\/t86\/1.5\/16\/1f4cd.png\" alt=\"?\" width=\"16\" height=\"16\" \/><\/span> Sala Modelo<\/div>\n<div dir=\"auto\"><span class=\"x3nfvp2 x1j61x8r x1fcty0u xdj266r xhhsvwb xat24cr xgzva0m xxymvpz xlup9mm x1kky2od\"><img loading=\"lazy\" decoding=\"async\" src=\"https:\/\/static.xx.fbcdn.net\/images\/emoji.php\/v9\/t31\/1.5\/16\/1f39f.png\" alt=\"?\ufe0f\" width=\"16\" height=\"16\" \/><\/span>\u00a1Entradas GRATUITAS!<\/div>\n<div dir=\"auto\"><\/div>\n<\/div>\n<div class=\"x11i5rnm xat24cr x1mh8g0r x1vvkbs xtlvy1s x126k92a\">\n<div dir=\"auto\"><span class=\"x3nfvp2 x1j61x8r x1fcty0u xdj266r xhhsvwb xat24cr xgzva0m xxymvpz xlup9mm x1kky2od\"><img loading=\"lazy\" decoding=\"async\" src=\"https:\/\/static.xx.fbcdn.net\/images\/emoji.php\/v9\/tb6\/1.5\/16\/1f4f7.png\" alt=\"?\" width=\"16\" height=\"16\" \/><\/span> Exposici\u00f3n fotograf\u00edas submarinas<\/div>\n<div dir=\"auto\"><span class=\"x3nfvp2 x1j61x8r x1fcty0u xdj266r xhhsvwb xat24cr xgzva0m xxymvpz xlup9mm x1kky2od\"><img loading=\"lazy\" decoding=\"async\" src=\"https:\/\/static.xx.fbcdn.net\/images\/emoji.php\/v9\/tb5\/1.5\/16\/1f5d3.png\" alt=\"?\ufe0f\" width=\"16\" height=\"16\" \/><\/span> del 1 al 16 de febrero<\/div>\n<div dir=\"auto\"><span class=\"x3nfvp2 x1j61x8r x1fcty0u xdj266r xhhsvwb xat24cr xgzva0m xxymvpz xlup9mm x1kky2od\"><img decoding=\"async\" src=\"https:\/\/static.xx.fbcdn.net\/images\/emoji.php\/v9\/t86\/1.5\/16\/1f4cd.png\" alt=\"?\" width=\"16\" height=\"16\" \/><\/span>Merkatu Plaza.<\/div>\n<div dir=\"auto\"><span class=\"x3nfvp2 x1j61x8r x1fcty0u xdj266r xhhsvwb xat24cr xgzva0m xxymvpz xlup9mm x1kky2od\"><img decoding=\"async\" src=\"https:\/\/static.xx.fbcdn.net\/images\/emoji.php\/v9\/ta4\/1.5\/16\/1f564.png\" alt=\"?\" width=\"16\" height=\"16\" \/><\/span> Horario:<\/div>\n<div dir=\"auto\">Mi\u00e9rcoles a viernes: 17:00-19:00<\/div>\n<div dir=\"auto\">S\u00e1bado-domingo: 12:00-13:00<\/div>\n<div dir=\"auto\"><\/div>\n<\/div>\n<div class=\"x11i5rnm xat24cr x1mh8g0r x1vvkbs xtlvy1s x126k92a\">\n<div dir=\"auto\">\u00a1Ac\u00e9rcate y disfruta de los tesoros que esconden nuestros mares! <span class=\"x3nfvp2 x1j61x8r x1fcty0u xdj266r xhhsvwb xat24cr xgzva0m xxymvpz xlup9mm x1kky2od\"><img loading=\"lazy\" decoding=\"async\" src=\"https:\/\/static.xx.fbcdn.net\/images\/emoji.php\/v9\/te2\/1.5\/16\/1f980.png\" alt=\"?\" width=\"16\" height=\"16\" \/><\/span><span class=\"x3nfvp2 x1j61x8r x1fcty0u xdj266r xhhsvwb xat24cr xgzva0m xxymvpz xlup9mm x1kky2od\"><img loading=\"lazy\" decoding=\"async\" src=\"https:\/\/static.xx.fbcdn.net\/images\/emoji.php\/v9\/t15\/1.5\/16\/1f30a.png\" alt=\"?\" width=\"16\" height=\"16\" \/><\/span><\/div>\n<\/div>\n<p>&nbsp;<\/p>\n<p><img loading=\"lazy\" decoding=\"async\" class=\"alignnone size-medium wp-image-2666\" src=\"https:\/\/eraztunberdeurdina.eus\/wp-content\/uploads\/2023\/02\/erakusketa-1-501x600.jpg\" alt=\"\" width=\"501\" height=\"600\" srcset=\"https:\/\/eraztunberdeurdina.eus\/wp-content\/uploads\/2023\/02\/erakusketa-1-501x600.jpg 501w, https:\/\/eraztunberdeurdina.eus\/wp-content\/uploads\/2023\/02\/erakusketa-1-768x919.jpg 768w, https:\/\/eraztunberdeurdina.eus\/wp-content\/uploads\/2023\/02\/erakusketa-1.jpg 802w\" sizes=\"(max-width: 501px) 100vw, 501px\" \/><\/p>\n","protected":false},"excerpt":{"rendered":"<p>\u00a0Hoy mi\u00e9rcoles 8 de febrero tendr\u00e1 lugar la segunda sesi\u00f3n del Ciclo Internacional de Cine Submarino Cimasub \u00a1No te lo [&hellip;]<\/p>\n","protected":false},"author":3,"featured_media":2666,"comment_status":"closed","ping_status":"closed","sticky":false,"template":"","format":"standard","meta":{"_acf_changed":false,"site-sidebar-layout":"default","site-content-layout":"","ast-site-content-layout":"default","site-content-style":"default","site-sidebar-style":"default","ast-global-header-display":"","ast-banner-title-visibility":"","ast-main-header-display":"","ast-hfb-above-header-display":"","ast-hfb-below-header-display":"","ast-hfb-mobile-header-display":"","site-post-title":"","ast-breadcrumbs-content":"","ast-featured-img":"","footer-sml-layout":"","ast-disable-related-posts":"","theme-transparent-header-meta":"","adv-header-id-meta":"","stick-header-meta":"","header-above-stick-meta":"","header-main-stick-meta":"","header-below-stick-meta":"","astra-migrate-meta-layouts":"default","ast-page-background-enabled":"default","ast-page-background-meta":{"desktop":{"background-color":"var(--ast-global-color-5)","background-image":"","background-repeat":"repeat","background-position":"center center","background-size":"auto","background-attachment":"scroll","background-type":"","background-media":"","overlay-type":"","overlay-color":"","overlay-opacity":"","overlay-gradient":""},"tablet":{"background-color":"","background-image":"","background-repeat":"repeat","background-position":"center center","background-size":"auto","background-attachment":"scroll","background-type":"","background-media":"","overlay-type":"","overlay-color":"","overlay-opacity":"","overlay-gradient":""},"mobile":{"background-color":"","background-image":"","background-repeat":"repeat","background-position":"center center","background-size":"auto","background-attachment":"scroll","background-type":"","background-media":"","overlay-type":"","overlay-color":"","overlay-opacity":"","overlay-gradient":""}},"ast-content-background-meta":{"desktop":{"background-color":"var(--ast-global-color-4)","background-image":"","background-repeat":"repeat","background-position":"center center","background-size":"auto","background-attachment":"scroll","background-type":"","background-media":"","overlay-type":"","overlay-color":"","overlay-opacity":"","overlay-gradient":""},"tablet":{"background-color":"var(--ast-global-color-4)","background-image":"","background-repeat":"repeat","background-position":"center center","background-size":"auto","background-attachment":"scroll","background-type":"","background-media":"","overlay-type":"","overlay-color":"","overlay-opacity":"","overlay-gradient":""},"mobile":{"background-color":"var(--ast-global-color-4)","background-image":"","background-repeat":"repeat","background-position":"center center","background-size":"auto","background-attachment":"scroll","background-type":"","background-media":"","overlay-type":"","overlay-color":"","overlay-opacity":"","overlay-gradient":""}},"footnotes":""},"categories":[442,263],"tags":[432,131,134,437,188,179,446,71,28,35],"class_list":["post-2665","post","type-post","status-publish","format-standard","has-post-thumbnail","hentry","category-biodiversidad","category-sensibilizacion","tag-ciclo-internacional-de-cine-submarino","tag-cimasub","tag-cine-submarino","tag-exposicion-fotografia-submarina","tag-exposicion-fotografica","tag-merkatu-plaza","tag-modelo-cinema","tag-oceanos","tag-zarautz","tag-zarauzko-udala"],"acf":[],"yoast_head":"<!-- This site is optimized with the Yoast SEO plugin v27.1.1 - https:\/\/yoast.com\/product\/yoast-seo-wordpress\/ -->\n<title>Segunda sesi\u00f3n de cine submarino - Anillo Verde Azul de Zarautz<\/title>\n<meta name=\"robots\" content=\"index, follow, max-snippet:-1, max-image-preview:large, max-video-preview:-1\" \/>\n<link rel=\"canonical\" href=\"https:\/\/eraztunberdeurdina.eus\/es\/segunda-sesion-de-cine-submarino-20230208\/\" \/>\n<meta property=\"og:locale\" content=\"es_ES\" \/>\n<meta property=\"og:type\" content=\"article\" \/>\n<meta property=\"og:title\" content=\"Segunda sesi\u00f3n de cine submarino - Anillo Verde Azul de Zarautz\" \/>\n<meta property=\"og:description\" content=\"\u00a0Hoy mi\u00e9rcoles 8 de febrero tendr\u00e1 lugar la segunda sesi\u00f3n del Ciclo Internacional de Cine Submarino Cimasub \u00a1No te lo [&hellip;]\" \/>\n<meta property=\"og:url\" content=\"https:\/\/eraztunberdeurdina.eus\/es\/segunda-sesion-de-cine-submarino-20230208\/\" \/>\n<meta property=\"og:site_name\" content=\"Anillo Verde Azul de Zarautz\" \/>\n<meta property=\"article:published_time\" content=\"2023-02-08T11:30:05+00:00\" \/>\n<meta property=\"article:modified_time\" content=\"2023-02-10T13:32:59+00:00\" \/>\n<meta property=\"og:image\" content=\"https:\/\/eraztunberdeurdina.eus\/wp-content\/uploads\/2023\/02\/erakusketa-1.jpg\" \/>\n\t<meta property=\"og:image:width\" content=\"802\" \/>\n\t<meta property=\"og:image:height\" content=\"960\" \/>\n\t<meta property=\"og:image:type\" content=\"image\/jpeg\" \/>\n<meta name=\"author\" content=\"ebu\" \/>\n<meta name=\"twitter:card\" content=\"summary_large_image\" \/>\n<meta name=\"twitter:label1\" content=\"Escrito por\" \/>\n\t<meta name=\"twitter:data1\" content=\"ebu\" \/>\n<script type=\"application\/ld+json\" class=\"yoast-schema-graph\">{\"@context\":\"https:\/\/schema.org\",\"@graph\":[{\"@type\":\"Article\",\"@id\":\"https:\/\/eraztunberdeurdina.eus\/es\/segunda-sesion-de-cine-submarino-20230208\/#article\",\"isPartOf\":{\"@id\":\"https:\/\/eraztunberdeurdina.eus\/es\/segunda-sesion-de-cine-submarino-20230208\/\"},\"author\":{\"name\":\"ebu\",\"@id\":\"https:\/\/eraztunberdeurdina.eus\/#\/schema\/person\/a9c3a9d9ddfc0024a1d798d33b8eb53c\"},\"headline\":\"Segunda sesi\u00f3n de cine submarino\",\"datePublished\":\"2023-02-08T11:30:05+00:00\",\"dateModified\":\"2023-02-10T13:32:59+00:00\",\"mainEntityOfPage\":{\"@id\":\"https:\/\/eraztunberdeurdina.eus\/es\/segunda-sesion-de-cine-submarino-20230208\/\"},\"wordCount\":70,\"publisher\":{\"@id\":\"https:\/\/eraztunberdeurdina.eus\/#organization\"},\"image\":{\"@id\":\"https:\/\/eraztunberdeurdina.eus\/es\/segunda-sesion-de-cine-submarino-20230208\/#primaryimage\"},\"thumbnailUrl\":\"https:\/\/eraztunberdeurdina.eus\/wp-content\/uploads\/2023\/02\/erakusketa-1.jpg\",\"keywords\":[\"ciclo internacional de cine submarino\",\"CIMASUB\",\"cine submarino\",\"exposici\u00f3n fotograf\u00eda submarina\",\"exposici\u00f3n fotogr\u00e1fica\",\"Merkatu Plaza\",\"Modelo cinema\",\"oc\u00e9anos\",\"Zarautz\",\"Zarauzko Udala\"],\"articleSection\":[\"biodiversidad\",\"sensibilizaci\u00f3n\"],\"inLanguage\":\"es\"},{\"@type\":\"WebPage\",\"@id\":\"https:\/\/eraztunberdeurdina.eus\/es\/segunda-sesion-de-cine-submarino-20230208\/\",\"url\":\"https:\/\/eraztunberdeurdina.eus\/es\/segunda-sesion-de-cine-submarino-20230208\/\",\"name\":\"Segunda sesi\u00f3n de cine submarino - Anillo Verde Azul de Zarautz\",\"isPartOf\":{\"@id\":\"https:\/\/eraztunberdeurdina.eus\/#website\"},\"primaryImageOfPage\":{\"@id\":\"https:\/\/eraztunberdeurdina.eus\/es\/segunda-sesion-de-cine-submarino-20230208\/#primaryimage\"},\"image\":{\"@id\":\"https:\/\/eraztunberdeurdina.eus\/es\/segunda-sesion-de-cine-submarino-20230208\/#primaryimage\"},\"thumbnailUrl\":\"https:\/\/eraztunberdeurdina.eus\/wp-content\/uploads\/2023\/02\/erakusketa-1.jpg\",\"datePublished\":\"2023-02-08T11:30:05+00:00\",\"dateModified\":\"2023-02-10T13:32:59+00:00\",\"breadcrumb\":{\"@id\":\"https:\/\/eraztunberdeurdina.eus\/es\/segunda-sesion-de-cine-submarino-20230208\/#breadcrumb\"},\"inLanguage\":\"es\",\"potentialAction\":[{\"@type\":\"ReadAction\",\"target\":[\"https:\/\/eraztunberdeurdina.eus\/es\/segunda-sesion-de-cine-submarino-20230208\/\"]}]},{\"@type\":\"ImageObject\",\"inLanguage\":\"es\",\"@id\":\"https:\/\/eraztunberdeurdina.eus\/es\/segunda-sesion-de-cine-submarino-20230208\/#primaryimage\",\"url\":\"https:\/\/eraztunberdeurdina.eus\/wp-content\/uploads\/2023\/02\/erakusketa-1.jpg\",\"contentUrl\":\"https:\/\/eraztunberdeurdina.eus\/wp-content\/uploads\/2023\/02\/erakusketa-1.jpg\",\"width\":802,\"height\":960},{\"@type\":\"BreadcrumbList\",\"@id\":\"https:\/\/eraztunberdeurdina.eus\/es\/segunda-sesion-de-cine-submarino-20230208\/#breadcrumb\",\"itemListElement\":[{\"@type\":\"ListItem\",\"position\":1,\"name\":\"Home\",\"item\":\"https:\/\/eraztunberdeurdina.eus\/es\/anillo-verde-azul\/\"},{\"@type\":\"ListItem\",\"position\":2,\"name\":\"Segunda sesi\u00f3n de cine submarino\"}]},{\"@type\":\"WebSite\",\"@id\":\"https:\/\/eraztunberdeurdina.eus\/#website\",\"url\":\"https:\/\/eraztunberdeurdina.eus\/\",\"name\":\"Zarauzko Eraztun Berde Urdina\",\"description\":\"Herri-inguruko berdeguneen zaintza\",\"publisher\":{\"@id\":\"https:\/\/eraztunberdeurdina.eus\/#organization\"},\"potentialAction\":[{\"@type\":\"SearchAction\",\"target\":{\"@type\":\"EntryPoint\",\"urlTemplate\":\"https:\/\/eraztunberdeurdina.eus\/?s={search_term_string}\"},\"query-input\":{\"@type\":\"PropertyValueSpecification\",\"valueRequired\":true,\"valueName\":\"search_term_string\"}}],\"inLanguage\":\"es\"},{\"@type\":\"Organization\",\"@id\":\"https:\/\/eraztunberdeurdina.eus\/#organization\",\"name\":\"Zarauzko Eraztun Berde Urdina\",\"url\":\"https:\/\/eraztunberdeurdina.eus\/\",\"logo\":{\"@type\":\"ImageObject\",\"inLanguage\":\"es\",\"@id\":\"https:\/\/eraztunberdeurdina.eus\/#\/schema\/logo\/image\/\",\"url\":\"https:\/\/eraztunberdeurdina.eus\/wp-content\/uploads\/2018\/07\/EBUkoloretan.jpg\",\"contentUrl\":\"https:\/\/eraztunberdeurdina.eus\/wp-content\/uploads\/2018\/07\/EBUkoloretan.jpg\",\"width\":934,\"height\":687,\"caption\":\"Zarauzko Eraztun Berde Urdina\"},\"image\":{\"@id\":\"https:\/\/eraztunberdeurdina.eus\/#\/schema\/logo\/image\/\"}},{\"@type\":\"Person\",\"@id\":\"https:\/\/eraztunberdeurdina.eus\/#\/schema\/person\/a9c3a9d9ddfc0024a1d798d33b8eb53c\",\"name\":\"ebu\"}]}<\/script>\n<!-- \/ Yoast SEO plugin. -->","yoast_head_json":{"title":"Segunda sesi\u00f3n de cine submarino - Anillo Verde Azul de Zarautz","robots":{"index":"index","follow":"follow","max-snippet":"max-snippet:-1","max-image-preview":"max-image-preview:large","max-video-preview":"max-video-preview:-1"},"canonical":"https:\/\/eraztunberdeurdina.eus\/es\/segunda-sesion-de-cine-submarino-20230208\/","og_locale":"es_ES","og_type":"article","og_title":"Segunda sesi\u00f3n de cine submarino - Anillo Verde Azul de Zarautz","og_description":"\u00a0Hoy mi\u00e9rcoles 8 de febrero tendr\u00e1 lugar la segunda sesi\u00f3n del Ciclo Internacional de Cine Submarino Cimasub \u00a1No te lo [&hellip;]","og_url":"https:\/\/eraztunberdeurdina.eus\/es\/segunda-sesion-de-cine-submarino-20230208\/","og_site_name":"Anillo Verde Azul de Zarautz","article_published_time":"2023-02-08T11:30:05+00:00","article_modified_time":"2023-02-10T13:32:59+00:00","og_image":[{"width":802,"height":960,"url":"https:\/\/eraztunberdeurdina.eus\/wp-content\/uploads\/2023\/02\/erakusketa-1.jpg","type":"image\/jpeg"}],"author":"ebu","twitter_card":"summary_large_image","twitter_misc":{"Escrito por":"ebu"},"schema":{"@context":"https:\/\/schema.org","@graph":[{"@type":"Article","@id":"https:\/\/eraztunberdeurdina.eus\/es\/segunda-sesion-de-cine-submarino-20230208\/#article","isPartOf":{"@id":"https:\/\/eraztunberdeurdina.eus\/es\/segunda-sesion-de-cine-submarino-20230208\/"},"author":{"name":"ebu","@id":"https:\/\/eraztunberdeurdina.eus\/#\/schema\/person\/a9c3a9d9ddfc0024a1d798d33b8eb53c"},"headline":"Segunda sesi\u00f3n de cine submarino","datePublished":"2023-02-08T11:30:05+00:00","dateModified":"2023-02-10T13:32:59+00:00","mainEntityOfPage":{"@id":"https:\/\/eraztunberdeurdina.eus\/es\/segunda-sesion-de-cine-submarino-20230208\/"},"wordCount":70,"publisher":{"@id":"https:\/\/eraztunberdeurdina.eus\/#organization"},"image":{"@id":"https:\/\/eraztunberdeurdina.eus\/es\/segunda-sesion-de-cine-submarino-20230208\/#primaryimage"},"thumbnailUrl":"https:\/\/eraztunberdeurdina.eus\/wp-content\/uploads\/2023\/02\/erakusketa-1.jpg","keywords":["ciclo internacional de cine submarino","CIMASUB","cine submarino","exposici\u00f3n fotograf\u00eda submarina","exposici\u00f3n fotogr\u00e1fica","Merkatu Plaza","Modelo cinema","oc\u00e9anos","Zarautz","Zarauzko Udala"],"articleSection":["biodiversidad","sensibilizaci\u00f3n"],"inLanguage":"es"},{"@type":"WebPage","@id":"https:\/\/eraztunberdeurdina.eus\/es\/segunda-sesion-de-cine-submarino-20230208\/","url":"https:\/\/eraztunberdeurdina.eus\/es\/segunda-sesion-de-cine-submarino-20230208\/","name":"Segunda sesi\u00f3n de cine submarino - Anillo Verde Azul de Zarautz","isPartOf":{"@id":"https:\/\/eraztunberdeurdina.eus\/#website"},"primaryImageOfPage":{"@id":"https:\/\/eraztunberdeurdina.eus\/es\/segunda-sesion-de-cine-submarino-20230208\/#primaryimage"},"image":{"@id":"https:\/\/eraztunberdeurdina.eus\/es\/segunda-sesion-de-cine-submarino-20230208\/#primaryimage"},"thumbnailUrl":"https:\/\/eraztunberdeurdina.eus\/wp-content\/uploads\/2023\/02\/erakusketa-1.jpg","datePublished":"2023-02-08T11:30:05+00:00","dateModified":"2023-02-10T13:32:59+00:00","breadcrumb":{"@id":"https:\/\/eraztunberdeurdina.eus\/es\/segunda-sesion-de-cine-submarino-20230208\/#breadcrumb"},"inLanguage":"es","potentialAction":[{"@type":"ReadAction","target":["https:\/\/eraztunberdeurdina.eus\/es\/segunda-sesion-de-cine-submarino-20230208\/"]}]},{"@type":"ImageObject","inLanguage":"es","@id":"https:\/\/eraztunberdeurdina.eus\/es\/segunda-sesion-de-cine-submarino-20230208\/#primaryimage","url":"https:\/\/eraztunberdeurdina.eus\/wp-content\/uploads\/2023\/02\/erakusketa-1.jpg","contentUrl":"https:\/\/eraztunberdeurdina.eus\/wp-content\/uploads\/2023\/02\/erakusketa-1.jpg","width":802,"height":960},{"@type":"BreadcrumbList","@id":"https:\/\/eraztunberdeurdina.eus\/es\/segunda-sesion-de-cine-submarino-20230208\/#breadcrumb","itemListElement":[{"@type":"ListItem","position":1,"name":"Home","item":"https:\/\/eraztunberdeurdina.eus\/es\/anillo-verde-azul\/"},{"@type":"ListItem","position":2,"name":"Segunda sesi\u00f3n de cine submarino"}]},{"@type":"WebSite","@id":"https:\/\/eraztunberdeurdina.eus\/#website","url":"https:\/\/eraztunberdeurdina.eus\/","name":"Zarauzko Eraztun Berde Urdina","description":"Herri-inguruko berdeguneen zaintza","publisher":{"@id":"https:\/\/eraztunberdeurdina.eus\/#organization"},"potentialAction":[{"@type":"SearchAction","target":{"@type":"EntryPoint","urlTemplate":"https:\/\/eraztunberdeurdina.eus\/?s={search_term_string}"},"query-input":{"@type":"PropertyValueSpecification","valueRequired":true,"valueName":"search_term_string"}}],"inLanguage":"es"},{"@type":"Organization","@id":"https:\/\/eraztunberdeurdina.eus\/#organization","name":"Zarauzko Eraztun Berde Urdina","url":"https:\/\/eraztunberdeurdina.eus\/","logo":{"@type":"ImageObject","inLanguage":"es","@id":"https:\/\/eraztunberdeurdina.eus\/#\/schema\/logo\/image\/","url":"https:\/\/eraztunberdeurdina.eus\/wp-content\/uploads\/2018\/07\/EBUkoloretan.jpg","contentUrl":"https:\/\/eraztunberdeurdina.eus\/wp-content\/uploads\/2018\/07\/EBUkoloretan.jpg","width":934,"height":687,"caption":"Zarauzko Eraztun Berde Urdina"},"image":{"@id":"https:\/\/eraztunberdeurdina.eus\/#\/schema\/logo\/image\/"}},{"@type":"Person","@id":"https:\/\/eraztunberdeurdina.eus\/#\/schema\/person\/a9c3a9d9ddfc0024a1d798d33b8eb53c","name":"ebu"}]}},"_links":{"self":[{"href":"https:\/\/eraztunberdeurdina.eus\/es\/wp-json\/wp\/v2\/posts\/2665","targetHints":{"allow":["GET"]}}],"collection":[{"href":"https:\/\/eraztunberdeurdina.eus\/es\/wp-json\/wp\/v2\/posts"}],"about":[{"href":"https:\/\/eraztunberdeurdina.eus\/es\/wp-json\/wp\/v2\/types\/post"}],"author":[{"embeddable":true,"href":"https:\/\/eraztunberdeurdina.eus\/es\/wp-json\/wp\/v2\/users\/3"}],"replies":[{"embeddable":true,"href":"https:\/\/eraztunberdeurdina.eus\/es\/wp-json\/wp\/v2\/comments?post=2665"}],"version-history":[{"count":1,"href":"https:\/\/eraztunberdeurdina.eus\/es\/wp-json\/wp\/v2\/posts\/2665\/revisions"}],"predecessor-version":[{"id":2668,"href":"https:\/\/eraztunberdeurdina.eus\/es\/wp-json\/wp\/v2\/posts\/2665\/revisions\/2668"}],"wp:featuredmedia":[{"embeddable":true,"href":"https:\/\/eraztunberdeurdina.eus\/es\/wp-json\/wp\/v2\/media\/2666"}],"wp:attachment":[{"href":"https:\/\/eraztunberdeurdina.eus\/es\/wp-json\/wp\/v2\/media?parent=2665"}],"wp:term":[{"taxonomy":"category","embeddable":true,"href":"https:\/\/eraztunberdeurdina.eus\/es\/wp-json\/wp\/v2\/categories?post=2665"},{"taxonomy":"post_tag","embeddable":true,"href":"https:\/\/eraztunberdeurdina.eus\/es\/wp-json\/wp\/v2\/tags?post=2665"}],"curies":[{"name":"wp","href":"https:\/\/api.w.org\/{rel}","templated":true}]}}