{"id":2674,"date":"2023-02-24T15:44:05","date_gmt":"2023-02-24T14:44:05","guid":{"rendered":"https:\/\/eraztunberdeurdina.eus\/?p=2674"},"modified":"2023-02-24T15:47:34","modified_gmt":"2023-02-24T14:47:34","slug":"hoy-se-ha-celebrado-el-zuhaitz-eguna-en-gesoerreka","status":"publish","type":"post","link":"https:\/\/eraztunberdeurdina.eus\/es\/hoy-se-ha-celebrado-el-zuhaitz-eguna-en-gesoerreka-20230224\/","title":{"rendered":"Hoy se ha celebrado el Zuhaitz Eguna en Gesoerreka"},"content":{"rendered":"<p>Hoy hemos celebrado el Zuhaitz Eguna 2023, el tiempo nos ha acompa\u00f1ado y la plantaci\u00f3n ha tenido lugar en el bosque de Gesoerreka. Cada a\u00f1o, el Zuhaitz Eguna se celebra con un centro escolar de la localidad y este a\u00f1o ha sido el turno de 5\u00ba EP de La Salle, donde se han plantado alrededor de 100 \u00e1rboles y arbustos. Adem\u00e1s, el alumnado ha tenido la oportunidad de conocer de primera mano la labor que all\u00ed se est\u00e1 llevando a cabo para recuperar este bosque de alcornoques y aprender acerca de la biodiversidad y la importancia de los bosques.<\/p>\n<p>Gesoerreka es una zona boscosa importante de Zarautz, conformado por alcornoques. Est\u00e1 incluido dentro de la Red Natura 2000, exactamente dentro de la Zona de Conservaci\u00f3n Especial de Garate-Santa Barbara. El departamento de Medio Ambiente ha comprado tres parcelas en esta zona para recuperar los bosques de alcornocales, mantener y mejorar la biodiversidad y, de la misma manera, aumentar la masa de bosque de Zarautz.<\/p>\n<p>Queremos dar las gracias al alumnado y profesorado de 5\u00ba del colegio La Salle por participar en esta iniciativa. Tambi\u00e9n queremos agradecer a la fundaci\u00f3n Kemen por dejarnos una silla de ruedas Freewhee adaptada para poder acceder al bosque, y a la Diputaci\u00f3n Foral de Gipuzkoa y a Txukun Lorazantza por facilitarnos las plantas y el material necesario para llevar a cabo la plantaci\u00f3n.<br \/>\nESKERRIK ASKO!<\/p>\n<p><img fetchpriority=\"high\" decoding=\"async\" class=\"alignnone size-medium wp-image-2672\" src=\"https:\/\/eraztunberdeurdina.eus\/wp-content\/uploads\/2023\/02\/IMG_20230224_110933-600x337.jpg\" alt=\"\" width=\"600\" height=\"337\" srcset=\"https:\/\/eraztunberdeurdina.eus\/wp-content\/uploads\/2023\/02\/IMG_20230224_110933-600x337.jpg 600w, https:\/\/eraztunberdeurdina.eus\/wp-content\/uploads\/2023\/02\/IMG_20230224_110933-768x432.jpg 768w, https:\/\/eraztunberdeurdina.eus\/wp-content\/uploads\/2023\/02\/IMG_20230224_110933.jpg 1600w\" sizes=\"(max-width: 600px) 100vw, 600px\" \/><\/p>\n","protected":false},"excerpt":{"rendered":"<p>Hoy hemos celebrado el Zuhaitz Eguna 2023, el tiempo nos ha acompa\u00f1ado y la plantaci\u00f3n ha tenido lugar en el [&hellip;]<\/p>\n","protected":false},"author":3,"featured_media":2672,"comment_status":"closed","ping_status":"closed","sticky":false,"template":"","format":"standard","meta":{"_acf_changed":false,"site-sidebar-layout":"default","site-content-layout":"","ast-site-content-layout":"default","site-content-style":"default","site-sidebar-style":"default","ast-global-header-display":"","ast-banner-title-visibility":"","ast-main-header-display":"","ast-hfb-above-header-display":"","ast-hfb-below-header-display":"","ast-hfb-mobile-header-display":"","site-post-title":"","ast-breadcrumbs-content":"","ast-featured-img":"","footer-sml-layout":"","ast-disable-related-posts":"","theme-transparent-header-meta":"","adv-header-id-meta":"","stick-header-meta":"","header-above-stick-meta":"","header-main-stick-meta":"","header-below-stick-meta":"","astra-migrate-meta-layouts":"default","ast-page-background-enabled":"default","ast-page-background-meta":{"desktop":{"background-color":"var(--ast-global-color-5)","background-image":"","background-repeat":"repeat","background-position":"center center","background-size":"auto","background-attachment":"scroll","background-type":"","background-media":"","overlay-type":"","overlay-color":"","overlay-opacity":"","overlay-gradient":""},"tablet":{"background-color":"","background-image":"","background-repeat":"repeat","background-position":"center center","background-size":"auto","background-attachment":"scroll","background-type":"","background-media":"","overlay-type":"","overlay-color":"","overlay-opacity":"","overlay-gradient":""},"mobile":{"background-color":"","background-image":"","background-repeat":"repeat","background-position":"center center","background-size":"auto","background-attachment":"scroll","background-type":"","background-media":"","overlay-type":"","overlay-color":"","overlay-opacity":"","overlay-gradient":""}},"ast-content-background-meta":{"desktop":{"background-color":"var(--ast-global-color-4)","background-image":"","background-repeat":"repeat","background-position":"center center","background-size":"auto","background-attachment":"scroll","background-type":"","background-media":"","overlay-type":"","overlay-color":"","overlay-opacity":"","overlay-gradient":""},"tablet":{"background-color":"var(--ast-global-color-4)","background-image":"","background-repeat":"repeat","background-position":"center center","background-size":"auto","background-attachment":"scroll","background-type":"","background-media":"","overlay-type":"","overlay-color":"","overlay-opacity":"","overlay-gradient":""},"mobile":{"background-color":"var(--ast-global-color-4)","background-image":"","background-repeat":"repeat","background-position":"center center","background-size":"auto","background-attachment":"scroll","background-type":"","background-media":"","overlay-type":"","overlay-color":"","overlay-opacity":"","overlay-gradient":""}},"footnotes":""},"categories":[318,442,47,229,368],"tags":[53,451,33,106,101,452,361,449,412,453,373,28,419,27],"class_list":["post-2674","post","type-post","status-publish","format-standard","has-post-thumbnail","hentry","category-accesibilidad","category-biodiversidad","category-bosques","category-educacion","category-gesoerreka-2","tag-alcornocal","tag-alcornoques","tag-anillo-verde-azul","tag-ayuntamiento-de-zarautz","tag-biodiversidad","tag-dia-del-arbol","tag-gesoerreka","tag-la-salle-zarautz","tag-natura-2000","tag-plantacion-de-arboles","tag-red-natura-2000","tag-zarautz","tag-zec-garate-santa-barbara","tag-zuhaitz-eguna"],"acf":[],"yoast_head":"<!-- This site is optimized with the Yoast SEO plugin v27.1.1 - https:\/\/yoast.com\/product\/yoast-seo-wordpress\/ -->\n<title>Hoy se ha celebrado el Zuhaitz Eguna en Gesoerreka - Anillo Verde Azul de Zarautz<\/title>\n<meta name=\"robots\" content=\"index, follow, max-snippet:-1, max-image-preview:large, max-video-preview:-1\" \/>\n<link rel=\"canonical\" href=\"https:\/\/eraztunberdeurdina.eus\/es\/hoy-se-ha-celebrado-el-zuhaitz-eguna-en-gesoerreka-20230224\/\" \/>\n<meta property=\"og:locale\" content=\"es_ES\" \/>\n<meta property=\"og:type\" content=\"article\" \/>\n<meta property=\"og:title\" content=\"Hoy se ha celebrado el Zuhaitz Eguna en Gesoerreka - Anillo Verde Azul de Zarautz\" \/>\n<meta property=\"og:description\" content=\"Hoy hemos celebrado el Zuhaitz Eguna 2023, el tiempo nos ha acompa\u00f1ado y la plantaci\u00f3n ha tenido lugar en el [&hellip;]\" \/>\n<meta property=\"og:url\" content=\"https:\/\/eraztunberdeurdina.eus\/es\/hoy-se-ha-celebrado-el-zuhaitz-eguna-en-gesoerreka-20230224\/\" \/>\n<meta property=\"og:site_name\" content=\"Anillo Verde Azul de Zarautz\" \/>\n<meta property=\"article:published_time\" content=\"2023-02-24T14:44:05+00:00\" \/>\n<meta property=\"article:modified_time\" content=\"2023-02-24T14:47:34+00:00\" \/>\n<meta property=\"og:image\" content=\"https:\/\/eraztunberdeurdina.eus\/wp-content\/uploads\/2023\/02\/IMG_20230224_110933.jpg\" \/>\n\t<meta property=\"og:image:width\" content=\"1600\" \/>\n\t<meta property=\"og:image:height\" content=\"899\" \/>\n\t<meta property=\"og:image:type\" content=\"image\/jpeg\" \/>\n<meta name=\"author\" content=\"ebu\" \/>\n<meta name=\"twitter:card\" content=\"summary_large_image\" \/>\n<meta name=\"twitter:label1\" content=\"Escrito por\" \/>\n\t<meta name=\"twitter:data1\" content=\"ebu\" \/>\n\t<meta name=\"twitter:label2\" content=\"Tiempo de lectura\" \/>\n\t<meta name=\"twitter:data2\" content=\"1 minuto\" \/>\n<script type=\"application\/ld+json\" class=\"yoast-schema-graph\">{\"@context\":\"https:\/\/schema.org\",\"@graph\":[{\"@type\":\"Article\",\"@id\":\"https:\/\/eraztunberdeurdina.eus\/es\/hoy-se-ha-celebrado-el-zuhaitz-eguna-en-gesoerreka-20230224\/#article\",\"isPartOf\":{\"@id\":\"https:\/\/eraztunberdeurdina.eus\/es\/hoy-se-ha-celebrado-el-zuhaitz-eguna-en-gesoerreka-20230224\/\"},\"author\":{\"name\":\"ebu\",\"@id\":\"https:\/\/eraztunberdeurdina.eus\/#\/schema\/person\/a9c3a9d9ddfc0024a1d798d33b8eb53c\"},\"headline\":\"Hoy se ha celebrado el Zuhaitz Eguna en Gesoerreka\",\"datePublished\":\"2023-02-24T14:44:05+00:00\",\"dateModified\":\"2023-02-24T14:47:34+00:00\",\"mainEntityOfPage\":{\"@id\":\"https:\/\/eraztunberdeurdina.eus\/es\/hoy-se-ha-celebrado-el-zuhaitz-eguna-en-gesoerreka-20230224\/\"},\"wordCount\":244,\"publisher\":{\"@id\":\"https:\/\/eraztunberdeurdina.eus\/#organization\"},\"image\":{\"@id\":\"https:\/\/eraztunberdeurdina.eus\/es\/hoy-se-ha-celebrado-el-zuhaitz-eguna-en-gesoerreka-20230224\/#primaryimage\"},\"thumbnailUrl\":\"https:\/\/eraztunberdeurdina.eus\/wp-content\/uploads\/2023\/02\/IMG_20230224_110933.jpg\",\"keywords\":[\"alcornocal\",\"alcornoques\",\"anillo verde azul\",\"Ayuntamiento de Zarautz\",\"biodiversidad\",\"D\u00eda del \u00e1rbol\",\"Gesoerreka\",\"La Salle Zarautz\",\"Natura 2000\",\"plantaci\u00f3n de \u00e1rboles\",\"red Natura 2000\",\"Zarautz\",\"ZEC Garate-Santa Barbara\",\"zuhaitz eguna\"],\"articleSection\":[\"accesibilidad\",\"biodiversidad\",\"bosques\",\"Educaci\u00f3n\",\"Gesoerreka\"],\"inLanguage\":\"es\"},{\"@type\":\"WebPage\",\"@id\":\"https:\/\/eraztunberdeurdina.eus\/es\/hoy-se-ha-celebrado-el-zuhaitz-eguna-en-gesoerreka-20230224\/\",\"url\":\"https:\/\/eraztunberdeurdina.eus\/es\/hoy-se-ha-celebrado-el-zuhaitz-eguna-en-gesoerreka-20230224\/\",\"name\":\"Hoy se ha celebrado el Zuhaitz Eguna en Gesoerreka - Anillo Verde Azul de Zarautz\",\"isPartOf\":{\"@id\":\"https:\/\/eraztunberdeurdina.eus\/#website\"},\"primaryImageOfPage\":{\"@id\":\"https:\/\/eraztunberdeurdina.eus\/es\/hoy-se-ha-celebrado-el-zuhaitz-eguna-en-gesoerreka-20230224\/#primaryimage\"},\"image\":{\"@id\":\"https:\/\/eraztunberdeurdina.eus\/es\/hoy-se-ha-celebrado-el-zuhaitz-eguna-en-gesoerreka-20230224\/#primaryimage\"},\"thumbnailUrl\":\"https:\/\/eraztunberdeurdina.eus\/wp-content\/uploads\/2023\/02\/IMG_20230224_110933.jpg\",\"datePublished\":\"2023-02-24T14:44:05+00:00\",\"dateModified\":\"2023-02-24T14:47:34+00:00\",\"breadcrumb\":{\"@id\":\"https:\/\/eraztunberdeurdina.eus\/es\/hoy-se-ha-celebrado-el-zuhaitz-eguna-en-gesoerreka-20230224\/#breadcrumb\"},\"inLanguage\":\"es\",\"potentialAction\":[{\"@type\":\"ReadAction\",\"target\":[\"https:\/\/eraztunberdeurdina.eus\/es\/hoy-se-ha-celebrado-el-zuhaitz-eguna-en-gesoerreka-20230224\/\"]}]},{\"@type\":\"ImageObject\",\"inLanguage\":\"es\",\"@id\":\"https:\/\/eraztunberdeurdina.eus\/es\/hoy-se-ha-celebrado-el-zuhaitz-eguna-en-gesoerreka-20230224\/#primaryimage\",\"url\":\"https:\/\/eraztunberdeurdina.eus\/wp-content\/uploads\/2023\/02\/IMG_20230224_110933.jpg\",\"contentUrl\":\"https:\/\/eraztunberdeurdina.eus\/wp-content\/uploads\/2023\/02\/IMG_20230224_110933.jpg\",\"width\":1600,\"height\":899},{\"@type\":\"BreadcrumbList\",\"@id\":\"https:\/\/eraztunberdeurdina.eus\/es\/hoy-se-ha-celebrado-el-zuhaitz-eguna-en-gesoerreka-20230224\/#breadcrumb\",\"itemListElement\":[{\"@type\":\"ListItem\",\"position\":1,\"name\":\"Home\",\"item\":\"https:\/\/eraztunberdeurdina.eus\/es\/anillo-verde-azul\/\"},{\"@type\":\"ListItem\",\"position\":2,\"name\":\"Hoy se ha celebrado el Zuhaitz Eguna en Gesoerreka\"}]},{\"@type\":\"WebSite\",\"@id\":\"https:\/\/eraztunberdeurdina.eus\/#website\",\"url\":\"https:\/\/eraztunberdeurdina.eus\/\",\"name\":\"Zarauzko Eraztun Berde Urdina\",\"description\":\"Herri-inguruko berdeguneen zaintza\",\"publisher\":{\"@id\":\"https:\/\/eraztunberdeurdina.eus\/#organization\"},\"potentialAction\":[{\"@type\":\"SearchAction\",\"target\":{\"@type\":\"EntryPoint\",\"urlTemplate\":\"https:\/\/eraztunberdeurdina.eus\/?s={search_term_string}\"},\"query-input\":{\"@type\":\"PropertyValueSpecification\",\"valueRequired\":true,\"valueName\":\"search_term_string\"}}],\"inLanguage\":\"es\"},{\"@type\":\"Organization\",\"@id\":\"https:\/\/eraztunberdeurdina.eus\/#organization\",\"name\":\"Zarauzko Eraztun Berde Urdina\",\"url\":\"https:\/\/eraztunberdeurdina.eus\/\",\"logo\":{\"@type\":\"ImageObject\",\"inLanguage\":\"es\",\"@id\":\"https:\/\/eraztunberdeurdina.eus\/#\/schema\/logo\/image\/\",\"url\":\"https:\/\/eraztunberdeurdina.eus\/wp-content\/uploads\/2018\/07\/EBUkoloretan.jpg\",\"contentUrl\":\"https:\/\/eraztunberdeurdina.eus\/wp-content\/uploads\/2018\/07\/EBUkoloretan.jpg\",\"width\":934,\"height\":687,\"caption\":\"Zarauzko Eraztun Berde Urdina\"},\"image\":{\"@id\":\"https:\/\/eraztunberdeurdina.eus\/#\/schema\/logo\/image\/\"}},{\"@type\":\"Person\",\"@id\":\"https:\/\/eraztunberdeurdina.eus\/#\/schema\/person\/a9c3a9d9ddfc0024a1d798d33b8eb53c\",\"name\":\"ebu\"}]}<\/script>\n<!-- \/ Yoast SEO plugin. -->","yoast_head_json":{"title":"Hoy se ha celebrado el Zuhaitz Eguna en Gesoerreka - Anillo Verde Azul de Zarautz","robots":{"index":"index","follow":"follow","max-snippet":"max-snippet:-1","max-image-preview":"max-image-preview:large","max-video-preview":"max-video-preview:-1"},"canonical":"https:\/\/eraztunberdeurdina.eus\/es\/hoy-se-ha-celebrado-el-zuhaitz-eguna-en-gesoerreka-20230224\/","og_locale":"es_ES","og_type":"article","og_title":"Hoy se ha celebrado el Zuhaitz Eguna en Gesoerreka - Anillo Verde Azul de Zarautz","og_description":"Hoy hemos celebrado el Zuhaitz Eguna 2023, el tiempo nos ha acompa\u00f1ado y la plantaci\u00f3n ha tenido lugar en el [&hellip;]","og_url":"https:\/\/eraztunberdeurdina.eus\/es\/hoy-se-ha-celebrado-el-zuhaitz-eguna-en-gesoerreka-20230224\/","og_site_name":"Anillo Verde Azul de Zarautz","article_published_time":"2023-02-24T14:44:05+00:00","article_modified_time":"2023-02-24T14:47:34+00:00","og_image":[{"width":1600,"height":899,"url":"https:\/\/eraztunberdeurdina.eus\/wp-content\/uploads\/2023\/02\/IMG_20230224_110933.jpg","type":"image\/jpeg"}],"author":"ebu","twitter_card":"summary_large_image","twitter_misc":{"Escrito por":"ebu","Tiempo de lectura":"1 minuto"},"schema":{"@context":"https:\/\/schema.org","@graph":[{"@type":"Article","@id":"https:\/\/eraztunberdeurdina.eus\/es\/hoy-se-ha-celebrado-el-zuhaitz-eguna-en-gesoerreka-20230224\/#article","isPartOf":{"@id":"https:\/\/eraztunberdeurdina.eus\/es\/hoy-se-ha-celebrado-el-zuhaitz-eguna-en-gesoerreka-20230224\/"},"author":{"name":"ebu","@id":"https:\/\/eraztunberdeurdina.eus\/#\/schema\/person\/a9c3a9d9ddfc0024a1d798d33b8eb53c"},"headline":"Hoy se ha celebrado el Zuhaitz Eguna en Gesoerreka","datePublished":"2023-02-24T14:44:05+00:00","dateModified":"2023-02-24T14:47:34+00:00","mainEntityOfPage":{"@id":"https:\/\/eraztunberdeurdina.eus\/es\/hoy-se-ha-celebrado-el-zuhaitz-eguna-en-gesoerreka-20230224\/"},"wordCount":244,"publisher":{"@id":"https:\/\/eraztunberdeurdina.eus\/#organization"},"image":{"@id":"https:\/\/eraztunberdeurdina.eus\/es\/hoy-se-ha-celebrado-el-zuhaitz-eguna-en-gesoerreka-20230224\/#primaryimage"},"thumbnailUrl":"https:\/\/eraztunberdeurdina.eus\/wp-content\/uploads\/2023\/02\/IMG_20230224_110933.jpg","keywords":["alcornocal","alcornoques","anillo verde azul","Ayuntamiento de Zarautz","biodiversidad","D\u00eda del \u00e1rbol","Gesoerreka","La Salle Zarautz","Natura 2000","plantaci\u00f3n de \u00e1rboles","red Natura 2000","Zarautz","ZEC Garate-Santa Barbara","zuhaitz eguna"],"articleSection":["accesibilidad","biodiversidad","bosques","Educaci\u00f3n","Gesoerreka"],"inLanguage":"es"},{"@type":"WebPage","@id":"https:\/\/eraztunberdeurdina.eus\/es\/hoy-se-ha-celebrado-el-zuhaitz-eguna-en-gesoerreka-20230224\/","url":"https:\/\/eraztunberdeurdina.eus\/es\/hoy-se-ha-celebrado-el-zuhaitz-eguna-en-gesoerreka-20230224\/","name":"Hoy se ha celebrado el Zuhaitz Eguna en Gesoerreka - Anillo Verde Azul de Zarautz","isPartOf":{"@id":"https:\/\/eraztunberdeurdina.eus\/#website"},"primaryImageOfPage":{"@id":"https:\/\/eraztunberdeurdina.eus\/es\/hoy-se-ha-celebrado-el-zuhaitz-eguna-en-gesoerreka-20230224\/#primaryimage"},"image":{"@id":"https:\/\/eraztunberdeurdina.eus\/es\/hoy-se-ha-celebrado-el-zuhaitz-eguna-en-gesoerreka-20230224\/#primaryimage"},"thumbnailUrl":"https:\/\/eraztunberdeurdina.eus\/wp-content\/uploads\/2023\/02\/IMG_20230224_110933.jpg","datePublished":"2023-02-24T14:44:05+00:00","dateModified":"2023-02-24T14:47:34+00:00","breadcrumb":{"@id":"https:\/\/eraztunberdeurdina.eus\/es\/hoy-se-ha-celebrado-el-zuhaitz-eguna-en-gesoerreka-20230224\/#breadcrumb"},"inLanguage":"es","potentialAction":[{"@type":"ReadAction","target":["https:\/\/eraztunberdeurdina.eus\/es\/hoy-se-ha-celebrado-el-zuhaitz-eguna-en-gesoerreka-20230224\/"]}]},{"@type":"ImageObject","inLanguage":"es","@id":"https:\/\/eraztunberdeurdina.eus\/es\/hoy-se-ha-celebrado-el-zuhaitz-eguna-en-gesoerreka-20230224\/#primaryimage","url":"https:\/\/eraztunberdeurdina.eus\/wp-content\/uploads\/2023\/02\/IMG_20230224_110933.jpg","contentUrl":"https:\/\/eraztunberdeurdina.eus\/wp-content\/uploads\/2023\/02\/IMG_20230224_110933.jpg","width":1600,"height":899},{"@type":"BreadcrumbList","@id":"https:\/\/eraztunberdeurdina.eus\/es\/hoy-se-ha-celebrado-el-zuhaitz-eguna-en-gesoerreka-20230224\/#breadcrumb","itemListElement":[{"@type":"ListItem","position":1,"name":"Home","item":"https:\/\/eraztunberdeurdina.eus\/es\/anillo-verde-azul\/"},{"@type":"ListItem","position":2,"name":"Hoy se ha celebrado el Zuhaitz Eguna en Gesoerreka"}]},{"@type":"WebSite","@id":"https:\/\/eraztunberdeurdina.eus\/#website","url":"https:\/\/eraztunberdeurdina.eus\/","name":"Zarauzko Eraztun Berde Urdina","description":"Herri-inguruko berdeguneen zaintza","publisher":{"@id":"https:\/\/eraztunberdeurdina.eus\/#organization"},"potentialAction":[{"@type":"SearchAction","target":{"@type":"EntryPoint","urlTemplate":"https:\/\/eraztunberdeurdina.eus\/?s={search_term_string}"},"query-input":{"@type":"PropertyValueSpecification","valueRequired":true,"valueName":"search_term_string"}}],"inLanguage":"es"},{"@type":"Organization","@id":"https:\/\/eraztunberdeurdina.eus\/#organization","name":"Zarauzko Eraztun Berde Urdina","url":"https:\/\/eraztunberdeurdina.eus\/","logo":{"@type":"ImageObject","inLanguage":"es","@id":"https:\/\/eraztunberdeurdina.eus\/#\/schema\/logo\/image\/","url":"https:\/\/eraztunberdeurdina.eus\/wp-content\/uploads\/2018\/07\/EBUkoloretan.jpg","contentUrl":"https:\/\/eraztunberdeurdina.eus\/wp-content\/uploads\/2018\/07\/EBUkoloretan.jpg","width":934,"height":687,"caption":"Zarauzko Eraztun Berde Urdina"},"image":{"@id":"https:\/\/eraztunberdeurdina.eus\/#\/schema\/logo\/image\/"}},{"@type":"Person","@id":"https:\/\/eraztunberdeurdina.eus\/#\/schema\/person\/a9c3a9d9ddfc0024a1d798d33b8eb53c","name":"ebu"}]}},"_links":{"self":[{"href":"https:\/\/eraztunberdeurdina.eus\/es\/wp-json\/wp\/v2\/posts\/2674","targetHints":{"allow":["GET"]}}],"collection":[{"href":"https:\/\/eraztunberdeurdina.eus\/es\/wp-json\/wp\/v2\/posts"}],"about":[{"href":"https:\/\/eraztunberdeurdina.eus\/es\/wp-json\/wp\/v2\/types\/post"}],"author":[{"embeddable":true,"href":"https:\/\/eraztunberdeurdina.eus\/es\/wp-json\/wp\/v2\/users\/3"}],"replies":[{"embeddable":true,"href":"https:\/\/eraztunberdeurdina.eus\/es\/wp-json\/wp\/v2\/comments?post=2674"}],"version-history":[{"count":1,"href":"https:\/\/eraztunberdeurdina.eus\/es\/wp-json\/wp\/v2\/posts\/2674\/revisions"}],"predecessor-version":[{"id":2675,"href":"https:\/\/eraztunberdeurdina.eus\/es\/wp-json\/wp\/v2\/posts\/2674\/revisions\/2675"}],"wp:featuredmedia":[{"embeddable":true,"href":"https:\/\/eraztunberdeurdina.eus\/es\/wp-json\/wp\/v2\/media\/2672"}],"wp:attachment":[{"href":"https:\/\/eraztunberdeurdina.eus\/es\/wp-json\/wp\/v2\/media?parent=2674"}],"wp:term":[{"taxonomy":"category","embeddable":true,"href":"https:\/\/eraztunberdeurdina.eus\/es\/wp-json\/wp\/v2\/categories?post=2674"},{"taxonomy":"post_tag","embeddable":true,"href":"https:\/\/eraztunberdeurdina.eus\/es\/wp-json\/wp\/v2\/tags?post=2674"}],"curies":[{"name":"wp","href":"https:\/\/api.w.org\/{rel}","templated":true}]}}