{"id":2687,"date":"2023-03-07T15:41:26","date_gmt":"2023-03-07T14:41:26","guid":{"rendered":"https:\/\/eraztunberdeurdina.eus\/?p=2687"},"modified":"2023-03-07T15:41:26","modified_gmt":"2023-03-07T14:41:26","slug":"comienza-la-segunda-fase-de-los-trabajos-para-la-recuperacion-del-humedal-de-irita","status":"publish","type":"post","link":"https:\/\/eraztunberdeurdina.eus\/es\/comienza-la-segunda-fase-de-los-trabajos-para-la-recuperacion-del-humedal-de-irita-20230307\/","title":{"rendered":"Comienza la segunda fase de los trabajos para la recuperaci\u00f3n del humedal de Irita"},"content":{"rendered":"<p>La semana se puso en marcha la segunda fase de los trabajos de recuperaci\u00f3n y ampliaci\u00f3n del humedal de Irita. La primera fase se desarroll\u00f3 en 2019, de la mano de la Agencia Vasca del Agua, donde se derribaron los muros de la regata y se naturaliz\u00f3 el humedal. Los resultados han sido muy visibles en pocos a\u00f1os y ahora se desarrollar\u00e1 la segunda y \u00faltima fase de recuperaci\u00f3n.<\/p>\n<p>Esta segunda fase tendr\u00e1 una duraci\u00f3n de 5 meses y se realizar\u00e1n los siguientes trabajos:<\/p>\n<ul>\n<li>Se retirar\u00e1n 9.000 m<sup>3 <\/sup>rellenos de la zona contigua del humedal para ampliar su profundidad y para llegar a la cota del nivel del agua, para que el agua tenga espacio para cubrir espacios m\u00e1s amplios. De esta manera aumentar\u00e1 su amplitud y ganar\u00e1 una extensi\u00f3n 200 m<sup>2<\/sup>.<\/li>\n<li>En el humedal se plantar\u00e1n carrizos y en la zona contigua se plantar\u00e1n 420 \u00e1rboles y arbustos, sobretodo alisos (<em>Alnus glutinosa<\/em>), con el objetivo de crear dos peque\u00f1as alisedas.<\/li>\n<li>Se habilitar\u00e1 un camino peatonal en el este (desde Itxasmendi a Zubiaurrezahar) para visitar el humedal y pasar junto a \u00e9l.<\/li>\n<li>Se establecer\u00e1 un observatorio en el que se podr\u00e1n observar las aves del humedal.<\/li>\n<li>Se acondicionar\u00e1 un lez\u00f3n para proteger el humedal del ruido y los impactos visibles de la carretera contigua.<\/li>\n<\/ul>\n<p>\u00bfQu\u00e9 objetivos se quieren conseguir?<\/p>\n<ul>\n<li>Debido a la intervenci\u00f3n humana se eliminaron los espacios naturales del agua y mediante estos trabajos de recuperaci\u00f3n se quiere devolver al agua su espacio.<\/li>\n<li>Mitigar los riesgos de inundaciones y hacer frente a la subida del nivel del mar.<\/li>\n<li>Contribuir a frenar el cambio clim\u00e1tico.<\/li>\n<li>Recuperar la rica biodiversidad de la zona, sabiendo que habitan en ella especies que est\u00e1n protegidas.<\/li>\n<li>Fomentar la conectividad con los humedales contiguos. El humedal de Irita est\u00e1 conectado con el Biotopo de I\u00f1urritza y con el carrizal de Asti. Los tres espacios conforman un conjunto ecol\u00f3gico muy importante y es imprescindible que el humedal de Irita se encuentre en buenas condiciones para garantizar la salud de los humedales adyacentes, y viceversa.<\/li>\n<li>Impulsar el bienestar de las y los zarauztarras, dando la oportunidad de poder descansar y disfrutar de la naturaleza.<\/li>\n<\/ul>\n<p><img fetchpriority=\"high\" decoding=\"async\" class=\"alignnone size-medium wp-image-2681\" src=\"https:\/\/eraztunberdeurdina.eus\/wp-content\/uploads\/2023\/03\/Irita-600x338.jpg\" alt=\"\" width=\"600\" height=\"338\" srcset=\"https:\/\/eraztunberdeurdina.eus\/wp-content\/uploads\/2023\/03\/Irita-600x338.jpg 600w, https:\/\/eraztunberdeurdina.eus\/wp-content\/uploads\/2023\/03\/Irita-768x432.jpg 768w, https:\/\/eraztunberdeurdina.eus\/wp-content\/uploads\/2023\/03\/Irita.jpg 1920w\" sizes=\"(max-width: 600px) 100vw, 600px\" \/><\/p>\n<p>El Ayuntamiento ha realizado una inversi\u00f3n de 450.000 euros para llevar a cabo todos estos trabajos.<\/p>\n<p>Para ver mejor el plano pincha aqu\u00ed: <a href=\"https:\/\/eraztunberdeurdina.eus\/irita-planoa\/\">https:\/\/eraztunberdeurdina.eus\/irita-planoa\/<\/a><\/p>\n<p>&nbsp;<\/p>\n","protected":false},"excerpt":{"rendered":"<p>La semana se puso en marcha la segunda fase de los trabajos de recuperaci\u00f3n y ampliaci\u00f3n del humedal de Irita. [&hellip;]<\/p>\n","protected":false},"author":3,"featured_media":2681,"comment_status":"closed","ping_status":"closed","sticky":false,"template":"","format":"standard","meta":{"_acf_changed":false,"site-sidebar-layout":"default","site-content-layout":"","ast-site-content-layout":"default","site-content-style":"default","site-sidebar-style":"default","ast-global-header-display":"","ast-banner-title-visibility":"","ast-main-header-display":"","ast-hfb-above-header-display":"","ast-hfb-below-header-display":"","ast-hfb-mobile-header-display":"","site-post-title":"","ast-breadcrumbs-content":"","ast-featured-img":"","footer-sml-layout":"","ast-disable-related-posts":"","theme-transparent-header-meta":"","adv-header-id-meta":"","stick-header-meta":"","header-above-stick-meta":"","header-main-stick-meta":"","header-below-stick-meta":"","astra-migrate-meta-layouts":"default","ast-page-background-enabled":"default","ast-page-background-meta":{"desktop":{"background-color":"var(--ast-global-color-5)","background-image":"","background-repeat":"repeat","background-position":"center center","background-size":"auto","background-attachment":"scroll","background-type":"","background-media":"","overlay-type":"","overlay-color":"","overlay-opacity":"","overlay-gradient":""},"tablet":{"background-color":"","background-image":"","background-repeat":"repeat","background-position":"center center","background-size":"auto","background-attachment":"scroll","background-type":"","background-media":"","overlay-type":"","overlay-color":"","overlay-opacity":"","overlay-gradient":""},"mobile":{"background-color":"","background-image":"","background-repeat":"repeat","background-position":"center center","background-size":"auto","background-attachment":"scroll","background-type":"","background-media":"","overlay-type":"","overlay-color":"","overlay-opacity":"","overlay-gradient":""}},"ast-content-background-meta":{"desktop":{"background-color":"var(--ast-global-color-4)","background-image":"","background-repeat":"repeat","background-position":"center center","background-size":"auto","background-attachment":"scroll","background-type":"","background-media":"","overlay-type":"","overlay-color":"","overlay-opacity":"","overlay-gradient":""},"tablet":{"background-color":"var(--ast-global-color-4)","background-image":"","background-repeat":"repeat","background-position":"center center","background-size":"auto","background-attachment":"scroll","background-type":"","background-media":"","overlay-type":"","overlay-color":"","overlay-opacity":"","overlay-gradient":""},"mobile":{"background-color":"var(--ast-global-color-4)","background-image":"","background-repeat":"repeat","background-position":"center center","background-size":"auto","background-attachment":"scroll","background-type":"","background-media":"","overlay-type":"","overlay-color":"","overlay-opacity":"","overlay-gradient":""}},"footnotes":""},"categories":[443,454],"tags":[33,34,353,82,455,456,28],"class_list":["post-2687","post","type-post","status-publish","format-standard","has-post-thumbnail","hentry","category-humedal","category-irita","tag-anillo-verde-azul","tag-eraztun-berde-urdina","tag-humedal","tag-irita","tag-recuperacion","tag-renaturalizacion","tag-zarautz"],"acf":[],"yoast_head":"<!-- This site is optimized with the Yoast SEO plugin v27.1.1 - https:\/\/yoast.com\/product\/yoast-seo-wordpress\/ -->\n<title>Comienza la segunda fase de los trabajos para la recuperaci\u00f3n del humedal de Irita - Anillo Verde Azul de Zarautz<\/title>\n<meta name=\"robots\" content=\"index, follow, max-snippet:-1, max-image-preview:large, max-video-preview:-1\" \/>\n<link rel=\"canonical\" href=\"https:\/\/eraztunberdeurdina.eus\/es\/comienza-la-segunda-fase-de-los-trabajos-para-la-recuperacion-del-humedal-de-irita-20230307\/\" \/>\n<meta property=\"og:locale\" content=\"es_ES\" \/>\n<meta property=\"og:type\" content=\"article\" \/>\n<meta property=\"og:title\" content=\"Comienza la segunda fase de los trabajos para la recuperaci\u00f3n del humedal de Irita - Anillo Verde Azul de Zarautz\" \/>\n<meta property=\"og:description\" content=\"La semana se puso en marcha la segunda fase de los trabajos de recuperaci\u00f3n y ampliaci\u00f3n del humedal de Irita. [&hellip;]\" \/>\n<meta property=\"og:url\" content=\"https:\/\/eraztunberdeurdina.eus\/es\/comienza-la-segunda-fase-de-los-trabajos-para-la-recuperacion-del-humedal-de-irita-20230307\/\" \/>\n<meta property=\"og:site_name\" content=\"Anillo Verde Azul de Zarautz\" \/>\n<meta property=\"article:published_time\" content=\"2023-03-07T14:41:26+00:00\" \/>\n<meta property=\"og:image\" content=\"https:\/\/eraztunberdeurdina.eus\/wp-content\/uploads\/2023\/03\/Irita.jpg\" \/>\n\t<meta property=\"og:image:width\" content=\"1920\" \/>\n\t<meta property=\"og:image:height\" content=\"1080\" \/>\n\t<meta property=\"og:image:type\" content=\"image\/jpeg\" \/>\n<meta name=\"author\" content=\"ebu\" \/>\n<meta name=\"twitter:card\" content=\"summary_large_image\" \/>\n<meta name=\"twitter:label1\" content=\"Escrito por\" \/>\n\t<meta name=\"twitter:data1\" content=\"ebu\" \/>\n\t<meta name=\"twitter:label2\" content=\"Tiempo de lectura\" \/>\n\t<meta name=\"twitter:data2\" content=\"2 minutos\" \/>\n<script type=\"application\/ld+json\" class=\"yoast-schema-graph\">{\"@context\":\"https:\/\/schema.org\",\"@graph\":[{\"@type\":\"Article\",\"@id\":\"https:\/\/eraztunberdeurdina.eus\/es\/comienza-la-segunda-fase-de-los-trabajos-para-la-recuperacion-del-humedal-de-irita-20230307\/#article\",\"isPartOf\":{\"@id\":\"https:\/\/eraztunberdeurdina.eus\/es\/comienza-la-segunda-fase-de-los-trabajos-para-la-recuperacion-del-humedal-de-irita-20230307\/\"},\"author\":{\"name\":\"ebu\",\"@id\":\"https:\/\/eraztunberdeurdina.eus\/#\/schema\/person\/a9c3a9d9ddfc0024a1d798d33b8eb53c\"},\"headline\":\"Comienza la segunda fase de los trabajos para la recuperaci\u00f3n del humedal de Irita\",\"datePublished\":\"2023-03-07T14:41:26+00:00\",\"mainEntityOfPage\":{\"@id\":\"https:\/\/eraztunberdeurdina.eus\/es\/comienza-la-segunda-fase-de-los-trabajos-para-la-recuperacion-del-humedal-de-irita-20230307\/\"},\"wordCount\":414,\"publisher\":{\"@id\":\"https:\/\/eraztunberdeurdina.eus\/#organization\"},\"image\":{\"@id\":\"https:\/\/eraztunberdeurdina.eus\/es\/comienza-la-segunda-fase-de-los-trabajos-para-la-recuperacion-del-humedal-de-irita-20230307\/#primaryimage\"},\"thumbnailUrl\":\"https:\/\/eraztunberdeurdina.eus\/wp-content\/uploads\/2023\/03\/Irita.jpg\",\"keywords\":[\"anillo verde azul\",\"Eraztun Berde Urdina\",\"humedal\",\"Irita\",\"recuperaci\u00f3n\",\"renaturalizaci\u00f3n\",\"Zarautz\"],\"articleSection\":[\"humedal\",\"Irita\"],\"inLanguage\":\"es\"},{\"@type\":\"WebPage\",\"@id\":\"https:\/\/eraztunberdeurdina.eus\/es\/comienza-la-segunda-fase-de-los-trabajos-para-la-recuperacion-del-humedal-de-irita-20230307\/\",\"url\":\"https:\/\/eraztunberdeurdina.eus\/es\/comienza-la-segunda-fase-de-los-trabajos-para-la-recuperacion-del-humedal-de-irita-20230307\/\",\"name\":\"Comienza la segunda fase de los trabajos para la recuperaci\u00f3n del humedal de Irita - Anillo Verde Azul de Zarautz\",\"isPartOf\":{\"@id\":\"https:\/\/eraztunberdeurdina.eus\/#website\"},\"primaryImageOfPage\":{\"@id\":\"https:\/\/eraztunberdeurdina.eus\/es\/comienza-la-segunda-fase-de-los-trabajos-para-la-recuperacion-del-humedal-de-irita-20230307\/#primaryimage\"},\"image\":{\"@id\":\"https:\/\/eraztunberdeurdina.eus\/es\/comienza-la-segunda-fase-de-los-trabajos-para-la-recuperacion-del-humedal-de-irita-20230307\/#primaryimage\"},\"thumbnailUrl\":\"https:\/\/eraztunberdeurdina.eus\/wp-content\/uploads\/2023\/03\/Irita.jpg\",\"datePublished\":\"2023-03-07T14:41:26+00:00\",\"breadcrumb\":{\"@id\":\"https:\/\/eraztunberdeurdina.eus\/es\/comienza-la-segunda-fase-de-los-trabajos-para-la-recuperacion-del-humedal-de-irita-20230307\/#breadcrumb\"},\"inLanguage\":\"es\",\"potentialAction\":[{\"@type\":\"ReadAction\",\"target\":[\"https:\/\/eraztunberdeurdina.eus\/es\/comienza-la-segunda-fase-de-los-trabajos-para-la-recuperacion-del-humedal-de-irita-20230307\/\"]}]},{\"@type\":\"ImageObject\",\"inLanguage\":\"es\",\"@id\":\"https:\/\/eraztunberdeurdina.eus\/es\/comienza-la-segunda-fase-de-los-trabajos-para-la-recuperacion-del-humedal-de-irita-20230307\/#primaryimage\",\"url\":\"https:\/\/eraztunberdeurdina.eus\/wp-content\/uploads\/2023\/03\/Irita.jpg\",\"contentUrl\":\"https:\/\/eraztunberdeurdina.eus\/wp-content\/uploads\/2023\/03\/Irita.jpg\",\"width\":1920,\"height\":1080},{\"@type\":\"BreadcrumbList\",\"@id\":\"https:\/\/eraztunberdeurdina.eus\/es\/comienza-la-segunda-fase-de-los-trabajos-para-la-recuperacion-del-humedal-de-irita-20230307\/#breadcrumb\",\"itemListElement\":[{\"@type\":\"ListItem\",\"position\":1,\"name\":\"Home\",\"item\":\"https:\/\/eraztunberdeurdina.eus\/es\/anillo-verde-azul\/\"},{\"@type\":\"ListItem\",\"position\":2,\"name\":\"Comienza la segunda fase de los trabajos para la recuperaci\u00f3n del humedal de Irita\"}]},{\"@type\":\"WebSite\",\"@id\":\"https:\/\/eraztunberdeurdina.eus\/#website\",\"url\":\"https:\/\/eraztunberdeurdina.eus\/\",\"name\":\"Zarauzko Eraztun Berde Urdina\",\"description\":\"Herri-inguruko berdeguneen zaintza\",\"publisher\":{\"@id\":\"https:\/\/eraztunberdeurdina.eus\/#organization\"},\"potentialAction\":[{\"@type\":\"SearchAction\",\"target\":{\"@type\":\"EntryPoint\",\"urlTemplate\":\"https:\/\/eraztunberdeurdina.eus\/?s={search_term_string}\"},\"query-input\":{\"@type\":\"PropertyValueSpecification\",\"valueRequired\":true,\"valueName\":\"search_term_string\"}}],\"inLanguage\":\"es\"},{\"@type\":\"Organization\",\"@id\":\"https:\/\/eraztunberdeurdina.eus\/#organization\",\"name\":\"Zarauzko Eraztun Berde Urdina\",\"url\":\"https:\/\/eraztunberdeurdina.eus\/\",\"logo\":{\"@type\":\"ImageObject\",\"inLanguage\":\"es\",\"@id\":\"https:\/\/eraztunberdeurdina.eus\/#\/schema\/logo\/image\/\",\"url\":\"https:\/\/eraztunberdeurdina.eus\/wp-content\/uploads\/2018\/07\/EBUkoloretan.jpg\",\"contentUrl\":\"https:\/\/eraztunberdeurdina.eus\/wp-content\/uploads\/2018\/07\/EBUkoloretan.jpg\",\"width\":934,\"height\":687,\"caption\":\"Zarauzko Eraztun Berde Urdina\"},\"image\":{\"@id\":\"https:\/\/eraztunberdeurdina.eus\/#\/schema\/logo\/image\/\"}},{\"@type\":\"Person\",\"@id\":\"https:\/\/eraztunberdeurdina.eus\/#\/schema\/person\/a9c3a9d9ddfc0024a1d798d33b8eb53c\",\"name\":\"ebu\"}]}<\/script>\n<!-- \/ Yoast SEO plugin. -->","yoast_head_json":{"title":"Comienza la segunda fase de los trabajos para la recuperaci\u00f3n del humedal de Irita - Anillo Verde Azul de Zarautz","robots":{"index":"index","follow":"follow","max-snippet":"max-snippet:-1","max-image-preview":"max-image-preview:large","max-video-preview":"max-video-preview:-1"},"canonical":"https:\/\/eraztunberdeurdina.eus\/es\/comienza-la-segunda-fase-de-los-trabajos-para-la-recuperacion-del-humedal-de-irita-20230307\/","og_locale":"es_ES","og_type":"article","og_title":"Comienza la segunda fase de los trabajos para la recuperaci\u00f3n del humedal de Irita - Anillo Verde Azul de Zarautz","og_description":"La semana se puso en marcha la segunda fase de los trabajos de recuperaci\u00f3n y ampliaci\u00f3n del humedal de Irita. [&hellip;]","og_url":"https:\/\/eraztunberdeurdina.eus\/es\/comienza-la-segunda-fase-de-los-trabajos-para-la-recuperacion-del-humedal-de-irita-20230307\/","og_site_name":"Anillo Verde Azul de Zarautz","article_published_time":"2023-03-07T14:41:26+00:00","og_image":[{"width":1920,"height":1080,"url":"https:\/\/eraztunberdeurdina.eus\/wp-content\/uploads\/2023\/03\/Irita.jpg","type":"image\/jpeg"}],"author":"ebu","twitter_card":"summary_large_image","twitter_misc":{"Escrito por":"ebu","Tiempo de lectura":"2 minutos"},"schema":{"@context":"https:\/\/schema.org","@graph":[{"@type":"Article","@id":"https:\/\/eraztunberdeurdina.eus\/es\/comienza-la-segunda-fase-de-los-trabajos-para-la-recuperacion-del-humedal-de-irita-20230307\/#article","isPartOf":{"@id":"https:\/\/eraztunberdeurdina.eus\/es\/comienza-la-segunda-fase-de-los-trabajos-para-la-recuperacion-del-humedal-de-irita-20230307\/"},"author":{"name":"ebu","@id":"https:\/\/eraztunberdeurdina.eus\/#\/schema\/person\/a9c3a9d9ddfc0024a1d798d33b8eb53c"},"headline":"Comienza la segunda fase de los trabajos para la recuperaci\u00f3n del humedal de Irita","datePublished":"2023-03-07T14:41:26+00:00","mainEntityOfPage":{"@id":"https:\/\/eraztunberdeurdina.eus\/es\/comienza-la-segunda-fase-de-los-trabajos-para-la-recuperacion-del-humedal-de-irita-20230307\/"},"wordCount":414,"publisher":{"@id":"https:\/\/eraztunberdeurdina.eus\/#organization"},"image":{"@id":"https:\/\/eraztunberdeurdina.eus\/es\/comienza-la-segunda-fase-de-los-trabajos-para-la-recuperacion-del-humedal-de-irita-20230307\/#primaryimage"},"thumbnailUrl":"https:\/\/eraztunberdeurdina.eus\/wp-content\/uploads\/2023\/03\/Irita.jpg","keywords":["anillo verde azul","Eraztun Berde Urdina","humedal","Irita","recuperaci\u00f3n","renaturalizaci\u00f3n","Zarautz"],"articleSection":["humedal","Irita"],"inLanguage":"es"},{"@type":"WebPage","@id":"https:\/\/eraztunberdeurdina.eus\/es\/comienza-la-segunda-fase-de-los-trabajos-para-la-recuperacion-del-humedal-de-irita-20230307\/","url":"https:\/\/eraztunberdeurdina.eus\/es\/comienza-la-segunda-fase-de-los-trabajos-para-la-recuperacion-del-humedal-de-irita-20230307\/","name":"Comienza la segunda fase de los trabajos para la recuperaci\u00f3n del humedal de Irita - Anillo Verde Azul de Zarautz","isPartOf":{"@id":"https:\/\/eraztunberdeurdina.eus\/#website"},"primaryImageOfPage":{"@id":"https:\/\/eraztunberdeurdina.eus\/es\/comienza-la-segunda-fase-de-los-trabajos-para-la-recuperacion-del-humedal-de-irita-20230307\/#primaryimage"},"image":{"@id":"https:\/\/eraztunberdeurdina.eus\/es\/comienza-la-segunda-fase-de-los-trabajos-para-la-recuperacion-del-humedal-de-irita-20230307\/#primaryimage"},"thumbnailUrl":"https:\/\/eraztunberdeurdina.eus\/wp-content\/uploads\/2023\/03\/Irita.jpg","datePublished":"2023-03-07T14:41:26+00:00","breadcrumb":{"@id":"https:\/\/eraztunberdeurdina.eus\/es\/comienza-la-segunda-fase-de-los-trabajos-para-la-recuperacion-del-humedal-de-irita-20230307\/#breadcrumb"},"inLanguage":"es","potentialAction":[{"@type":"ReadAction","target":["https:\/\/eraztunberdeurdina.eus\/es\/comienza-la-segunda-fase-de-los-trabajos-para-la-recuperacion-del-humedal-de-irita-20230307\/"]}]},{"@type":"ImageObject","inLanguage":"es","@id":"https:\/\/eraztunberdeurdina.eus\/es\/comienza-la-segunda-fase-de-los-trabajos-para-la-recuperacion-del-humedal-de-irita-20230307\/#primaryimage","url":"https:\/\/eraztunberdeurdina.eus\/wp-content\/uploads\/2023\/03\/Irita.jpg","contentUrl":"https:\/\/eraztunberdeurdina.eus\/wp-content\/uploads\/2023\/03\/Irita.jpg","width":1920,"height":1080},{"@type":"BreadcrumbList","@id":"https:\/\/eraztunberdeurdina.eus\/es\/comienza-la-segunda-fase-de-los-trabajos-para-la-recuperacion-del-humedal-de-irita-20230307\/#breadcrumb","itemListElement":[{"@type":"ListItem","position":1,"name":"Home","item":"https:\/\/eraztunberdeurdina.eus\/es\/anillo-verde-azul\/"},{"@type":"ListItem","position":2,"name":"Comienza la segunda fase de los trabajos para la recuperaci\u00f3n del humedal de Irita"}]},{"@type":"WebSite","@id":"https:\/\/eraztunberdeurdina.eus\/#website","url":"https:\/\/eraztunberdeurdina.eus\/","name":"Zarauzko Eraztun Berde Urdina","description":"Herri-inguruko berdeguneen zaintza","publisher":{"@id":"https:\/\/eraztunberdeurdina.eus\/#organization"},"potentialAction":[{"@type":"SearchAction","target":{"@type":"EntryPoint","urlTemplate":"https:\/\/eraztunberdeurdina.eus\/?s={search_term_string}"},"query-input":{"@type":"PropertyValueSpecification","valueRequired":true,"valueName":"search_term_string"}}],"inLanguage":"es"},{"@type":"Organization","@id":"https:\/\/eraztunberdeurdina.eus\/#organization","name":"Zarauzko Eraztun Berde Urdina","url":"https:\/\/eraztunberdeurdina.eus\/","logo":{"@type":"ImageObject","inLanguage":"es","@id":"https:\/\/eraztunberdeurdina.eus\/#\/schema\/logo\/image\/","url":"https:\/\/eraztunberdeurdina.eus\/wp-content\/uploads\/2018\/07\/EBUkoloretan.jpg","contentUrl":"https:\/\/eraztunberdeurdina.eus\/wp-content\/uploads\/2018\/07\/EBUkoloretan.jpg","width":934,"height":687,"caption":"Zarauzko Eraztun Berde Urdina"},"image":{"@id":"https:\/\/eraztunberdeurdina.eus\/#\/schema\/logo\/image\/"}},{"@type":"Person","@id":"https:\/\/eraztunberdeurdina.eus\/#\/schema\/person\/a9c3a9d9ddfc0024a1d798d33b8eb53c","name":"ebu"}]}},"_links":{"self":[{"href":"https:\/\/eraztunberdeurdina.eus\/es\/wp-json\/wp\/v2\/posts\/2687","targetHints":{"allow":["GET"]}}],"collection":[{"href":"https:\/\/eraztunberdeurdina.eus\/es\/wp-json\/wp\/v2\/posts"}],"about":[{"href":"https:\/\/eraztunberdeurdina.eus\/es\/wp-json\/wp\/v2\/types\/post"}],"author":[{"embeddable":true,"href":"https:\/\/eraztunberdeurdina.eus\/es\/wp-json\/wp\/v2\/users\/3"}],"replies":[{"embeddable":true,"href":"https:\/\/eraztunberdeurdina.eus\/es\/wp-json\/wp\/v2\/comments?post=2687"}],"version-history":[{"count":1,"href":"https:\/\/eraztunberdeurdina.eus\/es\/wp-json\/wp\/v2\/posts\/2687\/revisions"}],"predecessor-version":[{"id":2688,"href":"https:\/\/eraztunberdeurdina.eus\/es\/wp-json\/wp\/v2\/posts\/2687\/revisions\/2688"}],"wp:featuredmedia":[{"embeddable":true,"href":"https:\/\/eraztunberdeurdina.eus\/es\/wp-json\/wp\/v2\/media\/2681"}],"wp:attachment":[{"href":"https:\/\/eraztunberdeurdina.eus\/es\/wp-json\/wp\/v2\/media?parent=2687"}],"wp:term":[{"taxonomy":"category","embeddable":true,"href":"https:\/\/eraztunberdeurdina.eus\/es\/wp-json\/wp\/v2\/categories?post=2687"},{"taxonomy":"post_tag","embeddable":true,"href":"https:\/\/eraztunberdeurdina.eus\/es\/wp-json\/wp\/v2\/tags?post=2687"}],"curies":[{"name":"wp","href":"https:\/\/api.w.org\/{rel}","templated":true}]}}