{"id":2698,"date":"2023-04-25T09:50:09","date_gmt":"2023-04-25T07:50:09","guid":{"rendered":"https:\/\/eraztunberdeurdina.eus\/?p=2698"},"modified":"2023-04-25T09:50:09","modified_gmt":"2023-04-25T07:50:09","slug":"taller-sobre-plantas-medicinales-en-familia-dentro-de-la-programacion-de-zarautz-familia-giroan-2023","status":"publish","type":"post","link":"https:\/\/eraztunberdeurdina.eus\/es\/taller-sobre-plantas-medicinales-en-familia-dentro-de-la-programacion-de-zarautz-familia-giroan-2023-20230425\/","title":{"rendered":"Taller sobre plantas medicinales en familia dentro de la programaci\u00f3n de \u00abZarautz familia giroan 2023"},"content":{"rendered":"<p class=\"_aacl _aaco _aacu _aacx _aad7 _aade\">D\u00eda: domingo 30 de abril<br \/>\nHorario: 10:00 &#8211; 13:00<br \/>\nPunto de encuentro: entrada principal del Parque de Vista Alegre<br \/>\nImparte: Aiora Urbieta Eizagirre (Amalda Biobotanika)<br \/>\n\u00a1Actividad GRATUITA! (plazas limitadas)<br \/>\nInscripciones y m\u00e1s informaci\u00f3n en: zarautz@eraztunberdeurdina.eus \/ 943005159<\/p>\n<p>NOTA: todas las plazas est\u00e1n completas, pero si tienes inter\u00e9s en el taller escr\u00edbenos a zarautz@eraztunberdeurdina.eus y si organizamos otro te avisaremos con tiempo.<\/p>\n<p><img fetchpriority=\"high\" decoding=\"async\" class=\"alignnone size-medium wp-image-2696\" src=\"https:\/\/eraztunberdeurdina.eus\/wp-content\/uploads\/2023\/04\/sendabelarrak-beteta-598x600.jpg\" alt=\"\" width=\"598\" height=\"600\" srcset=\"https:\/\/eraztunberdeurdina.eus\/wp-content\/uploads\/2023\/04\/sendabelarrak-beteta-598x600.jpg 598w, https:\/\/eraztunberdeurdina.eus\/wp-content\/uploads\/2023\/04\/sendabelarrak-beteta-300x300.jpg 300w, https:\/\/eraztunberdeurdina.eus\/wp-content\/uploads\/2023\/04\/sendabelarrak-beteta-85x85.jpg 85w, https:\/\/eraztunberdeurdina.eus\/wp-content\/uploads\/2023\/04\/sendabelarrak-beteta.jpg 709w\" sizes=\"(max-width: 598px) 100vw, 598px\" \/><\/p>\n","protected":false},"excerpt":{"rendered":"<p>D\u00eda: domingo 30 de abril Horario: 10:00 &#8211; 13:00 Punto de encuentro: entrada principal del Parque de Vista Alegre Imparte: [&hellip;]<\/p>\n","protected":false},"author":3,"featured_media":2696,"comment_status":"closed","ping_status":"closed","sticky":false,"template":"","format":"standard","meta":{"_acf_changed":false,"site-sidebar-layout":"default","site-content-layout":"","ast-site-content-layout":"default","site-content-style":"default","site-sidebar-style":"default","ast-global-header-display":"","ast-banner-title-visibility":"","ast-main-header-display":"","ast-hfb-above-header-display":"","ast-hfb-below-header-display":"","ast-hfb-mobile-header-display":"","site-post-title":"","ast-breadcrumbs-content":"","ast-featured-img":"","footer-sml-layout":"","ast-disable-related-posts":"","theme-transparent-header-meta":"","adv-header-id-meta":"","stick-header-meta":"","header-above-stick-meta":"","header-main-stick-meta":"","header-below-stick-meta":"","astra-migrate-meta-layouts":"default","ast-page-background-enabled":"default","ast-page-background-meta":{"desktop":{"background-color":"var(--ast-global-color-5)","background-image":"","background-repeat":"repeat","background-position":"center center","background-size":"auto","background-attachment":"scroll","background-type":"","background-media":"","overlay-type":"","overlay-color":"","overlay-opacity":"","overlay-gradient":""},"tablet":{"background-color":"","background-image":"","background-repeat":"repeat","background-position":"center center","background-size":"auto","background-attachment":"scroll","background-type":"","background-media":"","overlay-type":"","overlay-color":"","overlay-opacity":"","overlay-gradient":""},"mobile":{"background-color":"","background-image":"","background-repeat":"repeat","background-position":"center center","background-size":"auto","background-attachment":"scroll","background-type":"","background-media":"","overlay-type":"","overlay-color":"","overlay-opacity":"","overlay-gradient":""}},"ast-content-background-meta":{"desktop":{"background-color":"var(--ast-global-color-4)","background-image":"","background-repeat":"repeat","background-position":"center center","background-size":"auto","background-attachment":"scroll","background-type":"","background-media":"","overlay-type":"","overlay-color":"","overlay-opacity":"","overlay-gradient":""},"tablet":{"background-color":"var(--ast-global-color-4)","background-image":"","background-repeat":"repeat","background-position":"center center","background-size":"auto","background-attachment":"scroll","background-type":"","background-media":"","overlay-type":"","overlay-color":"","overlay-opacity":"","overlay-gradient":""},"mobile":{"background-color":"var(--ast-global-color-4)","background-image":"","background-repeat":"repeat","background-position":"center center","background-size":"auto","background-attachment":"scroll","background-type":"","background-media":"","overlay-type":"","overlay-color":"","overlay-opacity":"","overlay-gradient":""}},"footnotes":""},"categories":[86,442],"tags":[459,468,106,101,469,96,412,465,346,171,466,467,196,28,35],"class_list":["post-2698","post","type-post","status-publish","format-standard","has-post-thumbnail","hentry","category-actividades","category-biodiversidad","tag-aiora-urbieta","tag-amalda-biobotanica","tag-ayuntamiento-de-zarautz","tag-biodiversidad","tag-botanica","tag-flora","tag-natura-2000","tag-plantas-medicinales","tag-recorrido-arkamurka","tag-taller","tag-taller-de-plantas-medicinales","tag-torreon","tag-torreon-de-zarautz","tag-zarautz","tag-zarauzko-udala"],"acf":[],"yoast_head":"<!-- This site is optimized with the Yoast SEO plugin v27.1.1 - https:\/\/yoast.com\/product\/yoast-seo-wordpress\/ -->\n<title>Taller sobre plantas medicinales en familia dentro de la programaci\u00f3n de &quot;Zarautz familia giroan 2023 - Anillo Verde Azul de Zarautz<\/title>\n<meta name=\"robots\" content=\"index, follow, max-snippet:-1, max-image-preview:large, max-video-preview:-1\" \/>\n<link rel=\"canonical\" href=\"https:\/\/eraztunberdeurdina.eus\/es\/taller-sobre-plantas-medicinales-en-familia-dentro-de-la-programacion-de-zarautz-familia-giroan-2023-20230425\/\" \/>\n<meta property=\"og:locale\" content=\"es_ES\" \/>\n<meta property=\"og:type\" content=\"article\" \/>\n<meta property=\"og:title\" content=\"Taller sobre plantas medicinales en familia dentro de la programaci\u00f3n de &quot;Zarautz familia giroan 2023 - Anillo Verde Azul de Zarautz\" \/>\n<meta property=\"og:description\" content=\"D\u00eda: domingo 30 de abril Horario: 10:00 &#8211; 13:00 Punto de encuentro: entrada principal del Parque de Vista Alegre Imparte: [&hellip;]\" \/>\n<meta property=\"og:url\" content=\"https:\/\/eraztunberdeurdina.eus\/es\/taller-sobre-plantas-medicinales-en-familia-dentro-de-la-programacion-de-zarautz-familia-giroan-2023-20230425\/\" \/>\n<meta property=\"og:site_name\" content=\"Anillo Verde Azul de Zarautz\" \/>\n<meta property=\"article:published_time\" content=\"2023-04-25T07:50:09+00:00\" \/>\n<meta property=\"og:image\" content=\"https:\/\/eraztunberdeurdina.eus\/wp-content\/uploads\/2023\/04\/sendabelarrak-beteta.jpg\" \/>\n\t<meta property=\"og:image:width\" content=\"709\" \/>\n\t<meta property=\"og:image:height\" content=\"711\" \/>\n\t<meta property=\"og:image:type\" content=\"image\/jpeg\" \/>\n<meta name=\"author\" content=\"ebu\" \/>\n<meta name=\"twitter:card\" content=\"summary_large_image\" \/>\n<meta name=\"twitter:label1\" content=\"Escrito por\" \/>\n\t<meta name=\"twitter:data1\" content=\"ebu\" \/>\n<script type=\"application\/ld+json\" class=\"yoast-schema-graph\">{\"@context\":\"https:\/\/schema.org\",\"@graph\":[{\"@type\":\"Article\",\"@id\":\"https:\/\/eraztunberdeurdina.eus\/es\/taller-sobre-plantas-medicinales-en-familia-dentro-de-la-programacion-de-zarautz-familia-giroan-2023-20230425\/#article\",\"isPartOf\":{\"@id\":\"https:\/\/eraztunberdeurdina.eus\/es\/taller-sobre-plantas-medicinales-en-familia-dentro-de-la-programacion-de-zarautz-familia-giroan-2023-20230425\/\"},\"author\":{\"name\":\"ebu\",\"@id\":\"https:\/\/eraztunberdeurdina.eus\/#\/schema\/person\/a9c3a9d9ddfc0024a1d798d33b8eb53c\"},\"headline\":\"Taller sobre plantas medicinales en familia dentro de la programaci\u00f3n de \u00abZarautz familia giroan 2023\",\"datePublished\":\"2023-04-25T07:50:09+00:00\",\"mainEntityOfPage\":{\"@id\":\"https:\/\/eraztunberdeurdina.eus\/es\/taller-sobre-plantas-medicinales-en-familia-dentro-de-la-programacion-de-zarautz-familia-giroan-2023-20230425\/\"},\"wordCount\":81,\"publisher\":{\"@id\":\"https:\/\/eraztunberdeurdina.eus\/#organization\"},\"image\":{\"@id\":\"https:\/\/eraztunberdeurdina.eus\/es\/taller-sobre-plantas-medicinales-en-familia-dentro-de-la-programacion-de-zarautz-familia-giroan-2023-20230425\/#primaryimage\"},\"thumbnailUrl\":\"https:\/\/eraztunberdeurdina.eus\/wp-content\/uploads\/2023\/04\/sendabelarrak-beteta.jpg\",\"keywords\":[\"Aiora Urbieta\",\"Amalda biobot\u00e1nica\",\"Ayuntamiento de Zarautz\",\"biodiversidad\",\"bot\u00e1nica\",\"flora\",\"Natura 2000\",\"plantas medicinales\",\"Recorrido Arkamurka\",\"taller\",\"taller de plantas medicinales\",\"Torre\u00f3n\",\"Torre\u00f3n de Zarautz\",\"Zarautz\",\"Zarauzko Udala\"],\"articleSection\":[\"Actividades\",\"biodiversidad\"],\"inLanguage\":\"es\"},{\"@type\":\"WebPage\",\"@id\":\"https:\/\/eraztunberdeurdina.eus\/es\/taller-sobre-plantas-medicinales-en-familia-dentro-de-la-programacion-de-zarautz-familia-giroan-2023-20230425\/\",\"url\":\"https:\/\/eraztunberdeurdina.eus\/es\/taller-sobre-plantas-medicinales-en-familia-dentro-de-la-programacion-de-zarautz-familia-giroan-2023-20230425\/\",\"name\":\"Taller sobre plantas medicinales en familia dentro de la programaci\u00f3n de \\\"Zarautz familia giroan 2023 - Anillo Verde Azul de Zarautz\",\"isPartOf\":{\"@id\":\"https:\/\/eraztunberdeurdina.eus\/#website\"},\"primaryImageOfPage\":{\"@id\":\"https:\/\/eraztunberdeurdina.eus\/es\/taller-sobre-plantas-medicinales-en-familia-dentro-de-la-programacion-de-zarautz-familia-giroan-2023-20230425\/#primaryimage\"},\"image\":{\"@id\":\"https:\/\/eraztunberdeurdina.eus\/es\/taller-sobre-plantas-medicinales-en-familia-dentro-de-la-programacion-de-zarautz-familia-giroan-2023-20230425\/#primaryimage\"},\"thumbnailUrl\":\"https:\/\/eraztunberdeurdina.eus\/wp-content\/uploads\/2023\/04\/sendabelarrak-beteta.jpg\",\"datePublished\":\"2023-04-25T07:50:09+00:00\",\"breadcrumb\":{\"@id\":\"https:\/\/eraztunberdeurdina.eus\/es\/taller-sobre-plantas-medicinales-en-familia-dentro-de-la-programacion-de-zarautz-familia-giroan-2023-20230425\/#breadcrumb\"},\"inLanguage\":\"es\",\"potentialAction\":[{\"@type\":\"ReadAction\",\"target\":[\"https:\/\/eraztunberdeurdina.eus\/es\/taller-sobre-plantas-medicinales-en-familia-dentro-de-la-programacion-de-zarautz-familia-giroan-2023-20230425\/\"]}]},{\"@type\":\"ImageObject\",\"inLanguage\":\"es\",\"@id\":\"https:\/\/eraztunberdeurdina.eus\/es\/taller-sobre-plantas-medicinales-en-familia-dentro-de-la-programacion-de-zarautz-familia-giroan-2023-20230425\/#primaryimage\",\"url\":\"https:\/\/eraztunberdeurdina.eus\/wp-content\/uploads\/2023\/04\/sendabelarrak-beteta.jpg\",\"contentUrl\":\"https:\/\/eraztunberdeurdina.eus\/wp-content\/uploads\/2023\/04\/sendabelarrak-beteta.jpg\",\"width\":709,\"height\":711},{\"@type\":\"BreadcrumbList\",\"@id\":\"https:\/\/eraztunberdeurdina.eus\/es\/taller-sobre-plantas-medicinales-en-familia-dentro-de-la-programacion-de-zarautz-familia-giroan-2023-20230425\/#breadcrumb\",\"itemListElement\":[{\"@type\":\"ListItem\",\"position\":1,\"name\":\"Home\",\"item\":\"https:\/\/eraztunberdeurdina.eus\/es\/anillo-verde-azul\/\"},{\"@type\":\"ListItem\",\"position\":2,\"name\":\"Taller sobre plantas medicinales en familia dentro de la programaci\u00f3n de &#8220;Zarautz familia giroan 2023\"}]},{\"@type\":\"WebSite\",\"@id\":\"https:\/\/eraztunberdeurdina.eus\/#website\",\"url\":\"https:\/\/eraztunberdeurdina.eus\/\",\"name\":\"Zarauzko Eraztun Berde Urdina\",\"description\":\"Herri-inguruko berdeguneen zaintza\",\"publisher\":{\"@id\":\"https:\/\/eraztunberdeurdina.eus\/#organization\"},\"potentialAction\":[{\"@type\":\"SearchAction\",\"target\":{\"@type\":\"EntryPoint\",\"urlTemplate\":\"https:\/\/eraztunberdeurdina.eus\/?s={search_term_string}\"},\"query-input\":{\"@type\":\"PropertyValueSpecification\",\"valueRequired\":true,\"valueName\":\"search_term_string\"}}],\"inLanguage\":\"es\"},{\"@type\":\"Organization\",\"@id\":\"https:\/\/eraztunberdeurdina.eus\/#organization\",\"name\":\"Zarauzko Eraztun Berde Urdina\",\"url\":\"https:\/\/eraztunberdeurdina.eus\/\",\"logo\":{\"@type\":\"ImageObject\",\"inLanguage\":\"es\",\"@id\":\"https:\/\/eraztunberdeurdina.eus\/#\/schema\/logo\/image\/\",\"url\":\"https:\/\/eraztunberdeurdina.eus\/wp-content\/uploads\/2018\/07\/EBUkoloretan.jpg\",\"contentUrl\":\"https:\/\/eraztunberdeurdina.eus\/wp-content\/uploads\/2018\/07\/EBUkoloretan.jpg\",\"width\":934,\"height\":687,\"caption\":\"Zarauzko Eraztun Berde Urdina\"},\"image\":{\"@id\":\"https:\/\/eraztunberdeurdina.eus\/#\/schema\/logo\/image\/\"}},{\"@type\":\"Person\",\"@id\":\"https:\/\/eraztunberdeurdina.eus\/#\/schema\/person\/a9c3a9d9ddfc0024a1d798d33b8eb53c\",\"name\":\"ebu\"}]}<\/script>\n<!-- \/ Yoast SEO plugin. -->","yoast_head_json":{"title":"Taller sobre plantas medicinales en familia dentro de la programaci\u00f3n de \"Zarautz familia giroan 2023 - Anillo Verde Azul de Zarautz","robots":{"index":"index","follow":"follow","max-snippet":"max-snippet:-1","max-image-preview":"max-image-preview:large","max-video-preview":"max-video-preview:-1"},"canonical":"https:\/\/eraztunberdeurdina.eus\/es\/taller-sobre-plantas-medicinales-en-familia-dentro-de-la-programacion-de-zarautz-familia-giroan-2023-20230425\/","og_locale":"es_ES","og_type":"article","og_title":"Taller sobre plantas medicinales en familia dentro de la programaci\u00f3n de \"Zarautz familia giroan 2023 - Anillo Verde Azul de Zarautz","og_description":"D\u00eda: domingo 30 de abril Horario: 10:00 &#8211; 13:00 Punto de encuentro: entrada principal del Parque de Vista Alegre Imparte: [&hellip;]","og_url":"https:\/\/eraztunberdeurdina.eus\/es\/taller-sobre-plantas-medicinales-en-familia-dentro-de-la-programacion-de-zarautz-familia-giroan-2023-20230425\/","og_site_name":"Anillo Verde Azul de Zarautz","article_published_time":"2023-04-25T07:50:09+00:00","og_image":[{"width":709,"height":711,"url":"https:\/\/eraztunberdeurdina.eus\/wp-content\/uploads\/2023\/04\/sendabelarrak-beteta.jpg","type":"image\/jpeg"}],"author":"ebu","twitter_card":"summary_large_image","twitter_misc":{"Escrito por":"ebu"},"schema":{"@context":"https:\/\/schema.org","@graph":[{"@type":"Article","@id":"https:\/\/eraztunberdeurdina.eus\/es\/taller-sobre-plantas-medicinales-en-familia-dentro-de-la-programacion-de-zarautz-familia-giroan-2023-20230425\/#article","isPartOf":{"@id":"https:\/\/eraztunberdeurdina.eus\/es\/taller-sobre-plantas-medicinales-en-familia-dentro-de-la-programacion-de-zarautz-familia-giroan-2023-20230425\/"},"author":{"name":"ebu","@id":"https:\/\/eraztunberdeurdina.eus\/#\/schema\/person\/a9c3a9d9ddfc0024a1d798d33b8eb53c"},"headline":"Taller sobre plantas medicinales en familia dentro de la programaci\u00f3n de \u00abZarautz familia giroan 2023","datePublished":"2023-04-25T07:50:09+00:00","mainEntityOfPage":{"@id":"https:\/\/eraztunberdeurdina.eus\/es\/taller-sobre-plantas-medicinales-en-familia-dentro-de-la-programacion-de-zarautz-familia-giroan-2023-20230425\/"},"wordCount":81,"publisher":{"@id":"https:\/\/eraztunberdeurdina.eus\/#organization"},"image":{"@id":"https:\/\/eraztunberdeurdina.eus\/es\/taller-sobre-plantas-medicinales-en-familia-dentro-de-la-programacion-de-zarautz-familia-giroan-2023-20230425\/#primaryimage"},"thumbnailUrl":"https:\/\/eraztunberdeurdina.eus\/wp-content\/uploads\/2023\/04\/sendabelarrak-beteta.jpg","keywords":["Aiora Urbieta","Amalda biobot\u00e1nica","Ayuntamiento de Zarautz","biodiversidad","bot\u00e1nica","flora","Natura 2000","plantas medicinales","Recorrido Arkamurka","taller","taller de plantas medicinales","Torre\u00f3n","Torre\u00f3n de Zarautz","Zarautz","Zarauzko Udala"],"articleSection":["Actividades","biodiversidad"],"inLanguage":"es"},{"@type":"WebPage","@id":"https:\/\/eraztunberdeurdina.eus\/es\/taller-sobre-plantas-medicinales-en-familia-dentro-de-la-programacion-de-zarautz-familia-giroan-2023-20230425\/","url":"https:\/\/eraztunberdeurdina.eus\/es\/taller-sobre-plantas-medicinales-en-familia-dentro-de-la-programacion-de-zarautz-familia-giroan-2023-20230425\/","name":"Taller sobre plantas medicinales en familia dentro de la programaci\u00f3n de \"Zarautz familia giroan 2023 - Anillo Verde Azul de Zarautz","isPartOf":{"@id":"https:\/\/eraztunberdeurdina.eus\/#website"},"primaryImageOfPage":{"@id":"https:\/\/eraztunberdeurdina.eus\/es\/taller-sobre-plantas-medicinales-en-familia-dentro-de-la-programacion-de-zarautz-familia-giroan-2023-20230425\/#primaryimage"},"image":{"@id":"https:\/\/eraztunberdeurdina.eus\/es\/taller-sobre-plantas-medicinales-en-familia-dentro-de-la-programacion-de-zarautz-familia-giroan-2023-20230425\/#primaryimage"},"thumbnailUrl":"https:\/\/eraztunberdeurdina.eus\/wp-content\/uploads\/2023\/04\/sendabelarrak-beteta.jpg","datePublished":"2023-04-25T07:50:09+00:00","breadcrumb":{"@id":"https:\/\/eraztunberdeurdina.eus\/es\/taller-sobre-plantas-medicinales-en-familia-dentro-de-la-programacion-de-zarautz-familia-giroan-2023-20230425\/#breadcrumb"},"inLanguage":"es","potentialAction":[{"@type":"ReadAction","target":["https:\/\/eraztunberdeurdina.eus\/es\/taller-sobre-plantas-medicinales-en-familia-dentro-de-la-programacion-de-zarautz-familia-giroan-2023-20230425\/"]}]},{"@type":"ImageObject","inLanguage":"es","@id":"https:\/\/eraztunberdeurdina.eus\/es\/taller-sobre-plantas-medicinales-en-familia-dentro-de-la-programacion-de-zarautz-familia-giroan-2023-20230425\/#primaryimage","url":"https:\/\/eraztunberdeurdina.eus\/wp-content\/uploads\/2023\/04\/sendabelarrak-beteta.jpg","contentUrl":"https:\/\/eraztunberdeurdina.eus\/wp-content\/uploads\/2023\/04\/sendabelarrak-beteta.jpg","width":709,"height":711},{"@type":"BreadcrumbList","@id":"https:\/\/eraztunberdeurdina.eus\/es\/taller-sobre-plantas-medicinales-en-familia-dentro-de-la-programacion-de-zarautz-familia-giroan-2023-20230425\/#breadcrumb","itemListElement":[{"@type":"ListItem","position":1,"name":"Home","item":"https:\/\/eraztunberdeurdina.eus\/es\/anillo-verde-azul\/"},{"@type":"ListItem","position":2,"name":"Taller sobre plantas medicinales en familia dentro de la programaci\u00f3n de &#8220;Zarautz familia giroan 2023"}]},{"@type":"WebSite","@id":"https:\/\/eraztunberdeurdina.eus\/#website","url":"https:\/\/eraztunberdeurdina.eus\/","name":"Zarauzko Eraztun Berde Urdina","description":"Herri-inguruko berdeguneen zaintza","publisher":{"@id":"https:\/\/eraztunberdeurdina.eus\/#organization"},"potentialAction":[{"@type":"SearchAction","target":{"@type":"EntryPoint","urlTemplate":"https:\/\/eraztunberdeurdina.eus\/?s={search_term_string}"},"query-input":{"@type":"PropertyValueSpecification","valueRequired":true,"valueName":"search_term_string"}}],"inLanguage":"es"},{"@type":"Organization","@id":"https:\/\/eraztunberdeurdina.eus\/#organization","name":"Zarauzko Eraztun Berde Urdina","url":"https:\/\/eraztunberdeurdina.eus\/","logo":{"@type":"ImageObject","inLanguage":"es","@id":"https:\/\/eraztunberdeurdina.eus\/#\/schema\/logo\/image\/","url":"https:\/\/eraztunberdeurdina.eus\/wp-content\/uploads\/2018\/07\/EBUkoloretan.jpg","contentUrl":"https:\/\/eraztunberdeurdina.eus\/wp-content\/uploads\/2018\/07\/EBUkoloretan.jpg","width":934,"height":687,"caption":"Zarauzko Eraztun Berde Urdina"},"image":{"@id":"https:\/\/eraztunberdeurdina.eus\/#\/schema\/logo\/image\/"}},{"@type":"Person","@id":"https:\/\/eraztunberdeurdina.eus\/#\/schema\/person\/a9c3a9d9ddfc0024a1d798d33b8eb53c","name":"ebu"}]}},"_links":{"self":[{"href":"https:\/\/eraztunberdeurdina.eus\/es\/wp-json\/wp\/v2\/posts\/2698","targetHints":{"allow":["GET"]}}],"collection":[{"href":"https:\/\/eraztunberdeurdina.eus\/es\/wp-json\/wp\/v2\/posts"}],"about":[{"href":"https:\/\/eraztunberdeurdina.eus\/es\/wp-json\/wp\/v2\/types\/post"}],"author":[{"embeddable":true,"href":"https:\/\/eraztunberdeurdina.eus\/es\/wp-json\/wp\/v2\/users\/3"}],"replies":[{"embeddable":true,"href":"https:\/\/eraztunberdeurdina.eus\/es\/wp-json\/wp\/v2\/comments?post=2698"}],"version-history":[{"count":1,"href":"https:\/\/eraztunberdeurdina.eus\/es\/wp-json\/wp\/v2\/posts\/2698\/revisions"}],"predecessor-version":[{"id":2699,"href":"https:\/\/eraztunberdeurdina.eus\/es\/wp-json\/wp\/v2\/posts\/2698\/revisions\/2699"}],"wp:featuredmedia":[{"embeddable":true,"href":"https:\/\/eraztunberdeurdina.eus\/es\/wp-json\/wp\/v2\/media\/2696"}],"wp:attachment":[{"href":"https:\/\/eraztunberdeurdina.eus\/es\/wp-json\/wp\/v2\/media?parent=2698"}],"wp:term":[{"taxonomy":"category","embeddable":true,"href":"https:\/\/eraztunberdeurdina.eus\/es\/wp-json\/wp\/v2\/categories?post=2698"},{"taxonomy":"post_tag","embeddable":true,"href":"https:\/\/eraztunberdeurdina.eus\/es\/wp-json\/wp\/v2\/tags?post=2698"}],"curies":[{"name":"wp","href":"https:\/\/api.w.org\/{rel}","templated":true}]}}