{"id":2700,"date":"2023-04-02T13:41:39","date_gmt":"2023-04-02T11:41:39","guid":{"rendered":"https:\/\/eraztunberdeurdina.eus\/?p=2700"},"modified":"2023-04-25T13:47:09","modified_gmt":"2023-04-25T11:47:09","slug":"colegios-en-el-ebu","status":"publish","type":"post","link":"https:\/\/eraztunberdeurdina.eus\/es\/colegios-en-el-ebu-20230402\/","title":{"rendered":"Colegios en el EBU"},"content":{"rendered":"<p class=\"_aacl _aaco _aacu _aacx _aad7 _aade\"><span class=\"_aacl _aaco _aacu _aacx _aad7 _aade\">Los colegios de Zarautz van a desarrollar un proyecto de ciencia ciudadana en el Anillo Verde Azul. El objetivo de la iniciativa es la sensibilizaci\u00f3n medio ambiental y desarrollar, a trav\u00e9s de este recurso, competencias como la investigaci\u00f3n, el cuidado y la opini\u00f3n cr\u00edtica.<\/span><\/p>\n<p class=\"_aacl _aaco _aacu _aacx _aad7 _aade\"><span class=\"_aacl _aaco _aacu _aacx _aad7 _aade\"><br \/>\nPara ello, se han repartido los distintos espacios de inter\u00e9s del Anillo Verde Azul entre los centros escolares, bas\u00e1ndose en la proximidad. La labor de los colegios consistir\u00e1 en realizar salidas peri\u00f3dicas para analizar la biodiversidad de estas zonas, realizar observaciones y detectar problemas. Para ello, se les ayudar\u00e1 a los colegios, proporcion\u00e1ndoles todo el material y apoyo necesario, y realizando la coordinaci\u00f3n entre los centros escolares.<\/span><\/p>\n<p class=\"_aacl _aaco _aacu _aacx _aad7 _aade\"><span class=\"_aacl _aaco _aacu _aacx _aad7 _aade\"><br \/>\nQueremos agradecer a los centros escolares su buena disposici\u00f3n, ya que desde el principio aceptaron de buen grado y con gran inter\u00e9s nuestra propuesta.<\/span><\/p>\n<p><img fetchpriority=\"high\" decoding=\"async\" class=\"alignnone size-medium wp-image-2701\" src=\"https:\/\/eraztunberdeurdina.eus\/wp-content\/uploads\/2023\/04\/Orokieta-14-e1682423109610-600x337.jpeg\" alt=\"\" width=\"600\" height=\"337\" srcset=\"https:\/\/eraztunberdeurdina.eus\/wp-content\/uploads\/2023\/04\/Orokieta-14-e1682423109610-600x337.jpeg 600w, https:\/\/eraztunberdeurdina.eus\/wp-content\/uploads\/2023\/04\/Orokieta-14-e1682423109610-768x432.jpeg 768w, https:\/\/eraztunberdeurdina.eus\/wp-content\/uploads\/2023\/04\/Orokieta-14-e1682423109610.jpeg 1600w\" sizes=\"(max-width: 600px) 100vw, 600px\" \/><\/p>\n","protected":false},"excerpt":{"rendered":"<p>Los colegios de Zarautz van a desarrollar un proyecto de ciencia ciudadana en el Anillo Verde Azul. El objetivo de [&hellip;]<\/p>\n","protected":false},"author":3,"featured_media":2701,"comment_status":"closed","ping_status":"closed","sticky":false,"template":"","format":"standard","meta":{"_acf_changed":false,"site-sidebar-layout":"default","site-content-layout":"","ast-site-content-layout":"default","site-content-style":"default","site-sidebar-style":"default","ast-global-header-display":"","ast-banner-title-visibility":"","ast-main-header-display":"","ast-hfb-above-header-display":"","ast-hfb-below-header-display":"","ast-hfb-mobile-header-display":"","site-post-title":"","ast-breadcrumbs-content":"","ast-featured-img":"","footer-sml-layout":"","ast-disable-related-posts":"","theme-transparent-header-meta":"","adv-header-id-meta":"","stick-header-meta":"","header-above-stick-meta":"","header-main-stick-meta":"","header-below-stick-meta":"","astra-migrate-meta-layouts":"default","ast-page-background-enabled":"default","ast-page-background-meta":{"desktop":{"background-color":"var(--ast-global-color-5)","background-image":"","background-repeat":"repeat","background-position":"center center","background-size":"auto","background-attachment":"scroll","background-type":"","background-media":"","overlay-type":"","overlay-color":"","overlay-opacity":"","overlay-gradient":""},"tablet":{"background-color":"","background-image":"","background-repeat":"repeat","background-position":"center center","background-size":"auto","background-attachment":"scroll","background-type":"","background-media":"","overlay-type":"","overlay-color":"","overlay-opacity":"","overlay-gradient":""},"mobile":{"background-color":"","background-image":"","background-repeat":"repeat","background-position":"center center","background-size":"auto","background-attachment":"scroll","background-type":"","background-media":"","overlay-type":"","overlay-color":"","overlay-opacity":"","overlay-gradient":""}},"ast-content-background-meta":{"desktop":{"background-color":"var(--ast-global-color-4)","background-image":"","background-repeat":"repeat","background-position":"center center","background-size":"auto","background-attachment":"scroll","background-type":"","background-media":"","overlay-type":"","overlay-color":"","overlay-opacity":"","overlay-gradient":""},"tablet":{"background-color":"var(--ast-global-color-4)","background-image":"","background-repeat":"repeat","background-position":"center center","background-size":"auto","background-attachment":"scroll","background-type":"","background-media":"","overlay-type":"","overlay-color":"","overlay-opacity":"","overlay-gradient":""},"mobile":{"background-color":"var(--ast-global-color-4)","background-image":"","background-repeat":"repeat","background-position":"center center","background-size":"auto","background-attachment":"scroll","background-type":"","background-media":"","overlay-type":"","overlay-color":"","overlay-opacity":"","overlay-gradient":""}},"footnotes":""},"categories":[230,470,229],"tags":[33,69,101,249,30,312,471,28],"class_list":["post-2700","post","type-post","status-publish","format-standard","has-post-thumbnail","hentry","category-agenda-escolar-2030","category-colegios","category-educacion","tag-anillo-verde-azul","tag-ayuntamiendo-zarautz","tag-biodiversidad","tag-ciencia-ciudadana","tag-ebu","tag-educacion-medioambiental","tag-escolares","tag-zarautz"],"acf":[],"yoast_head":"<!-- This site is optimized with the Yoast SEO plugin v27.1.1 - https:\/\/yoast.com\/product\/yoast-seo-wordpress\/ -->\n<title>Colegios en el EBU - Anillo Verde Azul de Zarautz<\/title>\n<meta name=\"robots\" content=\"index, follow, max-snippet:-1, max-image-preview:large, max-video-preview:-1\" \/>\n<link rel=\"canonical\" href=\"https:\/\/eraztunberdeurdina.eus\/es\/colegios-en-el-ebu-20230402\/\" \/>\n<meta property=\"og:locale\" content=\"es_ES\" \/>\n<meta property=\"og:type\" content=\"article\" \/>\n<meta property=\"og:title\" content=\"Colegios en el EBU - Anillo Verde Azul de Zarautz\" \/>\n<meta property=\"og:description\" content=\"Los colegios de Zarautz van a desarrollar un proyecto de ciencia ciudadana en el Anillo Verde Azul. El objetivo de [&hellip;]\" \/>\n<meta property=\"og:url\" content=\"https:\/\/eraztunberdeurdina.eus\/es\/colegios-en-el-ebu-20230402\/\" \/>\n<meta property=\"og:site_name\" content=\"Anillo Verde Azul de Zarautz\" \/>\n<meta property=\"article:published_time\" content=\"2023-04-02T11:41:39+00:00\" \/>\n<meta property=\"article:modified_time\" content=\"2023-04-25T11:47:09+00:00\" \/>\n<meta property=\"og:image\" content=\"https:\/\/eraztunberdeurdina.eus\/wp-content\/uploads\/2023\/04\/Orokieta-14-e1682423109610.jpeg\" \/>\n\t<meta property=\"og:image:width\" content=\"1600\" \/>\n\t<meta property=\"og:image:height\" content=\"899\" \/>\n\t<meta property=\"og:image:type\" content=\"image\/jpeg\" \/>\n<meta name=\"author\" content=\"ebu\" \/>\n<meta name=\"twitter:card\" content=\"summary_large_image\" \/>\n<meta name=\"twitter:label1\" content=\"Escrito por\" \/>\n\t<meta name=\"twitter:data1\" content=\"ebu\" \/>\n\t<meta name=\"twitter:label2\" content=\"Tiempo de lectura\" \/>\n\t<meta name=\"twitter:data2\" content=\"1 minuto\" \/>\n<script type=\"application\/ld+json\" class=\"yoast-schema-graph\">{\"@context\":\"https:\/\/schema.org\",\"@graph\":[{\"@type\":\"Article\",\"@id\":\"https:\/\/eraztunberdeurdina.eus\/es\/colegios-en-el-ebu-20230402\/#article\",\"isPartOf\":{\"@id\":\"https:\/\/eraztunberdeurdina.eus\/es\/colegios-en-el-ebu-20230402\/\"},\"author\":{\"name\":\"ebu\",\"@id\":\"https:\/\/eraztunberdeurdina.eus\/#\/schema\/person\/a9c3a9d9ddfc0024a1d798d33b8eb53c\"},\"headline\":\"Colegios en el EBU\",\"datePublished\":\"2023-04-02T11:41:39+00:00\",\"dateModified\":\"2023-04-25T11:47:09+00:00\",\"mainEntityOfPage\":{\"@id\":\"https:\/\/eraztunberdeurdina.eus\/es\/colegios-en-el-ebu-20230402\/\"},\"wordCount\":151,\"publisher\":{\"@id\":\"https:\/\/eraztunberdeurdina.eus\/#organization\"},\"image\":{\"@id\":\"https:\/\/eraztunberdeurdina.eus\/es\/colegios-en-el-ebu-20230402\/#primaryimage\"},\"thumbnailUrl\":\"https:\/\/eraztunberdeurdina.eus\/wp-content\/uploads\/2023\/04\/Orokieta-14-e1682423109610.jpeg\",\"keywords\":[\"anillo verde azul\",\"Ayuntamiendo Zarautz\",\"biodiversidad\",\"Ciencia ciudadana\",\"EBU\",\"educaci\u00f3n medioambiental\",\"escolares\",\"Zarautz\"],\"articleSection\":[\"Agenda Escolar 2030\",\"colegios\",\"Educaci\u00f3n\"],\"inLanguage\":\"es\"},{\"@type\":\"WebPage\",\"@id\":\"https:\/\/eraztunberdeurdina.eus\/es\/colegios-en-el-ebu-20230402\/\",\"url\":\"https:\/\/eraztunberdeurdina.eus\/es\/colegios-en-el-ebu-20230402\/\",\"name\":\"Colegios en el EBU - Anillo Verde Azul de Zarautz\",\"isPartOf\":{\"@id\":\"https:\/\/eraztunberdeurdina.eus\/#website\"},\"primaryImageOfPage\":{\"@id\":\"https:\/\/eraztunberdeurdina.eus\/es\/colegios-en-el-ebu-20230402\/#primaryimage\"},\"image\":{\"@id\":\"https:\/\/eraztunberdeurdina.eus\/es\/colegios-en-el-ebu-20230402\/#primaryimage\"},\"thumbnailUrl\":\"https:\/\/eraztunberdeurdina.eus\/wp-content\/uploads\/2023\/04\/Orokieta-14-e1682423109610.jpeg\",\"datePublished\":\"2023-04-02T11:41:39+00:00\",\"dateModified\":\"2023-04-25T11:47:09+00:00\",\"breadcrumb\":{\"@id\":\"https:\/\/eraztunberdeurdina.eus\/es\/colegios-en-el-ebu-20230402\/#breadcrumb\"},\"inLanguage\":\"es\",\"potentialAction\":[{\"@type\":\"ReadAction\",\"target\":[\"https:\/\/eraztunberdeurdina.eus\/es\/colegios-en-el-ebu-20230402\/\"]}]},{\"@type\":\"ImageObject\",\"inLanguage\":\"es\",\"@id\":\"https:\/\/eraztunberdeurdina.eus\/es\/colegios-en-el-ebu-20230402\/#primaryimage\",\"url\":\"https:\/\/eraztunberdeurdina.eus\/wp-content\/uploads\/2023\/04\/Orokieta-14-e1682423109610.jpeg\",\"contentUrl\":\"https:\/\/eraztunberdeurdina.eus\/wp-content\/uploads\/2023\/04\/Orokieta-14-e1682423109610.jpeg\",\"width\":1600,\"height\":899},{\"@type\":\"BreadcrumbList\",\"@id\":\"https:\/\/eraztunberdeurdina.eus\/es\/colegios-en-el-ebu-20230402\/#breadcrumb\",\"itemListElement\":[{\"@type\":\"ListItem\",\"position\":1,\"name\":\"Home\",\"item\":\"https:\/\/eraztunberdeurdina.eus\/es\/anillo-verde-azul\/\"},{\"@type\":\"ListItem\",\"position\":2,\"name\":\"Colegios en el EBU\"}]},{\"@type\":\"WebSite\",\"@id\":\"https:\/\/eraztunberdeurdina.eus\/#website\",\"url\":\"https:\/\/eraztunberdeurdina.eus\/\",\"name\":\"Zarauzko Eraztun Berde Urdina\",\"description\":\"Herri-inguruko berdeguneen zaintza\",\"publisher\":{\"@id\":\"https:\/\/eraztunberdeurdina.eus\/#organization\"},\"potentialAction\":[{\"@type\":\"SearchAction\",\"target\":{\"@type\":\"EntryPoint\",\"urlTemplate\":\"https:\/\/eraztunberdeurdina.eus\/?s={search_term_string}\"},\"query-input\":{\"@type\":\"PropertyValueSpecification\",\"valueRequired\":true,\"valueName\":\"search_term_string\"}}],\"inLanguage\":\"es\"},{\"@type\":\"Organization\",\"@id\":\"https:\/\/eraztunberdeurdina.eus\/#organization\",\"name\":\"Zarauzko Eraztun Berde Urdina\",\"url\":\"https:\/\/eraztunberdeurdina.eus\/\",\"logo\":{\"@type\":\"ImageObject\",\"inLanguage\":\"es\",\"@id\":\"https:\/\/eraztunberdeurdina.eus\/#\/schema\/logo\/image\/\",\"url\":\"https:\/\/eraztunberdeurdina.eus\/wp-content\/uploads\/2018\/07\/EBUkoloretan.jpg\",\"contentUrl\":\"https:\/\/eraztunberdeurdina.eus\/wp-content\/uploads\/2018\/07\/EBUkoloretan.jpg\",\"width\":934,\"height\":687,\"caption\":\"Zarauzko Eraztun Berde Urdina\"},\"image\":{\"@id\":\"https:\/\/eraztunberdeurdina.eus\/#\/schema\/logo\/image\/\"}},{\"@type\":\"Person\",\"@id\":\"https:\/\/eraztunberdeurdina.eus\/#\/schema\/person\/a9c3a9d9ddfc0024a1d798d33b8eb53c\",\"name\":\"ebu\"}]}<\/script>\n<!-- \/ Yoast SEO plugin. -->","yoast_head_json":{"title":"Colegios en el EBU - Anillo Verde Azul de Zarautz","robots":{"index":"index","follow":"follow","max-snippet":"max-snippet:-1","max-image-preview":"max-image-preview:large","max-video-preview":"max-video-preview:-1"},"canonical":"https:\/\/eraztunberdeurdina.eus\/es\/colegios-en-el-ebu-20230402\/","og_locale":"es_ES","og_type":"article","og_title":"Colegios en el EBU - Anillo Verde Azul de Zarautz","og_description":"Los colegios de Zarautz van a desarrollar un proyecto de ciencia ciudadana en el Anillo Verde Azul. El objetivo de [&hellip;]","og_url":"https:\/\/eraztunberdeurdina.eus\/es\/colegios-en-el-ebu-20230402\/","og_site_name":"Anillo Verde Azul de Zarautz","article_published_time":"2023-04-02T11:41:39+00:00","article_modified_time":"2023-04-25T11:47:09+00:00","og_image":[{"width":1600,"height":899,"url":"https:\/\/eraztunberdeurdina.eus\/wp-content\/uploads\/2023\/04\/Orokieta-14-e1682423109610.jpeg","type":"image\/jpeg"}],"author":"ebu","twitter_card":"summary_large_image","twitter_misc":{"Escrito por":"ebu","Tiempo de lectura":"1 minuto"},"schema":{"@context":"https:\/\/schema.org","@graph":[{"@type":"Article","@id":"https:\/\/eraztunberdeurdina.eus\/es\/colegios-en-el-ebu-20230402\/#article","isPartOf":{"@id":"https:\/\/eraztunberdeurdina.eus\/es\/colegios-en-el-ebu-20230402\/"},"author":{"name":"ebu","@id":"https:\/\/eraztunberdeurdina.eus\/#\/schema\/person\/a9c3a9d9ddfc0024a1d798d33b8eb53c"},"headline":"Colegios en el EBU","datePublished":"2023-04-02T11:41:39+00:00","dateModified":"2023-04-25T11:47:09+00:00","mainEntityOfPage":{"@id":"https:\/\/eraztunberdeurdina.eus\/es\/colegios-en-el-ebu-20230402\/"},"wordCount":151,"publisher":{"@id":"https:\/\/eraztunberdeurdina.eus\/#organization"},"image":{"@id":"https:\/\/eraztunberdeurdina.eus\/es\/colegios-en-el-ebu-20230402\/#primaryimage"},"thumbnailUrl":"https:\/\/eraztunberdeurdina.eus\/wp-content\/uploads\/2023\/04\/Orokieta-14-e1682423109610.jpeg","keywords":["anillo verde azul","Ayuntamiendo Zarautz","biodiversidad","Ciencia ciudadana","EBU","educaci\u00f3n medioambiental","escolares","Zarautz"],"articleSection":["Agenda Escolar 2030","colegios","Educaci\u00f3n"],"inLanguage":"es"},{"@type":"WebPage","@id":"https:\/\/eraztunberdeurdina.eus\/es\/colegios-en-el-ebu-20230402\/","url":"https:\/\/eraztunberdeurdina.eus\/es\/colegios-en-el-ebu-20230402\/","name":"Colegios en el EBU - Anillo Verde Azul de Zarautz","isPartOf":{"@id":"https:\/\/eraztunberdeurdina.eus\/#website"},"primaryImageOfPage":{"@id":"https:\/\/eraztunberdeurdina.eus\/es\/colegios-en-el-ebu-20230402\/#primaryimage"},"image":{"@id":"https:\/\/eraztunberdeurdina.eus\/es\/colegios-en-el-ebu-20230402\/#primaryimage"},"thumbnailUrl":"https:\/\/eraztunberdeurdina.eus\/wp-content\/uploads\/2023\/04\/Orokieta-14-e1682423109610.jpeg","datePublished":"2023-04-02T11:41:39+00:00","dateModified":"2023-04-25T11:47:09+00:00","breadcrumb":{"@id":"https:\/\/eraztunberdeurdina.eus\/es\/colegios-en-el-ebu-20230402\/#breadcrumb"},"inLanguage":"es","potentialAction":[{"@type":"ReadAction","target":["https:\/\/eraztunberdeurdina.eus\/es\/colegios-en-el-ebu-20230402\/"]}]},{"@type":"ImageObject","inLanguage":"es","@id":"https:\/\/eraztunberdeurdina.eus\/es\/colegios-en-el-ebu-20230402\/#primaryimage","url":"https:\/\/eraztunberdeurdina.eus\/wp-content\/uploads\/2023\/04\/Orokieta-14-e1682423109610.jpeg","contentUrl":"https:\/\/eraztunberdeurdina.eus\/wp-content\/uploads\/2023\/04\/Orokieta-14-e1682423109610.jpeg","width":1600,"height":899},{"@type":"BreadcrumbList","@id":"https:\/\/eraztunberdeurdina.eus\/es\/colegios-en-el-ebu-20230402\/#breadcrumb","itemListElement":[{"@type":"ListItem","position":1,"name":"Home","item":"https:\/\/eraztunberdeurdina.eus\/es\/anillo-verde-azul\/"},{"@type":"ListItem","position":2,"name":"Colegios en el EBU"}]},{"@type":"WebSite","@id":"https:\/\/eraztunberdeurdina.eus\/#website","url":"https:\/\/eraztunberdeurdina.eus\/","name":"Zarauzko Eraztun Berde Urdina","description":"Herri-inguruko berdeguneen zaintza","publisher":{"@id":"https:\/\/eraztunberdeurdina.eus\/#organization"},"potentialAction":[{"@type":"SearchAction","target":{"@type":"EntryPoint","urlTemplate":"https:\/\/eraztunberdeurdina.eus\/?s={search_term_string}"},"query-input":{"@type":"PropertyValueSpecification","valueRequired":true,"valueName":"search_term_string"}}],"inLanguage":"es"},{"@type":"Organization","@id":"https:\/\/eraztunberdeurdina.eus\/#organization","name":"Zarauzko Eraztun Berde Urdina","url":"https:\/\/eraztunberdeurdina.eus\/","logo":{"@type":"ImageObject","inLanguage":"es","@id":"https:\/\/eraztunberdeurdina.eus\/#\/schema\/logo\/image\/","url":"https:\/\/eraztunberdeurdina.eus\/wp-content\/uploads\/2018\/07\/EBUkoloretan.jpg","contentUrl":"https:\/\/eraztunberdeurdina.eus\/wp-content\/uploads\/2018\/07\/EBUkoloretan.jpg","width":934,"height":687,"caption":"Zarauzko Eraztun Berde Urdina"},"image":{"@id":"https:\/\/eraztunberdeurdina.eus\/#\/schema\/logo\/image\/"}},{"@type":"Person","@id":"https:\/\/eraztunberdeurdina.eus\/#\/schema\/person\/a9c3a9d9ddfc0024a1d798d33b8eb53c","name":"ebu"}]}},"_links":{"self":[{"href":"https:\/\/eraztunberdeurdina.eus\/es\/wp-json\/wp\/v2\/posts\/2700","targetHints":{"allow":["GET"]}}],"collection":[{"href":"https:\/\/eraztunberdeurdina.eus\/es\/wp-json\/wp\/v2\/posts"}],"about":[{"href":"https:\/\/eraztunberdeurdina.eus\/es\/wp-json\/wp\/v2\/types\/post"}],"author":[{"embeddable":true,"href":"https:\/\/eraztunberdeurdina.eus\/es\/wp-json\/wp\/v2\/users\/3"}],"replies":[{"embeddable":true,"href":"https:\/\/eraztunberdeurdina.eus\/es\/wp-json\/wp\/v2\/comments?post=2700"}],"version-history":[{"count":1,"href":"https:\/\/eraztunberdeurdina.eus\/es\/wp-json\/wp\/v2\/posts\/2700\/revisions"}],"predecessor-version":[{"id":2703,"href":"https:\/\/eraztunberdeurdina.eus\/es\/wp-json\/wp\/v2\/posts\/2700\/revisions\/2703"}],"wp:featuredmedia":[{"embeddable":true,"href":"https:\/\/eraztunberdeurdina.eus\/es\/wp-json\/wp\/v2\/media\/2701"}],"wp:attachment":[{"href":"https:\/\/eraztunberdeurdina.eus\/es\/wp-json\/wp\/v2\/media?parent=2700"}],"wp:term":[{"taxonomy":"category","embeddable":true,"href":"https:\/\/eraztunberdeurdina.eus\/es\/wp-json\/wp\/v2\/categories?post=2700"},{"taxonomy":"post_tag","embeddable":true,"href":"https:\/\/eraztunberdeurdina.eus\/es\/wp-json\/wp\/v2\/tags?post=2700"}],"curies":[{"name":"wp","href":"https:\/\/api.w.org\/{rel}","templated":true}]}}