{"id":2836,"date":"2023-07-17T12:22:03","date_gmt":"2023-07-17T10:22:03","guid":{"rendered":"https:\/\/eraztunberdeurdina.eus\/?p=2836"},"modified":"2023-07-17T12:22:03","modified_gmt":"2023-07-17T10:22:03","slug":"%f0%9f%93%a2-buscamos-jovenes-voluntarias-os","status":"publish","type":"post","link":"https:\/\/eraztunberdeurdina.eus\/es\/%f0%9f%93%a2-buscamos-jovenes-voluntarias-os-20230717\/","title":{"rendered":"? BUSCAMOS J\u00d3VENES VOLUNTARIAS\/OS"},"content":{"rendered":"<p class=\"_aacl _aaco _aacu _aacx _aad7 _aade\" dir=\"auto\">Queremos realizar una campa\u00f1a de sensibilizaci\u00f3n con las y los j\u00f3venes zarauztarras para hacer frente a la problem\u00e1tica de la acumulaci\u00f3n de residuos en la playa y las dunas de Zarautz.<\/p>\n<p>Grabaci\u00f3n de un v\u00eddeo de sensibilizaci\u00f3n<br \/>\n? Martes 1 de agosto<br \/>\n? 10:00<\/p>\n<p>Brigada para la recogida de basuras en la playa<br \/>\n? Domingo, 6 de agosto.<br \/>\n? 10:00<\/p>\n<p>\u00bfTe gustar\u00eda participar?<br \/>\nEscr\u00edbenos a:<br \/>\n?<br \/>\nzarautz@eraztunberdeurdina.eus<\/p>\n","protected":false},"excerpt":{"rendered":"<p>Queremos realizar una campa\u00f1a de sensibilizaci\u00f3n con las y los j\u00f3venes zarauztarras para hacer frente a la problem\u00e1tica de la [&hellip;]<\/p>\n","protected":false},"author":3,"featured_media":2834,"comment_status":"closed","ping_status":"closed","sticky":false,"template":"","format":"standard","meta":{"_acf_changed":false,"site-sidebar-layout":"default","site-content-layout":"","ast-site-content-layout":"default","site-content-style":"default","site-sidebar-style":"default","ast-global-header-display":"","ast-banner-title-visibility":"","ast-main-header-display":"","ast-hfb-above-header-display":"","ast-hfb-below-header-display":"","ast-hfb-mobile-header-display":"","site-post-title":"","ast-breadcrumbs-content":"","ast-featured-img":"","footer-sml-layout":"","ast-disable-related-posts":"","theme-transparent-header-meta":"","adv-header-id-meta":"","stick-header-meta":"","header-above-stick-meta":"","header-main-stick-meta":"","header-below-stick-meta":"","astra-migrate-meta-layouts":"default","ast-page-background-enabled":"default","ast-page-background-meta":{"desktop":{"background-color":"var(--ast-global-color-5)","background-image":"","background-repeat":"repeat","background-position":"center center","background-size":"auto","background-attachment":"scroll","background-type":"","background-media":"","overlay-type":"","overlay-color":"","overlay-opacity":"","overlay-gradient":""},"tablet":{"background-color":"","background-image":"","background-repeat":"repeat","background-position":"center center","background-size":"auto","background-attachment":"scroll","background-type":"","background-media":"","overlay-type":"","overlay-color":"","overlay-opacity":"","overlay-gradient":""},"mobile":{"background-color":"","background-image":"","background-repeat":"repeat","background-position":"center center","background-size":"auto","background-attachment":"scroll","background-type":"","background-media":"","overlay-type":"","overlay-color":"","overlay-opacity":"","overlay-gradient":""}},"ast-content-background-meta":{"desktop":{"background-color":"var(--ast-global-color-4)","background-image":"","background-repeat":"repeat","background-position":"center center","background-size":"auto","background-attachment":"scroll","background-type":"","background-media":"","overlay-type":"","overlay-color":"","overlay-opacity":"","overlay-gradient":""},"tablet":{"background-color":"var(--ast-global-color-4)","background-image":"","background-repeat":"repeat","background-position":"center center","background-size":"auto","background-attachment":"scroll","background-type":"","background-media":"","overlay-type":"","overlay-color":"","overlay-opacity":"","overlay-gradient":""},"mobile":{"background-color":"var(--ast-global-color-4)","background-image":"","background-repeat":"repeat","background-position":"center center","background-size":"auto","background-attachment":"scroll","background-type":"","background-media":"","overlay-type":"","overlay-color":"","overlay-opacity":"","overlay-gradient":""}},"footnotes":""},"categories":[60,263],"tags":[33,552,294,278,551,264,28],"class_list":["post-2836","post","type-post","status-publish","format-standard","has-post-thumbnail","hentry","category-dinamizacion","category-sensibilizacion","tag-anillo-verde-azul","tag-basuraleza","tag-basuras-marinas","tag-concienciacion","tag-limpieza-de-playas","tag-sensibilizacion","tag-zarautz"],"acf":[],"yoast_head":"<!-- This site is optimized with the Yoast SEO plugin v27.1.1 - https:\/\/yoast.com\/product\/yoast-seo-wordpress\/ -->\n<title>? BUSCAMOS J\u00d3VENES VOLUNTARIAS\/OS - Anillo Verde Azul de Zarautz<\/title>\n<meta name=\"robots\" content=\"index, follow, max-snippet:-1, max-image-preview:large, max-video-preview:-1\" \/>\n<link rel=\"canonical\" href=\"https:\/\/eraztunberdeurdina.eus\/es\/\ud83d\udce2-buscamos-jovenes-voluntarias-os-20230717\/\" \/>\n<meta property=\"og:locale\" content=\"es_ES\" \/>\n<meta property=\"og:type\" content=\"article\" \/>\n<meta property=\"og:title\" content=\"? BUSCAMOS J\u00d3VENES VOLUNTARIAS\/OS - Anillo Verde Azul de Zarautz\" \/>\n<meta property=\"og:description\" content=\"Queremos realizar una campa\u00f1a de sensibilizaci\u00f3n con las y los j\u00f3venes zarauztarras para hacer frente a la problem\u00e1tica de la [&hellip;]\" \/>\n<meta property=\"og:url\" content=\"https:\/\/eraztunberdeurdina.eus\/es\/\ud83d\udce2-buscamos-jovenes-voluntarias-os-20230717\/\" \/>\n<meta property=\"og:site_name\" content=\"Anillo Verde Azul de Zarautz\" \/>\n<meta property=\"article:published_time\" content=\"2023-07-17T10:22:03+00:00\" \/>\n<meta property=\"og:image\" content=\"https:\/\/eraztunberdeurdina.eus\/wp-content\/uploads\/2023\/07\/IMG_20221024_1111143.jpg\" \/>\n\t<meta property=\"og:image:width\" content=\"899\" \/>\n\t<meta property=\"og:image:height\" content=\"1600\" \/>\n\t<meta property=\"og:image:type\" content=\"image\/jpeg\" \/>\n<meta name=\"author\" content=\"ebu\" \/>\n<meta name=\"twitter:card\" content=\"summary_large_image\" \/>\n<meta name=\"twitter:label1\" content=\"Escrito por\" \/>\n\t<meta name=\"twitter:data1\" content=\"ebu\" \/>\n<script type=\"application\/ld+json\" class=\"yoast-schema-graph\">{\"@context\":\"https:\/\/schema.org\",\"@graph\":[{\"@type\":\"Article\",\"@id\":\"https:\/\/eraztunberdeurdina.eus\/es\/%f0%9f%93%a2-buscamos-jovenes-voluntarias-os-20230717\/#article\",\"isPartOf\":{\"@id\":\"https:\/\/eraztunberdeurdina.eus\/es\/%f0%9f%93%a2-buscamos-jovenes-voluntarias-os-20230717\/\"},\"author\":{\"name\":\"ebu\",\"@id\":\"https:\/\/eraztunberdeurdina.eus\/#\/schema\/person\/a9c3a9d9ddfc0024a1d798d33b8eb53c\"},\"headline\":\"? BUSCAMOS J\u00d3VENES VOLUNTARIAS\/OS\",\"datePublished\":\"2023-07-17T10:22:03+00:00\",\"mainEntityOfPage\":{\"@id\":\"https:\/\/eraztunberdeurdina.eus\/es\/%f0%9f%93%a2-buscamos-jovenes-voluntarias-os-20230717\/\"},\"wordCount\":75,\"publisher\":{\"@id\":\"https:\/\/eraztunberdeurdina.eus\/#organization\"},\"image\":{\"@id\":\"https:\/\/eraztunberdeurdina.eus\/es\/%f0%9f%93%a2-buscamos-jovenes-voluntarias-os-20230717\/#primaryimage\"},\"thumbnailUrl\":\"https:\/\/eraztunberdeurdina.eus\/wp-content\/uploads\/2023\/07\/IMG_20221024_1111143.jpg\",\"keywords\":[\"anillo verde azul\",\"basuraleza\",\"basuras marinas\",\"concienciaci\u00f3n\",\"limpieza de playas\",\"sensibilizaci\u00f3n\",\"Zarautz\"],\"articleSection\":[\"dinamizaci\u00f3n\",\"sensibilizaci\u00f3n\"],\"inLanguage\":\"es\"},{\"@type\":\"WebPage\",\"@id\":\"https:\/\/eraztunberdeurdina.eus\/es\/%f0%9f%93%a2-buscamos-jovenes-voluntarias-os-20230717\/\",\"url\":\"https:\/\/eraztunberdeurdina.eus\/es\/%f0%9f%93%a2-buscamos-jovenes-voluntarias-os-20230717\/\",\"name\":\"? BUSCAMOS J\u00d3VENES VOLUNTARIAS\/OS - Anillo Verde Azul de Zarautz\",\"isPartOf\":{\"@id\":\"https:\/\/eraztunberdeurdina.eus\/#website\"},\"primaryImageOfPage\":{\"@id\":\"https:\/\/eraztunberdeurdina.eus\/es\/%f0%9f%93%a2-buscamos-jovenes-voluntarias-os-20230717\/#primaryimage\"},\"image\":{\"@id\":\"https:\/\/eraztunberdeurdina.eus\/es\/%f0%9f%93%a2-buscamos-jovenes-voluntarias-os-20230717\/#primaryimage\"},\"thumbnailUrl\":\"https:\/\/eraztunberdeurdina.eus\/wp-content\/uploads\/2023\/07\/IMG_20221024_1111143.jpg\",\"datePublished\":\"2023-07-17T10:22:03+00:00\",\"breadcrumb\":{\"@id\":\"https:\/\/eraztunberdeurdina.eus\/es\/%f0%9f%93%a2-buscamos-jovenes-voluntarias-os-20230717\/#breadcrumb\"},\"inLanguage\":\"es\",\"potentialAction\":[{\"@type\":\"ReadAction\",\"target\":[\"https:\/\/eraztunberdeurdina.eus\/es\/%f0%9f%93%a2-buscamos-jovenes-voluntarias-os-20230717\/\"]}]},{\"@type\":\"ImageObject\",\"inLanguage\":\"es\",\"@id\":\"https:\/\/eraztunberdeurdina.eus\/es\/%f0%9f%93%a2-buscamos-jovenes-voluntarias-os-20230717\/#primaryimage\",\"url\":\"https:\/\/eraztunberdeurdina.eus\/wp-content\/uploads\/2023\/07\/IMG_20221024_1111143.jpg\",\"contentUrl\":\"https:\/\/eraztunberdeurdina.eus\/wp-content\/uploads\/2023\/07\/IMG_20221024_1111143.jpg\",\"width\":899,\"height\":1600},{\"@type\":\"BreadcrumbList\",\"@id\":\"https:\/\/eraztunberdeurdina.eus\/es\/%f0%9f%93%a2-buscamos-jovenes-voluntarias-os-20230717\/#breadcrumb\",\"itemListElement\":[{\"@type\":\"ListItem\",\"position\":1,\"name\":\"Home\",\"item\":\"https:\/\/eraztunberdeurdina.eus\/es\/anillo-verde-azul\/\"},{\"@type\":\"ListItem\",\"position\":2,\"name\":\"? BUSCAMOS J\u00d3VENES VOLUNTARIAS\/OS\"}]},{\"@type\":\"WebSite\",\"@id\":\"https:\/\/eraztunberdeurdina.eus\/#website\",\"url\":\"https:\/\/eraztunberdeurdina.eus\/\",\"name\":\"Zarauzko Eraztun Berde Urdina\",\"description\":\"Herri-inguruko berdeguneen zaintza\",\"publisher\":{\"@id\":\"https:\/\/eraztunberdeurdina.eus\/#organization\"},\"potentialAction\":[{\"@type\":\"SearchAction\",\"target\":{\"@type\":\"EntryPoint\",\"urlTemplate\":\"https:\/\/eraztunberdeurdina.eus\/?s={search_term_string}\"},\"query-input\":{\"@type\":\"PropertyValueSpecification\",\"valueRequired\":true,\"valueName\":\"search_term_string\"}}],\"inLanguage\":\"es\"},{\"@type\":\"Organization\",\"@id\":\"https:\/\/eraztunberdeurdina.eus\/#organization\",\"name\":\"Zarauzko Eraztun Berde Urdina\",\"url\":\"https:\/\/eraztunberdeurdina.eus\/\",\"logo\":{\"@type\":\"ImageObject\",\"inLanguage\":\"es\",\"@id\":\"https:\/\/eraztunberdeurdina.eus\/#\/schema\/logo\/image\/\",\"url\":\"https:\/\/eraztunberdeurdina.eus\/wp-content\/uploads\/2018\/07\/EBUkoloretan.jpg\",\"contentUrl\":\"https:\/\/eraztunberdeurdina.eus\/wp-content\/uploads\/2018\/07\/EBUkoloretan.jpg\",\"width\":934,\"height\":687,\"caption\":\"Zarauzko Eraztun Berde Urdina\"},\"image\":{\"@id\":\"https:\/\/eraztunberdeurdina.eus\/#\/schema\/logo\/image\/\"}},{\"@type\":\"Person\",\"@id\":\"https:\/\/eraztunberdeurdina.eus\/#\/schema\/person\/a9c3a9d9ddfc0024a1d798d33b8eb53c\",\"name\":\"ebu\"}]}<\/script>\n<!-- \/ Yoast SEO plugin. -->","yoast_head_json":{"title":"? BUSCAMOS J\u00d3VENES VOLUNTARIAS\/OS - Anillo Verde Azul de Zarautz","robots":{"index":"index","follow":"follow","max-snippet":"max-snippet:-1","max-image-preview":"max-image-preview:large","max-video-preview":"max-video-preview:-1"},"canonical":"https:\/\/eraztunberdeurdina.eus\/es\/\ud83d\udce2-buscamos-jovenes-voluntarias-os-20230717\/","og_locale":"es_ES","og_type":"article","og_title":"? BUSCAMOS J\u00d3VENES VOLUNTARIAS\/OS - Anillo Verde Azul de Zarautz","og_description":"Queremos realizar una campa\u00f1a de sensibilizaci\u00f3n con las y los j\u00f3venes zarauztarras para hacer frente a la problem\u00e1tica de la [&hellip;]","og_url":"https:\/\/eraztunberdeurdina.eus\/es\/\ud83d\udce2-buscamos-jovenes-voluntarias-os-20230717\/","og_site_name":"Anillo Verde Azul de Zarautz","article_published_time":"2023-07-17T10:22:03+00:00","og_image":[{"width":899,"height":1600,"url":"https:\/\/eraztunberdeurdina.eus\/wp-content\/uploads\/2023\/07\/IMG_20221024_1111143.jpg","type":"image\/jpeg"}],"author":"ebu","twitter_card":"summary_large_image","twitter_misc":{"Escrito por":"ebu"},"schema":{"@context":"https:\/\/schema.org","@graph":[{"@type":"Article","@id":"https:\/\/eraztunberdeurdina.eus\/es\/%f0%9f%93%a2-buscamos-jovenes-voluntarias-os-20230717\/#article","isPartOf":{"@id":"https:\/\/eraztunberdeurdina.eus\/es\/%f0%9f%93%a2-buscamos-jovenes-voluntarias-os-20230717\/"},"author":{"name":"ebu","@id":"https:\/\/eraztunberdeurdina.eus\/#\/schema\/person\/a9c3a9d9ddfc0024a1d798d33b8eb53c"},"headline":"? BUSCAMOS J\u00d3VENES VOLUNTARIAS\/OS","datePublished":"2023-07-17T10:22:03+00:00","mainEntityOfPage":{"@id":"https:\/\/eraztunberdeurdina.eus\/es\/%f0%9f%93%a2-buscamos-jovenes-voluntarias-os-20230717\/"},"wordCount":75,"publisher":{"@id":"https:\/\/eraztunberdeurdina.eus\/#organization"},"image":{"@id":"https:\/\/eraztunberdeurdina.eus\/es\/%f0%9f%93%a2-buscamos-jovenes-voluntarias-os-20230717\/#primaryimage"},"thumbnailUrl":"https:\/\/eraztunberdeurdina.eus\/wp-content\/uploads\/2023\/07\/IMG_20221024_1111143.jpg","keywords":["anillo verde azul","basuraleza","basuras marinas","concienciaci\u00f3n","limpieza de playas","sensibilizaci\u00f3n","Zarautz"],"articleSection":["dinamizaci\u00f3n","sensibilizaci\u00f3n"],"inLanguage":"es"},{"@type":"WebPage","@id":"https:\/\/eraztunberdeurdina.eus\/es\/%f0%9f%93%a2-buscamos-jovenes-voluntarias-os-20230717\/","url":"https:\/\/eraztunberdeurdina.eus\/es\/%f0%9f%93%a2-buscamos-jovenes-voluntarias-os-20230717\/","name":"? BUSCAMOS J\u00d3VENES VOLUNTARIAS\/OS - Anillo Verde Azul de Zarautz","isPartOf":{"@id":"https:\/\/eraztunberdeurdina.eus\/#website"},"primaryImageOfPage":{"@id":"https:\/\/eraztunberdeurdina.eus\/es\/%f0%9f%93%a2-buscamos-jovenes-voluntarias-os-20230717\/#primaryimage"},"image":{"@id":"https:\/\/eraztunberdeurdina.eus\/es\/%f0%9f%93%a2-buscamos-jovenes-voluntarias-os-20230717\/#primaryimage"},"thumbnailUrl":"https:\/\/eraztunberdeurdina.eus\/wp-content\/uploads\/2023\/07\/IMG_20221024_1111143.jpg","datePublished":"2023-07-17T10:22:03+00:00","breadcrumb":{"@id":"https:\/\/eraztunberdeurdina.eus\/es\/%f0%9f%93%a2-buscamos-jovenes-voluntarias-os-20230717\/#breadcrumb"},"inLanguage":"es","potentialAction":[{"@type":"ReadAction","target":["https:\/\/eraztunberdeurdina.eus\/es\/%f0%9f%93%a2-buscamos-jovenes-voluntarias-os-20230717\/"]}]},{"@type":"ImageObject","inLanguage":"es","@id":"https:\/\/eraztunberdeurdina.eus\/es\/%f0%9f%93%a2-buscamos-jovenes-voluntarias-os-20230717\/#primaryimage","url":"https:\/\/eraztunberdeurdina.eus\/wp-content\/uploads\/2023\/07\/IMG_20221024_1111143.jpg","contentUrl":"https:\/\/eraztunberdeurdina.eus\/wp-content\/uploads\/2023\/07\/IMG_20221024_1111143.jpg","width":899,"height":1600},{"@type":"BreadcrumbList","@id":"https:\/\/eraztunberdeurdina.eus\/es\/%f0%9f%93%a2-buscamos-jovenes-voluntarias-os-20230717\/#breadcrumb","itemListElement":[{"@type":"ListItem","position":1,"name":"Home","item":"https:\/\/eraztunberdeurdina.eus\/es\/anillo-verde-azul\/"},{"@type":"ListItem","position":2,"name":"? BUSCAMOS J\u00d3VENES VOLUNTARIAS\/OS"}]},{"@type":"WebSite","@id":"https:\/\/eraztunberdeurdina.eus\/#website","url":"https:\/\/eraztunberdeurdina.eus\/","name":"Zarauzko Eraztun Berde Urdina","description":"Herri-inguruko berdeguneen zaintza","publisher":{"@id":"https:\/\/eraztunberdeurdina.eus\/#organization"},"potentialAction":[{"@type":"SearchAction","target":{"@type":"EntryPoint","urlTemplate":"https:\/\/eraztunberdeurdina.eus\/?s={search_term_string}"},"query-input":{"@type":"PropertyValueSpecification","valueRequired":true,"valueName":"search_term_string"}}],"inLanguage":"es"},{"@type":"Organization","@id":"https:\/\/eraztunberdeurdina.eus\/#organization","name":"Zarauzko Eraztun Berde Urdina","url":"https:\/\/eraztunberdeurdina.eus\/","logo":{"@type":"ImageObject","inLanguage":"es","@id":"https:\/\/eraztunberdeurdina.eus\/#\/schema\/logo\/image\/","url":"https:\/\/eraztunberdeurdina.eus\/wp-content\/uploads\/2018\/07\/EBUkoloretan.jpg","contentUrl":"https:\/\/eraztunberdeurdina.eus\/wp-content\/uploads\/2018\/07\/EBUkoloretan.jpg","width":934,"height":687,"caption":"Zarauzko Eraztun Berde Urdina"},"image":{"@id":"https:\/\/eraztunberdeurdina.eus\/#\/schema\/logo\/image\/"}},{"@type":"Person","@id":"https:\/\/eraztunberdeurdina.eus\/#\/schema\/person\/a9c3a9d9ddfc0024a1d798d33b8eb53c","name":"ebu"}]}},"_links":{"self":[{"href":"https:\/\/eraztunberdeurdina.eus\/es\/wp-json\/wp\/v2\/posts\/2836","targetHints":{"allow":["GET"]}}],"collection":[{"href":"https:\/\/eraztunberdeurdina.eus\/es\/wp-json\/wp\/v2\/posts"}],"about":[{"href":"https:\/\/eraztunberdeurdina.eus\/es\/wp-json\/wp\/v2\/types\/post"}],"author":[{"embeddable":true,"href":"https:\/\/eraztunberdeurdina.eus\/es\/wp-json\/wp\/v2\/users\/3"}],"replies":[{"embeddable":true,"href":"https:\/\/eraztunberdeurdina.eus\/es\/wp-json\/wp\/v2\/comments?post=2836"}],"version-history":[{"count":1,"href":"https:\/\/eraztunberdeurdina.eus\/es\/wp-json\/wp\/v2\/posts\/2836\/revisions"}],"predecessor-version":[{"id":2837,"href":"https:\/\/eraztunberdeurdina.eus\/es\/wp-json\/wp\/v2\/posts\/2836\/revisions\/2837"}],"wp:featuredmedia":[{"embeddable":true,"href":"https:\/\/eraztunberdeurdina.eus\/es\/wp-json\/wp\/v2\/media\/2834"}],"wp:attachment":[{"href":"https:\/\/eraztunberdeurdina.eus\/es\/wp-json\/wp\/v2\/media?parent=2836"}],"wp:term":[{"taxonomy":"category","embeddable":true,"href":"https:\/\/eraztunberdeurdina.eus\/es\/wp-json\/wp\/v2\/categories?post=2836"},{"taxonomy":"post_tag","embeddable":true,"href":"https:\/\/eraztunberdeurdina.eus\/es\/wp-json\/wp\/v2\/tags?post=2836"}],"curies":[{"name":"wp","href":"https:\/\/api.w.org\/{rel}","templated":true}]}}