{"id":2859,"date":"2023-09-22T20:31:28","date_gmt":"2023-09-22T18:31:28","guid":{"rendered":"https:\/\/eraztunberdeurdina.eus\/?p=2859"},"modified":"2023-09-26T12:41:23","modified_gmt":"2023-09-26T10:41:23","slug":"el-proximo-jueves-28-de-septiembre-en-la-salda-modelo-se-ofrecera-un-coloquio-sobre-la-problematica-de-los-microplasticos-y-las-basuras-marinas","status":"publish","type":"post","link":"https:\/\/eraztunberdeurdina.eus\/es\/el-proximo-jueves-28-de-septiembre-en-la-salda-modelo-se-ofrecera-un-coloquio-sobre-la-problematica-de-los-microplasticos-y-las-basuras-marinas-20230922\/","title":{"rendered":"El pr\u00f3ximo jueves (28 de septiembre) en la salda Modelo se ofrecer\u00e1 un coloquio sobre la problem\u00e1tica de los micropl\u00e1sticos y las basuras marinas"},"content":{"rendered":"<p>Este jueves (28 de septiembre) se ofrecer\u00e1 un coloquio sobre la problem\u00e1tica de los micropl\u00e1sticos y las basuras marinas en la sala Modelo de Zarautz, organizado por el Departamento de Medio Ambiente. En \u00e9l participar\u00e1n dos ponentes: <\/p>\n<p>Enrique Talledo, divulgador, documentalista, c\u00e1mara y fot\u00f3grafo submarino nos ofrecer\u00e1 el tr\u00e1iler \u00abUn mar de pl\u00e1sticos\u00bb y un coloquio en castellano.<br \/>\nDespu\u00e9s ser\u00e1 el turno de Sara Lizarza, cient\u00edfica marina y Responsable de Proyectos del Barco Museo Ecoactivo MATER, donde ofrecer\u00e1 una presentaci\u00f3n y un coloquio en euskara sobre los micropl\u00e1sticos y las basuras marinas. Tambi\u00e9n tendr\u00e1 ocasi\u00f3n de hablar sobre la experiencia del proyecto de Ciencia Ciudadana que se dio a cabo en Zarautz el pasado oto\u00f1o, donde participaron m\u00e1s de 700 estudiantes y familias zarauztarras.<\/p>\n<p>La contaminaci\u00f3n por pl\u00e1sticos en nuestros mares es un grave problema que va en aumento y debemos ponerle remedio entre todos. Cada persona puede hacer peque\u00f1os gestos como reducir el consumo de pl\u00e1sticos y tirarlos a los recipientes correspondientes para reciclar. Demasiadas veces vemos el suelo lleno de residuos tras una noche de fiesta, residuos que en gran medida acaban en la playa y en el mar, pero esto es f\u00e1cilmente evitable si ponemos atenci\u00f3n. Cada peque\u00f1o gesto suma para cuidar nuestros mares. <\/p>\n<p>?\ufe0f El problema de los pl\u00e1sticos y las basuras marinas<br \/>\n? Jueves,  28 de septiembre<br \/>\n? 19:00<br \/>\n? Cinema Modelo de Zarautz<br \/>\n?\ufe0f \u00abUn mar de pl\u00e1sticos\u00bb tr\u00e1iler documental + coloquio (en castellano), Enrique Talledo<br \/>\n?\ufe0f \u00abCiencia ciudana, la esperiencia de Zarautz\u00bb presentaci\u00f3n y coloquio (en euskara) Sara Lizarza,<br \/>\n?\ufe0f Entrada gratuita<\/p>\n","protected":false},"excerpt":{"rendered":"<p>Este jueves (28 de septiembre) se ofrecer\u00e1 un coloquio sobre la problem\u00e1tica de los micropl\u00e1sticos y las basuras marinas en [&hellip;]<\/p>\n","protected":false},"author":3,"featured_media":2860,"comment_status":"closed","ping_status":"closed","sticky":false,"template":"","format":"standard","meta":{"_acf_changed":false,"site-sidebar-layout":"default","site-content-layout":"","ast-site-content-layout":"default","site-content-style":"default","site-sidebar-style":"default","ast-global-header-display":"","ast-banner-title-visibility":"","ast-main-header-display":"","ast-hfb-above-header-display":"","ast-hfb-below-header-display":"","ast-hfb-mobile-header-display":"","site-post-title":"","ast-breadcrumbs-content":"","ast-featured-img":"","footer-sml-layout":"","ast-disable-related-posts":"","theme-transparent-header-meta":"","adv-header-id-meta":"","stick-header-meta":"","header-above-stick-meta":"","header-main-stick-meta":"","header-below-stick-meta":"","astra-migrate-meta-layouts":"default","ast-page-background-enabled":"default","ast-page-background-meta":{"desktop":{"background-color":"var(--ast-global-color-5)","background-image":"","background-repeat":"repeat","background-position":"center center","background-size":"auto","background-attachment":"scroll","background-type":"","background-media":"","overlay-type":"","overlay-color":"","overlay-opacity":"","overlay-gradient":""},"tablet":{"background-color":"","background-image":"","background-repeat":"repeat","background-position":"center center","background-size":"auto","background-attachment":"scroll","background-type":"","background-media":"","overlay-type":"","overlay-color":"","overlay-opacity":"","overlay-gradient":""},"mobile":{"background-color":"","background-image":"","background-repeat":"repeat","background-position":"center center","background-size":"auto","background-attachment":"scroll","background-type":"","background-media":"","overlay-type":"","overlay-color":"","overlay-opacity":"","overlay-gradient":""}},"ast-content-background-meta":{"desktop":{"background-color":"var(--ast-global-color-4)","background-image":"","background-repeat":"repeat","background-position":"center center","background-size":"auto","background-attachment":"scroll","background-type":"","background-media":"","overlay-type":"","overlay-color":"","overlay-opacity":"","overlay-gradient":""},"tablet":{"background-color":"var(--ast-global-color-4)","background-image":"","background-repeat":"repeat","background-position":"center center","background-size":"auto","background-attachment":"scroll","background-type":"","background-media":"","overlay-type":"","overlay-color":"","overlay-opacity":"","overlay-gradient":""},"mobile":{"background-color":"var(--ast-global-color-4)","background-image":"","background-repeat":"repeat","background-position":"center center","background-size":"auto","background-attachment":"scroll","background-type":"","background-media":"","overlay-type":"","overlay-color":"","overlay-opacity":"","overlay-gradient":""}},"footnotes":""},"categories":[60,263,23],"tags":[563,152,289,500,153,333,562,564,28],"class_list":["post-2859","post","type-post","status-publish","format-standard","has-post-thumbnail","hentry","category-dinamizacion","category-sensibilizacion","category-sin-categorizar","tag-enrique-talledo","tag-hitzaldia","tag-itsas-hondakinak","tag-mirkoplastikoak","tag-modelo-aretoa","tag-museo-ecoativo-mater","tag-sara-lizarza","tag-un-mar-de-plasticos","tag-zarautz"],"acf":[],"yoast_head":"<!-- This site is optimized with the Yoast SEO plugin v27.1.1 - https:\/\/yoast.com\/product\/yoast-seo-wordpress\/ -->\n<title>El pr\u00f3ximo jueves (28 de septiembre) en la salda Modelo se ofrecer\u00e1 un coloquio sobre la problem\u00e1tica de los micropl\u00e1sticos y las basuras marinas - Anillo Verde Azul de Zarautz<\/title>\n<meta name=\"robots\" content=\"index, follow, max-snippet:-1, max-image-preview:large, max-video-preview:-1\" \/>\n<link rel=\"canonical\" href=\"https:\/\/eraztunberdeurdina.eus\/es\/el-proximo-jueves-28-de-septiembre-en-la-salda-modelo-se-ofrecera-un-coloquio-sobre-la-problematica-de-los-microplasticos-y-las-basuras-marinas-20230922\/\" \/>\n<meta property=\"og:locale\" content=\"es_ES\" \/>\n<meta property=\"og:type\" content=\"article\" \/>\n<meta property=\"og:title\" content=\"El pr\u00f3ximo jueves (28 de septiembre) en la salda Modelo se ofrecer\u00e1 un coloquio sobre la problem\u00e1tica de los micropl\u00e1sticos y las basuras marinas - Anillo Verde Azul de Zarautz\" \/>\n<meta property=\"og:description\" content=\"Este jueves (28 de septiembre) se ofrecer\u00e1 un coloquio sobre la problem\u00e1tica de los micropl\u00e1sticos y las basuras marinas en [&hellip;]\" \/>\n<meta property=\"og:url\" content=\"https:\/\/eraztunberdeurdina.eus\/es\/el-proximo-jueves-28-de-septiembre-en-la-salda-modelo-se-ofrecera-un-coloquio-sobre-la-problematica-de-los-microplasticos-y-las-basuras-marinas-20230922\/\" \/>\n<meta property=\"og:site_name\" content=\"Anillo Verde Azul de Zarautz\" \/>\n<meta property=\"article:published_time\" content=\"2023-09-22T18:31:28+00:00\" \/>\n<meta property=\"article:modified_time\" content=\"2023-09-26T10:41:23+00:00\" \/>\n<meta property=\"og:image\" content=\"https:\/\/eraztunberdeurdina.eus\/wp-content\/uploads\/2023\/09\/Hitzaldi-solasaldia-600x600.png\" \/>\n\t<meta property=\"og:image:width\" content=\"600\" \/>\n\t<meta property=\"og:image:height\" content=\"600\" \/>\n\t<meta property=\"og:image:type\" content=\"image\/png\" \/>\n<meta name=\"author\" content=\"ebu\" \/>\n<meta name=\"twitter:card\" content=\"summary_large_image\" \/>\n<meta name=\"twitter:label1\" content=\"Escrito por\" \/>\n\t<meta name=\"twitter:data1\" content=\"ebu\" \/>\n\t<meta name=\"twitter:label2\" content=\"Tiempo de lectura\" \/>\n\t<meta name=\"twitter:data2\" content=\"1 minuto\" \/>\n<script type=\"application\/ld+json\" class=\"yoast-schema-graph\">{\"@context\":\"https:\/\/schema.org\",\"@graph\":[{\"@type\":\"Article\",\"@id\":\"https:\/\/eraztunberdeurdina.eus\/es\/el-proximo-jueves-28-de-septiembre-en-la-salda-modelo-se-ofrecera-un-coloquio-sobre-la-problematica-de-los-microplasticos-y-las-basuras-marinas-20230922\/#article\",\"isPartOf\":{\"@id\":\"https:\/\/eraztunberdeurdina.eus\/es\/el-proximo-jueves-28-de-septiembre-en-la-salda-modelo-se-ofrecera-un-coloquio-sobre-la-problematica-de-los-microplasticos-y-las-basuras-marinas-20230922\/\"},\"author\":{\"name\":\"ebu\",\"@id\":\"https:\/\/eraztunberdeurdina.eus\/#\/schema\/person\/a9c3a9d9ddfc0024a1d798d33b8eb53c\"},\"headline\":\"El pr\u00f3ximo jueves (28 de septiembre) en la salda Modelo se ofrecer\u00e1 un coloquio sobre la problem\u00e1tica de los micropl\u00e1sticos y las basuras marinas\",\"datePublished\":\"2023-09-22T18:31:28+00:00\",\"dateModified\":\"2023-09-26T10:41:23+00:00\",\"mainEntityOfPage\":{\"@id\":\"https:\/\/eraztunberdeurdina.eus\/es\/el-proximo-jueves-28-de-septiembre-en-la-salda-modelo-se-ofrecera-un-coloquio-sobre-la-problematica-de-los-microplasticos-y-las-basuras-marinas-20230922\/\"},\"wordCount\":299,\"publisher\":{\"@id\":\"https:\/\/eraztunberdeurdina.eus\/#organization\"},\"image\":{\"@id\":\"https:\/\/eraztunberdeurdina.eus\/es\/el-proximo-jueves-28-de-septiembre-en-la-salda-modelo-se-ofrecera-un-coloquio-sobre-la-problematica-de-los-microplasticos-y-las-basuras-marinas-20230922\/#primaryimage\"},\"thumbnailUrl\":\"https:\/\/eraztunberdeurdina.eus\/wp-content\/uploads\/2023\/09\/Hitzaldi-solasaldia.png\",\"keywords\":[\"Enrique Talledo\",\"Hitzaldia\",\"itsas hondakinak\",\"mirkoplastikoak\",\"Modelo aretoa\",\"Museo ecoativo mater\",\"Sara Lizarza\",\"Un mar de pl\u00e1sticos\",\"Zarautz\"],\"articleSection\":[\"dinamizaci\u00f3n\",\"sensibilizaci\u00f3n\",\"Sin categorizar\"],\"inLanguage\":\"es\"},{\"@type\":\"WebPage\",\"@id\":\"https:\/\/eraztunberdeurdina.eus\/es\/el-proximo-jueves-28-de-septiembre-en-la-salda-modelo-se-ofrecera-un-coloquio-sobre-la-problematica-de-los-microplasticos-y-las-basuras-marinas-20230922\/\",\"url\":\"https:\/\/eraztunberdeurdina.eus\/es\/el-proximo-jueves-28-de-septiembre-en-la-salda-modelo-se-ofrecera-un-coloquio-sobre-la-problematica-de-los-microplasticos-y-las-basuras-marinas-20230922\/\",\"name\":\"El pr\u00f3ximo jueves (28 de septiembre) en la salda Modelo se ofrecer\u00e1 un coloquio sobre la problem\u00e1tica de los micropl\u00e1sticos y las basuras marinas - Anillo Verde Azul de Zarautz\",\"isPartOf\":{\"@id\":\"https:\/\/eraztunberdeurdina.eus\/#website\"},\"primaryImageOfPage\":{\"@id\":\"https:\/\/eraztunberdeurdina.eus\/es\/el-proximo-jueves-28-de-septiembre-en-la-salda-modelo-se-ofrecera-un-coloquio-sobre-la-problematica-de-los-microplasticos-y-las-basuras-marinas-20230922\/#primaryimage\"},\"image\":{\"@id\":\"https:\/\/eraztunberdeurdina.eus\/es\/el-proximo-jueves-28-de-septiembre-en-la-salda-modelo-se-ofrecera-un-coloquio-sobre-la-problematica-de-los-microplasticos-y-las-basuras-marinas-20230922\/#primaryimage\"},\"thumbnailUrl\":\"https:\/\/eraztunberdeurdina.eus\/wp-content\/uploads\/2023\/09\/Hitzaldi-solasaldia.png\",\"datePublished\":\"2023-09-22T18:31:28+00:00\",\"dateModified\":\"2023-09-26T10:41:23+00:00\",\"breadcrumb\":{\"@id\":\"https:\/\/eraztunberdeurdina.eus\/es\/el-proximo-jueves-28-de-septiembre-en-la-salda-modelo-se-ofrecera-un-coloquio-sobre-la-problematica-de-los-microplasticos-y-las-basuras-marinas-20230922\/#breadcrumb\"},\"inLanguage\":\"es\",\"potentialAction\":[{\"@type\":\"ReadAction\",\"target\":[\"https:\/\/eraztunberdeurdina.eus\/es\/el-proximo-jueves-28-de-septiembre-en-la-salda-modelo-se-ofrecera-un-coloquio-sobre-la-problematica-de-los-microplasticos-y-las-basuras-marinas-20230922\/\"]}]},{\"@type\":\"ImageObject\",\"inLanguage\":\"es\",\"@id\":\"https:\/\/eraztunberdeurdina.eus\/es\/el-proximo-jueves-28-de-septiembre-en-la-salda-modelo-se-ofrecera-un-coloquio-sobre-la-problematica-de-los-microplasticos-y-las-basuras-marinas-20230922\/#primaryimage\",\"url\":\"https:\/\/eraztunberdeurdina.eus\/wp-content\/uploads\/2023\/09\/Hitzaldi-solasaldia.png\",\"contentUrl\":\"https:\/\/eraztunberdeurdina.eus\/wp-content\/uploads\/2023\/09\/Hitzaldi-solasaldia.png\",\"width\":2245,\"height\":1587},{\"@type\":\"BreadcrumbList\",\"@id\":\"https:\/\/eraztunberdeurdina.eus\/es\/el-proximo-jueves-28-de-septiembre-en-la-salda-modelo-se-ofrecera-un-coloquio-sobre-la-problematica-de-los-microplasticos-y-las-basuras-marinas-20230922\/#breadcrumb\",\"itemListElement\":[{\"@type\":\"ListItem\",\"position\":1,\"name\":\"Home\",\"item\":\"https:\/\/eraztunberdeurdina.eus\/es\/anillo-verde-azul\/\"},{\"@type\":\"ListItem\",\"position\":2,\"name\":\"El pr\u00f3ximo jueves (28 de septiembre) en la salda Modelo se ofrecer\u00e1 un coloquio sobre la problem\u00e1tica de los micropl\u00e1sticos y las basuras marinas\"}]},{\"@type\":\"WebSite\",\"@id\":\"https:\/\/eraztunberdeurdina.eus\/#website\",\"url\":\"https:\/\/eraztunberdeurdina.eus\/\",\"name\":\"Zarauzko Eraztun Berde Urdina\",\"description\":\"Herri-inguruko berdeguneen zaintza\",\"publisher\":{\"@id\":\"https:\/\/eraztunberdeurdina.eus\/#organization\"},\"potentialAction\":[{\"@type\":\"SearchAction\",\"target\":{\"@type\":\"EntryPoint\",\"urlTemplate\":\"https:\/\/eraztunberdeurdina.eus\/?s={search_term_string}\"},\"query-input\":{\"@type\":\"PropertyValueSpecification\",\"valueRequired\":true,\"valueName\":\"search_term_string\"}}],\"inLanguage\":\"es\"},{\"@type\":\"Organization\",\"@id\":\"https:\/\/eraztunberdeurdina.eus\/#organization\",\"name\":\"Zarauzko Eraztun Berde Urdina\",\"url\":\"https:\/\/eraztunberdeurdina.eus\/\",\"logo\":{\"@type\":\"ImageObject\",\"inLanguage\":\"es\",\"@id\":\"https:\/\/eraztunberdeurdina.eus\/#\/schema\/logo\/image\/\",\"url\":\"https:\/\/eraztunberdeurdina.eus\/wp-content\/uploads\/2018\/07\/EBUkoloretan.jpg\",\"contentUrl\":\"https:\/\/eraztunberdeurdina.eus\/wp-content\/uploads\/2018\/07\/EBUkoloretan.jpg\",\"width\":934,\"height\":687,\"caption\":\"Zarauzko Eraztun Berde Urdina\"},\"image\":{\"@id\":\"https:\/\/eraztunberdeurdina.eus\/#\/schema\/logo\/image\/\"}},{\"@type\":\"Person\",\"@id\":\"https:\/\/eraztunberdeurdina.eus\/#\/schema\/person\/a9c3a9d9ddfc0024a1d798d33b8eb53c\",\"name\":\"ebu\"}]}<\/script>\n<!-- \/ Yoast SEO plugin. -->","yoast_head_json":{"title":"El pr\u00f3ximo jueves (28 de septiembre) en la salda Modelo se ofrecer\u00e1 un coloquio sobre la problem\u00e1tica de los micropl\u00e1sticos y las basuras marinas - Anillo Verde Azul de Zarautz","robots":{"index":"index","follow":"follow","max-snippet":"max-snippet:-1","max-image-preview":"max-image-preview:large","max-video-preview":"max-video-preview:-1"},"canonical":"https:\/\/eraztunberdeurdina.eus\/es\/el-proximo-jueves-28-de-septiembre-en-la-salda-modelo-se-ofrecera-un-coloquio-sobre-la-problematica-de-los-microplasticos-y-las-basuras-marinas-20230922\/","og_locale":"es_ES","og_type":"article","og_title":"El pr\u00f3ximo jueves (28 de septiembre) en la salda Modelo se ofrecer\u00e1 un coloquio sobre la problem\u00e1tica de los micropl\u00e1sticos y las basuras marinas - Anillo Verde Azul de Zarautz","og_description":"Este jueves (28 de septiembre) se ofrecer\u00e1 un coloquio sobre la problem\u00e1tica de los micropl\u00e1sticos y las basuras marinas en [&hellip;]","og_url":"https:\/\/eraztunberdeurdina.eus\/es\/el-proximo-jueves-28-de-septiembre-en-la-salda-modelo-se-ofrecera-un-coloquio-sobre-la-problematica-de-los-microplasticos-y-las-basuras-marinas-20230922\/","og_site_name":"Anillo Verde Azul de Zarautz","article_published_time":"2023-09-22T18:31:28+00:00","article_modified_time":"2023-09-26T10:41:23+00:00","og_image":[{"width":600,"height":600,"url":"https:\/\/eraztunberdeurdina.eus\/wp-content\/uploads\/2023\/09\/Hitzaldi-solasaldia-600x600.png","type":"image\/png"}],"author":"ebu","twitter_card":"summary_large_image","twitter_misc":{"Escrito por":"ebu","Tiempo de lectura":"1 minuto"},"schema":{"@context":"https:\/\/schema.org","@graph":[{"@type":"Article","@id":"https:\/\/eraztunberdeurdina.eus\/es\/el-proximo-jueves-28-de-septiembre-en-la-salda-modelo-se-ofrecera-un-coloquio-sobre-la-problematica-de-los-microplasticos-y-las-basuras-marinas-20230922\/#article","isPartOf":{"@id":"https:\/\/eraztunberdeurdina.eus\/es\/el-proximo-jueves-28-de-septiembre-en-la-salda-modelo-se-ofrecera-un-coloquio-sobre-la-problematica-de-los-microplasticos-y-las-basuras-marinas-20230922\/"},"author":{"name":"ebu","@id":"https:\/\/eraztunberdeurdina.eus\/#\/schema\/person\/a9c3a9d9ddfc0024a1d798d33b8eb53c"},"headline":"El pr\u00f3ximo jueves (28 de septiembre) en la salda Modelo se ofrecer\u00e1 un coloquio sobre la problem\u00e1tica de los micropl\u00e1sticos y las basuras marinas","datePublished":"2023-09-22T18:31:28+00:00","dateModified":"2023-09-26T10:41:23+00:00","mainEntityOfPage":{"@id":"https:\/\/eraztunberdeurdina.eus\/es\/el-proximo-jueves-28-de-septiembre-en-la-salda-modelo-se-ofrecera-un-coloquio-sobre-la-problematica-de-los-microplasticos-y-las-basuras-marinas-20230922\/"},"wordCount":299,"publisher":{"@id":"https:\/\/eraztunberdeurdina.eus\/#organization"},"image":{"@id":"https:\/\/eraztunberdeurdina.eus\/es\/el-proximo-jueves-28-de-septiembre-en-la-salda-modelo-se-ofrecera-un-coloquio-sobre-la-problematica-de-los-microplasticos-y-las-basuras-marinas-20230922\/#primaryimage"},"thumbnailUrl":"https:\/\/eraztunberdeurdina.eus\/wp-content\/uploads\/2023\/09\/Hitzaldi-solasaldia.png","keywords":["Enrique Talledo","Hitzaldia","itsas hondakinak","mirkoplastikoak","Modelo aretoa","Museo ecoativo mater","Sara Lizarza","Un mar de pl\u00e1sticos","Zarautz"],"articleSection":["dinamizaci\u00f3n","sensibilizaci\u00f3n","Sin categorizar"],"inLanguage":"es"},{"@type":"WebPage","@id":"https:\/\/eraztunberdeurdina.eus\/es\/el-proximo-jueves-28-de-septiembre-en-la-salda-modelo-se-ofrecera-un-coloquio-sobre-la-problematica-de-los-microplasticos-y-las-basuras-marinas-20230922\/","url":"https:\/\/eraztunberdeurdina.eus\/es\/el-proximo-jueves-28-de-septiembre-en-la-salda-modelo-se-ofrecera-un-coloquio-sobre-la-problematica-de-los-microplasticos-y-las-basuras-marinas-20230922\/","name":"El pr\u00f3ximo jueves (28 de septiembre) en la salda Modelo se ofrecer\u00e1 un coloquio sobre la problem\u00e1tica de los micropl\u00e1sticos y las basuras marinas - Anillo Verde Azul de Zarautz","isPartOf":{"@id":"https:\/\/eraztunberdeurdina.eus\/#website"},"primaryImageOfPage":{"@id":"https:\/\/eraztunberdeurdina.eus\/es\/el-proximo-jueves-28-de-septiembre-en-la-salda-modelo-se-ofrecera-un-coloquio-sobre-la-problematica-de-los-microplasticos-y-las-basuras-marinas-20230922\/#primaryimage"},"image":{"@id":"https:\/\/eraztunberdeurdina.eus\/es\/el-proximo-jueves-28-de-septiembre-en-la-salda-modelo-se-ofrecera-un-coloquio-sobre-la-problematica-de-los-microplasticos-y-las-basuras-marinas-20230922\/#primaryimage"},"thumbnailUrl":"https:\/\/eraztunberdeurdina.eus\/wp-content\/uploads\/2023\/09\/Hitzaldi-solasaldia.png","datePublished":"2023-09-22T18:31:28+00:00","dateModified":"2023-09-26T10:41:23+00:00","breadcrumb":{"@id":"https:\/\/eraztunberdeurdina.eus\/es\/el-proximo-jueves-28-de-septiembre-en-la-salda-modelo-se-ofrecera-un-coloquio-sobre-la-problematica-de-los-microplasticos-y-las-basuras-marinas-20230922\/#breadcrumb"},"inLanguage":"es","potentialAction":[{"@type":"ReadAction","target":["https:\/\/eraztunberdeurdina.eus\/es\/el-proximo-jueves-28-de-septiembre-en-la-salda-modelo-se-ofrecera-un-coloquio-sobre-la-problematica-de-los-microplasticos-y-las-basuras-marinas-20230922\/"]}]},{"@type":"ImageObject","inLanguage":"es","@id":"https:\/\/eraztunberdeurdina.eus\/es\/el-proximo-jueves-28-de-septiembre-en-la-salda-modelo-se-ofrecera-un-coloquio-sobre-la-problematica-de-los-microplasticos-y-las-basuras-marinas-20230922\/#primaryimage","url":"https:\/\/eraztunberdeurdina.eus\/wp-content\/uploads\/2023\/09\/Hitzaldi-solasaldia.png","contentUrl":"https:\/\/eraztunberdeurdina.eus\/wp-content\/uploads\/2023\/09\/Hitzaldi-solasaldia.png","width":2245,"height":1587},{"@type":"BreadcrumbList","@id":"https:\/\/eraztunberdeurdina.eus\/es\/el-proximo-jueves-28-de-septiembre-en-la-salda-modelo-se-ofrecera-un-coloquio-sobre-la-problematica-de-los-microplasticos-y-las-basuras-marinas-20230922\/#breadcrumb","itemListElement":[{"@type":"ListItem","position":1,"name":"Home","item":"https:\/\/eraztunberdeurdina.eus\/es\/anillo-verde-azul\/"},{"@type":"ListItem","position":2,"name":"El pr\u00f3ximo jueves (28 de septiembre) en la salda Modelo se ofrecer\u00e1 un coloquio sobre la problem\u00e1tica de los micropl\u00e1sticos y las basuras marinas"}]},{"@type":"WebSite","@id":"https:\/\/eraztunberdeurdina.eus\/#website","url":"https:\/\/eraztunberdeurdina.eus\/","name":"Zarauzko Eraztun Berde Urdina","description":"Herri-inguruko berdeguneen zaintza","publisher":{"@id":"https:\/\/eraztunberdeurdina.eus\/#organization"},"potentialAction":[{"@type":"SearchAction","target":{"@type":"EntryPoint","urlTemplate":"https:\/\/eraztunberdeurdina.eus\/?s={search_term_string}"},"query-input":{"@type":"PropertyValueSpecification","valueRequired":true,"valueName":"search_term_string"}}],"inLanguage":"es"},{"@type":"Organization","@id":"https:\/\/eraztunberdeurdina.eus\/#organization","name":"Zarauzko Eraztun Berde Urdina","url":"https:\/\/eraztunberdeurdina.eus\/","logo":{"@type":"ImageObject","inLanguage":"es","@id":"https:\/\/eraztunberdeurdina.eus\/#\/schema\/logo\/image\/","url":"https:\/\/eraztunberdeurdina.eus\/wp-content\/uploads\/2018\/07\/EBUkoloretan.jpg","contentUrl":"https:\/\/eraztunberdeurdina.eus\/wp-content\/uploads\/2018\/07\/EBUkoloretan.jpg","width":934,"height":687,"caption":"Zarauzko Eraztun Berde Urdina"},"image":{"@id":"https:\/\/eraztunberdeurdina.eus\/#\/schema\/logo\/image\/"}},{"@type":"Person","@id":"https:\/\/eraztunberdeurdina.eus\/#\/schema\/person\/a9c3a9d9ddfc0024a1d798d33b8eb53c","name":"ebu"}]}},"_links":{"self":[{"href":"https:\/\/eraztunberdeurdina.eus\/es\/wp-json\/wp\/v2\/posts\/2859","targetHints":{"allow":["GET"]}}],"collection":[{"href":"https:\/\/eraztunberdeurdina.eus\/es\/wp-json\/wp\/v2\/posts"}],"about":[{"href":"https:\/\/eraztunberdeurdina.eus\/es\/wp-json\/wp\/v2\/types\/post"}],"author":[{"embeddable":true,"href":"https:\/\/eraztunberdeurdina.eus\/es\/wp-json\/wp\/v2\/users\/3"}],"replies":[{"embeddable":true,"href":"https:\/\/eraztunberdeurdina.eus\/es\/wp-json\/wp\/v2\/comments?post=2859"}],"version-history":[{"count":6,"href":"https:\/\/eraztunberdeurdina.eus\/es\/wp-json\/wp\/v2\/posts\/2859\/revisions"}],"predecessor-version":[{"id":2871,"href":"https:\/\/eraztunberdeurdina.eus\/es\/wp-json\/wp\/v2\/posts\/2859\/revisions\/2871"}],"wp:featuredmedia":[{"embeddable":true,"href":"https:\/\/eraztunberdeurdina.eus\/es\/wp-json\/wp\/v2\/media\/2860"}],"wp:attachment":[{"href":"https:\/\/eraztunberdeurdina.eus\/es\/wp-json\/wp\/v2\/media?parent=2859"}],"wp:term":[{"taxonomy":"category","embeddable":true,"href":"https:\/\/eraztunberdeurdina.eus\/es\/wp-json\/wp\/v2\/categories?post=2859"},{"taxonomy":"post_tag","embeddable":true,"href":"https:\/\/eraztunberdeurdina.eus\/es\/wp-json\/wp\/v2\/tags?post=2859"}],"curies":[{"name":"wp","href":"https:\/\/api.w.org\/{rel}","templated":true}]}}