{"id":2907,"date":"2023-11-06T13:39:04","date_gmt":"2023-11-06T12:39:04","guid":{"rendered":"https:\/\/eraztunberdeurdina.eus\/?p=2907"},"modified":"2023-11-06T13:39:04","modified_gmt":"2023-11-06T12:39:04","slug":"2o-edicion-del-rally-fotografico-con-el-movil","status":"publish","type":"post","link":"https:\/\/eraztunberdeurdina.eus\/es\/2o-edicion-del-rally-fotografico-con-el-movil-20231106\/","title":{"rendered":"2\u00ba edici\u00f3n del rally fotogr\u00e1fico con el m\u00f3vil"},"content":{"rendered":"<div class=\"tk-articlebody\">\n<p>El 12 de noviembre (domingo) se celebrar\u00e1 la segunda edici\u00f3n del Rally Fotogr\u00e1fico de oto\u00f1o, en el que se tendr\u00e1n que sacar fotos con el m\u00f3vil. En esta ocasi\u00f3n el rally fotogr\u00e1fico se desarrollar\u00e1 en el recorrido I\u00f1urritza-Talaimendi del Anillo Verde Azul, en un recorrido circular. El rally fotogr\u00e1fico est\u00e1 dirigido para todas las edades. Comenzar\u00e1 a las 9:30 de la ma\u00f1ana en el puente situado frente a la gasolinera de I\u00f1urritza. All\u00ed se tomar\u00e1 la foto de control y tambi\u00e9n se distribuir\u00e1 a los participantes el mapa de la ruta y la lista de los temas del rally fotogr\u00e1fico.<\/p>\n<\/div>\n<p>\u00a1An\u00edmate y participa!<\/p>\n<div class=\"tk-articlebody\">\n<p>M\u00e1s informaci\u00f3n sobre el Rally Fotogr\u00e1fico de oto\u00f1o -&gt; Tel.: 943 00 51 59 \/ zarautz@eraztunberdeurdina.eus<\/p>\n<\/div>\n","protected":false},"excerpt":{"rendered":"<p>El 12 de noviembre (domingo) se celebrar\u00e1 la segunda edici\u00f3n del Rally Fotogr\u00e1fico de oto\u00f1o, en el que se tendr\u00e1n [&hellip;]<\/p>\n","protected":false},"author":3,"featured_media":2908,"comment_status":"closed","ping_status":"closed","sticky":false,"template":"","format":"standard","meta":{"_acf_changed":false,"site-sidebar-layout":"default","site-content-layout":"","ast-site-content-layout":"default","site-content-style":"default","site-sidebar-style":"default","ast-global-header-display":"","ast-banner-title-visibility":"","ast-main-header-display":"","ast-hfb-above-header-display":"","ast-hfb-below-header-display":"","ast-hfb-mobile-header-display":"","site-post-title":"","ast-breadcrumbs-content":"","ast-featured-img":"","footer-sml-layout":"","ast-disable-related-posts":"","theme-transparent-header-meta":"","adv-header-id-meta":"","stick-header-meta":"","header-above-stick-meta":"","header-main-stick-meta":"","header-below-stick-meta":"","astra-migrate-meta-layouts":"default","ast-page-background-enabled":"default","ast-page-background-meta":{"desktop":{"background-color":"var(--ast-global-color-5)","background-image":"","background-repeat":"repeat","background-position":"center center","background-size":"auto","background-attachment":"scroll","background-type":"","background-media":"","overlay-type":"","overlay-color":"","overlay-opacity":"","overlay-gradient":""},"tablet":{"background-color":"","background-image":"","background-repeat":"repeat","background-position":"center center","background-size":"auto","background-attachment":"scroll","background-type":"","background-media":"","overlay-type":"","overlay-color":"","overlay-opacity":"","overlay-gradient":""},"mobile":{"background-color":"","background-image":"","background-repeat":"repeat","background-position":"center center","background-size":"auto","background-attachment":"scroll","background-type":"","background-media":"","overlay-type":"","overlay-color":"","overlay-opacity":"","overlay-gradient":""}},"ast-content-background-meta":{"desktop":{"background-color":"var(--ast-global-color-4)","background-image":"","background-repeat":"repeat","background-position":"center center","background-size":"auto","background-attachment":"scroll","background-type":"","background-media":"","overlay-type":"","overlay-color":"","overlay-opacity":"","overlay-gradient":""},"tablet":{"background-color":"var(--ast-global-color-4)","background-image":"","background-repeat":"repeat","background-position":"center center","background-size":"auto","background-attachment":"scroll","background-type":"","background-media":"","overlay-type":"","overlay-color":"","overlay-opacity":"","overlay-gradient":""},"mobile":{"background-color":"var(--ast-global-color-4)","background-image":"","background-repeat":"repeat","background-position":"center center","background-size":"auto","background-attachment":"scroll","background-type":"","background-media":"","overlay-type":"","overlay-color":"","overlay-opacity":"","overlay-gradient":""}},"footnotes":""},"categories":[408],"tags":[33,267,83,550,342,341,517,585,28],"class_list":["post-2907","post","type-post","status-publish","format-standard","has-post-thumbnail","hentry","category-rally-fotografico-de-otono","tag-anillo-verde-azul","tag-dunas","tag-inurritza","tag-marismas","tag-rally-fotografico","tag-rally-fotografico-con-el-movil","tag-rally-fotografico-de-otono","tag-talimendi","tag-zarautz"],"acf":[],"yoast_head":"<!-- This site is optimized with the Yoast SEO plugin v27.1.1 - https:\/\/yoast.com\/product\/yoast-seo-wordpress\/ -->\n<title>2\u00ba edici\u00f3n del rally fotogr\u00e1fico con el m\u00f3vil - Anillo Verde Azul de Zarautz<\/title>\n<meta name=\"robots\" content=\"index, follow, max-snippet:-1, max-image-preview:large, max-video-preview:-1\" \/>\n<link rel=\"canonical\" href=\"https:\/\/eraztunberdeurdina.eus\/es\/2o-edicion-del-rally-fotografico-con-el-movil-20231106\/\" \/>\n<meta property=\"og:locale\" content=\"es_ES\" \/>\n<meta property=\"og:type\" content=\"article\" \/>\n<meta property=\"og:title\" content=\"2\u00ba edici\u00f3n del rally fotogr\u00e1fico con el m\u00f3vil - Anillo Verde Azul de Zarautz\" \/>\n<meta property=\"og:description\" content=\"El 12 de noviembre (domingo) se celebrar\u00e1 la segunda edici\u00f3n del Rally Fotogr\u00e1fico de oto\u00f1o, en el que se tendr\u00e1n [&hellip;]\" \/>\n<meta property=\"og:url\" content=\"https:\/\/eraztunberdeurdina.eus\/es\/2o-edicion-del-rally-fotografico-con-el-movil-20231106\/\" \/>\n<meta property=\"og:site_name\" content=\"Anillo Verde Azul de Zarautz\" \/>\n<meta property=\"article:published_time\" content=\"2023-11-06T12:39:04+00:00\" \/>\n<meta property=\"og:image\" content=\"https:\/\/eraztunberdeurdina.eus\/wp-content\/uploads\/2023\/11\/udazkeneko-argazki-rallya.png\" \/>\n\t<meta property=\"og:image:width\" content=\"1414\" \/>\n\t<meta property=\"og:image:height\" content=\"2000\" \/>\n\t<meta property=\"og:image:type\" content=\"image\/png\" \/>\n<meta name=\"author\" content=\"ebu\" \/>\n<meta name=\"twitter:card\" content=\"summary_large_image\" \/>\n<meta name=\"twitter:label1\" content=\"Escrito por\" \/>\n\t<meta name=\"twitter:data1\" content=\"ebu\" \/>\n\t<meta name=\"twitter:label2\" content=\"Tiempo de lectura\" \/>\n\t<meta name=\"twitter:data2\" content=\"1 minuto\" \/>\n<script type=\"application\/ld+json\" class=\"yoast-schema-graph\">{\"@context\":\"https:\/\/schema.org\",\"@graph\":[{\"@type\":\"Article\",\"@id\":\"https:\/\/eraztunberdeurdina.eus\/es\/2o-edicion-del-rally-fotografico-con-el-movil-20231106\/#article\",\"isPartOf\":{\"@id\":\"https:\/\/eraztunberdeurdina.eus\/es\/2o-edicion-del-rally-fotografico-con-el-movil-20231106\/\"},\"author\":{\"name\":\"ebu\",\"@id\":\"https:\/\/eraztunberdeurdina.eus\/#\/schema\/person\/a9c3a9d9ddfc0024a1d798d33b8eb53c\"},\"headline\":\"2\u00ba edici\u00f3n del rally fotogr\u00e1fico con el m\u00f3vil\",\"datePublished\":\"2023-11-06T12:39:04+00:00\",\"mainEntityOfPage\":{\"@id\":\"https:\/\/eraztunberdeurdina.eus\/es\/2o-edicion-del-rally-fotografico-con-el-movil-20231106\/\"},\"wordCount\":143,\"publisher\":{\"@id\":\"https:\/\/eraztunberdeurdina.eus\/#organization\"},\"image\":{\"@id\":\"https:\/\/eraztunberdeurdina.eus\/es\/2o-edicion-del-rally-fotografico-con-el-movil-20231106\/#primaryimage\"},\"thumbnailUrl\":\"https:\/\/eraztunberdeurdina.eus\/wp-content\/uploads\/2023\/11\/udazkeneko-argazki-rallya.png\",\"keywords\":[\"anillo verde azul\",\"dunas\",\"I\u00f1urritza\",\"marismas\",\"rally fotogr\u00e1fico\",\"Rally fotogr\u00e1fico con el m\u00f3vil\",\"rally fotogr\u00e1fico de oto\u00f1o\",\"Talimendi\",\"Zarautz\"],\"articleSection\":[\"Rally fotogr\u00e1fico de oto\u00f1o\"],\"inLanguage\":\"es\"},{\"@type\":\"WebPage\",\"@id\":\"https:\/\/eraztunberdeurdina.eus\/es\/2o-edicion-del-rally-fotografico-con-el-movil-20231106\/\",\"url\":\"https:\/\/eraztunberdeurdina.eus\/es\/2o-edicion-del-rally-fotografico-con-el-movil-20231106\/\",\"name\":\"2\u00ba edici\u00f3n del rally fotogr\u00e1fico con el m\u00f3vil - Anillo Verde Azul de Zarautz\",\"isPartOf\":{\"@id\":\"https:\/\/eraztunberdeurdina.eus\/#website\"},\"primaryImageOfPage\":{\"@id\":\"https:\/\/eraztunberdeurdina.eus\/es\/2o-edicion-del-rally-fotografico-con-el-movil-20231106\/#primaryimage\"},\"image\":{\"@id\":\"https:\/\/eraztunberdeurdina.eus\/es\/2o-edicion-del-rally-fotografico-con-el-movil-20231106\/#primaryimage\"},\"thumbnailUrl\":\"https:\/\/eraztunberdeurdina.eus\/wp-content\/uploads\/2023\/11\/udazkeneko-argazki-rallya.png\",\"datePublished\":\"2023-11-06T12:39:04+00:00\",\"breadcrumb\":{\"@id\":\"https:\/\/eraztunberdeurdina.eus\/es\/2o-edicion-del-rally-fotografico-con-el-movil-20231106\/#breadcrumb\"},\"inLanguage\":\"es\",\"potentialAction\":[{\"@type\":\"ReadAction\",\"target\":[\"https:\/\/eraztunberdeurdina.eus\/es\/2o-edicion-del-rally-fotografico-con-el-movil-20231106\/\"]}]},{\"@type\":\"ImageObject\",\"inLanguage\":\"es\",\"@id\":\"https:\/\/eraztunberdeurdina.eus\/es\/2o-edicion-del-rally-fotografico-con-el-movil-20231106\/#primaryimage\",\"url\":\"https:\/\/eraztunberdeurdina.eus\/wp-content\/uploads\/2023\/11\/udazkeneko-argazki-rallya.png\",\"contentUrl\":\"https:\/\/eraztunberdeurdina.eus\/wp-content\/uploads\/2023\/11\/udazkeneko-argazki-rallya.png\",\"width\":1414,\"height\":2000},{\"@type\":\"BreadcrumbList\",\"@id\":\"https:\/\/eraztunberdeurdina.eus\/es\/2o-edicion-del-rally-fotografico-con-el-movil-20231106\/#breadcrumb\",\"itemListElement\":[{\"@type\":\"ListItem\",\"position\":1,\"name\":\"Home\",\"item\":\"https:\/\/eraztunberdeurdina.eus\/es\/anillo-verde-azul\/\"},{\"@type\":\"ListItem\",\"position\":2,\"name\":\"2\u00ba edici\u00f3n del rally fotogr\u00e1fico con el m\u00f3vil\"}]},{\"@type\":\"WebSite\",\"@id\":\"https:\/\/eraztunberdeurdina.eus\/#website\",\"url\":\"https:\/\/eraztunberdeurdina.eus\/\",\"name\":\"Zarauzko Eraztun Berde Urdina\",\"description\":\"Herri-inguruko berdeguneen zaintza\",\"publisher\":{\"@id\":\"https:\/\/eraztunberdeurdina.eus\/#organization\"},\"potentialAction\":[{\"@type\":\"SearchAction\",\"target\":{\"@type\":\"EntryPoint\",\"urlTemplate\":\"https:\/\/eraztunberdeurdina.eus\/?s={search_term_string}\"},\"query-input\":{\"@type\":\"PropertyValueSpecification\",\"valueRequired\":true,\"valueName\":\"search_term_string\"}}],\"inLanguage\":\"es\"},{\"@type\":\"Organization\",\"@id\":\"https:\/\/eraztunberdeurdina.eus\/#organization\",\"name\":\"Zarauzko Eraztun Berde Urdina\",\"url\":\"https:\/\/eraztunberdeurdina.eus\/\",\"logo\":{\"@type\":\"ImageObject\",\"inLanguage\":\"es\",\"@id\":\"https:\/\/eraztunberdeurdina.eus\/#\/schema\/logo\/image\/\",\"url\":\"https:\/\/eraztunberdeurdina.eus\/wp-content\/uploads\/2018\/07\/EBUkoloretan.jpg\",\"contentUrl\":\"https:\/\/eraztunberdeurdina.eus\/wp-content\/uploads\/2018\/07\/EBUkoloretan.jpg\",\"width\":934,\"height\":687,\"caption\":\"Zarauzko Eraztun Berde Urdina\"},\"image\":{\"@id\":\"https:\/\/eraztunberdeurdina.eus\/#\/schema\/logo\/image\/\"}},{\"@type\":\"Person\",\"@id\":\"https:\/\/eraztunberdeurdina.eus\/#\/schema\/person\/a9c3a9d9ddfc0024a1d798d33b8eb53c\",\"name\":\"ebu\"}]}<\/script>\n<!-- \/ Yoast SEO plugin. -->","yoast_head_json":{"title":"2\u00ba edici\u00f3n del rally fotogr\u00e1fico con el m\u00f3vil - Anillo Verde Azul de Zarautz","robots":{"index":"index","follow":"follow","max-snippet":"max-snippet:-1","max-image-preview":"max-image-preview:large","max-video-preview":"max-video-preview:-1"},"canonical":"https:\/\/eraztunberdeurdina.eus\/es\/2o-edicion-del-rally-fotografico-con-el-movil-20231106\/","og_locale":"es_ES","og_type":"article","og_title":"2\u00ba edici\u00f3n del rally fotogr\u00e1fico con el m\u00f3vil - Anillo Verde Azul de Zarautz","og_description":"El 12 de noviembre (domingo) se celebrar\u00e1 la segunda edici\u00f3n del Rally Fotogr\u00e1fico de oto\u00f1o, en el que se tendr\u00e1n [&hellip;]","og_url":"https:\/\/eraztunberdeurdina.eus\/es\/2o-edicion-del-rally-fotografico-con-el-movil-20231106\/","og_site_name":"Anillo Verde Azul de Zarautz","article_published_time":"2023-11-06T12:39:04+00:00","og_image":[{"width":1414,"height":2000,"url":"https:\/\/eraztunberdeurdina.eus\/wp-content\/uploads\/2023\/11\/udazkeneko-argazki-rallya.png","type":"image\/png"}],"author":"ebu","twitter_card":"summary_large_image","twitter_misc":{"Escrito por":"ebu","Tiempo de lectura":"1 minuto"},"schema":{"@context":"https:\/\/schema.org","@graph":[{"@type":"Article","@id":"https:\/\/eraztunberdeurdina.eus\/es\/2o-edicion-del-rally-fotografico-con-el-movil-20231106\/#article","isPartOf":{"@id":"https:\/\/eraztunberdeurdina.eus\/es\/2o-edicion-del-rally-fotografico-con-el-movil-20231106\/"},"author":{"name":"ebu","@id":"https:\/\/eraztunberdeurdina.eus\/#\/schema\/person\/a9c3a9d9ddfc0024a1d798d33b8eb53c"},"headline":"2\u00ba edici\u00f3n del rally fotogr\u00e1fico con el m\u00f3vil","datePublished":"2023-11-06T12:39:04+00:00","mainEntityOfPage":{"@id":"https:\/\/eraztunberdeurdina.eus\/es\/2o-edicion-del-rally-fotografico-con-el-movil-20231106\/"},"wordCount":143,"publisher":{"@id":"https:\/\/eraztunberdeurdina.eus\/#organization"},"image":{"@id":"https:\/\/eraztunberdeurdina.eus\/es\/2o-edicion-del-rally-fotografico-con-el-movil-20231106\/#primaryimage"},"thumbnailUrl":"https:\/\/eraztunberdeurdina.eus\/wp-content\/uploads\/2023\/11\/udazkeneko-argazki-rallya.png","keywords":["anillo verde azul","dunas","I\u00f1urritza","marismas","rally fotogr\u00e1fico","Rally fotogr\u00e1fico con el m\u00f3vil","rally fotogr\u00e1fico de oto\u00f1o","Talimendi","Zarautz"],"articleSection":["Rally fotogr\u00e1fico de oto\u00f1o"],"inLanguage":"es"},{"@type":"WebPage","@id":"https:\/\/eraztunberdeurdina.eus\/es\/2o-edicion-del-rally-fotografico-con-el-movil-20231106\/","url":"https:\/\/eraztunberdeurdina.eus\/es\/2o-edicion-del-rally-fotografico-con-el-movil-20231106\/","name":"2\u00ba edici\u00f3n del rally fotogr\u00e1fico con el m\u00f3vil - Anillo Verde Azul de Zarautz","isPartOf":{"@id":"https:\/\/eraztunberdeurdina.eus\/#website"},"primaryImageOfPage":{"@id":"https:\/\/eraztunberdeurdina.eus\/es\/2o-edicion-del-rally-fotografico-con-el-movil-20231106\/#primaryimage"},"image":{"@id":"https:\/\/eraztunberdeurdina.eus\/es\/2o-edicion-del-rally-fotografico-con-el-movil-20231106\/#primaryimage"},"thumbnailUrl":"https:\/\/eraztunberdeurdina.eus\/wp-content\/uploads\/2023\/11\/udazkeneko-argazki-rallya.png","datePublished":"2023-11-06T12:39:04+00:00","breadcrumb":{"@id":"https:\/\/eraztunberdeurdina.eus\/es\/2o-edicion-del-rally-fotografico-con-el-movil-20231106\/#breadcrumb"},"inLanguage":"es","potentialAction":[{"@type":"ReadAction","target":["https:\/\/eraztunberdeurdina.eus\/es\/2o-edicion-del-rally-fotografico-con-el-movil-20231106\/"]}]},{"@type":"ImageObject","inLanguage":"es","@id":"https:\/\/eraztunberdeurdina.eus\/es\/2o-edicion-del-rally-fotografico-con-el-movil-20231106\/#primaryimage","url":"https:\/\/eraztunberdeurdina.eus\/wp-content\/uploads\/2023\/11\/udazkeneko-argazki-rallya.png","contentUrl":"https:\/\/eraztunberdeurdina.eus\/wp-content\/uploads\/2023\/11\/udazkeneko-argazki-rallya.png","width":1414,"height":2000},{"@type":"BreadcrumbList","@id":"https:\/\/eraztunberdeurdina.eus\/es\/2o-edicion-del-rally-fotografico-con-el-movil-20231106\/#breadcrumb","itemListElement":[{"@type":"ListItem","position":1,"name":"Home","item":"https:\/\/eraztunberdeurdina.eus\/es\/anillo-verde-azul\/"},{"@type":"ListItem","position":2,"name":"2\u00ba edici\u00f3n del rally fotogr\u00e1fico con el m\u00f3vil"}]},{"@type":"WebSite","@id":"https:\/\/eraztunberdeurdina.eus\/#website","url":"https:\/\/eraztunberdeurdina.eus\/","name":"Zarauzko Eraztun Berde Urdina","description":"Herri-inguruko berdeguneen zaintza","publisher":{"@id":"https:\/\/eraztunberdeurdina.eus\/#organization"},"potentialAction":[{"@type":"SearchAction","target":{"@type":"EntryPoint","urlTemplate":"https:\/\/eraztunberdeurdina.eus\/?s={search_term_string}"},"query-input":{"@type":"PropertyValueSpecification","valueRequired":true,"valueName":"search_term_string"}}],"inLanguage":"es"},{"@type":"Organization","@id":"https:\/\/eraztunberdeurdina.eus\/#organization","name":"Zarauzko Eraztun Berde Urdina","url":"https:\/\/eraztunberdeurdina.eus\/","logo":{"@type":"ImageObject","inLanguage":"es","@id":"https:\/\/eraztunberdeurdina.eus\/#\/schema\/logo\/image\/","url":"https:\/\/eraztunberdeurdina.eus\/wp-content\/uploads\/2018\/07\/EBUkoloretan.jpg","contentUrl":"https:\/\/eraztunberdeurdina.eus\/wp-content\/uploads\/2018\/07\/EBUkoloretan.jpg","width":934,"height":687,"caption":"Zarauzko Eraztun Berde Urdina"},"image":{"@id":"https:\/\/eraztunberdeurdina.eus\/#\/schema\/logo\/image\/"}},{"@type":"Person","@id":"https:\/\/eraztunberdeurdina.eus\/#\/schema\/person\/a9c3a9d9ddfc0024a1d798d33b8eb53c","name":"ebu"}]}},"_links":{"self":[{"href":"https:\/\/eraztunberdeurdina.eus\/es\/wp-json\/wp\/v2\/posts\/2907","targetHints":{"allow":["GET"]}}],"collection":[{"href":"https:\/\/eraztunberdeurdina.eus\/es\/wp-json\/wp\/v2\/posts"}],"about":[{"href":"https:\/\/eraztunberdeurdina.eus\/es\/wp-json\/wp\/v2\/types\/post"}],"author":[{"embeddable":true,"href":"https:\/\/eraztunberdeurdina.eus\/es\/wp-json\/wp\/v2\/users\/3"}],"replies":[{"embeddable":true,"href":"https:\/\/eraztunberdeurdina.eus\/es\/wp-json\/wp\/v2\/comments?post=2907"}],"version-history":[{"count":1,"href":"https:\/\/eraztunberdeurdina.eus\/es\/wp-json\/wp\/v2\/posts\/2907\/revisions"}],"predecessor-version":[{"id":2910,"href":"https:\/\/eraztunberdeurdina.eus\/es\/wp-json\/wp\/v2\/posts\/2907\/revisions\/2910"}],"wp:featuredmedia":[{"embeddable":true,"href":"https:\/\/eraztunberdeurdina.eus\/es\/wp-json\/wp\/v2\/media\/2908"}],"wp:attachment":[{"href":"https:\/\/eraztunberdeurdina.eus\/es\/wp-json\/wp\/v2\/media?parent=2907"}],"wp:term":[{"taxonomy":"category","embeddable":true,"href":"https:\/\/eraztunberdeurdina.eus\/es\/wp-json\/wp\/v2\/categories?post=2907"},{"taxonomy":"post_tag","embeddable":true,"href":"https:\/\/eraztunberdeurdina.eus\/es\/wp-json\/wp\/v2\/tags?post=2907"}],"curies":[{"name":"wp","href":"https:\/\/api.w.org\/{rel}","templated":true}]}}