{"id":2937,"date":"2023-11-08T22:15:04","date_gmt":"2023-11-08T21:15:04","guid":{"rendered":"https:\/\/eraztunberdeurdina.eus\/?p=2937"},"modified":"2023-11-09T14:18:51","modified_gmt":"2023-11-09T13:18:51","slug":"convocatoria-para-recoger-en-auzolan-las-canas-de-inurritza","status":"publish","type":"post","link":"https:\/\/eraztunberdeurdina.eus\/es\/convocatoria-para-recoger-en-auzolan-las-canas-de-inurritza-20231108\/","title":{"rendered":"Convocatoria para recoger en auzolan las ca\u00f1as de I\u00f1urritza"},"content":{"rendered":"<div class=\"x9f619 xjbqb8w x78zum5 x168nmei x13lgxp2 x5pf9jr xo71vjh xw3qccf x1n2onr6 x1plvlek xryxfnj x1c4vz4f x2lah0s xdt5ytf xqjyukv x1qjc9v5 x1oa3qoh x1nhvcw1\"><\/div>\n<div class=\"_a9zs\">\n<p class=\"_ap3a _aaco _aacu _aacx _aad7 _aade\" dir=\"auto\">Arkamurka Natur Elkartea y el Departamento de Medio Ambiente del Ayuntamiento de <a class=\"x1i10hfl xjbqb8w x6umtig x1b1mbwd xaqea5y xav7gou x9f619 x1ypdohk xt0psk2 xe8uvvx xdj266r x11i5rnm xat24cr x1mh8g0r xexx8yu x4uap5 x18d9i69 xkhd6sd x16tdsg8 x1hl2dhg xggy1nq x1a2a7pz _aa9_ _a6hd\" tabindex=\"0\" role=\"link\" href=\"https:\/\/www.instagram.com\/explore\/tags\/zarautz\/\">#Zarautz<\/a> han realizado un llamamiento a la ciudadan\u00eda para que colabore en &#8216;auzolan&#8217; en la recogida de ca\u00f1as en el Paisaje Natural Protegido de I\u00f1urritza.<\/p>\n<p>? Las especies invasoras, tienen la capacidad ocupar grandes espacios compitiendo con las especies aut\u00f3ctonas hasta el punto de hacerlas desaparecer y creando as\u00ed un enorme da\u00f1o a la <a class=\"x1i10hfl xjbqb8w x6umtig x1b1mbwd xaqea5y xav7gou x9f619 x1ypdohk xt0psk2 xe8uvvx xdj266r x11i5rnm xat24cr x1mh8g0r xexx8yu x4uap5 x18d9i69 xkhd6sd x16tdsg8 x1hl2dhg xggy1nq x1a2a7pz _aa9_ _a6hd\" tabindex=\"0\" role=\"link\" href=\"https:\/\/www.instagram.com\/explore\/tags\/biodiversidad\/\">#biodiversidad<\/a>.<\/p>\n<p>\u25b6\ufe0f Las ca\u00f1as, principales especies invasoras de este espacio protegido han sido cortadas y el d\u00eda de la convocatoria se apilar\u00e1n en el exterior del biotopo para ser retiradas en colaboraci\u00f3n con <a class=\"x1i10hfl xjbqb8w x6umtig x1b1mbwd xaqea5y xav7gou x9f619 x1ypdohk xt0psk2 xe8uvvx xdj266r x11i5rnm xat24cr x1mh8g0r xexx8yu x4uap5 x18d9i69 xkhd6sd x16tdsg8 x1hl2dhg xggy1nq x1a2a7pz notranslate _a6hd\" tabindex=\"0\" role=\"link\" href=\"https:\/\/www.instagram.com\/txukunlorazantza\/\">@txukunlorazantza<\/a><\/p>\n<p>? S\u00e1bado 11 de noviembre<br \/>\n? 9:00<br \/>\n?Caser\u00edo Zubiaurre Berri (Kaskatxuri), situado frente a la gasolinera.<br \/>\nSe recomienda llevar guantes ? y katiuskas ?<\/p>\n<\/div>\n","protected":false},"excerpt":{"rendered":"<p>Arkamurka Natur Elkartea y el Departamento de Medio Ambiente del Ayuntamiento de #Zarautz han realizado un llamamiento a la ciudadan\u00eda [&hellip;]<\/p>\n","protected":false},"author":3,"featured_media":2935,"comment_status":"closed","ping_status":"closed","sticky":false,"template":"","format":"standard","meta":{"_acf_changed":false,"site-sidebar-layout":"default","site-content-layout":"","ast-site-content-layout":"default","site-content-style":"default","site-sidebar-style":"default","ast-global-header-display":"","ast-banner-title-visibility":"","ast-main-header-display":"","ast-hfb-above-header-display":"","ast-hfb-below-header-display":"","ast-hfb-mobile-header-display":"","site-post-title":"","ast-breadcrumbs-content":"","ast-featured-img":"","footer-sml-layout":"","ast-disable-related-posts":"","theme-transparent-header-meta":"","adv-header-id-meta":"","stick-header-meta":"","header-above-stick-meta":"","header-main-stick-meta":"","header-below-stick-meta":"","astra-migrate-meta-layouts":"default","ast-page-background-enabled":"default","ast-page-background-meta":{"desktop":{"background-color":"var(--ast-global-color-5)","background-image":"","background-repeat":"repeat","background-position":"center center","background-size":"auto","background-attachment":"scroll","background-type":"","background-media":"","overlay-type":"","overlay-color":"","overlay-opacity":"","overlay-gradient":""},"tablet":{"background-color":"","background-image":"","background-repeat":"repeat","background-position":"center center","background-size":"auto","background-attachment":"scroll","background-type":"","background-media":"","overlay-type":"","overlay-color":"","overlay-opacity":"","overlay-gradient":""},"mobile":{"background-color":"","background-image":"","background-repeat":"repeat","background-position":"center center","background-size":"auto","background-attachment":"scroll","background-type":"","background-media":"","overlay-type":"","overlay-color":"","overlay-opacity":"","overlay-gradient":""}},"ast-content-background-meta":{"desktop":{"background-color":"var(--ast-global-color-4)","background-image":"","background-repeat":"repeat","background-position":"center center","background-size":"auto","background-attachment":"scroll","background-type":"","background-media":"","overlay-type":"","overlay-color":"","overlay-opacity":"","overlay-gradient":""},"tablet":{"background-color":"var(--ast-global-color-4)","background-image":"","background-repeat":"repeat","background-position":"center center","background-size":"auto","background-attachment":"scroll","background-type":"","background-media":"","overlay-type":"","overlay-color":"","overlay-opacity":"","overlay-gradient":""},"mobile":{"background-color":"var(--ast-global-color-4)","background-image":"","background-repeat":"repeat","background-position":"center center","background-size":"auto","background-attachment":"scroll","background-type":"","background-media":"","overlay-type":"","overlay-color":"","overlay-opacity":"","overlay-gradient":""}},"footnotes":""},"categories":[442,493,263],"tags":[33,355,499,106,352,34,591,83,576,496,28],"class_list":["post-2937","post","type-post","status-publish","format-standard","has-post-thumbnail","hentry","category-biodiversidad","category-plantas-invasoras","category-sensibilizacion","tag-anillo-verde-azul","tag-arkamurka-natur-elkartea","tag-auzolan","tag-ayuntamiento-de-zarautz","tag-canas","tag-eraztun-berde-urdina","tag-flora-exotica-invasora","tag-inurritza","tag-paisaje-natural-protegido-de-inurritza","tag-plantas-exoticas-invasoras","tag-zarautz"],"acf":[],"yoast_head":"<!-- This site is optimized with the Yoast SEO plugin v27.1.1 - https:\/\/yoast.com\/product\/yoast-seo-wordpress\/ -->\n<title>Convocatoria para recoger en auzolan las ca\u00f1as de I\u00f1urritza - Anillo Verde Azul de Zarautz<\/title>\n<meta name=\"robots\" content=\"index, follow, max-snippet:-1, max-image-preview:large, max-video-preview:-1\" \/>\n<link rel=\"canonical\" href=\"https:\/\/eraztunberdeurdina.eus\/es\/convocatoria-para-recoger-en-auzolan-las-canas-de-inurritza-20231108\/\" \/>\n<meta property=\"og:locale\" content=\"es_ES\" \/>\n<meta property=\"og:type\" content=\"article\" \/>\n<meta property=\"og:title\" content=\"Convocatoria para recoger en auzolan las ca\u00f1as de I\u00f1urritza - Anillo Verde Azul de Zarautz\" \/>\n<meta property=\"og:description\" content=\"Arkamurka Natur Elkartea y el Departamento de Medio Ambiente del Ayuntamiento de #Zarautz han realizado un llamamiento a la ciudadan\u00eda [&hellip;]\" \/>\n<meta property=\"og:url\" content=\"https:\/\/eraztunberdeurdina.eus\/es\/convocatoria-para-recoger-en-auzolan-las-canas-de-inurritza-20231108\/\" \/>\n<meta property=\"og:site_name\" content=\"Anillo Verde Azul de Zarautz\" \/>\n<meta property=\"article:published_time\" content=\"2023-11-08T21:15:04+00:00\" \/>\n<meta property=\"article:modified_time\" content=\"2023-11-09T13:18:51+00:00\" \/>\n<meta property=\"og:image\" content=\"https:\/\/eraztunberdeurdina.eus\/wp-content\/uploads\/2023\/11\/kainaberak-600x600.png\" \/>\n\t<meta property=\"og:image:width\" content=\"600\" \/>\n\t<meta property=\"og:image:height\" content=\"600\" \/>\n\t<meta property=\"og:image:type\" content=\"image\/png\" \/>\n<meta name=\"author\" content=\"ebu\" \/>\n<meta name=\"twitter:card\" content=\"summary_large_image\" \/>\n<meta name=\"twitter:label1\" content=\"Escrito por\" \/>\n\t<meta name=\"twitter:data1\" content=\"ebu\" \/>\n\t<meta name=\"twitter:label2\" content=\"Tiempo de lectura\" \/>\n\t<meta name=\"twitter:data2\" content=\"1 minuto\" \/>\n<script type=\"application\/ld+json\" class=\"yoast-schema-graph\">{\"@context\":\"https:\/\/schema.org\",\"@graph\":[{\"@type\":\"Article\",\"@id\":\"https:\/\/eraztunberdeurdina.eus\/es\/convocatoria-para-recoger-en-auzolan-las-canas-de-inurritza-20231108\/#article\",\"isPartOf\":{\"@id\":\"https:\/\/eraztunberdeurdina.eus\/es\/convocatoria-para-recoger-en-auzolan-las-canas-de-inurritza-20231108\/\"},\"author\":{\"name\":\"ebu\",\"@id\":\"https:\/\/eraztunberdeurdina.eus\/#\/schema\/person\/a9c3a9d9ddfc0024a1d798d33b8eb53c\"},\"headline\":\"Convocatoria para recoger en auzolan las ca\u00f1as de I\u00f1urritza\",\"datePublished\":\"2023-11-08T21:15:04+00:00\",\"dateModified\":\"2023-11-09T13:18:51+00:00\",\"mainEntityOfPage\":{\"@id\":\"https:\/\/eraztunberdeurdina.eus\/es\/convocatoria-para-recoger-en-auzolan-las-canas-de-inurritza-20231108\/\"},\"wordCount\":138,\"publisher\":{\"@id\":\"https:\/\/eraztunberdeurdina.eus\/#organization\"},\"image\":{\"@id\":\"https:\/\/eraztunberdeurdina.eus\/es\/convocatoria-para-recoger-en-auzolan-las-canas-de-inurritza-20231108\/#primaryimage\"},\"thumbnailUrl\":\"https:\/\/eraztunberdeurdina.eus\/wp-content\/uploads\/2023\/11\/kainaberak.png\",\"keywords\":[\"anillo verde azul\",\"Arkamurka Natur Elkartea\",\"auzolan\",\"Ayuntamiento de Zarautz\",\"ca\u00f1as\",\"Eraztun Berde Urdina\",\"flora ex\u00f3tica invasora\",\"I\u00f1urritza\",\"Paisaje Natural Protegido de I\u00f1urritza\",\"plantas ex\u00f3ticas invasoras\",\"Zarautz\"],\"articleSection\":[\"biodiversidad\",\"plantas invasoras\",\"sensibilizaci\u00f3n\"],\"inLanguage\":\"es\"},{\"@type\":\"WebPage\",\"@id\":\"https:\/\/eraztunberdeurdina.eus\/es\/convocatoria-para-recoger-en-auzolan-las-canas-de-inurritza-20231108\/\",\"url\":\"https:\/\/eraztunberdeurdina.eus\/es\/convocatoria-para-recoger-en-auzolan-las-canas-de-inurritza-20231108\/\",\"name\":\"Convocatoria para recoger en auzolan las ca\u00f1as de I\u00f1urritza - Anillo Verde Azul de Zarautz\",\"isPartOf\":{\"@id\":\"https:\/\/eraztunberdeurdina.eus\/#website\"},\"primaryImageOfPage\":{\"@id\":\"https:\/\/eraztunberdeurdina.eus\/es\/convocatoria-para-recoger-en-auzolan-las-canas-de-inurritza-20231108\/#primaryimage\"},\"image\":{\"@id\":\"https:\/\/eraztunberdeurdina.eus\/es\/convocatoria-para-recoger-en-auzolan-las-canas-de-inurritza-20231108\/#primaryimage\"},\"thumbnailUrl\":\"https:\/\/eraztunberdeurdina.eus\/wp-content\/uploads\/2023\/11\/kainaberak.png\",\"datePublished\":\"2023-11-08T21:15:04+00:00\",\"dateModified\":\"2023-11-09T13:18:51+00:00\",\"breadcrumb\":{\"@id\":\"https:\/\/eraztunberdeurdina.eus\/es\/convocatoria-para-recoger-en-auzolan-las-canas-de-inurritza-20231108\/#breadcrumb\"},\"inLanguage\":\"es\",\"potentialAction\":[{\"@type\":\"ReadAction\",\"target\":[\"https:\/\/eraztunberdeurdina.eus\/es\/convocatoria-para-recoger-en-auzolan-las-canas-de-inurritza-20231108\/\"]}]},{\"@type\":\"ImageObject\",\"inLanguage\":\"es\",\"@id\":\"https:\/\/eraztunberdeurdina.eus\/es\/convocatoria-para-recoger-en-auzolan-las-canas-de-inurritza-20231108\/#primaryimage\",\"url\":\"https:\/\/eraztunberdeurdina.eus\/wp-content\/uploads\/2023\/11\/kainaberak.png\",\"contentUrl\":\"https:\/\/eraztunberdeurdina.eus\/wp-content\/uploads\/2023\/11\/kainaberak.png\",\"width\":2560,\"height\":875},{\"@type\":\"BreadcrumbList\",\"@id\":\"https:\/\/eraztunberdeurdina.eus\/es\/convocatoria-para-recoger-en-auzolan-las-canas-de-inurritza-20231108\/#breadcrumb\",\"itemListElement\":[{\"@type\":\"ListItem\",\"position\":1,\"name\":\"Home\",\"item\":\"https:\/\/eraztunberdeurdina.eus\/es\/anillo-verde-azul\/\"},{\"@type\":\"ListItem\",\"position\":2,\"name\":\"Convocatoria para recoger en auzolan las ca\u00f1as de I\u00f1urritza\"}]},{\"@type\":\"WebSite\",\"@id\":\"https:\/\/eraztunberdeurdina.eus\/#website\",\"url\":\"https:\/\/eraztunberdeurdina.eus\/\",\"name\":\"Zarauzko Eraztun Berde Urdina\",\"description\":\"Herri-inguruko berdeguneen zaintza\",\"publisher\":{\"@id\":\"https:\/\/eraztunberdeurdina.eus\/#organization\"},\"potentialAction\":[{\"@type\":\"SearchAction\",\"target\":{\"@type\":\"EntryPoint\",\"urlTemplate\":\"https:\/\/eraztunberdeurdina.eus\/?s={search_term_string}\"},\"query-input\":{\"@type\":\"PropertyValueSpecification\",\"valueRequired\":true,\"valueName\":\"search_term_string\"}}],\"inLanguage\":\"es\"},{\"@type\":\"Organization\",\"@id\":\"https:\/\/eraztunberdeurdina.eus\/#organization\",\"name\":\"Zarauzko Eraztun Berde Urdina\",\"url\":\"https:\/\/eraztunberdeurdina.eus\/\",\"logo\":{\"@type\":\"ImageObject\",\"inLanguage\":\"es\",\"@id\":\"https:\/\/eraztunberdeurdina.eus\/#\/schema\/logo\/image\/\",\"url\":\"https:\/\/eraztunberdeurdina.eus\/wp-content\/uploads\/2018\/07\/EBUkoloretan.jpg\",\"contentUrl\":\"https:\/\/eraztunberdeurdina.eus\/wp-content\/uploads\/2018\/07\/EBUkoloretan.jpg\",\"width\":934,\"height\":687,\"caption\":\"Zarauzko Eraztun Berde Urdina\"},\"image\":{\"@id\":\"https:\/\/eraztunberdeurdina.eus\/#\/schema\/logo\/image\/\"}},{\"@type\":\"Person\",\"@id\":\"https:\/\/eraztunberdeurdina.eus\/#\/schema\/person\/a9c3a9d9ddfc0024a1d798d33b8eb53c\",\"name\":\"ebu\"}]}<\/script>\n<!-- \/ Yoast SEO plugin. -->","yoast_head_json":{"title":"Convocatoria para recoger en auzolan las ca\u00f1as de I\u00f1urritza - Anillo Verde Azul de Zarautz","robots":{"index":"index","follow":"follow","max-snippet":"max-snippet:-1","max-image-preview":"max-image-preview:large","max-video-preview":"max-video-preview:-1"},"canonical":"https:\/\/eraztunberdeurdina.eus\/es\/convocatoria-para-recoger-en-auzolan-las-canas-de-inurritza-20231108\/","og_locale":"es_ES","og_type":"article","og_title":"Convocatoria para recoger en auzolan las ca\u00f1as de I\u00f1urritza - Anillo Verde Azul de Zarautz","og_description":"Arkamurka Natur Elkartea y el Departamento de Medio Ambiente del Ayuntamiento de #Zarautz han realizado un llamamiento a la ciudadan\u00eda [&hellip;]","og_url":"https:\/\/eraztunberdeurdina.eus\/es\/convocatoria-para-recoger-en-auzolan-las-canas-de-inurritza-20231108\/","og_site_name":"Anillo Verde Azul de Zarautz","article_published_time":"2023-11-08T21:15:04+00:00","article_modified_time":"2023-11-09T13:18:51+00:00","og_image":[{"width":600,"height":600,"url":"https:\/\/eraztunberdeurdina.eus\/wp-content\/uploads\/2023\/11\/kainaberak-600x600.png","type":"image\/png"}],"author":"ebu","twitter_card":"summary_large_image","twitter_misc":{"Escrito por":"ebu","Tiempo de lectura":"1 minuto"},"schema":{"@context":"https:\/\/schema.org","@graph":[{"@type":"Article","@id":"https:\/\/eraztunberdeurdina.eus\/es\/convocatoria-para-recoger-en-auzolan-las-canas-de-inurritza-20231108\/#article","isPartOf":{"@id":"https:\/\/eraztunberdeurdina.eus\/es\/convocatoria-para-recoger-en-auzolan-las-canas-de-inurritza-20231108\/"},"author":{"name":"ebu","@id":"https:\/\/eraztunberdeurdina.eus\/#\/schema\/person\/a9c3a9d9ddfc0024a1d798d33b8eb53c"},"headline":"Convocatoria para recoger en auzolan las ca\u00f1as de I\u00f1urritza","datePublished":"2023-11-08T21:15:04+00:00","dateModified":"2023-11-09T13:18:51+00:00","mainEntityOfPage":{"@id":"https:\/\/eraztunberdeurdina.eus\/es\/convocatoria-para-recoger-en-auzolan-las-canas-de-inurritza-20231108\/"},"wordCount":138,"publisher":{"@id":"https:\/\/eraztunberdeurdina.eus\/#organization"},"image":{"@id":"https:\/\/eraztunberdeurdina.eus\/es\/convocatoria-para-recoger-en-auzolan-las-canas-de-inurritza-20231108\/#primaryimage"},"thumbnailUrl":"https:\/\/eraztunberdeurdina.eus\/wp-content\/uploads\/2023\/11\/kainaberak.png","keywords":["anillo verde azul","Arkamurka Natur Elkartea","auzolan","Ayuntamiento de Zarautz","ca\u00f1as","Eraztun Berde Urdina","flora ex\u00f3tica invasora","I\u00f1urritza","Paisaje Natural Protegido de I\u00f1urritza","plantas ex\u00f3ticas invasoras","Zarautz"],"articleSection":["biodiversidad","plantas invasoras","sensibilizaci\u00f3n"],"inLanguage":"es"},{"@type":"WebPage","@id":"https:\/\/eraztunberdeurdina.eus\/es\/convocatoria-para-recoger-en-auzolan-las-canas-de-inurritza-20231108\/","url":"https:\/\/eraztunberdeurdina.eus\/es\/convocatoria-para-recoger-en-auzolan-las-canas-de-inurritza-20231108\/","name":"Convocatoria para recoger en auzolan las ca\u00f1as de I\u00f1urritza - Anillo Verde Azul de Zarautz","isPartOf":{"@id":"https:\/\/eraztunberdeurdina.eus\/#website"},"primaryImageOfPage":{"@id":"https:\/\/eraztunberdeurdina.eus\/es\/convocatoria-para-recoger-en-auzolan-las-canas-de-inurritza-20231108\/#primaryimage"},"image":{"@id":"https:\/\/eraztunberdeurdina.eus\/es\/convocatoria-para-recoger-en-auzolan-las-canas-de-inurritza-20231108\/#primaryimage"},"thumbnailUrl":"https:\/\/eraztunberdeurdina.eus\/wp-content\/uploads\/2023\/11\/kainaberak.png","datePublished":"2023-11-08T21:15:04+00:00","dateModified":"2023-11-09T13:18:51+00:00","breadcrumb":{"@id":"https:\/\/eraztunberdeurdina.eus\/es\/convocatoria-para-recoger-en-auzolan-las-canas-de-inurritza-20231108\/#breadcrumb"},"inLanguage":"es","potentialAction":[{"@type":"ReadAction","target":["https:\/\/eraztunberdeurdina.eus\/es\/convocatoria-para-recoger-en-auzolan-las-canas-de-inurritza-20231108\/"]}]},{"@type":"ImageObject","inLanguage":"es","@id":"https:\/\/eraztunberdeurdina.eus\/es\/convocatoria-para-recoger-en-auzolan-las-canas-de-inurritza-20231108\/#primaryimage","url":"https:\/\/eraztunberdeurdina.eus\/wp-content\/uploads\/2023\/11\/kainaberak.png","contentUrl":"https:\/\/eraztunberdeurdina.eus\/wp-content\/uploads\/2023\/11\/kainaberak.png","width":2560,"height":875},{"@type":"BreadcrumbList","@id":"https:\/\/eraztunberdeurdina.eus\/es\/convocatoria-para-recoger-en-auzolan-las-canas-de-inurritza-20231108\/#breadcrumb","itemListElement":[{"@type":"ListItem","position":1,"name":"Home","item":"https:\/\/eraztunberdeurdina.eus\/es\/anillo-verde-azul\/"},{"@type":"ListItem","position":2,"name":"Convocatoria para recoger en auzolan las ca\u00f1as de I\u00f1urritza"}]},{"@type":"WebSite","@id":"https:\/\/eraztunberdeurdina.eus\/#website","url":"https:\/\/eraztunberdeurdina.eus\/","name":"Zarauzko Eraztun Berde Urdina","description":"Herri-inguruko berdeguneen zaintza","publisher":{"@id":"https:\/\/eraztunberdeurdina.eus\/#organization"},"potentialAction":[{"@type":"SearchAction","target":{"@type":"EntryPoint","urlTemplate":"https:\/\/eraztunberdeurdina.eus\/?s={search_term_string}"},"query-input":{"@type":"PropertyValueSpecification","valueRequired":true,"valueName":"search_term_string"}}],"inLanguage":"es"},{"@type":"Organization","@id":"https:\/\/eraztunberdeurdina.eus\/#organization","name":"Zarauzko Eraztun Berde Urdina","url":"https:\/\/eraztunberdeurdina.eus\/","logo":{"@type":"ImageObject","inLanguage":"es","@id":"https:\/\/eraztunberdeurdina.eus\/#\/schema\/logo\/image\/","url":"https:\/\/eraztunberdeurdina.eus\/wp-content\/uploads\/2018\/07\/EBUkoloretan.jpg","contentUrl":"https:\/\/eraztunberdeurdina.eus\/wp-content\/uploads\/2018\/07\/EBUkoloretan.jpg","width":934,"height":687,"caption":"Zarauzko Eraztun Berde Urdina"},"image":{"@id":"https:\/\/eraztunberdeurdina.eus\/#\/schema\/logo\/image\/"}},{"@type":"Person","@id":"https:\/\/eraztunberdeurdina.eus\/#\/schema\/person\/a9c3a9d9ddfc0024a1d798d33b8eb53c","name":"ebu"}]}},"_links":{"self":[{"href":"https:\/\/eraztunberdeurdina.eus\/es\/wp-json\/wp\/v2\/posts\/2937","targetHints":{"allow":["GET"]}}],"collection":[{"href":"https:\/\/eraztunberdeurdina.eus\/es\/wp-json\/wp\/v2\/posts"}],"about":[{"href":"https:\/\/eraztunberdeurdina.eus\/es\/wp-json\/wp\/v2\/types\/post"}],"author":[{"embeddable":true,"href":"https:\/\/eraztunberdeurdina.eus\/es\/wp-json\/wp\/v2\/users\/3"}],"replies":[{"embeddable":true,"href":"https:\/\/eraztunberdeurdina.eus\/es\/wp-json\/wp\/v2\/comments?post=2937"}],"version-history":[{"count":2,"href":"https:\/\/eraztunberdeurdina.eus\/es\/wp-json\/wp\/v2\/posts\/2937\/revisions"}],"predecessor-version":[{"id":2939,"href":"https:\/\/eraztunberdeurdina.eus\/es\/wp-json\/wp\/v2\/posts\/2937\/revisions\/2939"}],"wp:featuredmedia":[{"embeddable":true,"href":"https:\/\/eraztunberdeurdina.eus\/es\/wp-json\/wp\/v2\/media\/2935"}],"wp:attachment":[{"href":"https:\/\/eraztunberdeurdina.eus\/es\/wp-json\/wp\/v2\/media?parent=2937"}],"wp:term":[{"taxonomy":"category","embeddable":true,"href":"https:\/\/eraztunberdeurdina.eus\/es\/wp-json\/wp\/v2\/categories?post=2937"},{"taxonomy":"post_tag","embeddable":true,"href":"https:\/\/eraztunberdeurdina.eus\/es\/wp-json\/wp\/v2\/tags?post=2937"}],"curies":[{"name":"wp","href":"https:\/\/api.w.org\/{rel}","templated":true}]}}