{"id":3129,"date":"2023-12-12T16:01:51","date_gmt":"2023-12-12T15:01:51","guid":{"rendered":"https:\/\/eraztunberdeurdina.eus\/?p=3129"},"modified":"2023-12-12T16:01:51","modified_gmt":"2023-12-12T15:01:51","slug":"autosuficientes-en-nuestro-propio-cuerpo-y-hogar","status":"publish","type":"post","link":"https:\/\/eraztunberdeurdina.eus\/es\/autosuficientes-en-nuestro-propio-cuerpo-y-hogar-20231212\/","title":{"rendered":"Autosuficientes en nuestro propio cuerpo y hogar"},"content":{"rendered":"<p>Cada vez son m\u00e1s los productos de limpieza que utilizamos en nuestros hogares, ya que existe un abanico realmente amplio en el mercado. Pero los productos de limpieza convencionales suelen tener un alto grado de toxicidad y causan da\u00f1os en el medio ambiente y en nuestra propia salud.<\/p>\n<p>Desde el \u00c1rea de Medio Ambiente hemos impulsado diversas campa\u00f1as de reducci\u00f3n de pl\u00e1sticos con el objetivo de sensibilizar a la poblaci\u00f3n sobre este problema de contaminaci\u00f3n y el da\u00f1o que generan. Siguiendo este objetivo, hemos organizado una iniciativa diferente, que consiste en un taller que ofrezca crear a las y los zarauztarras sus propios productos naturales y sin pl\u00e1stico.<\/p>\n<p>El a\u00f1o pasado ofrecimos varios cursillos cortos en Zarautz sobre plantas medicinales. Estos cursos despertaron tal inter\u00e9s en la ciudadan\u00eda que surgi\u00f3 una gran demanda para profundizar m\u00e1s en el tema. As\u00ed, desde el Departamento de Medio Ambiente hemos organizado un curso intensivo llamado \u00abAutosuficientes en nuestro cuerpo y hogar\u00bb. En \u00e9l, se ofrecer\u00e1n 10 sesiones sobre el cuidado ecol\u00f3gico. El curso lo impartir\u00e1 Aiora Urbieta Eizagirre (Amalda Biobot\u00e1nica).<\/p>\n<p>Con el objetivo de reducir el uso de estos productos t\u00f3xicos y pl\u00e1sticos de un solo uso, Aiora Urbieta lleva a\u00f1os creando jabones y detergentes ecol\u00f3gicos caseros creados con productos naturales y productos cosm\u00e9ticos naturales alternativos. Como dice Aiora, los productos elaborados en casa son tan eficientes como los que se compran en los supermercados. Nos ha preparado un curso de 10 sesiones para ense\u00f1arnos c\u00f3mo hacerlo, desde dent\u00edfricos y elixires para la boca, como jabones b\u00e1sicos para el cuerpo y la cara, o detergentes y suavizantes para la ropa.<\/p>\n<p>Los cursos se impartir\u00e1n los mi\u00e9rcoles. Comenzar\u00e1n el 13 de diciembre y finalizar\u00e1n el 28 de febrero. Los cursos se realizar\u00e1n en dos turnos: el primero de 14:30 a 16:30 y el segundo de 17:00 a 19:00. Las y los zarauztarras que ya han realizado el curso de plantas medicinales anteriormente han tenido preferencia para participar en este cursillo. Sin embargo, en el primer turno a\u00fan quedan dos plazas libres. Por lo tanto, si alguien estuviera interesado en participar puede escribir a zarauz@eraztunberdeurdina.eus.<\/p>\n<p>&nbsp;<\/p>\n","protected":false},"excerpt":{"rendered":"<p>Cada vez son m\u00e1s los productos de limpieza que utilizamos en nuestros hogares, ya que existe un abanico realmente amplio [&hellip;]<\/p>\n","protected":false},"author":3,"featured_media":3127,"comment_status":"closed","ping_status":"closed","sticky":false,"template":"","format":"standard","meta":{"_acf_changed":false,"site-sidebar-layout":"default","site-content-layout":"","ast-site-content-layout":"default","site-content-style":"default","site-sidebar-style":"default","ast-global-header-display":"","ast-banner-title-visibility":"","ast-main-header-display":"","ast-hfb-above-header-display":"","ast-hfb-below-header-display":"","ast-hfb-mobile-header-display":"","site-post-title":"","ast-breadcrumbs-content":"","ast-featured-img":"","footer-sml-layout":"","ast-disable-related-posts":"","theme-transparent-header-meta":"","adv-header-id-meta":"","stick-header-meta":"","header-above-stick-meta":"","header-main-stick-meta":"","header-below-stick-meta":"","astra-migrate-meta-layouts":"default","ast-page-background-enabled":"default","ast-page-background-meta":{"desktop":{"background-color":"var(--ast-global-color-5)","background-image":"","background-repeat":"repeat","background-position":"center center","background-size":"auto","background-attachment":"scroll","background-type":"","background-media":"","overlay-type":"","overlay-color":"","overlay-opacity":"","overlay-gradient":""},"tablet":{"background-color":"","background-image":"","background-repeat":"repeat","background-position":"center center","background-size":"auto","background-attachment":"scroll","background-type":"","background-media":"","overlay-type":"","overlay-color":"","overlay-opacity":"","overlay-gradient":""},"mobile":{"background-color":"","background-image":"","background-repeat":"repeat","background-position":"center center","background-size":"auto","background-attachment":"scroll","background-type":"","background-media":"","overlay-type":"","overlay-color":"","overlay-opacity":"","overlay-gradient":""}},"ast-content-background-meta":{"desktop":{"background-color":"var(--ast-global-color-4)","background-image":"","background-repeat":"repeat","background-position":"center center","background-size":"auto","background-attachment":"scroll","background-type":"","background-media":"","overlay-type":"","overlay-color":"","overlay-opacity":"","overlay-gradient":""},"tablet":{"background-color":"var(--ast-global-color-4)","background-image":"","background-repeat":"repeat","background-position":"center center","background-size":"auto","background-attachment":"scroll","background-type":"","background-media":"","overlay-type":"","overlay-color":"","overlay-opacity":"","overlay-gradient":""},"mobile":{"background-color":"var(--ast-global-color-4)","background-image":"","background-repeat":"repeat","background-position":"center center","background-size":"auto","background-attachment":"scroll","background-type":"","background-media":"","overlay-type":"","overlay-color":"","overlay-opacity":"","overlay-gradient":""}},"footnotes":""},"categories":[86,594,60,482],"tags":[478,461,33,106,465,28,76,35],"class_list":["post-3129","post","type-post","status-publish","format-standard","has-post-thumbnail","hentry","category-actividades","category-cursos","category-dinamizacion","category-plantas-medicinales","tag-aiora-urbieta-eizagirre","tag-amalda-biobotanika","tag-anillo-verde-azul","tag-ayuntamiento-de-zarautz","tag-plantas-medicinales","tag-zarautz","tag-zarauzko-eraztun-berde-urdina","tag-zarauzko-udala"],"acf":[],"yoast_head":"<!-- This site is optimized with the Yoast SEO plugin v27.1.1 - https:\/\/yoast.com\/product\/yoast-seo-wordpress\/ -->\n<title>Autosuficientes en nuestro propio cuerpo y hogar - Anillo Verde Azul de Zarautz<\/title>\n<meta name=\"robots\" content=\"index, follow, max-snippet:-1, max-image-preview:large, max-video-preview:-1\" \/>\n<link rel=\"canonical\" href=\"https:\/\/eraztunberdeurdina.eus\/es\/autosuficientes-en-nuestro-propio-cuerpo-y-hogar-20231212\/\" \/>\n<meta property=\"og:locale\" content=\"es_ES\" \/>\n<meta property=\"og:type\" content=\"article\" \/>\n<meta property=\"og:title\" content=\"Autosuficientes en nuestro propio cuerpo y hogar - Anillo Verde Azul de Zarautz\" \/>\n<meta property=\"og:description\" content=\"Cada vez son m\u00e1s los productos de limpieza que utilizamos en nuestros hogares, ya que existe un abanico realmente amplio [&hellip;]\" \/>\n<meta property=\"og:url\" content=\"https:\/\/eraztunberdeurdina.eus\/es\/autosuficientes-en-nuestro-propio-cuerpo-y-hogar-20231212\/\" \/>\n<meta property=\"og:site_name\" content=\"Anillo Verde Azul de Zarautz\" \/>\n<meta property=\"article:published_time\" content=\"2023-12-12T15:01:51+00:00\" \/>\n<meta property=\"og:image\" content=\"https:\/\/eraztunberdeurdina.eus\/wp-content\/uploads\/2023\/12\/Zaintza-ekologikoa1-600x600.png\" \/>\n\t<meta property=\"og:image:width\" content=\"600\" \/>\n\t<meta property=\"og:image:height\" content=\"600\" \/>\n\t<meta property=\"og:image:type\" content=\"image\/png\" \/>\n<meta name=\"author\" content=\"ebu\" \/>\n<meta name=\"twitter:card\" content=\"summary_large_image\" \/>\n<meta name=\"twitter:label1\" content=\"Escrito por\" \/>\n\t<meta name=\"twitter:data1\" content=\"ebu\" \/>\n\t<meta name=\"twitter:label2\" content=\"Tiempo de lectura\" \/>\n\t<meta name=\"twitter:data2\" content=\"2 minutos\" \/>\n<script type=\"application\/ld+json\" class=\"yoast-schema-graph\">{\"@context\":\"https:\/\/schema.org\",\"@graph\":[{\"@type\":\"Article\",\"@id\":\"https:\/\/eraztunberdeurdina.eus\/es\/autosuficientes-en-nuestro-propio-cuerpo-y-hogar-20231212\/#article\",\"isPartOf\":{\"@id\":\"https:\/\/eraztunberdeurdina.eus\/es\/autosuficientes-en-nuestro-propio-cuerpo-y-hogar-20231212\/\"},\"author\":{\"name\":\"ebu\",\"@id\":\"https:\/\/eraztunberdeurdina.eus\/#\/schema\/person\/a9c3a9d9ddfc0024a1d798d33b8eb53c\"},\"headline\":\"Autosuficientes en nuestro propio cuerpo y hogar\",\"datePublished\":\"2023-12-12T15:01:51+00:00\",\"mainEntityOfPage\":{\"@id\":\"https:\/\/eraztunberdeurdina.eus\/es\/autosuficientes-en-nuestro-propio-cuerpo-y-hogar-20231212\/\"},\"wordCount\":383,\"publisher\":{\"@id\":\"https:\/\/eraztunberdeurdina.eus\/#organization\"},\"image\":{\"@id\":\"https:\/\/eraztunberdeurdina.eus\/es\/autosuficientes-en-nuestro-propio-cuerpo-y-hogar-20231212\/#primaryimage\"},\"thumbnailUrl\":\"https:\/\/eraztunberdeurdina.eus\/wp-content\/uploads\/2023\/12\/Zaintza-ekologikoa1.png\",\"keywords\":[\"Aiora Urbieta Eizagirre\",\"Amalda biobotanika\",\"anillo verde azul\",\"Ayuntamiento de Zarautz\",\"plantas medicinales\",\"Zarautz\",\"Zarauzko Eraztun Berde Urdina\",\"Zarauzko Udala\"],\"articleSection\":[\"Actividades\",\"cursos\",\"dinamizaci\u00f3n\",\"plantas medicinales\"],\"inLanguage\":\"es\"},{\"@type\":\"WebPage\",\"@id\":\"https:\/\/eraztunberdeurdina.eus\/es\/autosuficientes-en-nuestro-propio-cuerpo-y-hogar-20231212\/\",\"url\":\"https:\/\/eraztunberdeurdina.eus\/es\/autosuficientes-en-nuestro-propio-cuerpo-y-hogar-20231212\/\",\"name\":\"Autosuficientes en nuestro propio cuerpo y hogar - Anillo Verde Azul de Zarautz\",\"isPartOf\":{\"@id\":\"https:\/\/eraztunberdeurdina.eus\/#website\"},\"primaryImageOfPage\":{\"@id\":\"https:\/\/eraztunberdeurdina.eus\/es\/autosuficientes-en-nuestro-propio-cuerpo-y-hogar-20231212\/#primaryimage\"},\"image\":{\"@id\":\"https:\/\/eraztunberdeurdina.eus\/es\/autosuficientes-en-nuestro-propio-cuerpo-y-hogar-20231212\/#primaryimage\"},\"thumbnailUrl\":\"https:\/\/eraztunberdeurdina.eus\/wp-content\/uploads\/2023\/12\/Zaintza-ekologikoa1.png\",\"datePublished\":\"2023-12-12T15:01:51+00:00\",\"breadcrumb\":{\"@id\":\"https:\/\/eraztunberdeurdina.eus\/es\/autosuficientes-en-nuestro-propio-cuerpo-y-hogar-20231212\/#breadcrumb\"},\"inLanguage\":\"es\",\"potentialAction\":[{\"@type\":\"ReadAction\",\"target\":[\"https:\/\/eraztunberdeurdina.eus\/es\/autosuficientes-en-nuestro-propio-cuerpo-y-hogar-20231212\/\"]}]},{\"@type\":\"ImageObject\",\"inLanguage\":\"es\",\"@id\":\"https:\/\/eraztunberdeurdina.eus\/es\/autosuficientes-en-nuestro-propio-cuerpo-y-hogar-20231212\/#primaryimage\",\"url\":\"https:\/\/eraztunberdeurdina.eus\/wp-content\/uploads\/2023\/12\/Zaintza-ekologikoa1.png\",\"contentUrl\":\"https:\/\/eraztunberdeurdina.eus\/wp-content\/uploads\/2023\/12\/Zaintza-ekologikoa1.png\",\"width\":2000,\"height\":1414},{\"@type\":\"BreadcrumbList\",\"@id\":\"https:\/\/eraztunberdeurdina.eus\/es\/autosuficientes-en-nuestro-propio-cuerpo-y-hogar-20231212\/#breadcrumb\",\"itemListElement\":[{\"@type\":\"ListItem\",\"position\":1,\"name\":\"Home\",\"item\":\"https:\/\/eraztunberdeurdina.eus\/es\/anillo-verde-azul\/\"},{\"@type\":\"ListItem\",\"position\":2,\"name\":\"Autosuficientes en nuestro propio cuerpo y hogar\"}]},{\"@type\":\"WebSite\",\"@id\":\"https:\/\/eraztunberdeurdina.eus\/#website\",\"url\":\"https:\/\/eraztunberdeurdina.eus\/\",\"name\":\"Zarauzko Eraztun Berde Urdina\",\"description\":\"Herri-inguruko berdeguneen zaintza\",\"publisher\":{\"@id\":\"https:\/\/eraztunberdeurdina.eus\/#organization\"},\"potentialAction\":[{\"@type\":\"SearchAction\",\"target\":{\"@type\":\"EntryPoint\",\"urlTemplate\":\"https:\/\/eraztunberdeurdina.eus\/?s={search_term_string}\"},\"query-input\":{\"@type\":\"PropertyValueSpecification\",\"valueRequired\":true,\"valueName\":\"search_term_string\"}}],\"inLanguage\":\"es\"},{\"@type\":\"Organization\",\"@id\":\"https:\/\/eraztunberdeurdina.eus\/#organization\",\"name\":\"Zarauzko Eraztun Berde Urdina\",\"url\":\"https:\/\/eraztunberdeurdina.eus\/\",\"logo\":{\"@type\":\"ImageObject\",\"inLanguage\":\"es\",\"@id\":\"https:\/\/eraztunberdeurdina.eus\/#\/schema\/logo\/image\/\",\"url\":\"https:\/\/eraztunberdeurdina.eus\/wp-content\/uploads\/2018\/07\/EBUkoloretan.jpg\",\"contentUrl\":\"https:\/\/eraztunberdeurdina.eus\/wp-content\/uploads\/2018\/07\/EBUkoloretan.jpg\",\"width\":934,\"height\":687,\"caption\":\"Zarauzko Eraztun Berde Urdina\"},\"image\":{\"@id\":\"https:\/\/eraztunberdeurdina.eus\/#\/schema\/logo\/image\/\"}},{\"@type\":\"Person\",\"@id\":\"https:\/\/eraztunberdeurdina.eus\/#\/schema\/person\/a9c3a9d9ddfc0024a1d798d33b8eb53c\",\"name\":\"ebu\"}]}<\/script>\n<!-- \/ Yoast SEO plugin. -->","yoast_head_json":{"title":"Autosuficientes en nuestro propio cuerpo y hogar - Anillo Verde Azul de Zarautz","robots":{"index":"index","follow":"follow","max-snippet":"max-snippet:-1","max-image-preview":"max-image-preview:large","max-video-preview":"max-video-preview:-1"},"canonical":"https:\/\/eraztunberdeurdina.eus\/es\/autosuficientes-en-nuestro-propio-cuerpo-y-hogar-20231212\/","og_locale":"es_ES","og_type":"article","og_title":"Autosuficientes en nuestro propio cuerpo y hogar - Anillo Verde Azul de Zarautz","og_description":"Cada vez son m\u00e1s los productos de limpieza que utilizamos en nuestros hogares, ya que existe un abanico realmente amplio [&hellip;]","og_url":"https:\/\/eraztunberdeurdina.eus\/es\/autosuficientes-en-nuestro-propio-cuerpo-y-hogar-20231212\/","og_site_name":"Anillo Verde Azul de Zarautz","article_published_time":"2023-12-12T15:01:51+00:00","og_image":[{"width":600,"height":600,"url":"https:\/\/eraztunberdeurdina.eus\/wp-content\/uploads\/2023\/12\/Zaintza-ekologikoa1-600x600.png","type":"image\/png"}],"author":"ebu","twitter_card":"summary_large_image","twitter_misc":{"Escrito por":"ebu","Tiempo de lectura":"2 minutos"},"schema":{"@context":"https:\/\/schema.org","@graph":[{"@type":"Article","@id":"https:\/\/eraztunberdeurdina.eus\/es\/autosuficientes-en-nuestro-propio-cuerpo-y-hogar-20231212\/#article","isPartOf":{"@id":"https:\/\/eraztunberdeurdina.eus\/es\/autosuficientes-en-nuestro-propio-cuerpo-y-hogar-20231212\/"},"author":{"name":"ebu","@id":"https:\/\/eraztunberdeurdina.eus\/#\/schema\/person\/a9c3a9d9ddfc0024a1d798d33b8eb53c"},"headline":"Autosuficientes en nuestro propio cuerpo y hogar","datePublished":"2023-12-12T15:01:51+00:00","mainEntityOfPage":{"@id":"https:\/\/eraztunberdeurdina.eus\/es\/autosuficientes-en-nuestro-propio-cuerpo-y-hogar-20231212\/"},"wordCount":383,"publisher":{"@id":"https:\/\/eraztunberdeurdina.eus\/#organization"},"image":{"@id":"https:\/\/eraztunberdeurdina.eus\/es\/autosuficientes-en-nuestro-propio-cuerpo-y-hogar-20231212\/#primaryimage"},"thumbnailUrl":"https:\/\/eraztunberdeurdina.eus\/wp-content\/uploads\/2023\/12\/Zaintza-ekologikoa1.png","keywords":["Aiora Urbieta Eizagirre","Amalda biobotanika","anillo verde azul","Ayuntamiento de Zarautz","plantas medicinales","Zarautz","Zarauzko Eraztun Berde Urdina","Zarauzko Udala"],"articleSection":["Actividades","cursos","dinamizaci\u00f3n","plantas medicinales"],"inLanguage":"es"},{"@type":"WebPage","@id":"https:\/\/eraztunberdeurdina.eus\/es\/autosuficientes-en-nuestro-propio-cuerpo-y-hogar-20231212\/","url":"https:\/\/eraztunberdeurdina.eus\/es\/autosuficientes-en-nuestro-propio-cuerpo-y-hogar-20231212\/","name":"Autosuficientes en nuestro propio cuerpo y hogar - Anillo Verde Azul de Zarautz","isPartOf":{"@id":"https:\/\/eraztunberdeurdina.eus\/#website"},"primaryImageOfPage":{"@id":"https:\/\/eraztunberdeurdina.eus\/es\/autosuficientes-en-nuestro-propio-cuerpo-y-hogar-20231212\/#primaryimage"},"image":{"@id":"https:\/\/eraztunberdeurdina.eus\/es\/autosuficientes-en-nuestro-propio-cuerpo-y-hogar-20231212\/#primaryimage"},"thumbnailUrl":"https:\/\/eraztunberdeurdina.eus\/wp-content\/uploads\/2023\/12\/Zaintza-ekologikoa1.png","datePublished":"2023-12-12T15:01:51+00:00","breadcrumb":{"@id":"https:\/\/eraztunberdeurdina.eus\/es\/autosuficientes-en-nuestro-propio-cuerpo-y-hogar-20231212\/#breadcrumb"},"inLanguage":"es","potentialAction":[{"@type":"ReadAction","target":["https:\/\/eraztunberdeurdina.eus\/es\/autosuficientes-en-nuestro-propio-cuerpo-y-hogar-20231212\/"]}]},{"@type":"ImageObject","inLanguage":"es","@id":"https:\/\/eraztunberdeurdina.eus\/es\/autosuficientes-en-nuestro-propio-cuerpo-y-hogar-20231212\/#primaryimage","url":"https:\/\/eraztunberdeurdina.eus\/wp-content\/uploads\/2023\/12\/Zaintza-ekologikoa1.png","contentUrl":"https:\/\/eraztunberdeurdina.eus\/wp-content\/uploads\/2023\/12\/Zaintza-ekologikoa1.png","width":2000,"height":1414},{"@type":"BreadcrumbList","@id":"https:\/\/eraztunberdeurdina.eus\/es\/autosuficientes-en-nuestro-propio-cuerpo-y-hogar-20231212\/#breadcrumb","itemListElement":[{"@type":"ListItem","position":1,"name":"Home","item":"https:\/\/eraztunberdeurdina.eus\/es\/anillo-verde-azul\/"},{"@type":"ListItem","position":2,"name":"Autosuficientes en nuestro propio cuerpo y hogar"}]},{"@type":"WebSite","@id":"https:\/\/eraztunberdeurdina.eus\/#website","url":"https:\/\/eraztunberdeurdina.eus\/","name":"Zarauzko Eraztun Berde Urdina","description":"Herri-inguruko berdeguneen zaintza","publisher":{"@id":"https:\/\/eraztunberdeurdina.eus\/#organization"},"potentialAction":[{"@type":"SearchAction","target":{"@type":"EntryPoint","urlTemplate":"https:\/\/eraztunberdeurdina.eus\/?s={search_term_string}"},"query-input":{"@type":"PropertyValueSpecification","valueRequired":true,"valueName":"search_term_string"}}],"inLanguage":"es"},{"@type":"Organization","@id":"https:\/\/eraztunberdeurdina.eus\/#organization","name":"Zarauzko Eraztun Berde Urdina","url":"https:\/\/eraztunberdeurdina.eus\/","logo":{"@type":"ImageObject","inLanguage":"es","@id":"https:\/\/eraztunberdeurdina.eus\/#\/schema\/logo\/image\/","url":"https:\/\/eraztunberdeurdina.eus\/wp-content\/uploads\/2018\/07\/EBUkoloretan.jpg","contentUrl":"https:\/\/eraztunberdeurdina.eus\/wp-content\/uploads\/2018\/07\/EBUkoloretan.jpg","width":934,"height":687,"caption":"Zarauzko Eraztun Berde Urdina"},"image":{"@id":"https:\/\/eraztunberdeurdina.eus\/#\/schema\/logo\/image\/"}},{"@type":"Person","@id":"https:\/\/eraztunberdeurdina.eus\/#\/schema\/person\/a9c3a9d9ddfc0024a1d798d33b8eb53c","name":"ebu"}]}},"_links":{"self":[{"href":"https:\/\/eraztunberdeurdina.eus\/es\/wp-json\/wp\/v2\/posts\/3129","targetHints":{"allow":["GET"]}}],"collection":[{"href":"https:\/\/eraztunberdeurdina.eus\/es\/wp-json\/wp\/v2\/posts"}],"about":[{"href":"https:\/\/eraztunberdeurdina.eus\/es\/wp-json\/wp\/v2\/types\/post"}],"author":[{"embeddable":true,"href":"https:\/\/eraztunberdeurdina.eus\/es\/wp-json\/wp\/v2\/users\/3"}],"replies":[{"embeddable":true,"href":"https:\/\/eraztunberdeurdina.eus\/es\/wp-json\/wp\/v2\/comments?post=3129"}],"version-history":[{"count":1,"href":"https:\/\/eraztunberdeurdina.eus\/es\/wp-json\/wp\/v2\/posts\/3129\/revisions"}],"predecessor-version":[{"id":3130,"href":"https:\/\/eraztunberdeurdina.eus\/es\/wp-json\/wp\/v2\/posts\/3129\/revisions\/3130"}],"wp:featuredmedia":[{"embeddable":true,"href":"https:\/\/eraztunberdeurdina.eus\/es\/wp-json\/wp\/v2\/media\/3127"}],"wp:attachment":[{"href":"https:\/\/eraztunberdeurdina.eus\/es\/wp-json\/wp\/v2\/media?parent=3129"}],"wp:term":[{"taxonomy":"category","embeddable":true,"href":"https:\/\/eraztunberdeurdina.eus\/es\/wp-json\/wp\/v2\/categories?post=3129"},{"taxonomy":"post_tag","embeddable":true,"href":"https:\/\/eraztunberdeurdina.eus\/es\/wp-json\/wp\/v2\/tags?post=3129"}],"curies":[{"name":"wp","href":"https:\/\/api.w.org\/{rel}","templated":true}]}}