{"id":3135,"date":"2023-12-18T15:29:30","date_gmt":"2023-12-18T14:29:30","guid":{"rendered":"https:\/\/eraztunberdeurdina.eus\/?p=3135"},"modified":"2023-12-18T15:29:30","modified_gmt":"2023-12-18T14:29:30","slug":"entrega-de-premios-del-rally-fotografico-de-otono","status":"publish","type":"post","link":"https:\/\/eraztunberdeurdina.eus\/es\/entrega-de-premios-del-rally-fotografico-de-otono-20231218\/","title":{"rendered":"Entrega de premios del rally fotogr\u00e1fico de oto\u00f1o"},"content":{"rendered":"<p>El 15 de diciembre tuvo lugar la entrega de premios y la proyecci\u00f3n de fotograf\u00edas de la segunda edici\u00f3n del Rally Fotogr\u00e1fico Anillo Verde Azul.<\/p>\n<p>En este concurso los participantes deb\u00edan fotografiar con el m\u00f3vil los elementos del Anillo Verde Azul. En la primera edici\u00f3n se celebr\u00f3 el recorrido Arkamurka y este a\u00f1o el campeonato se ha celebrado en las rutas I\u00f1urritza &#8211; Talaimendi.<\/p>\n<p>El objetivo del rally fotogr\u00e1fico es sensibilizar a los zarauztarras sobre la importancia de cuidar la naturaleza y para ello tenemos claro que el primero es conocer y poner en valor nuestros tesoros naturales, para poder as\u00ed amarlos. Porque cuidamos lo que queremos. Somos conscientes de que nuestro pueblo es medioambientalmente valioso y muy importante.<\/p>\n<p>En esta edici\u00f3n participaron 18 personas, de las cuales 12 entraban en la categor\u00eda de personas adultas y y las otras 6 en la categor\u00eda infantil. Queremos agradecer a todos las y los participantes y animaros a seguir participando en pr\u00f3ximas ediciones. Poco a poco nuestro rally se va ampliando y esperamos que cada vez sea mejor.<\/p>\n<p>&nbsp;<\/p>\n<p>Los ganadores de la edici\u00f3n 2023 han sido:<\/p>\n<p>CATEGOR\u00cdA INFANTIL<\/p>\n<p>Mejor colecci\u00f3n: Unax Armendariz \u2026\u2026.. 100 euros + diploma<\/p>\n<p>Fotograf\u00eda m\u00e1s original: Malen Ulazia \u2026\u2026\u2026\u2026\u2026\u2026\u2026\u2026 50 euros + diploma<\/p>\n<p>CATEGOR\u00cdA ADULTO<\/p>\n<p>Mejor colecci\u00f3n: Arbil Iciar \u2026\u2026\u2026\u2026\u2026\u2026\u2026\u2026 180 euros<\/p>\n<p>Foto m\u00e1s original: Joseba Ulazia \u2026\u2026\u2026\u2026\u2026\u2026\u2026\u2026. 80 euros<\/p>\n<p>&nbsp;<\/p>\n<p>EXPOSICION<\/p>\n<p>Con la fotograf\u00eda elegida por cada participante, se realizar\u00e1 una exposici\u00f3n fotogr\u00e1fica que se podr\u00e1 visitar del 14 al 29 de febrero en el Merkatu Plaza, junto con la exposici\u00f3n fotogr\u00e1fica del ciclo de cine submarino CIMASUB.<\/p>\n","protected":false},"excerpt":{"rendered":"<p>El 15 de diciembre tuvo lugar la entrega de premios y la proyecci\u00f3n de fotograf\u00edas de la segunda edici\u00f3n del [&hellip;]<\/p>\n","protected":false},"author":3,"featured_media":3133,"comment_status":"closed","ping_status":"closed","sticky":false,"template":"","format":"standard","meta":{"_acf_changed":false,"site-sidebar-layout":"default","site-content-layout":"","ast-site-content-layout":"default","site-content-style":"default","site-sidebar-style":"default","ast-global-header-display":"","ast-banner-title-visibility":"","ast-main-header-display":"","ast-hfb-above-header-display":"","ast-hfb-below-header-display":"","ast-hfb-mobile-header-display":"","site-post-title":"","ast-breadcrumbs-content":"","ast-featured-img":"","footer-sml-layout":"","ast-disable-related-posts":"","theme-transparent-header-meta":"","adv-header-id-meta":"","stick-header-meta":"","header-above-stick-meta":"","header-main-stick-meta":"","header-below-stick-meta":"","astra-migrate-meta-layouts":"default","ast-page-background-enabled":"default","ast-page-background-meta":{"desktop":{"background-color":"var(--ast-global-color-5)","background-image":"","background-repeat":"repeat","background-position":"center center","background-size":"auto","background-attachment":"scroll","background-type":"","background-media":"","overlay-type":"","overlay-color":"","overlay-opacity":"","overlay-gradient":""},"tablet":{"background-color":"","background-image":"","background-repeat":"repeat","background-position":"center center","background-size":"auto","background-attachment":"scroll","background-type":"","background-media":"","overlay-type":"","overlay-color":"","overlay-opacity":"","overlay-gradient":""},"mobile":{"background-color":"","background-image":"","background-repeat":"repeat","background-position":"center center","background-size":"auto","background-attachment":"scroll","background-type":"","background-media":"","overlay-type":"","overlay-color":"","overlay-opacity":"","overlay-gradient":""}},"ast-content-background-meta":{"desktop":{"background-color":"var(--ast-global-color-4)","background-image":"","background-repeat":"repeat","background-position":"center center","background-size":"auto","background-attachment":"scroll","background-type":"","background-media":"","overlay-type":"","overlay-color":"","overlay-opacity":"","overlay-gradient":""},"tablet":{"background-color":"var(--ast-global-color-4)","background-image":"","background-repeat":"repeat","background-position":"center center","background-size":"auto","background-attachment":"scroll","background-type":"","background-media":"","overlay-type":"","overlay-color":"","overlay-opacity":"","overlay-gradient":""},"mobile":{"background-color":"var(--ast-global-color-4)","background-image":"","background-repeat":"repeat","background-position":"center center","background-size":"auto","background-attachment":"scroll","background-type":"","background-media":"","overlay-type":"","overlay-color":"","overlay-opacity":"","overlay-gradient":""}},"footnotes":""},"categories":[23],"tags":[28],"class_list":["post-3135","post","type-post","status-publish","format-standard","has-post-thumbnail","hentry","category-sin-categorizar","tag-zarautz"],"acf":[],"yoast_head":"<!-- This site is optimized with the Yoast SEO plugin v27.1.1 - https:\/\/yoast.com\/product\/yoast-seo-wordpress\/ -->\n<title>Entrega de premios del rally fotogr\u00e1fico de oto\u00f1o - Anillo Verde Azul de Zarautz<\/title>\n<meta name=\"robots\" content=\"index, follow, max-snippet:-1, max-image-preview:large, max-video-preview:-1\" \/>\n<link rel=\"canonical\" href=\"https:\/\/eraztunberdeurdina.eus\/es\/entrega-de-premios-del-rally-fotografico-de-otono-20231218\/\" \/>\n<meta property=\"og:locale\" content=\"es_ES\" \/>\n<meta property=\"og:type\" content=\"article\" \/>\n<meta property=\"og:title\" content=\"Entrega de premios del rally fotogr\u00e1fico de oto\u00f1o - Anillo Verde Azul de Zarautz\" \/>\n<meta property=\"og:description\" content=\"El 15 de diciembre tuvo lugar la entrega de premios y la proyecci\u00f3n de fotograf\u00edas de la segunda edici\u00f3n del [&hellip;]\" \/>\n<meta property=\"og:url\" content=\"https:\/\/eraztunberdeurdina.eus\/es\/entrega-de-premios-del-rally-fotografico-de-otono-20231218\/\" \/>\n<meta property=\"og:site_name\" content=\"Anillo Verde Azul de Zarautz\" \/>\n<meta property=\"article:published_time\" content=\"2023-12-18T14:29:30+00:00\" \/>\n<meta property=\"og:image\" content=\"https:\/\/eraztunberdeurdina.eus\/wp-content\/uploads\/2023\/12\/argazki-rallya.png\" \/>\n\t<meta property=\"og:image:width\" content=\"2560\" \/>\n\t<meta property=\"og:image:height\" content=\"1440\" \/>\n\t<meta property=\"og:image:type\" content=\"image\/png\" \/>\n<meta name=\"author\" content=\"ebu\" \/>\n<meta name=\"twitter:card\" content=\"summary_large_image\" \/>\n<meta name=\"twitter:label1\" content=\"Escrito por\" \/>\n\t<meta name=\"twitter:data1\" content=\"ebu\" \/>\n\t<meta name=\"twitter:label2\" content=\"Tiempo de lectura\" \/>\n\t<meta name=\"twitter:data2\" content=\"1 minuto\" \/>\n<script type=\"application\/ld+json\" class=\"yoast-schema-graph\">{\"@context\":\"https:\/\/schema.org\",\"@graph\":[{\"@type\":\"Article\",\"@id\":\"https:\/\/eraztunberdeurdina.eus\/es\/entrega-de-premios-del-rally-fotografico-de-otono-20231218\/#article\",\"isPartOf\":{\"@id\":\"https:\/\/eraztunberdeurdina.eus\/es\/entrega-de-premios-del-rally-fotografico-de-otono-20231218\/\"},\"author\":{\"name\":\"ebu\",\"@id\":\"https:\/\/eraztunberdeurdina.eus\/#\/schema\/person\/a9c3a9d9ddfc0024a1d798d33b8eb53c\"},\"headline\":\"Entrega de premios del rally fotogr\u00e1fico de oto\u00f1o\",\"datePublished\":\"2023-12-18T14:29:30+00:00\",\"mainEntityOfPage\":{\"@id\":\"https:\/\/eraztunberdeurdina.eus\/es\/entrega-de-premios-del-rally-fotografico-de-otono-20231218\/\"},\"wordCount\":282,\"publisher\":{\"@id\":\"https:\/\/eraztunberdeurdina.eus\/#organization\"},\"image\":{\"@id\":\"https:\/\/eraztunberdeurdina.eus\/es\/entrega-de-premios-del-rally-fotografico-de-otono-20231218\/#primaryimage\"},\"thumbnailUrl\":\"https:\/\/eraztunberdeurdina.eus\/wp-content\/uploads\/2023\/12\/argazki-rallya.png\",\"keywords\":[\"Zarautz\"],\"articleSection\":[\"Sin categorizar\"],\"inLanguage\":\"es\"},{\"@type\":\"WebPage\",\"@id\":\"https:\/\/eraztunberdeurdina.eus\/es\/entrega-de-premios-del-rally-fotografico-de-otono-20231218\/\",\"url\":\"https:\/\/eraztunberdeurdina.eus\/es\/entrega-de-premios-del-rally-fotografico-de-otono-20231218\/\",\"name\":\"Entrega de premios del rally fotogr\u00e1fico de oto\u00f1o - Anillo Verde Azul de Zarautz\",\"isPartOf\":{\"@id\":\"https:\/\/eraztunberdeurdina.eus\/#website\"},\"primaryImageOfPage\":{\"@id\":\"https:\/\/eraztunberdeurdina.eus\/es\/entrega-de-premios-del-rally-fotografico-de-otono-20231218\/#primaryimage\"},\"image\":{\"@id\":\"https:\/\/eraztunberdeurdina.eus\/es\/entrega-de-premios-del-rally-fotografico-de-otono-20231218\/#primaryimage\"},\"thumbnailUrl\":\"https:\/\/eraztunberdeurdina.eus\/wp-content\/uploads\/2023\/12\/argazki-rallya.png\",\"datePublished\":\"2023-12-18T14:29:30+00:00\",\"breadcrumb\":{\"@id\":\"https:\/\/eraztunberdeurdina.eus\/es\/entrega-de-premios-del-rally-fotografico-de-otono-20231218\/#breadcrumb\"},\"inLanguage\":\"es\",\"potentialAction\":[{\"@type\":\"ReadAction\",\"target\":[\"https:\/\/eraztunberdeurdina.eus\/es\/entrega-de-premios-del-rally-fotografico-de-otono-20231218\/\"]}]},{\"@type\":\"ImageObject\",\"inLanguage\":\"es\",\"@id\":\"https:\/\/eraztunberdeurdina.eus\/es\/entrega-de-premios-del-rally-fotografico-de-otono-20231218\/#primaryimage\",\"url\":\"https:\/\/eraztunberdeurdina.eus\/wp-content\/uploads\/2023\/12\/argazki-rallya.png\",\"contentUrl\":\"https:\/\/eraztunberdeurdina.eus\/wp-content\/uploads\/2023\/12\/argazki-rallya.png\",\"width\":2560,\"height\":1440},{\"@type\":\"BreadcrumbList\",\"@id\":\"https:\/\/eraztunberdeurdina.eus\/es\/entrega-de-premios-del-rally-fotografico-de-otono-20231218\/#breadcrumb\",\"itemListElement\":[{\"@type\":\"ListItem\",\"position\":1,\"name\":\"Home\",\"item\":\"https:\/\/eraztunberdeurdina.eus\/es\/anillo-verde-azul\/\"},{\"@type\":\"ListItem\",\"position\":2,\"name\":\"Entrega de premios del rally fotogr\u00e1fico de oto\u00f1o\"}]},{\"@type\":\"WebSite\",\"@id\":\"https:\/\/eraztunberdeurdina.eus\/#website\",\"url\":\"https:\/\/eraztunberdeurdina.eus\/\",\"name\":\"Zarauzko Eraztun Berde Urdina\",\"description\":\"Herri-inguruko berdeguneen zaintza\",\"publisher\":{\"@id\":\"https:\/\/eraztunberdeurdina.eus\/#organization\"},\"potentialAction\":[{\"@type\":\"SearchAction\",\"target\":{\"@type\":\"EntryPoint\",\"urlTemplate\":\"https:\/\/eraztunberdeurdina.eus\/?s={search_term_string}\"},\"query-input\":{\"@type\":\"PropertyValueSpecification\",\"valueRequired\":true,\"valueName\":\"search_term_string\"}}],\"inLanguage\":\"es\"},{\"@type\":\"Organization\",\"@id\":\"https:\/\/eraztunberdeurdina.eus\/#organization\",\"name\":\"Zarauzko Eraztun Berde Urdina\",\"url\":\"https:\/\/eraztunberdeurdina.eus\/\",\"logo\":{\"@type\":\"ImageObject\",\"inLanguage\":\"es\",\"@id\":\"https:\/\/eraztunberdeurdina.eus\/#\/schema\/logo\/image\/\",\"url\":\"https:\/\/eraztunberdeurdina.eus\/wp-content\/uploads\/2018\/07\/EBUkoloretan.jpg\",\"contentUrl\":\"https:\/\/eraztunberdeurdina.eus\/wp-content\/uploads\/2018\/07\/EBUkoloretan.jpg\",\"width\":934,\"height\":687,\"caption\":\"Zarauzko Eraztun Berde Urdina\"},\"image\":{\"@id\":\"https:\/\/eraztunberdeurdina.eus\/#\/schema\/logo\/image\/\"}},{\"@type\":\"Person\",\"@id\":\"https:\/\/eraztunberdeurdina.eus\/#\/schema\/person\/a9c3a9d9ddfc0024a1d798d33b8eb53c\",\"name\":\"ebu\"}]}<\/script>\n<!-- \/ Yoast SEO plugin. -->","yoast_head_json":{"title":"Entrega de premios del rally fotogr\u00e1fico de oto\u00f1o - Anillo Verde Azul de Zarautz","robots":{"index":"index","follow":"follow","max-snippet":"max-snippet:-1","max-image-preview":"max-image-preview:large","max-video-preview":"max-video-preview:-1"},"canonical":"https:\/\/eraztunberdeurdina.eus\/es\/entrega-de-premios-del-rally-fotografico-de-otono-20231218\/","og_locale":"es_ES","og_type":"article","og_title":"Entrega de premios del rally fotogr\u00e1fico de oto\u00f1o - Anillo Verde Azul de Zarautz","og_description":"El 15 de diciembre tuvo lugar la entrega de premios y la proyecci\u00f3n de fotograf\u00edas de la segunda edici\u00f3n del [&hellip;]","og_url":"https:\/\/eraztunberdeurdina.eus\/es\/entrega-de-premios-del-rally-fotografico-de-otono-20231218\/","og_site_name":"Anillo Verde Azul de Zarautz","article_published_time":"2023-12-18T14:29:30+00:00","og_image":[{"width":2560,"height":1440,"url":"https:\/\/eraztunberdeurdina.eus\/wp-content\/uploads\/2023\/12\/argazki-rallya.png","type":"image\/png"}],"author":"ebu","twitter_card":"summary_large_image","twitter_misc":{"Escrito por":"ebu","Tiempo de lectura":"1 minuto"},"schema":{"@context":"https:\/\/schema.org","@graph":[{"@type":"Article","@id":"https:\/\/eraztunberdeurdina.eus\/es\/entrega-de-premios-del-rally-fotografico-de-otono-20231218\/#article","isPartOf":{"@id":"https:\/\/eraztunberdeurdina.eus\/es\/entrega-de-premios-del-rally-fotografico-de-otono-20231218\/"},"author":{"name":"ebu","@id":"https:\/\/eraztunberdeurdina.eus\/#\/schema\/person\/a9c3a9d9ddfc0024a1d798d33b8eb53c"},"headline":"Entrega de premios del rally fotogr\u00e1fico de oto\u00f1o","datePublished":"2023-12-18T14:29:30+00:00","mainEntityOfPage":{"@id":"https:\/\/eraztunberdeurdina.eus\/es\/entrega-de-premios-del-rally-fotografico-de-otono-20231218\/"},"wordCount":282,"publisher":{"@id":"https:\/\/eraztunberdeurdina.eus\/#organization"},"image":{"@id":"https:\/\/eraztunberdeurdina.eus\/es\/entrega-de-premios-del-rally-fotografico-de-otono-20231218\/#primaryimage"},"thumbnailUrl":"https:\/\/eraztunberdeurdina.eus\/wp-content\/uploads\/2023\/12\/argazki-rallya.png","keywords":["Zarautz"],"articleSection":["Sin categorizar"],"inLanguage":"es"},{"@type":"WebPage","@id":"https:\/\/eraztunberdeurdina.eus\/es\/entrega-de-premios-del-rally-fotografico-de-otono-20231218\/","url":"https:\/\/eraztunberdeurdina.eus\/es\/entrega-de-premios-del-rally-fotografico-de-otono-20231218\/","name":"Entrega de premios del rally fotogr\u00e1fico de oto\u00f1o - Anillo Verde Azul de Zarautz","isPartOf":{"@id":"https:\/\/eraztunberdeurdina.eus\/#website"},"primaryImageOfPage":{"@id":"https:\/\/eraztunberdeurdina.eus\/es\/entrega-de-premios-del-rally-fotografico-de-otono-20231218\/#primaryimage"},"image":{"@id":"https:\/\/eraztunberdeurdina.eus\/es\/entrega-de-premios-del-rally-fotografico-de-otono-20231218\/#primaryimage"},"thumbnailUrl":"https:\/\/eraztunberdeurdina.eus\/wp-content\/uploads\/2023\/12\/argazki-rallya.png","datePublished":"2023-12-18T14:29:30+00:00","breadcrumb":{"@id":"https:\/\/eraztunberdeurdina.eus\/es\/entrega-de-premios-del-rally-fotografico-de-otono-20231218\/#breadcrumb"},"inLanguage":"es","potentialAction":[{"@type":"ReadAction","target":["https:\/\/eraztunberdeurdina.eus\/es\/entrega-de-premios-del-rally-fotografico-de-otono-20231218\/"]}]},{"@type":"ImageObject","inLanguage":"es","@id":"https:\/\/eraztunberdeurdina.eus\/es\/entrega-de-premios-del-rally-fotografico-de-otono-20231218\/#primaryimage","url":"https:\/\/eraztunberdeurdina.eus\/wp-content\/uploads\/2023\/12\/argazki-rallya.png","contentUrl":"https:\/\/eraztunberdeurdina.eus\/wp-content\/uploads\/2023\/12\/argazki-rallya.png","width":2560,"height":1440},{"@type":"BreadcrumbList","@id":"https:\/\/eraztunberdeurdina.eus\/es\/entrega-de-premios-del-rally-fotografico-de-otono-20231218\/#breadcrumb","itemListElement":[{"@type":"ListItem","position":1,"name":"Home","item":"https:\/\/eraztunberdeurdina.eus\/es\/anillo-verde-azul\/"},{"@type":"ListItem","position":2,"name":"Entrega de premios del rally fotogr\u00e1fico de oto\u00f1o"}]},{"@type":"WebSite","@id":"https:\/\/eraztunberdeurdina.eus\/#website","url":"https:\/\/eraztunberdeurdina.eus\/","name":"Zarauzko Eraztun Berde Urdina","description":"Herri-inguruko berdeguneen zaintza","publisher":{"@id":"https:\/\/eraztunberdeurdina.eus\/#organization"},"potentialAction":[{"@type":"SearchAction","target":{"@type":"EntryPoint","urlTemplate":"https:\/\/eraztunberdeurdina.eus\/?s={search_term_string}"},"query-input":{"@type":"PropertyValueSpecification","valueRequired":true,"valueName":"search_term_string"}}],"inLanguage":"es"},{"@type":"Organization","@id":"https:\/\/eraztunberdeurdina.eus\/#organization","name":"Zarauzko Eraztun Berde Urdina","url":"https:\/\/eraztunberdeurdina.eus\/","logo":{"@type":"ImageObject","inLanguage":"es","@id":"https:\/\/eraztunberdeurdina.eus\/#\/schema\/logo\/image\/","url":"https:\/\/eraztunberdeurdina.eus\/wp-content\/uploads\/2018\/07\/EBUkoloretan.jpg","contentUrl":"https:\/\/eraztunberdeurdina.eus\/wp-content\/uploads\/2018\/07\/EBUkoloretan.jpg","width":934,"height":687,"caption":"Zarauzko Eraztun Berde Urdina"},"image":{"@id":"https:\/\/eraztunberdeurdina.eus\/#\/schema\/logo\/image\/"}},{"@type":"Person","@id":"https:\/\/eraztunberdeurdina.eus\/#\/schema\/person\/a9c3a9d9ddfc0024a1d798d33b8eb53c","name":"ebu"}]}},"_links":{"self":[{"href":"https:\/\/eraztunberdeurdina.eus\/es\/wp-json\/wp\/v2\/posts\/3135","targetHints":{"allow":["GET"]}}],"collection":[{"href":"https:\/\/eraztunberdeurdina.eus\/es\/wp-json\/wp\/v2\/posts"}],"about":[{"href":"https:\/\/eraztunberdeurdina.eus\/es\/wp-json\/wp\/v2\/types\/post"}],"author":[{"embeddable":true,"href":"https:\/\/eraztunberdeurdina.eus\/es\/wp-json\/wp\/v2\/users\/3"}],"replies":[{"embeddable":true,"href":"https:\/\/eraztunberdeurdina.eus\/es\/wp-json\/wp\/v2\/comments?post=3135"}],"version-history":[{"count":1,"href":"https:\/\/eraztunberdeurdina.eus\/es\/wp-json\/wp\/v2\/posts\/3135\/revisions"}],"predecessor-version":[{"id":3136,"href":"https:\/\/eraztunberdeurdina.eus\/es\/wp-json\/wp\/v2\/posts\/3135\/revisions\/3136"}],"wp:featuredmedia":[{"embeddable":true,"href":"https:\/\/eraztunberdeurdina.eus\/es\/wp-json\/wp\/v2\/media\/3133"}],"wp:attachment":[{"href":"https:\/\/eraztunberdeurdina.eus\/es\/wp-json\/wp\/v2\/media?parent=3135"}],"wp:term":[{"taxonomy":"category","embeddable":true,"href":"https:\/\/eraztunberdeurdina.eus\/es\/wp-json\/wp\/v2\/categories?post=3135"},{"taxonomy":"post_tag","embeddable":true,"href":"https:\/\/eraztunberdeurdina.eus\/es\/wp-json\/wp\/v2\/tags?post=3135"}],"curies":[{"name":"wp","href":"https:\/\/api.w.org\/{rel}","templated":true}]}}