{"id":3168,"date":"2024-01-11T11:04:41","date_gmt":"2024-01-11T10:04:41","guid":{"rendered":"https:\/\/eraztunberdeurdina.eus\/?p=3168"},"modified":"2024-01-12T11:09:21","modified_gmt":"2024-01-12T10:09:21","slug":"arao-comun-uria-aalge-en-inurritza","status":"publish","type":"post","link":"https:\/\/eraztunberdeurdina.eus\/es\/arao-comun-uria-aalge-en-inurritza-20240111\/","title":{"rendered":"Arao comun (Uria aalge) en I\u00f1urritza"},"content":{"rendered":"<p><span class=\"x1lliihq x1plvlek xryxfnj x1n2onr6 x193iq5w xeuugli x1fj9vlw x13faqbe x1vvkbs x1s928wv xhkezso x1gmr53x x1cpjm7i x1fgarty x1943h6x x1i0vuye xvs91rp xo1l8bm x5n08af x10wh9bi x1wdrske x8viiok x18hxmgj\" dir=\"auto\"><span class=\"x193iq5w xeuugli x1fj9vlw x13faqbe x1vvkbs xt0psk2 x1i0vuye xvs91rp xo1l8bm x5n08af x10wh9bi x1wdrske x8viiok x18hxmgj\">Hoy hemos tenido una visita especial?<br \/>\nEn el camino entre la ruta I\u00f1urritza-Talaimendi hemos encontrado este Arao com\u00fan (Uria aalge). Hemos llamado al Guarda Forestal. Despu\u00e9s de comprobar que su estado era bueno lo han liberado en el mar. El en el \u00faltimo v\u00eddeo podemos verlo en el momento exacto de ser liberado en el mar.<br \/>\nEl a\u00f1o pasado apareci\u00f3 otro Arao en el malec\u00f3n y hace dos a\u00f1os apareci\u00f3 otro ejemplar en la playa de Zarautz. Debido a su aspecto muchas se suele confundir con los ping\u00fcinos.<br \/>\n?<br \/>\n\u00bfQu\u00e9 se puede hacer si nos encontramos con un animal salvaje de este tipo?<br \/>\n\u260e\ufe0f Llamar al 112<\/span><\/span><\/p>\n<p>Im\u00e1genes: Arao com\u00fan <span class=\"x1lliihq x1plvlek xryxfnj x1n2onr6 x193iq5w xeuugli x1fj9vlw x13faqbe x1vvkbs x1s928wv xhkezso x1gmr53x x1cpjm7i x1fgarty x1943h6x x1i0vuye xvs91rp xo1l8bm x5n08af x10wh9bi x1wdrske x8viiok x18hxmgj\" dir=\"auto\"><span class=\"x193iq5w xeuugli x1fj9vlw x13faqbe x1vvkbs xt0psk2 x1i0vuye xvs91rp xo1l8bm x5n08af x10wh9bi x1wdrske x8viiok x18hxmgj\">(Uria aalge) econtrado esta ma\u00f1ana en I\u00f1urritza-Talaimendi<\/span><\/span><\/p>\n<div style=\"width: 848px;\" class=\"wp-video\"><video class=\"wp-video-shortcode\" id=\"video-3168-1\" width=\"848\" height=\"480\" preload=\"metadata\" controls=\"controls\"><source type=\"video\/mp4\" src=\"https:\/\/eraztunberdeurdina.eus\/wp-content\/uploads\/2024\/01\/WhatsApp-Video-2024-01-12-at-09.50.44.mp4?_=1\" \/><a href=\"https:\/\/eraztunberdeurdina.eus\/wp-content\/uploads\/2024\/01\/WhatsApp-Video-2024-01-12-at-09.50.44.mp4\">https:\/\/eraztunberdeurdina.eus\/wp-content\/uploads\/2024\/01\/WhatsApp-Video-2024-01-12-at-09.50.44.mp4<\/a><\/video><\/div>\n<div style=\"width: 848px;\" class=\"wp-video\"><video class=\"wp-video-shortcode\" id=\"video-3168-2\" width=\"848\" height=\"480\" preload=\"metadata\" controls=\"controls\"><source type=\"video\/mp4\" src=\"https:\/\/eraztunberdeurdina.eus\/wp-content\/uploads\/2024\/01\/WhatsApp-Video-2024-01-12-at-09.50.43.mp4?_=2\" \/><a href=\"https:\/\/eraztunberdeurdina.eus\/wp-content\/uploads\/2024\/01\/WhatsApp-Video-2024-01-12-at-09.50.43.mp4\">https:\/\/eraztunberdeurdina.eus\/wp-content\/uploads\/2024\/01\/WhatsApp-Video-2024-01-12-at-09.50.43.mp4<\/a><\/video><\/div>\n<p>V\u00eddeo: momento de la liberaci\u00f3n del Arao com\u00fan en el mar (V\u00eddeo enviado por los Guardas Forestales)<\/p>\n<div style=\"width: 480px;\" class=\"wp-video\"><video class=\"wp-video-shortcode\" id=\"video-3168-3\" width=\"480\" height=\"480\" preload=\"metadata\" controls=\"controls\"><source type=\"video\/mp4\" src=\"https:\/\/eraztunberdeurdina.eus\/wp-content\/uploads\/2024\/01\/WhatsApp-Video-2024-01-12-at-09.50.441.mp4?_=3\" \/><a href=\"https:\/\/eraztunberdeurdina.eus\/wp-content\/uploads\/2024\/01\/WhatsApp-Video-2024-01-12-at-09.50.441.mp4\">https:\/\/eraztunberdeurdina.eus\/wp-content\/uploads\/2024\/01\/WhatsApp-Video-2024-01-12-at-09.50.441.mp4<\/a><\/video><\/div>\n","protected":false},"excerpt":{"rendered":"<p>Hoy hemos tenido una visita especial? En el camino entre la ruta I\u00f1urritza-Talaimendi hemos encontrado este Arao com\u00fan (Uria aalge). [&hellip;]<\/p>\n","protected":false},"author":3,"featured_media":3166,"comment_status":"closed","ping_status":"closed","sticky":false,"template":"","format":"standard","meta":{"_acf_changed":false,"site-sidebar-layout":"default","site-content-layout":"","ast-site-content-layout":"default","site-content-style":"default","site-sidebar-style":"default","ast-global-header-display":"","ast-banner-title-visibility":"","ast-main-header-display":"","ast-hfb-above-header-display":"","ast-hfb-below-header-display":"","ast-hfb-mobile-header-display":"","site-post-title":"","ast-breadcrumbs-content":"","ast-featured-img":"","footer-sml-layout":"","ast-disable-related-posts":"","theme-transparent-header-meta":"","adv-header-id-meta":"","stick-header-meta":"","header-above-stick-meta":"","header-main-stick-meta":"","header-below-stick-meta":"","astra-migrate-meta-layouts":"default","ast-page-background-enabled":"default","ast-page-background-meta":{"desktop":{"background-color":"var(--ast-global-color-5)","background-image":"","background-repeat":"repeat","background-position":"center center","background-size":"auto","background-attachment":"scroll","background-type":"","background-media":"","overlay-type":"","overlay-color":"","overlay-opacity":"","overlay-gradient":""},"tablet":{"background-color":"","background-image":"","background-repeat":"repeat","background-position":"center center","background-size":"auto","background-attachment":"scroll","background-type":"","background-media":"","overlay-type":"","overlay-color":"","overlay-opacity":"","overlay-gradient":""},"mobile":{"background-color":"","background-image":"","background-repeat":"repeat","background-position":"center center","background-size":"auto","background-attachment":"scroll","background-type":"","background-media":"","overlay-type":"","overlay-color":"","overlay-opacity":"","overlay-gradient":""}},"ast-content-background-meta":{"desktop":{"background-color":"var(--ast-global-color-4)","background-image":"","background-repeat":"repeat","background-position":"center center","background-size":"auto","background-attachment":"scroll","background-type":"","background-media":"","overlay-type":"","overlay-color":"","overlay-opacity":"","overlay-gradient":""},"tablet":{"background-color":"var(--ast-global-color-4)","background-image":"","background-repeat":"repeat","background-position":"center center","background-size":"auto","background-attachment":"scroll","background-type":"","background-media":"","overlay-type":"","overlay-color":"","overlay-opacity":"","overlay-gradient":""},"mobile":{"background-color":"var(--ast-global-color-4)","background-image":"","background-repeat":"repeat","background-position":"center center","background-size":"auto","background-attachment":"scroll","background-type":"","background-media":"","overlay-type":"","overlay-color":"","overlay-opacity":"","overlay-gradient":""}},"footnotes":""},"categories":[609,442],"tags":[33,610,88,83,603,586,605,28],"class_list":["post-3168","post","type-post","status-publish","format-standard","has-post-thumbnail","hentry","category-aves","category-biodiversidad","tag-anillo-verde-azul","tag-arao-comun","tag-aves","tag-inurritza","tag-invierno","tag-talaimendi","tag-uria-aalge","tag-zarautz"],"acf":[],"yoast_head":"<!-- This site is optimized with the Yoast SEO plugin v27.1.1 - https:\/\/yoast.com\/product\/yoast-seo-wordpress\/ -->\n<title>Arao comun (Uria aalge) en I\u00f1urritza - Anillo Verde Azul de Zarautz<\/title>\n<meta name=\"robots\" content=\"index, follow, max-snippet:-1, max-image-preview:large, max-video-preview:-1\" \/>\n<link rel=\"canonical\" href=\"https:\/\/eraztunberdeurdina.eus\/es\/arao-comun-uria-aalge-en-inurritza-20240111\/\" \/>\n<meta property=\"og:locale\" content=\"es_ES\" \/>\n<meta property=\"og:type\" content=\"article\" \/>\n<meta property=\"og:title\" content=\"Arao comun (Uria aalge) en I\u00f1urritza - Anillo Verde Azul de Zarautz\" \/>\n<meta property=\"og:description\" content=\"Hoy hemos tenido una visita especial? En el camino entre la ruta I\u00f1urritza-Talaimendi hemos encontrado este Arao com\u00fan (Uria aalge). [&hellip;]\" \/>\n<meta property=\"og:url\" content=\"https:\/\/eraztunberdeurdina.eus\/es\/arao-comun-uria-aalge-en-inurritza-20240111\/\" \/>\n<meta property=\"og:site_name\" content=\"Anillo Verde Azul de Zarautz\" \/>\n<meta property=\"article:published_time\" content=\"2024-01-11T10:04:41+00:00\" \/>\n<meta property=\"article:modified_time\" content=\"2024-01-12T10:09:21+00:00\" \/>\n<meta property=\"og:image\" content=\"https:\/\/eraztunberdeurdina.eus\/wp-content\/uploads\/2024\/01\/WhatsApp-Image-2024-01-11-at-19.53.20.jpeg\" \/>\n\t<meta property=\"og:image:width\" content=\"1600\" \/>\n\t<meta property=\"og:image:height\" content=\"899\" \/>\n\t<meta property=\"og:image:type\" content=\"image\/jpeg\" \/>\n<meta name=\"author\" content=\"ebu\" \/>\n<meta name=\"twitter:card\" content=\"summary_large_image\" \/>\n<meta name=\"twitter:label1\" content=\"Escrito por\" \/>\n\t<meta name=\"twitter:data1\" content=\"ebu\" \/>\n\t<meta name=\"twitter:label2\" content=\"Tiempo de lectura\" \/>\n\t<meta name=\"twitter:data2\" content=\"1 minuto\" \/>\n<script type=\"application\/ld+json\" class=\"yoast-schema-graph\">{\"@context\":\"https:\/\/schema.org\",\"@graph\":[{\"@type\":\"Article\",\"@id\":\"https:\/\/eraztunberdeurdina.eus\/es\/arao-comun-uria-aalge-en-inurritza-20240111\/#article\",\"isPartOf\":{\"@id\":\"https:\/\/eraztunberdeurdina.eus\/es\/arao-comun-uria-aalge-en-inurritza-20240111\/\"},\"author\":{\"name\":\"ebu\",\"@id\":\"https:\/\/eraztunberdeurdina.eus\/#\/schema\/person\/a9c3a9d9ddfc0024a1d798d33b8eb53c\"},\"headline\":\"Arao comun (Uria aalge) en I\u00f1urritza\",\"datePublished\":\"2024-01-11T10:04:41+00:00\",\"dateModified\":\"2024-01-12T10:09:21+00:00\",\"mainEntityOfPage\":{\"@id\":\"https:\/\/eraztunberdeurdina.eus\/es\/arao-comun-uria-aalge-en-inurritza-20240111\/\"},\"wordCount\":199,\"publisher\":{\"@id\":\"https:\/\/eraztunberdeurdina.eus\/#organization\"},\"image\":{\"@id\":\"https:\/\/eraztunberdeurdina.eus\/es\/arao-comun-uria-aalge-en-inurritza-20240111\/#primaryimage\"},\"thumbnailUrl\":\"https:\/\/eraztunberdeurdina.eus\/wp-content\/uploads\/2024\/01\/WhatsApp-Image-2024-01-11-at-19.53.20.jpeg\",\"keywords\":[\"anillo verde azul\",\"Arao com\u00fan\",\"Aves\",\"I\u00f1urritza\",\"invierno\",\"Talaimendi\",\"Uria aalge\",\"Zarautz\"],\"articleSection\":[\"aves\",\"biodiversidad\"],\"inLanguage\":\"es\"},{\"@type\":\"WebPage\",\"@id\":\"https:\/\/eraztunberdeurdina.eus\/es\/arao-comun-uria-aalge-en-inurritza-20240111\/\",\"url\":\"https:\/\/eraztunberdeurdina.eus\/es\/arao-comun-uria-aalge-en-inurritza-20240111\/\",\"name\":\"Arao comun (Uria aalge) en I\u00f1urritza - Anillo Verde Azul de Zarautz\",\"isPartOf\":{\"@id\":\"https:\/\/eraztunberdeurdina.eus\/#website\"},\"primaryImageOfPage\":{\"@id\":\"https:\/\/eraztunberdeurdina.eus\/es\/arao-comun-uria-aalge-en-inurritza-20240111\/#primaryimage\"},\"image\":{\"@id\":\"https:\/\/eraztunberdeurdina.eus\/es\/arao-comun-uria-aalge-en-inurritza-20240111\/#primaryimage\"},\"thumbnailUrl\":\"https:\/\/eraztunberdeurdina.eus\/wp-content\/uploads\/2024\/01\/WhatsApp-Image-2024-01-11-at-19.53.20.jpeg\",\"datePublished\":\"2024-01-11T10:04:41+00:00\",\"dateModified\":\"2024-01-12T10:09:21+00:00\",\"breadcrumb\":{\"@id\":\"https:\/\/eraztunberdeurdina.eus\/es\/arao-comun-uria-aalge-en-inurritza-20240111\/#breadcrumb\"},\"inLanguage\":\"es\",\"potentialAction\":[{\"@type\":\"ReadAction\",\"target\":[\"https:\/\/eraztunberdeurdina.eus\/es\/arao-comun-uria-aalge-en-inurritza-20240111\/\"]}]},{\"@type\":\"ImageObject\",\"inLanguage\":\"es\",\"@id\":\"https:\/\/eraztunberdeurdina.eus\/es\/arao-comun-uria-aalge-en-inurritza-20240111\/#primaryimage\",\"url\":\"https:\/\/eraztunberdeurdina.eus\/wp-content\/uploads\/2024\/01\/WhatsApp-Image-2024-01-11-at-19.53.20.jpeg\",\"contentUrl\":\"https:\/\/eraztunberdeurdina.eus\/wp-content\/uploads\/2024\/01\/WhatsApp-Image-2024-01-11-at-19.53.20.jpeg\",\"width\":1600,\"height\":899},{\"@type\":\"BreadcrumbList\",\"@id\":\"https:\/\/eraztunberdeurdina.eus\/es\/arao-comun-uria-aalge-en-inurritza-20240111\/#breadcrumb\",\"itemListElement\":[{\"@type\":\"ListItem\",\"position\":1,\"name\":\"Home\",\"item\":\"https:\/\/eraztunberdeurdina.eus\/es\/anillo-verde-azul\/\"},{\"@type\":\"ListItem\",\"position\":2,\"name\":\"Arao comun (Uria aalge) en I\u00f1urritza\"}]},{\"@type\":\"WebSite\",\"@id\":\"https:\/\/eraztunberdeurdina.eus\/#website\",\"url\":\"https:\/\/eraztunberdeurdina.eus\/\",\"name\":\"Zarauzko Eraztun Berde Urdina\",\"description\":\"Herri-inguruko berdeguneen zaintza\",\"publisher\":{\"@id\":\"https:\/\/eraztunberdeurdina.eus\/#organization\"},\"potentialAction\":[{\"@type\":\"SearchAction\",\"target\":{\"@type\":\"EntryPoint\",\"urlTemplate\":\"https:\/\/eraztunberdeurdina.eus\/?s={search_term_string}\"},\"query-input\":{\"@type\":\"PropertyValueSpecification\",\"valueRequired\":true,\"valueName\":\"search_term_string\"}}],\"inLanguage\":\"es\"},{\"@type\":\"Organization\",\"@id\":\"https:\/\/eraztunberdeurdina.eus\/#organization\",\"name\":\"Zarauzko Eraztun Berde Urdina\",\"url\":\"https:\/\/eraztunberdeurdina.eus\/\",\"logo\":{\"@type\":\"ImageObject\",\"inLanguage\":\"es\",\"@id\":\"https:\/\/eraztunberdeurdina.eus\/#\/schema\/logo\/image\/\",\"url\":\"https:\/\/eraztunberdeurdina.eus\/wp-content\/uploads\/2018\/07\/EBUkoloretan.jpg\",\"contentUrl\":\"https:\/\/eraztunberdeurdina.eus\/wp-content\/uploads\/2018\/07\/EBUkoloretan.jpg\",\"width\":934,\"height\":687,\"caption\":\"Zarauzko Eraztun Berde Urdina\"},\"image\":{\"@id\":\"https:\/\/eraztunberdeurdina.eus\/#\/schema\/logo\/image\/\"}},{\"@type\":\"Person\",\"@id\":\"https:\/\/eraztunberdeurdina.eus\/#\/schema\/person\/a9c3a9d9ddfc0024a1d798d33b8eb53c\",\"name\":\"ebu\"}]}<\/script>\n<!-- \/ Yoast SEO plugin. -->","yoast_head_json":{"title":"Arao comun (Uria aalge) en I\u00f1urritza - Anillo Verde Azul de Zarautz","robots":{"index":"index","follow":"follow","max-snippet":"max-snippet:-1","max-image-preview":"max-image-preview:large","max-video-preview":"max-video-preview:-1"},"canonical":"https:\/\/eraztunberdeurdina.eus\/es\/arao-comun-uria-aalge-en-inurritza-20240111\/","og_locale":"es_ES","og_type":"article","og_title":"Arao comun (Uria aalge) en I\u00f1urritza - Anillo Verde Azul de Zarautz","og_description":"Hoy hemos tenido una visita especial? En el camino entre la ruta I\u00f1urritza-Talaimendi hemos encontrado este Arao com\u00fan (Uria aalge). [&hellip;]","og_url":"https:\/\/eraztunberdeurdina.eus\/es\/arao-comun-uria-aalge-en-inurritza-20240111\/","og_site_name":"Anillo Verde Azul de Zarautz","article_published_time":"2024-01-11T10:04:41+00:00","article_modified_time":"2024-01-12T10:09:21+00:00","og_image":[{"width":1600,"height":899,"url":"https:\/\/eraztunberdeurdina.eus\/wp-content\/uploads\/2024\/01\/WhatsApp-Image-2024-01-11-at-19.53.20.jpeg","type":"image\/jpeg"}],"author":"ebu","twitter_card":"summary_large_image","twitter_misc":{"Escrito por":"ebu","Tiempo de lectura":"1 minuto"},"schema":{"@context":"https:\/\/schema.org","@graph":[{"@type":"Article","@id":"https:\/\/eraztunberdeurdina.eus\/es\/arao-comun-uria-aalge-en-inurritza-20240111\/#article","isPartOf":{"@id":"https:\/\/eraztunberdeurdina.eus\/es\/arao-comun-uria-aalge-en-inurritza-20240111\/"},"author":{"name":"ebu","@id":"https:\/\/eraztunberdeurdina.eus\/#\/schema\/person\/a9c3a9d9ddfc0024a1d798d33b8eb53c"},"headline":"Arao comun (Uria aalge) en I\u00f1urritza","datePublished":"2024-01-11T10:04:41+00:00","dateModified":"2024-01-12T10:09:21+00:00","mainEntityOfPage":{"@id":"https:\/\/eraztunberdeurdina.eus\/es\/arao-comun-uria-aalge-en-inurritza-20240111\/"},"wordCount":199,"publisher":{"@id":"https:\/\/eraztunberdeurdina.eus\/#organization"},"image":{"@id":"https:\/\/eraztunberdeurdina.eus\/es\/arao-comun-uria-aalge-en-inurritza-20240111\/#primaryimage"},"thumbnailUrl":"https:\/\/eraztunberdeurdina.eus\/wp-content\/uploads\/2024\/01\/WhatsApp-Image-2024-01-11-at-19.53.20.jpeg","keywords":["anillo verde azul","Arao com\u00fan","Aves","I\u00f1urritza","invierno","Talaimendi","Uria aalge","Zarautz"],"articleSection":["aves","biodiversidad"],"inLanguage":"es"},{"@type":"WebPage","@id":"https:\/\/eraztunberdeurdina.eus\/es\/arao-comun-uria-aalge-en-inurritza-20240111\/","url":"https:\/\/eraztunberdeurdina.eus\/es\/arao-comun-uria-aalge-en-inurritza-20240111\/","name":"Arao comun (Uria aalge) en I\u00f1urritza - Anillo Verde Azul de Zarautz","isPartOf":{"@id":"https:\/\/eraztunberdeurdina.eus\/#website"},"primaryImageOfPage":{"@id":"https:\/\/eraztunberdeurdina.eus\/es\/arao-comun-uria-aalge-en-inurritza-20240111\/#primaryimage"},"image":{"@id":"https:\/\/eraztunberdeurdina.eus\/es\/arao-comun-uria-aalge-en-inurritza-20240111\/#primaryimage"},"thumbnailUrl":"https:\/\/eraztunberdeurdina.eus\/wp-content\/uploads\/2024\/01\/WhatsApp-Image-2024-01-11-at-19.53.20.jpeg","datePublished":"2024-01-11T10:04:41+00:00","dateModified":"2024-01-12T10:09:21+00:00","breadcrumb":{"@id":"https:\/\/eraztunberdeurdina.eus\/es\/arao-comun-uria-aalge-en-inurritza-20240111\/#breadcrumb"},"inLanguage":"es","potentialAction":[{"@type":"ReadAction","target":["https:\/\/eraztunberdeurdina.eus\/es\/arao-comun-uria-aalge-en-inurritza-20240111\/"]}]},{"@type":"ImageObject","inLanguage":"es","@id":"https:\/\/eraztunberdeurdina.eus\/es\/arao-comun-uria-aalge-en-inurritza-20240111\/#primaryimage","url":"https:\/\/eraztunberdeurdina.eus\/wp-content\/uploads\/2024\/01\/WhatsApp-Image-2024-01-11-at-19.53.20.jpeg","contentUrl":"https:\/\/eraztunberdeurdina.eus\/wp-content\/uploads\/2024\/01\/WhatsApp-Image-2024-01-11-at-19.53.20.jpeg","width":1600,"height":899},{"@type":"BreadcrumbList","@id":"https:\/\/eraztunberdeurdina.eus\/es\/arao-comun-uria-aalge-en-inurritza-20240111\/#breadcrumb","itemListElement":[{"@type":"ListItem","position":1,"name":"Home","item":"https:\/\/eraztunberdeurdina.eus\/es\/anillo-verde-azul\/"},{"@type":"ListItem","position":2,"name":"Arao comun (Uria aalge) en I\u00f1urritza"}]},{"@type":"WebSite","@id":"https:\/\/eraztunberdeurdina.eus\/#website","url":"https:\/\/eraztunberdeurdina.eus\/","name":"Zarauzko Eraztun Berde Urdina","description":"Herri-inguruko berdeguneen zaintza","publisher":{"@id":"https:\/\/eraztunberdeurdina.eus\/#organization"},"potentialAction":[{"@type":"SearchAction","target":{"@type":"EntryPoint","urlTemplate":"https:\/\/eraztunberdeurdina.eus\/?s={search_term_string}"},"query-input":{"@type":"PropertyValueSpecification","valueRequired":true,"valueName":"search_term_string"}}],"inLanguage":"es"},{"@type":"Organization","@id":"https:\/\/eraztunberdeurdina.eus\/#organization","name":"Zarauzko Eraztun Berde Urdina","url":"https:\/\/eraztunberdeurdina.eus\/","logo":{"@type":"ImageObject","inLanguage":"es","@id":"https:\/\/eraztunberdeurdina.eus\/#\/schema\/logo\/image\/","url":"https:\/\/eraztunberdeurdina.eus\/wp-content\/uploads\/2018\/07\/EBUkoloretan.jpg","contentUrl":"https:\/\/eraztunberdeurdina.eus\/wp-content\/uploads\/2018\/07\/EBUkoloretan.jpg","width":934,"height":687,"caption":"Zarauzko Eraztun Berde Urdina"},"image":{"@id":"https:\/\/eraztunberdeurdina.eus\/#\/schema\/logo\/image\/"}},{"@type":"Person","@id":"https:\/\/eraztunberdeurdina.eus\/#\/schema\/person\/a9c3a9d9ddfc0024a1d798d33b8eb53c","name":"ebu"}]}},"_links":{"self":[{"href":"https:\/\/eraztunberdeurdina.eus\/es\/wp-json\/wp\/v2\/posts\/3168","targetHints":{"allow":["GET"]}}],"collection":[{"href":"https:\/\/eraztunberdeurdina.eus\/es\/wp-json\/wp\/v2\/posts"}],"about":[{"href":"https:\/\/eraztunberdeurdina.eus\/es\/wp-json\/wp\/v2\/types\/post"}],"author":[{"embeddable":true,"href":"https:\/\/eraztunberdeurdina.eus\/es\/wp-json\/wp\/v2\/users\/3"}],"replies":[{"embeddable":true,"href":"https:\/\/eraztunberdeurdina.eus\/es\/wp-json\/wp\/v2\/comments?post=3168"}],"version-history":[{"count":1,"href":"https:\/\/eraztunberdeurdina.eus\/es\/wp-json\/wp\/v2\/posts\/3168\/revisions"}],"predecessor-version":[{"id":3169,"href":"https:\/\/eraztunberdeurdina.eus\/es\/wp-json\/wp\/v2\/posts\/3168\/revisions\/3169"}],"wp:featuredmedia":[{"embeddable":true,"href":"https:\/\/eraztunberdeurdina.eus\/es\/wp-json\/wp\/v2\/media\/3166"}],"wp:attachment":[{"href":"https:\/\/eraztunberdeurdina.eus\/es\/wp-json\/wp\/v2\/media?parent=3168"}],"wp:term":[{"taxonomy":"category","embeddable":true,"href":"https:\/\/eraztunberdeurdina.eus\/es\/wp-json\/wp\/v2\/categories?post=3168"},{"taxonomy":"post_tag","embeddable":true,"href":"https:\/\/eraztunberdeurdina.eus\/es\/wp-json\/wp\/v2\/tags?post=3168"}],"curies":[{"name":"wp","href":"https:\/\/api.w.org\/{rel}","templated":true}]}}