{"id":3174,"date":"2024-01-15T11:16:37","date_gmt":"2024-01-15T10:16:37","guid":{"rendered":"https:\/\/eraztunberdeurdina.eus\/?p=3174"},"modified":"2024-01-15T11:16:37","modified_gmt":"2024-01-15T10:16:37","slug":"analisis-de-los-microplasticos-de-la-playa-de-zarautz-y-la-amenaza-de-los-pellets","status":"publish","type":"post","link":"https:\/\/eraztunberdeurdina.eus\/es\/analisis-de-los-microplasticos-de-la-playa-de-zarautz-y-la-amenaza-de-los-pellets-20240115\/","title":{"rendered":"An\u00e1lisis de los micropl\u00e1sticos de la playa de Zarautz y la amenaza de los pellets"},"content":{"rendered":"<p>Queremos mostrar nuestro agradecimiento a todos los centros escolares que una vez m\u00e1s han participado este curso escolar en la campa\u00f1a de investigaci\u00f3n de las micropl\u00e1sticos de la playa de Zarautz. Esta iniciativa se ha organizado desde el programa del Anillo Verde Azul del Departamento de Medio Ambiente del Ayuntamiento de Zarautz y, al igual que el a\u00f1o pasado, los alumnos de la ESO, Bachillerato y Formaci\u00f3n Profesional de Zarautz han participado en este interesante y participativo proyecto de Ciencia Ciudadana, impulsado por el Museo Barco Ecoactivo MATER. El objetivo de este proyecto ha sido conocer los diferentes tipos de micropl\u00e1sticos de la playa, aprender a clasificarlos y tomar conciencia de los da\u00f1os que producen en nuestras playas y mares.<\/p>\n<p>Desgraciadamente, estos d\u00edas tenemos en boca de todos el riesgo que los pellets de pl\u00e1stico derramados por el carguero Toconao lleguen a nuestras playas. Seguimos muy de cerca el tema y son muchas y muchos las y los zarauztarras, centros educativos y empresas, conscientes del riesgo, han prestado su ayuda. \u00a0Desgraciadamente, el tema de los pellets no es nuevo y las y los alumnos saben perfectamente su presencia en la playa, junto con otros tipos de micropl\u00e1sticos. Est\u00e1 en manos de todas y todos cambiar los h\u00e1bitos en nuestra vida cotidiana para evitar el problema, prohibir los pl\u00e1sticos de un solo uso y modificar las leyes para evitar los vertidos que se producen en los buques de carga.<\/p>\n<p>El pasado viernes los Ayuntamientos de la Costa de Gipuzkoa se reunieron con la Diputaci\u00f3n Foral de Gipuzkoa ante la amenaza de la llegada de los pellets a nuestras playas, para dar a conocer la situaci\u00f3n actual y activar el protocolo de las actuaciones a realizar en caso de que se estableciera una fase de alerta.<\/p>\n<p>Por el momento no es necesario realizar actividades de recogida en las playas y si es necesario se convocar\u00e1 de forma coordinada y ordenada.<\/p>\n<p>&nbsp;<\/p>\n<p>\u00a1MUCHAS GRACIAS!<\/p>\n","protected":false},"excerpt":{"rendered":"<p>Queremos mostrar nuestro agradecimiento a todos los centros escolares que una vez m\u00e1s han participado este curso escolar en la [&hellip;]<\/p>\n","protected":false},"author":3,"featured_media":3172,"comment_status":"closed","ping_status":"closed","sticky":false,"template":"","format":"standard","meta":{"_acf_changed":false,"site-sidebar-layout":"default","site-content-layout":"","ast-site-content-layout":"default","site-content-style":"default","site-sidebar-style":"default","ast-global-header-display":"","ast-banner-title-visibility":"","ast-main-header-display":"","ast-hfb-above-header-display":"","ast-hfb-below-header-display":"","ast-hfb-mobile-header-display":"","site-post-title":"","ast-breadcrumbs-content":"","ast-featured-img":"","footer-sml-layout":"","ast-disable-related-posts":"","theme-transparent-header-meta":"","adv-header-id-meta":"","stick-header-meta":"","header-above-stick-meta":"","header-main-stick-meta":"","header-below-stick-meta":"","astra-migrate-meta-layouts":"default","ast-page-background-enabled":"default","ast-page-background-meta":{"desktop":{"background-color":"var(--ast-global-color-5)","background-image":"","background-repeat":"repeat","background-position":"center center","background-size":"auto","background-attachment":"scroll","background-type":"","background-media":"","overlay-type":"","overlay-color":"","overlay-opacity":"","overlay-gradient":""},"tablet":{"background-color":"","background-image":"","background-repeat":"repeat","background-position":"center center","background-size":"auto","background-attachment":"scroll","background-type":"","background-media":"","overlay-type":"","overlay-color":"","overlay-opacity":"","overlay-gradient":""},"mobile":{"background-color":"","background-image":"","background-repeat":"repeat","background-position":"center center","background-size":"auto","background-attachment":"scroll","background-type":"","background-media":"","overlay-type":"","overlay-color":"","overlay-opacity":"","overlay-gradient":""}},"ast-content-background-meta":{"desktop":{"background-color":"var(--ast-global-color-4)","background-image":"","background-repeat":"repeat","background-position":"center center","background-size":"auto","background-attachment":"scroll","background-type":"","background-media":"","overlay-type":"","overlay-color":"","overlay-opacity":"","overlay-gradient":""},"tablet":{"background-color":"var(--ast-global-color-4)","background-image":"","background-repeat":"repeat","background-position":"center center","background-size":"auto","background-attachment":"scroll","background-type":"","background-media":"","overlay-type":"","overlay-color":"","overlay-opacity":"","overlay-gradient":""},"mobile":{"background-color":"var(--ast-global-color-4)","background-image":"","background-repeat":"repeat","background-position":"center center","background-size":"auto","background-attachment":"scroll","background-type":"","background-media":"","overlay-type":"","overlay-color":"","overlay-opacity":"","overlay-gradient":""}},"footnotes":""},"categories":[23],"tags":[242,28],"class_list":["post-3174","post","type-post","status-publish","format-standard","has-post-thumbnail","hentry","category-sin-categorizar","tag-herritarren-zientzia","tag-zarautz"],"acf":[],"yoast_head":"<!-- This site is optimized with the Yoast SEO plugin v27.1.1 - https:\/\/yoast.com\/product\/yoast-seo-wordpress\/ -->\n<title>An\u00e1lisis de los micropl\u00e1sticos de la playa de Zarautz y la amenaza de los pellets - Anillo Verde Azul de Zarautz<\/title>\n<meta name=\"robots\" content=\"index, follow, max-snippet:-1, max-image-preview:large, max-video-preview:-1\" \/>\n<link rel=\"canonical\" href=\"https:\/\/eraztunberdeurdina.eus\/es\/analisis-de-los-microplasticos-de-la-playa-de-zarautz-y-la-amenaza-de-los-pellets-20240115\/\" \/>\n<meta property=\"og:locale\" content=\"es_ES\" \/>\n<meta property=\"og:type\" content=\"article\" \/>\n<meta property=\"og:title\" content=\"An\u00e1lisis de los micropl\u00e1sticos de la playa de Zarautz y la amenaza de los pellets - Anillo Verde Azul de Zarautz\" \/>\n<meta property=\"og:description\" content=\"Queremos mostrar nuestro agradecimiento a todos los centros escolares que una vez m\u00e1s han participado este curso escolar en la [&hellip;]\" \/>\n<meta property=\"og:url\" content=\"https:\/\/eraztunberdeurdina.eus\/es\/analisis-de-los-microplasticos-de-la-playa-de-zarautz-y-la-amenaza-de-los-pellets-20240115\/\" \/>\n<meta property=\"og:site_name\" content=\"Anillo Verde Azul de Zarautz\" \/>\n<meta property=\"article:published_time\" content=\"2024-01-15T10:16:37+00:00\" \/>\n<meta property=\"og:image\" content=\"https:\/\/eraztunberdeurdina.eus\/wp-content\/uploads\/2024\/01\/WhatsApp-Image-2023-06-05-at-00.30.152.jpeg\" \/>\n\t<meta property=\"og:image:width\" content=\"1600\" \/>\n\t<meta property=\"og:image:height\" content=\"899\" \/>\n\t<meta property=\"og:image:type\" content=\"image\/jpeg\" \/>\n<meta name=\"author\" content=\"ebu\" \/>\n<meta name=\"twitter:card\" content=\"summary_large_image\" \/>\n<meta name=\"twitter:label1\" content=\"Escrito por\" \/>\n\t<meta name=\"twitter:data1\" content=\"ebu\" \/>\n\t<meta name=\"twitter:label2\" content=\"Tiempo de lectura\" \/>\n\t<meta name=\"twitter:data2\" content=\"2 minutos\" \/>\n<script type=\"application\/ld+json\" class=\"yoast-schema-graph\">{\"@context\":\"https:\/\/schema.org\",\"@graph\":[{\"@type\":\"Article\",\"@id\":\"https:\/\/eraztunberdeurdina.eus\/es\/analisis-de-los-microplasticos-de-la-playa-de-zarautz-y-la-amenaza-de-los-pellets-20240115\/#article\",\"isPartOf\":{\"@id\":\"https:\/\/eraztunberdeurdina.eus\/es\/analisis-de-los-microplasticos-de-la-playa-de-zarautz-y-la-amenaza-de-los-pellets-20240115\/\"},\"author\":{\"name\":\"ebu\",\"@id\":\"https:\/\/eraztunberdeurdina.eus\/#\/schema\/person\/a9c3a9d9ddfc0024a1d798d33b8eb53c\"},\"headline\":\"An\u00e1lisis de los micropl\u00e1sticos de la playa de Zarautz y la amenaza de los pellets\",\"datePublished\":\"2024-01-15T10:16:37+00:00\",\"mainEntityOfPage\":{\"@id\":\"https:\/\/eraztunberdeurdina.eus\/es\/analisis-de-los-microplasticos-de-la-playa-de-zarautz-y-la-amenaza-de-los-pellets-20240115\/\"},\"wordCount\":353,\"publisher\":{\"@id\":\"https:\/\/eraztunberdeurdina.eus\/#organization\"},\"image\":{\"@id\":\"https:\/\/eraztunberdeurdina.eus\/es\/analisis-de-los-microplasticos-de-la-playa-de-zarautz-y-la-amenaza-de-los-pellets-20240115\/#primaryimage\"},\"thumbnailUrl\":\"https:\/\/eraztunberdeurdina.eus\/wp-content\/uploads\/2024\/01\/WhatsApp-Image-2023-06-05-at-00.30.152.jpeg\",\"keywords\":[\"Herritarren Zientzia\",\"Zarautz\"],\"articleSection\":[\"Sin categorizar\"],\"inLanguage\":\"es\"},{\"@type\":\"WebPage\",\"@id\":\"https:\/\/eraztunberdeurdina.eus\/es\/analisis-de-los-microplasticos-de-la-playa-de-zarautz-y-la-amenaza-de-los-pellets-20240115\/\",\"url\":\"https:\/\/eraztunberdeurdina.eus\/es\/analisis-de-los-microplasticos-de-la-playa-de-zarautz-y-la-amenaza-de-los-pellets-20240115\/\",\"name\":\"An\u00e1lisis de los micropl\u00e1sticos de la playa de Zarautz y la amenaza de los pellets - Anillo Verde Azul de Zarautz\",\"isPartOf\":{\"@id\":\"https:\/\/eraztunberdeurdina.eus\/#website\"},\"primaryImageOfPage\":{\"@id\":\"https:\/\/eraztunberdeurdina.eus\/es\/analisis-de-los-microplasticos-de-la-playa-de-zarautz-y-la-amenaza-de-los-pellets-20240115\/#primaryimage\"},\"image\":{\"@id\":\"https:\/\/eraztunberdeurdina.eus\/es\/analisis-de-los-microplasticos-de-la-playa-de-zarautz-y-la-amenaza-de-los-pellets-20240115\/#primaryimage\"},\"thumbnailUrl\":\"https:\/\/eraztunberdeurdina.eus\/wp-content\/uploads\/2024\/01\/WhatsApp-Image-2023-06-05-at-00.30.152.jpeg\",\"datePublished\":\"2024-01-15T10:16:37+00:00\",\"breadcrumb\":{\"@id\":\"https:\/\/eraztunberdeurdina.eus\/es\/analisis-de-los-microplasticos-de-la-playa-de-zarautz-y-la-amenaza-de-los-pellets-20240115\/#breadcrumb\"},\"inLanguage\":\"es\",\"potentialAction\":[{\"@type\":\"ReadAction\",\"target\":[\"https:\/\/eraztunberdeurdina.eus\/es\/analisis-de-los-microplasticos-de-la-playa-de-zarautz-y-la-amenaza-de-los-pellets-20240115\/\"]}]},{\"@type\":\"ImageObject\",\"inLanguage\":\"es\",\"@id\":\"https:\/\/eraztunberdeurdina.eus\/es\/analisis-de-los-microplasticos-de-la-playa-de-zarautz-y-la-amenaza-de-los-pellets-20240115\/#primaryimage\",\"url\":\"https:\/\/eraztunberdeurdina.eus\/wp-content\/uploads\/2024\/01\/WhatsApp-Image-2023-06-05-at-00.30.152.jpeg\",\"contentUrl\":\"https:\/\/eraztunberdeurdina.eus\/wp-content\/uploads\/2024\/01\/WhatsApp-Image-2023-06-05-at-00.30.152.jpeg\",\"width\":1600,\"height\":899},{\"@type\":\"BreadcrumbList\",\"@id\":\"https:\/\/eraztunberdeurdina.eus\/es\/analisis-de-los-microplasticos-de-la-playa-de-zarautz-y-la-amenaza-de-los-pellets-20240115\/#breadcrumb\",\"itemListElement\":[{\"@type\":\"ListItem\",\"position\":1,\"name\":\"Home\",\"item\":\"https:\/\/eraztunberdeurdina.eus\/es\/anillo-verde-azul\/\"},{\"@type\":\"ListItem\",\"position\":2,\"name\":\"An\u00e1lisis de los micropl\u00e1sticos de la playa de Zarautz y la amenaza de los pellets\"}]},{\"@type\":\"WebSite\",\"@id\":\"https:\/\/eraztunberdeurdina.eus\/#website\",\"url\":\"https:\/\/eraztunberdeurdina.eus\/\",\"name\":\"Zarauzko Eraztun Berde Urdina\",\"description\":\"Herri-inguruko berdeguneen zaintza\",\"publisher\":{\"@id\":\"https:\/\/eraztunberdeurdina.eus\/#organization\"},\"potentialAction\":[{\"@type\":\"SearchAction\",\"target\":{\"@type\":\"EntryPoint\",\"urlTemplate\":\"https:\/\/eraztunberdeurdina.eus\/?s={search_term_string}\"},\"query-input\":{\"@type\":\"PropertyValueSpecification\",\"valueRequired\":true,\"valueName\":\"search_term_string\"}}],\"inLanguage\":\"es\"},{\"@type\":\"Organization\",\"@id\":\"https:\/\/eraztunberdeurdina.eus\/#organization\",\"name\":\"Zarauzko Eraztun Berde Urdina\",\"url\":\"https:\/\/eraztunberdeurdina.eus\/\",\"logo\":{\"@type\":\"ImageObject\",\"inLanguage\":\"es\",\"@id\":\"https:\/\/eraztunberdeurdina.eus\/#\/schema\/logo\/image\/\",\"url\":\"https:\/\/eraztunberdeurdina.eus\/wp-content\/uploads\/2018\/07\/EBUkoloretan.jpg\",\"contentUrl\":\"https:\/\/eraztunberdeurdina.eus\/wp-content\/uploads\/2018\/07\/EBUkoloretan.jpg\",\"width\":934,\"height\":687,\"caption\":\"Zarauzko Eraztun Berde Urdina\"},\"image\":{\"@id\":\"https:\/\/eraztunberdeurdina.eus\/#\/schema\/logo\/image\/\"}},{\"@type\":\"Person\",\"@id\":\"https:\/\/eraztunberdeurdina.eus\/#\/schema\/person\/a9c3a9d9ddfc0024a1d798d33b8eb53c\",\"name\":\"ebu\"}]}<\/script>\n<!-- \/ Yoast SEO plugin. -->","yoast_head_json":{"title":"An\u00e1lisis de los micropl\u00e1sticos de la playa de Zarautz y la amenaza de los pellets - Anillo Verde Azul de Zarautz","robots":{"index":"index","follow":"follow","max-snippet":"max-snippet:-1","max-image-preview":"max-image-preview:large","max-video-preview":"max-video-preview:-1"},"canonical":"https:\/\/eraztunberdeurdina.eus\/es\/analisis-de-los-microplasticos-de-la-playa-de-zarautz-y-la-amenaza-de-los-pellets-20240115\/","og_locale":"es_ES","og_type":"article","og_title":"An\u00e1lisis de los micropl\u00e1sticos de la playa de Zarautz y la amenaza de los pellets - Anillo Verde Azul de Zarautz","og_description":"Queremos mostrar nuestro agradecimiento a todos los centros escolares que una vez m\u00e1s han participado este curso escolar en la [&hellip;]","og_url":"https:\/\/eraztunberdeurdina.eus\/es\/analisis-de-los-microplasticos-de-la-playa-de-zarautz-y-la-amenaza-de-los-pellets-20240115\/","og_site_name":"Anillo Verde Azul de Zarautz","article_published_time":"2024-01-15T10:16:37+00:00","og_image":[{"width":1600,"height":899,"url":"https:\/\/eraztunberdeurdina.eus\/wp-content\/uploads\/2024\/01\/WhatsApp-Image-2023-06-05-at-00.30.152.jpeg","type":"image\/jpeg"}],"author":"ebu","twitter_card":"summary_large_image","twitter_misc":{"Escrito por":"ebu","Tiempo de lectura":"2 minutos"},"schema":{"@context":"https:\/\/schema.org","@graph":[{"@type":"Article","@id":"https:\/\/eraztunberdeurdina.eus\/es\/analisis-de-los-microplasticos-de-la-playa-de-zarautz-y-la-amenaza-de-los-pellets-20240115\/#article","isPartOf":{"@id":"https:\/\/eraztunberdeurdina.eus\/es\/analisis-de-los-microplasticos-de-la-playa-de-zarautz-y-la-amenaza-de-los-pellets-20240115\/"},"author":{"name":"ebu","@id":"https:\/\/eraztunberdeurdina.eus\/#\/schema\/person\/a9c3a9d9ddfc0024a1d798d33b8eb53c"},"headline":"An\u00e1lisis de los micropl\u00e1sticos de la playa de Zarautz y la amenaza de los pellets","datePublished":"2024-01-15T10:16:37+00:00","mainEntityOfPage":{"@id":"https:\/\/eraztunberdeurdina.eus\/es\/analisis-de-los-microplasticos-de-la-playa-de-zarautz-y-la-amenaza-de-los-pellets-20240115\/"},"wordCount":353,"publisher":{"@id":"https:\/\/eraztunberdeurdina.eus\/#organization"},"image":{"@id":"https:\/\/eraztunberdeurdina.eus\/es\/analisis-de-los-microplasticos-de-la-playa-de-zarautz-y-la-amenaza-de-los-pellets-20240115\/#primaryimage"},"thumbnailUrl":"https:\/\/eraztunberdeurdina.eus\/wp-content\/uploads\/2024\/01\/WhatsApp-Image-2023-06-05-at-00.30.152.jpeg","keywords":["Herritarren Zientzia","Zarautz"],"articleSection":["Sin categorizar"],"inLanguage":"es"},{"@type":"WebPage","@id":"https:\/\/eraztunberdeurdina.eus\/es\/analisis-de-los-microplasticos-de-la-playa-de-zarautz-y-la-amenaza-de-los-pellets-20240115\/","url":"https:\/\/eraztunberdeurdina.eus\/es\/analisis-de-los-microplasticos-de-la-playa-de-zarautz-y-la-amenaza-de-los-pellets-20240115\/","name":"An\u00e1lisis de los micropl\u00e1sticos de la playa de Zarautz y la amenaza de los pellets - Anillo Verde Azul de Zarautz","isPartOf":{"@id":"https:\/\/eraztunberdeurdina.eus\/#website"},"primaryImageOfPage":{"@id":"https:\/\/eraztunberdeurdina.eus\/es\/analisis-de-los-microplasticos-de-la-playa-de-zarautz-y-la-amenaza-de-los-pellets-20240115\/#primaryimage"},"image":{"@id":"https:\/\/eraztunberdeurdina.eus\/es\/analisis-de-los-microplasticos-de-la-playa-de-zarautz-y-la-amenaza-de-los-pellets-20240115\/#primaryimage"},"thumbnailUrl":"https:\/\/eraztunberdeurdina.eus\/wp-content\/uploads\/2024\/01\/WhatsApp-Image-2023-06-05-at-00.30.152.jpeg","datePublished":"2024-01-15T10:16:37+00:00","breadcrumb":{"@id":"https:\/\/eraztunberdeurdina.eus\/es\/analisis-de-los-microplasticos-de-la-playa-de-zarautz-y-la-amenaza-de-los-pellets-20240115\/#breadcrumb"},"inLanguage":"es","potentialAction":[{"@type":"ReadAction","target":["https:\/\/eraztunberdeurdina.eus\/es\/analisis-de-los-microplasticos-de-la-playa-de-zarautz-y-la-amenaza-de-los-pellets-20240115\/"]}]},{"@type":"ImageObject","inLanguage":"es","@id":"https:\/\/eraztunberdeurdina.eus\/es\/analisis-de-los-microplasticos-de-la-playa-de-zarautz-y-la-amenaza-de-los-pellets-20240115\/#primaryimage","url":"https:\/\/eraztunberdeurdina.eus\/wp-content\/uploads\/2024\/01\/WhatsApp-Image-2023-06-05-at-00.30.152.jpeg","contentUrl":"https:\/\/eraztunberdeurdina.eus\/wp-content\/uploads\/2024\/01\/WhatsApp-Image-2023-06-05-at-00.30.152.jpeg","width":1600,"height":899},{"@type":"BreadcrumbList","@id":"https:\/\/eraztunberdeurdina.eus\/es\/analisis-de-los-microplasticos-de-la-playa-de-zarautz-y-la-amenaza-de-los-pellets-20240115\/#breadcrumb","itemListElement":[{"@type":"ListItem","position":1,"name":"Home","item":"https:\/\/eraztunberdeurdina.eus\/es\/anillo-verde-azul\/"},{"@type":"ListItem","position":2,"name":"An\u00e1lisis de los micropl\u00e1sticos de la playa de Zarautz y la amenaza de los pellets"}]},{"@type":"WebSite","@id":"https:\/\/eraztunberdeurdina.eus\/#website","url":"https:\/\/eraztunberdeurdina.eus\/","name":"Zarauzko Eraztun Berde Urdina","description":"Herri-inguruko berdeguneen zaintza","publisher":{"@id":"https:\/\/eraztunberdeurdina.eus\/#organization"},"potentialAction":[{"@type":"SearchAction","target":{"@type":"EntryPoint","urlTemplate":"https:\/\/eraztunberdeurdina.eus\/?s={search_term_string}"},"query-input":{"@type":"PropertyValueSpecification","valueRequired":true,"valueName":"search_term_string"}}],"inLanguage":"es"},{"@type":"Organization","@id":"https:\/\/eraztunberdeurdina.eus\/#organization","name":"Zarauzko Eraztun Berde Urdina","url":"https:\/\/eraztunberdeurdina.eus\/","logo":{"@type":"ImageObject","inLanguage":"es","@id":"https:\/\/eraztunberdeurdina.eus\/#\/schema\/logo\/image\/","url":"https:\/\/eraztunberdeurdina.eus\/wp-content\/uploads\/2018\/07\/EBUkoloretan.jpg","contentUrl":"https:\/\/eraztunberdeurdina.eus\/wp-content\/uploads\/2018\/07\/EBUkoloretan.jpg","width":934,"height":687,"caption":"Zarauzko Eraztun Berde Urdina"},"image":{"@id":"https:\/\/eraztunberdeurdina.eus\/#\/schema\/logo\/image\/"}},{"@type":"Person","@id":"https:\/\/eraztunberdeurdina.eus\/#\/schema\/person\/a9c3a9d9ddfc0024a1d798d33b8eb53c","name":"ebu"}]}},"_links":{"self":[{"href":"https:\/\/eraztunberdeurdina.eus\/es\/wp-json\/wp\/v2\/posts\/3174","targetHints":{"allow":["GET"]}}],"collection":[{"href":"https:\/\/eraztunberdeurdina.eus\/es\/wp-json\/wp\/v2\/posts"}],"about":[{"href":"https:\/\/eraztunberdeurdina.eus\/es\/wp-json\/wp\/v2\/types\/post"}],"author":[{"embeddable":true,"href":"https:\/\/eraztunberdeurdina.eus\/es\/wp-json\/wp\/v2\/users\/3"}],"replies":[{"embeddable":true,"href":"https:\/\/eraztunberdeurdina.eus\/es\/wp-json\/wp\/v2\/comments?post=3174"}],"version-history":[{"count":1,"href":"https:\/\/eraztunberdeurdina.eus\/es\/wp-json\/wp\/v2\/posts\/3174\/revisions"}],"predecessor-version":[{"id":3175,"href":"https:\/\/eraztunberdeurdina.eus\/es\/wp-json\/wp\/v2\/posts\/3174\/revisions\/3175"}],"wp:featuredmedia":[{"embeddable":true,"href":"https:\/\/eraztunberdeurdina.eus\/es\/wp-json\/wp\/v2\/media\/3172"}],"wp:attachment":[{"href":"https:\/\/eraztunberdeurdina.eus\/es\/wp-json\/wp\/v2\/media?parent=3174"}],"wp:term":[{"taxonomy":"category","embeddable":true,"href":"https:\/\/eraztunberdeurdina.eus\/es\/wp-json\/wp\/v2\/categories?post=3174"},{"taxonomy":"post_tag","embeddable":true,"href":"https:\/\/eraztunberdeurdina.eus\/es\/wp-json\/wp\/v2\/tags?post=3174"}],"curies":[{"name":"wp","href":"https:\/\/api.w.org\/{rel}","templated":true}]}}