{"id":3181,"date":"2024-01-26T15:44:27","date_gmt":"2024-01-26T14:44:27","guid":{"rendered":"https:\/\/eraztunberdeurdina.eus\/?p=3181"},"modified":"2024-01-26T15:44:27","modified_gmt":"2024-01-26T14:44:27","slug":"con-motivo-del-dia-internacional-de-los-humedales-se-realizaran-diversas-actividades-desde-el-anillo-verde-azul-de-zarautz","status":"publish","type":"post","link":"https:\/\/eraztunberdeurdina.eus\/es\/con-motivo-del-dia-internacional-de-los-humedales-se-realizaran-diversas-actividades-desde-el-anillo-verde-azul-de-zarautz-20240126\/","title":{"rendered":"CON MOTIVO DEL D\u00cdA INTERNACIONAL DE LOS HUMEDALES, SE REALIZAR\u00c1N DIVERSAS ACTIVIDADES DESDE EL ANILLO VERDE AZUL DE ZARAUTZ"},"content":{"rendered":"<p>Con motivo de la celebraci\u00f3n el 2 de febrero del D\u00eda Internacional de los Humedales, el departamento de Medio Ambiente del Ayuntamiento de Zarautz ha organizado diversas actividades. La primera de las actividades tendr\u00e1 lugar el jueves 1 de febrero, a las 19:00 de la tarde en la sala Etxezabala, con una charla sobre la biodiversidad de las lagunas o microhumedales del bosque Zingira. Los ponentes ser\u00e1n Ion Garin Barrio (herpet\u00f3logo de Aranzadi) y Aitor Cevidanes (cient\u00edfico de Neiker).<\/p>\n<p>Frente al caser\u00edo Zingira se crearon dos estanques del mismo nombre junto con miembros de la Sociedad de Ciencias Aranzadi en beneficio de los seres acu\u00e1ticos. El estanque Zingira I se cre\u00f3 en 2019 y posteriormente, en 2022, se cre\u00f3 el estanque Zingira II. Ambas lagunas se encuentran en la Zona Especial de Conservaci\u00f3n Garate-Santa B\u00e1rbara, protegida por Europa, en el bosque Zingira.<\/p>\n<p>En los \u00faltimos 5 a\u00f1os el Ayuntamiento de Zarautz, en colaboraci\u00f3n con la Sociedad de Ciencias Aranzadi, ha impulsado diversas acciones de gesti\u00f3n y divulgaci\u00f3n para garantizar la continuidad de las especies de seres vivos acu\u00e1ticos aut\u00f3ctonos. En a\u00f1os anteriores se han llevado a cabo estudios entomol\u00f3gicos (insectos) y herpetol\u00f3gicos (anfibios y reptiles), pero en el a\u00f1o 2023 se ha dado un nuevo paso en las lagunas de Zingira, dentro del proyecto \u00abMicroclima: red de microhumedales ante la crisis clim\u00e1tica\u00bb.<\/p>\n<p>Como novedad, adem\u00e1s de los estudios herpetol\u00f3gicos y entomol\u00f3gicos de Aranzadi, se han incorporado nuevos expertos en la investigaci\u00f3n de estanques: miembros de Aranzadi Bot\u00e1nica e investigadores de la entidad Neiker. As\u00ed, a lo largo de 2023 se han analizado las plantas y mosquitos de estos pozos y se ha prestado especial atenci\u00f3n al estado de salud de los anfibios y a las enfermedades emergentes.<\/p>\n<p>Para acudir a la charla donde se van a dar a conocer los resultados de estos trabajos de investigaci\u00f3n realizados a lo largo de 2023 es necesario inscribirse previamente. Si est\u00e1s interesado escribe a <strong><a href=\"mailto:zarautz@eraztunberdeurdina.eus\">zarautz@eraztunberdeurdina.eus<\/a><\/strong> o llama al tel\u00e9fono <strong>94300515<\/strong>9.<\/p>\n<p>Tambi\u00e9n se organizar\u00e1 una salida para conocer la biodiversidad de estos humedales el 14 de abril, \u00e9poca apropiada para disfrutar de la biodiversidad asociada al estanque.<\/p>\n<p><strong>D\u00eda Internacional de los Humedales<\/strong><\/p>\n<p>El lema del D\u00eda Internacional de los Humedales de este a\u00f1o es \u201cLos humedales y el bienestar humano\u201d, porque el bienestar humano est\u00e1 irrevocablemente ligado al estado de los humedales del mundo que deben estar sanos para que puedan seguir protegi\u00e9ndonos contra fen\u00f3menos meteorol\u00f3gicos extremos, mitigando el cambio clim\u00e1tico y apoyando la biodiversidad. Invertir en el uso sostenible de los humedales significa invertir en el futuro de la humanidad.<\/p>\n<p>Los humedales ayudan tambi\u00e9n al bienestar y la salud psico-emocional de la ciudadan\u00eda, ya que son espacios para disfrutar de la naturaleza, el descanso y la tranquilidad. Fomentar el conocimiento de estos valores naturales permite un impacto positivo en el paisaje y, a trav\u00e9s de \u00e9l, incide en el bienestar de los ciudadanos.<\/p>\n<p>Sin embargo, la incomprensi\u00f3n de la importancia de los humedales los est\u00e1 llevando a su desaparici\u00f3n. Se han perdido alrededor del 35% de ellos desde la d\u00e9cada de 1970. Los que quedan est\u00e1n desapareciendo tres veces m\u00e1s r\u00e1pido que los bosques, haciendo que las especies desaparezcan m\u00e1s r\u00e1pido que en ning\u00fan otro momento de la historia de la humanidad y a un mayor ritmo.<\/p>\n<p>Por todo ello, uno de los objetivos del departamento de Medio Ambiente dentro del proyecto del Anillo Verde Azul es restaurar y mantener en su estado natural los humedales que a\u00fan quedan en Zarautz, como el humedal de Irita cuya recuperaci\u00f3n se termin\u00f3 el a\u00f1o pasado y los 2 micro humedales que hemos restaurado en Zingira, con la ayuda de la Sociedad de Ciencias Aranzadi.<\/p>\n<p><strong>Zuhaitz Eguna 2024, relacionado con los humedales<\/strong><\/p>\n<p>Junto a esto, el pr\u00f3ximo viernes, 2 de febrero, se celebrar\u00e1 como cada a\u00f1o el Zuhaitz Eguna. Este a\u00f1o, ser\u00e1 el turno de los escolares de Orokieta, y con su ayuda, se plantar\u00e1n \u00e1rboles junto al observatorio del humedal de Irita, lo que servir\u00e1 para ofrecer protecci\u00f3n tambi\u00e9n a las distintas especies de aves que pasan por all\u00ed.<\/p>\n","protected":false},"excerpt":{"rendered":"<p>Con motivo de la celebraci\u00f3n el 2 de febrero del D\u00eda Internacional de los Humedales, el departamento de Medio Ambiente [&hellip;]<\/p>\n","protected":false},"author":3,"featured_media":3179,"comment_status":"closed","ping_status":"closed","sticky":false,"template":"","format":"standard","meta":{"_acf_changed":false,"site-sidebar-layout":"default","site-content-layout":"","ast-site-content-layout":"default","site-content-style":"default","site-sidebar-style":"default","ast-global-header-display":"","ast-banner-title-visibility":"","ast-main-header-display":"","ast-hfb-above-header-display":"","ast-hfb-below-header-display":"","ast-hfb-mobile-header-display":"","site-post-title":"","ast-breadcrumbs-content":"","ast-featured-img":"","footer-sml-layout":"","ast-disable-related-posts":"","theme-transparent-header-meta":"","adv-header-id-meta":"","stick-header-meta":"","header-above-stick-meta":"","header-main-stick-meta":"","header-below-stick-meta":"","astra-migrate-meta-layouts":"default","ast-page-background-enabled":"default","ast-page-background-meta":{"desktop":{"background-color":"var(--ast-global-color-5)","background-image":"","background-repeat":"repeat","background-position":"center center","background-size":"auto","background-attachment":"scroll","background-type":"","background-media":"","overlay-type":"","overlay-color":"","overlay-opacity":"","overlay-gradient":""},"tablet":{"background-color":"","background-image":"","background-repeat":"repeat","background-position":"center center","background-size":"auto","background-attachment":"scroll","background-type":"","background-media":"","overlay-type":"","overlay-color":"","overlay-opacity":"","overlay-gradient":""},"mobile":{"background-color":"","background-image":"","background-repeat":"repeat","background-position":"center center","background-size":"auto","background-attachment":"scroll","background-type":"","background-media":"","overlay-type":"","overlay-color":"","overlay-opacity":"","overlay-gradient":""}},"ast-content-background-meta":{"desktop":{"background-color":"var(--ast-global-color-4)","background-image":"","background-repeat":"repeat","background-position":"center center","background-size":"auto","background-attachment":"scroll","background-type":"","background-media":"","overlay-type":"","overlay-color":"","overlay-opacity":"","overlay-gradient":""},"tablet":{"background-color":"var(--ast-global-color-4)","background-image":"","background-repeat":"repeat","background-position":"center center","background-size":"auto","background-attachment":"scroll","background-type":"","background-media":"","overlay-type":"","overlay-color":"","overlay-opacity":"","overlay-gradient":""},"mobile":{"background-color":"var(--ast-global-color-4)","background-image":"","background-repeat":"repeat","background-position":"center center","background-size":"auto","background-attachment":"scroll","background-type":"","background-media":"","overlay-type":"","overlay-color":"","overlay-opacity":"","overlay-gradient":""}},"footnotes":""},"categories":[442,60,443],"tags":[33,498,106,476,156,618,617,353,619,412,615,373,113,28,35,219],"class_list":["post-3181","post","type-post","status-publish","format-standard","has-post-thumbnail","hentry","category-biodiversidad","category-dinamizacion","category-humedal","tag-anillo-verde-azul","tag-anillo-verde-azul-de-zarautz","tag-ayuntamiento-de-zarautz","tag-charca-zingira","tag-charla","tag-conferencia","tag-dia-internacional-de-los-humedales","tag-humedal","tag-micro-humedal","tag-natura-2000","tag-neiker","tag-red-natura-2000","tag-sociedad-de-ciencias-aranzadi","tag-zarautz","tag-zarauzko-udala","tag-zingira"],"acf":[],"yoast_head":"<!-- This site is optimized with the Yoast SEO plugin v27.1.1 - https:\/\/yoast.com\/product\/yoast-seo-wordpress\/ -->\n<title>CON MOTIVO DEL D\u00cdA INTERNACIONAL DE LOS HUMEDALES, SE REALIZAR\u00c1N DIVERSAS ACTIVIDADES DESDE EL ANILLO VERDE AZUL DE ZARAUTZ - Anillo Verde Azul de Zarautz<\/title>\n<meta name=\"robots\" content=\"index, follow, max-snippet:-1, max-image-preview:large, max-video-preview:-1\" \/>\n<link rel=\"canonical\" href=\"https:\/\/eraztunberdeurdina.eus\/es\/con-motivo-del-dia-internacional-de-los-humedales-se-realizaran-diversas-actividades-desde-el-anillo-verde-azul-de-zarautz-20240126\/\" \/>\n<meta property=\"og:locale\" content=\"es_ES\" \/>\n<meta property=\"og:type\" content=\"article\" \/>\n<meta property=\"og:title\" content=\"CON MOTIVO DEL D\u00cdA INTERNACIONAL DE LOS HUMEDALES, SE REALIZAR\u00c1N DIVERSAS ACTIVIDADES DESDE EL ANILLO VERDE AZUL DE ZARAUTZ - Anillo Verde Azul de Zarautz\" \/>\n<meta property=\"og:description\" content=\"Con motivo de la celebraci\u00f3n el 2 de febrero del D\u00eda Internacional de los Humedales, el departamento de Medio Ambiente [&hellip;]\" \/>\n<meta property=\"og:url\" content=\"https:\/\/eraztunberdeurdina.eus\/es\/con-motivo-del-dia-internacional-de-los-humedales-se-realizaran-diversas-actividades-desde-el-anillo-verde-azul-de-zarautz-20240126\/\" \/>\n<meta property=\"og:site_name\" content=\"Anillo Verde Azul de Zarautz\" \/>\n<meta property=\"article:published_time\" content=\"2024-01-26T14:44:27+00:00\" \/>\n<meta property=\"og:image\" content=\"https:\/\/eraztunberdeurdina.eus\/wp-content\/uploads\/2024\/01\/Zingira-kartela-600x600.png\" \/>\n\t<meta property=\"og:image:width\" content=\"600\" \/>\n\t<meta property=\"og:image:height\" content=\"600\" \/>\n\t<meta property=\"og:image:type\" content=\"image\/png\" \/>\n<meta name=\"author\" content=\"ebu\" \/>\n<meta name=\"twitter:card\" content=\"summary_large_image\" \/>\n<meta name=\"twitter:label1\" content=\"Escrito por\" \/>\n\t<meta name=\"twitter:data1\" content=\"ebu\" \/>\n\t<meta name=\"twitter:label2\" content=\"Tiempo de lectura\" \/>\n\t<meta name=\"twitter:data2\" content=\"4 minutos\" \/>\n<script type=\"application\/ld+json\" class=\"yoast-schema-graph\">{\"@context\":\"https:\/\/schema.org\",\"@graph\":[{\"@type\":\"Article\",\"@id\":\"https:\/\/eraztunberdeurdina.eus\/es\/con-motivo-del-dia-internacional-de-los-humedales-se-realizaran-diversas-actividades-desde-el-anillo-verde-azul-de-zarautz-20240126\/#article\",\"isPartOf\":{\"@id\":\"https:\/\/eraztunberdeurdina.eus\/es\/con-motivo-del-dia-internacional-de-los-humedales-se-realizaran-diversas-actividades-desde-el-anillo-verde-azul-de-zarautz-20240126\/\"},\"author\":{\"name\":\"ebu\",\"@id\":\"https:\/\/eraztunberdeurdina.eus\/#\/schema\/person\/a9c3a9d9ddfc0024a1d798d33b8eb53c\"},\"headline\":\"CON MOTIVO DEL D\u00cdA INTERNACIONAL DE LOS HUMEDALES, SE REALIZAR\u00c1N DIVERSAS ACTIVIDADES DESDE EL ANILLO VERDE AZUL DE ZARAUTZ\",\"datePublished\":\"2024-01-26T14:44:27+00:00\",\"mainEntityOfPage\":{\"@id\":\"https:\/\/eraztunberdeurdina.eus\/es\/con-motivo-del-dia-internacional-de-los-humedales-se-realizaran-diversas-actividades-desde-el-anillo-verde-azul-de-zarautz-20240126\/\"},\"wordCount\":739,\"publisher\":{\"@id\":\"https:\/\/eraztunberdeurdina.eus\/#organization\"},\"image\":{\"@id\":\"https:\/\/eraztunberdeurdina.eus\/es\/con-motivo-del-dia-internacional-de-los-humedales-se-realizaran-diversas-actividades-desde-el-anillo-verde-azul-de-zarautz-20240126\/#primaryimage\"},\"thumbnailUrl\":\"https:\/\/eraztunberdeurdina.eus\/wp-content\/uploads\/2024\/01\/Zingira-kartela.png\",\"keywords\":[\"anillo verde azul\",\"Anillo Verde Azul de Zarautz\",\"Ayuntamiento de Zarautz\",\"charca Zingira\",\"charla\",\"conferencia\",\"D\u00efa Internacional de los humedales\",\"humedal\",\"micro humedal\",\"Natura 2000\",\"Neiker\",\"red Natura 2000\",\"Sociedad de Ciencias Aranzadi\",\"Zarautz\",\"Zarauzko Udala\",\"Zingira\"],\"articleSection\":[\"biodiversidad\",\"dinamizaci\u00f3n\",\"humedal\"],\"inLanguage\":\"es\"},{\"@type\":\"WebPage\",\"@id\":\"https:\/\/eraztunberdeurdina.eus\/es\/con-motivo-del-dia-internacional-de-los-humedales-se-realizaran-diversas-actividades-desde-el-anillo-verde-azul-de-zarautz-20240126\/\",\"url\":\"https:\/\/eraztunberdeurdina.eus\/es\/con-motivo-del-dia-internacional-de-los-humedales-se-realizaran-diversas-actividades-desde-el-anillo-verde-azul-de-zarautz-20240126\/\",\"name\":\"CON MOTIVO DEL D\u00cdA INTERNACIONAL DE LOS HUMEDALES, SE REALIZAR\u00c1N DIVERSAS ACTIVIDADES DESDE EL ANILLO VERDE AZUL DE ZARAUTZ - Anillo Verde Azul de Zarautz\",\"isPartOf\":{\"@id\":\"https:\/\/eraztunberdeurdina.eus\/#website\"},\"primaryImageOfPage\":{\"@id\":\"https:\/\/eraztunberdeurdina.eus\/es\/con-motivo-del-dia-internacional-de-los-humedales-se-realizaran-diversas-actividades-desde-el-anillo-verde-azul-de-zarautz-20240126\/#primaryimage\"},\"image\":{\"@id\":\"https:\/\/eraztunberdeurdina.eus\/es\/con-motivo-del-dia-internacional-de-los-humedales-se-realizaran-diversas-actividades-desde-el-anillo-verde-azul-de-zarautz-20240126\/#primaryimage\"},\"thumbnailUrl\":\"https:\/\/eraztunberdeurdina.eus\/wp-content\/uploads\/2024\/01\/Zingira-kartela.png\",\"datePublished\":\"2024-01-26T14:44:27+00:00\",\"breadcrumb\":{\"@id\":\"https:\/\/eraztunberdeurdina.eus\/es\/con-motivo-del-dia-internacional-de-los-humedales-se-realizaran-diversas-actividades-desde-el-anillo-verde-azul-de-zarautz-20240126\/#breadcrumb\"},\"inLanguage\":\"es\",\"potentialAction\":[{\"@type\":\"ReadAction\",\"target\":[\"https:\/\/eraztunberdeurdina.eus\/es\/con-motivo-del-dia-internacional-de-los-humedales-se-realizaran-diversas-actividades-desde-el-anillo-verde-azul-de-zarautz-20240126\/\"]}]},{\"@type\":\"ImageObject\",\"inLanguage\":\"es\",\"@id\":\"https:\/\/eraztunberdeurdina.eus\/es\/con-motivo-del-dia-internacional-de-los-humedales-se-realizaran-diversas-actividades-desde-el-anillo-verde-azul-de-zarautz-20240126\/#primaryimage\",\"url\":\"https:\/\/eraztunberdeurdina.eus\/wp-content\/uploads\/2024\/01\/Zingira-kartela.png\",\"contentUrl\":\"https:\/\/eraztunberdeurdina.eus\/wp-content\/uploads\/2024\/01\/Zingira-kartela.png\",\"width\":1414,\"height\":2000},{\"@type\":\"BreadcrumbList\",\"@id\":\"https:\/\/eraztunberdeurdina.eus\/es\/con-motivo-del-dia-internacional-de-los-humedales-se-realizaran-diversas-actividades-desde-el-anillo-verde-azul-de-zarautz-20240126\/#breadcrumb\",\"itemListElement\":[{\"@type\":\"ListItem\",\"position\":1,\"name\":\"Home\",\"item\":\"https:\/\/eraztunberdeurdina.eus\/es\/anillo-verde-azul\/\"},{\"@type\":\"ListItem\",\"position\":2,\"name\":\"CON MOTIVO DEL D\u00cdA INTERNACIONAL DE LOS HUMEDALES, SE REALIZAR\u00c1N DIVERSAS ACTIVIDADES DESDE EL ANILLO VERDE AZUL DE ZARAUTZ\"}]},{\"@type\":\"WebSite\",\"@id\":\"https:\/\/eraztunberdeurdina.eus\/#website\",\"url\":\"https:\/\/eraztunberdeurdina.eus\/\",\"name\":\"Zarauzko Eraztun Berde Urdina\",\"description\":\"Herri-inguruko berdeguneen zaintza\",\"publisher\":{\"@id\":\"https:\/\/eraztunberdeurdina.eus\/#organization\"},\"potentialAction\":[{\"@type\":\"SearchAction\",\"target\":{\"@type\":\"EntryPoint\",\"urlTemplate\":\"https:\/\/eraztunberdeurdina.eus\/?s={search_term_string}\"},\"query-input\":{\"@type\":\"PropertyValueSpecification\",\"valueRequired\":true,\"valueName\":\"search_term_string\"}}],\"inLanguage\":\"es\"},{\"@type\":\"Organization\",\"@id\":\"https:\/\/eraztunberdeurdina.eus\/#organization\",\"name\":\"Zarauzko Eraztun Berde Urdina\",\"url\":\"https:\/\/eraztunberdeurdina.eus\/\",\"logo\":{\"@type\":\"ImageObject\",\"inLanguage\":\"es\",\"@id\":\"https:\/\/eraztunberdeurdina.eus\/#\/schema\/logo\/image\/\",\"url\":\"https:\/\/eraztunberdeurdina.eus\/wp-content\/uploads\/2018\/07\/EBUkoloretan.jpg\",\"contentUrl\":\"https:\/\/eraztunberdeurdina.eus\/wp-content\/uploads\/2018\/07\/EBUkoloretan.jpg\",\"width\":934,\"height\":687,\"caption\":\"Zarauzko Eraztun Berde Urdina\"},\"image\":{\"@id\":\"https:\/\/eraztunberdeurdina.eus\/#\/schema\/logo\/image\/\"}},{\"@type\":\"Person\",\"@id\":\"https:\/\/eraztunberdeurdina.eus\/#\/schema\/person\/a9c3a9d9ddfc0024a1d798d33b8eb53c\",\"name\":\"ebu\"}]}<\/script>\n<!-- \/ Yoast SEO plugin. -->","yoast_head_json":{"title":"CON MOTIVO DEL D\u00cdA INTERNACIONAL DE LOS HUMEDALES, SE REALIZAR\u00c1N DIVERSAS ACTIVIDADES DESDE EL ANILLO VERDE AZUL DE ZARAUTZ - Anillo Verde Azul de Zarautz","robots":{"index":"index","follow":"follow","max-snippet":"max-snippet:-1","max-image-preview":"max-image-preview:large","max-video-preview":"max-video-preview:-1"},"canonical":"https:\/\/eraztunberdeurdina.eus\/es\/con-motivo-del-dia-internacional-de-los-humedales-se-realizaran-diversas-actividades-desde-el-anillo-verde-azul-de-zarautz-20240126\/","og_locale":"es_ES","og_type":"article","og_title":"CON MOTIVO DEL D\u00cdA INTERNACIONAL DE LOS HUMEDALES, SE REALIZAR\u00c1N DIVERSAS ACTIVIDADES DESDE EL ANILLO VERDE AZUL DE ZARAUTZ - Anillo Verde Azul de Zarautz","og_description":"Con motivo de la celebraci\u00f3n el 2 de febrero del D\u00eda Internacional de los Humedales, el departamento de Medio Ambiente [&hellip;]","og_url":"https:\/\/eraztunberdeurdina.eus\/es\/con-motivo-del-dia-internacional-de-los-humedales-se-realizaran-diversas-actividades-desde-el-anillo-verde-azul-de-zarautz-20240126\/","og_site_name":"Anillo Verde Azul de Zarautz","article_published_time":"2024-01-26T14:44:27+00:00","og_image":[{"width":600,"height":600,"url":"https:\/\/eraztunberdeurdina.eus\/wp-content\/uploads\/2024\/01\/Zingira-kartela-600x600.png","type":"image\/png"}],"author":"ebu","twitter_card":"summary_large_image","twitter_misc":{"Escrito por":"ebu","Tiempo de lectura":"4 minutos"},"schema":{"@context":"https:\/\/schema.org","@graph":[{"@type":"Article","@id":"https:\/\/eraztunberdeurdina.eus\/es\/con-motivo-del-dia-internacional-de-los-humedales-se-realizaran-diversas-actividades-desde-el-anillo-verde-azul-de-zarautz-20240126\/#article","isPartOf":{"@id":"https:\/\/eraztunberdeurdina.eus\/es\/con-motivo-del-dia-internacional-de-los-humedales-se-realizaran-diversas-actividades-desde-el-anillo-verde-azul-de-zarautz-20240126\/"},"author":{"name":"ebu","@id":"https:\/\/eraztunberdeurdina.eus\/#\/schema\/person\/a9c3a9d9ddfc0024a1d798d33b8eb53c"},"headline":"CON MOTIVO DEL D\u00cdA INTERNACIONAL DE LOS HUMEDALES, SE REALIZAR\u00c1N DIVERSAS ACTIVIDADES DESDE EL ANILLO VERDE AZUL DE ZARAUTZ","datePublished":"2024-01-26T14:44:27+00:00","mainEntityOfPage":{"@id":"https:\/\/eraztunberdeurdina.eus\/es\/con-motivo-del-dia-internacional-de-los-humedales-se-realizaran-diversas-actividades-desde-el-anillo-verde-azul-de-zarautz-20240126\/"},"wordCount":739,"publisher":{"@id":"https:\/\/eraztunberdeurdina.eus\/#organization"},"image":{"@id":"https:\/\/eraztunberdeurdina.eus\/es\/con-motivo-del-dia-internacional-de-los-humedales-se-realizaran-diversas-actividades-desde-el-anillo-verde-azul-de-zarautz-20240126\/#primaryimage"},"thumbnailUrl":"https:\/\/eraztunberdeurdina.eus\/wp-content\/uploads\/2024\/01\/Zingira-kartela.png","keywords":["anillo verde azul","Anillo Verde Azul de Zarautz","Ayuntamiento de Zarautz","charca Zingira","charla","conferencia","D\u00efa Internacional de los humedales","humedal","micro humedal","Natura 2000","Neiker","red Natura 2000","Sociedad de Ciencias Aranzadi","Zarautz","Zarauzko Udala","Zingira"],"articleSection":["biodiversidad","dinamizaci\u00f3n","humedal"],"inLanguage":"es"},{"@type":"WebPage","@id":"https:\/\/eraztunberdeurdina.eus\/es\/con-motivo-del-dia-internacional-de-los-humedales-se-realizaran-diversas-actividades-desde-el-anillo-verde-azul-de-zarautz-20240126\/","url":"https:\/\/eraztunberdeurdina.eus\/es\/con-motivo-del-dia-internacional-de-los-humedales-se-realizaran-diversas-actividades-desde-el-anillo-verde-azul-de-zarautz-20240126\/","name":"CON MOTIVO DEL D\u00cdA INTERNACIONAL DE LOS HUMEDALES, SE REALIZAR\u00c1N DIVERSAS ACTIVIDADES DESDE EL ANILLO VERDE AZUL DE ZARAUTZ - Anillo Verde Azul de Zarautz","isPartOf":{"@id":"https:\/\/eraztunberdeurdina.eus\/#website"},"primaryImageOfPage":{"@id":"https:\/\/eraztunberdeurdina.eus\/es\/con-motivo-del-dia-internacional-de-los-humedales-se-realizaran-diversas-actividades-desde-el-anillo-verde-azul-de-zarautz-20240126\/#primaryimage"},"image":{"@id":"https:\/\/eraztunberdeurdina.eus\/es\/con-motivo-del-dia-internacional-de-los-humedales-se-realizaran-diversas-actividades-desde-el-anillo-verde-azul-de-zarautz-20240126\/#primaryimage"},"thumbnailUrl":"https:\/\/eraztunberdeurdina.eus\/wp-content\/uploads\/2024\/01\/Zingira-kartela.png","datePublished":"2024-01-26T14:44:27+00:00","breadcrumb":{"@id":"https:\/\/eraztunberdeurdina.eus\/es\/con-motivo-del-dia-internacional-de-los-humedales-se-realizaran-diversas-actividades-desde-el-anillo-verde-azul-de-zarautz-20240126\/#breadcrumb"},"inLanguage":"es","potentialAction":[{"@type":"ReadAction","target":["https:\/\/eraztunberdeurdina.eus\/es\/con-motivo-del-dia-internacional-de-los-humedales-se-realizaran-diversas-actividades-desde-el-anillo-verde-azul-de-zarautz-20240126\/"]}]},{"@type":"ImageObject","inLanguage":"es","@id":"https:\/\/eraztunberdeurdina.eus\/es\/con-motivo-del-dia-internacional-de-los-humedales-se-realizaran-diversas-actividades-desde-el-anillo-verde-azul-de-zarautz-20240126\/#primaryimage","url":"https:\/\/eraztunberdeurdina.eus\/wp-content\/uploads\/2024\/01\/Zingira-kartela.png","contentUrl":"https:\/\/eraztunberdeurdina.eus\/wp-content\/uploads\/2024\/01\/Zingira-kartela.png","width":1414,"height":2000},{"@type":"BreadcrumbList","@id":"https:\/\/eraztunberdeurdina.eus\/es\/con-motivo-del-dia-internacional-de-los-humedales-se-realizaran-diversas-actividades-desde-el-anillo-verde-azul-de-zarautz-20240126\/#breadcrumb","itemListElement":[{"@type":"ListItem","position":1,"name":"Home","item":"https:\/\/eraztunberdeurdina.eus\/es\/anillo-verde-azul\/"},{"@type":"ListItem","position":2,"name":"CON MOTIVO DEL D\u00cdA INTERNACIONAL DE LOS HUMEDALES, SE REALIZAR\u00c1N DIVERSAS ACTIVIDADES DESDE EL ANILLO VERDE AZUL DE ZARAUTZ"}]},{"@type":"WebSite","@id":"https:\/\/eraztunberdeurdina.eus\/#website","url":"https:\/\/eraztunberdeurdina.eus\/","name":"Zarauzko Eraztun Berde Urdina","description":"Herri-inguruko berdeguneen zaintza","publisher":{"@id":"https:\/\/eraztunberdeurdina.eus\/#organization"},"potentialAction":[{"@type":"SearchAction","target":{"@type":"EntryPoint","urlTemplate":"https:\/\/eraztunberdeurdina.eus\/?s={search_term_string}"},"query-input":{"@type":"PropertyValueSpecification","valueRequired":true,"valueName":"search_term_string"}}],"inLanguage":"es"},{"@type":"Organization","@id":"https:\/\/eraztunberdeurdina.eus\/#organization","name":"Zarauzko Eraztun Berde Urdina","url":"https:\/\/eraztunberdeurdina.eus\/","logo":{"@type":"ImageObject","inLanguage":"es","@id":"https:\/\/eraztunberdeurdina.eus\/#\/schema\/logo\/image\/","url":"https:\/\/eraztunberdeurdina.eus\/wp-content\/uploads\/2018\/07\/EBUkoloretan.jpg","contentUrl":"https:\/\/eraztunberdeurdina.eus\/wp-content\/uploads\/2018\/07\/EBUkoloretan.jpg","width":934,"height":687,"caption":"Zarauzko Eraztun Berde Urdina"},"image":{"@id":"https:\/\/eraztunberdeurdina.eus\/#\/schema\/logo\/image\/"}},{"@type":"Person","@id":"https:\/\/eraztunberdeurdina.eus\/#\/schema\/person\/a9c3a9d9ddfc0024a1d798d33b8eb53c","name":"ebu"}]}},"_links":{"self":[{"href":"https:\/\/eraztunberdeurdina.eus\/es\/wp-json\/wp\/v2\/posts\/3181","targetHints":{"allow":["GET"]}}],"collection":[{"href":"https:\/\/eraztunberdeurdina.eus\/es\/wp-json\/wp\/v2\/posts"}],"about":[{"href":"https:\/\/eraztunberdeurdina.eus\/es\/wp-json\/wp\/v2\/types\/post"}],"author":[{"embeddable":true,"href":"https:\/\/eraztunberdeurdina.eus\/es\/wp-json\/wp\/v2\/users\/3"}],"replies":[{"embeddable":true,"href":"https:\/\/eraztunberdeurdina.eus\/es\/wp-json\/wp\/v2\/comments?post=3181"}],"version-history":[{"count":1,"href":"https:\/\/eraztunberdeurdina.eus\/es\/wp-json\/wp\/v2\/posts\/3181\/revisions"}],"predecessor-version":[{"id":3182,"href":"https:\/\/eraztunberdeurdina.eus\/es\/wp-json\/wp\/v2\/posts\/3181\/revisions\/3182"}],"wp:featuredmedia":[{"embeddable":true,"href":"https:\/\/eraztunberdeurdina.eus\/es\/wp-json\/wp\/v2\/media\/3179"}],"wp:attachment":[{"href":"https:\/\/eraztunberdeurdina.eus\/es\/wp-json\/wp\/v2\/media?parent=3181"}],"wp:term":[{"taxonomy":"category","embeddable":true,"href":"https:\/\/eraztunberdeurdina.eus\/es\/wp-json\/wp\/v2\/categories?post=3181"},{"taxonomy":"post_tag","embeddable":true,"href":"https:\/\/eraztunberdeurdina.eus\/es\/wp-json\/wp\/v2\/tags?post=3181"}],"curies":[{"name":"wp","href":"https:\/\/api.w.org\/{rel}","templated":true}]}}