{"id":3188,"date":"2024-02-02T13:13:22","date_gmt":"2024-02-02T12:13:22","guid":{"rendered":"https:\/\/eraztunberdeurdina.eus\/?p=3188"},"modified":"2024-02-05T13:16:51","modified_gmt":"2024-02-05T12:16:51","slug":"dia-del-arbol-en-irita-para-celebrar-el-dia-mundial-de-los-humedales","status":"publish","type":"post","link":"https:\/\/eraztunberdeurdina.eus\/es\/dia-del-arbol-en-irita-para-celebrar-el-dia-mundial-de-los-humedales-20240202\/","title":{"rendered":"D\u00eda del \u00c1rbol en Irita para celebrar el D\u00eda Mundial de los Humedales"},"content":{"rendered":"<p>Hoy, 2 de febrero es el D\u00eda Internacional de los Humedales y para celebrarlo hemos ido al humedal Irita con los alumnos de 4\u00ba de la Herri Eskola Orokieta a realizar la plantaci\u00f3n de \u00e1rboles. Cada a\u00f1o el Departamento de Medio Ambiente del Ayuntamiento de Zarautz celebra el Zuhaitz Eguna con un centro educativo de Zarautz y este a\u00f1o ha sido el turno de Orokieta. Los alumnos de la Herri Eskola han acudido con entusiasmo al Zuhaitz Eguna y han realizado un excelente trabajo. Nuestro m\u00e1s sincero agradecimiento al alumnado y al profesorado que ha participado hoy en el Zuhaitz Eguna.<\/p>\n<p>Junto al mirador del humedal de Irita hemos plantado \u00e1rboles con el fin de crear un bosque que ofrezca refugio y sombra a las aves que habitan en este ecosistema. El objetivo es crear una aliseda, un bosque t\u00edpico de las aguas y riberas. En la aliseda adem\u00e1s de plantar \u00e1rboles de aliso, se han plantado avellanos, sauces y fresnos. En total se han plantado 140 \u00e1rboles.<\/p>\n<p>Esta plantaci\u00f3n arb\u00f3rea se sit\u00faa en la fase final de las obras de recuperaci\u00f3n del humedal de Irita, ya que es el momento de realizar este tipo de plantaciones. En los pr\u00f3ximos d\u00edas se proceder\u00e1 a la plantaci\u00f3n de carrizales, que con el tiempo se convertir\u00e1 en un bello humedal, junto a un hermoso bosque. Con estas iniciativas culminamos la recuperaci\u00f3n de este importante y bello ecosistema de humedal. Hace 5 a\u00f1os el r\u00edo discurr\u00eda entre muros de hormig\u00f3n. Hoy en d\u00eda hemos naturalizado el r\u00edo, se ha ampliado el humedal, se ha plantado un hermoso bosque, se ha creado un paseo, un puente y un mirador para el pueblo, en este importante y vulnerable ecosistema del Anillo Verde Azul.<\/p>\n<p>Ahora tenemos que dejar que la naturaleza siga su camino y a nosotros nos toca cuidar, mantenerlo limpio y disfrutar. Entre todas y todos lo conseguiremos.<\/p>\n","protected":false},"excerpt":{"rendered":"<p>Hoy, 2 de febrero es el D\u00eda Internacional de los Humedales y para celebrarlo hemos ido al humedal Irita con [&hellip;]<\/p>\n","protected":false},"author":3,"featured_media":3186,"comment_status":"closed","ping_status":"closed","sticky":false,"template":"","format":"standard","meta":{"_acf_changed":false,"site-sidebar-layout":"default","site-content-layout":"","ast-site-content-layout":"default","site-content-style":"default","site-sidebar-style":"default","ast-global-header-display":"","ast-banner-title-visibility":"","ast-main-header-display":"","ast-hfb-above-header-display":"","ast-hfb-below-header-display":"","ast-hfb-mobile-header-display":"","site-post-title":"","ast-breadcrumbs-content":"","ast-featured-img":"","footer-sml-layout":"","ast-disable-related-posts":"","theme-transparent-header-meta":"","adv-header-id-meta":"","stick-header-meta":"","header-above-stick-meta":"","header-main-stick-meta":"","header-below-stick-meta":"","astra-migrate-meta-layouts":"default","ast-page-background-enabled":"default","ast-page-background-meta":{"desktop":{"background-color":"var(--ast-global-color-5)","background-image":"","background-repeat":"repeat","background-position":"center center","background-size":"auto","background-attachment":"scroll","background-type":"","background-media":"","overlay-type":"","overlay-color":"","overlay-opacity":"","overlay-gradient":""},"tablet":{"background-color":"","background-image":"","background-repeat":"repeat","background-position":"center center","background-size":"auto","background-attachment":"scroll","background-type":"","background-media":"","overlay-type":"","overlay-color":"","overlay-opacity":"","overlay-gradient":""},"mobile":{"background-color":"","background-image":"","background-repeat":"repeat","background-position":"center center","background-size":"auto","background-attachment":"scroll","background-type":"","background-media":"","overlay-type":"","overlay-color":"","overlay-opacity":"","overlay-gradient":""}},"ast-content-background-meta":{"desktop":{"background-color":"var(--ast-global-color-4)","background-image":"","background-repeat":"repeat","background-position":"center center","background-size":"auto","background-attachment":"scroll","background-type":"","background-media":"","overlay-type":"","overlay-color":"","overlay-opacity":"","overlay-gradient":""},"tablet":{"background-color":"var(--ast-global-color-4)","background-image":"","background-repeat":"repeat","background-position":"center center","background-size":"auto","background-attachment":"scroll","background-type":"","background-media":"","overlay-type":"","overlay-color":"","overlay-opacity":"","overlay-gradient":""},"mobile":{"background-color":"var(--ast-global-color-4)","background-image":"","background-repeat":"repeat","background-position":"center center","background-size":"auto","background-attachment":"scroll","background-type":"","background-media":"","overlay-type":"","overlay-color":"","overlay-opacity":"","overlay-gradient":""}},"footnotes":""},"categories":[470,263,622],"tags":[498,452,617,34,353,89,82,435,620,264,28,35,27],"class_list":["post-3188","post","type-post","status-publish","format-standard","has-post-thumbnail","hentry","category-colegios","category-sensibilizacion","category-zuhaitz-eguna-2","tag-anillo-verde-azul-de-zarautz","tag-dia-del-arbol","tag-dia-internacional-de-los-humedales","tag-eraztun-berde-urdina","tag-humedal","tag-humedales","tag-irita","tag-orokieta","tag-orokieta-herri-eskola","tag-sensibilizacion","tag-zarautz","tag-zarauzko-udala","tag-zuhaitz-eguna"],"acf":[],"yoast_head":"<!-- This site is optimized with the Yoast SEO plugin v27.1.1 - https:\/\/yoast.com\/product\/yoast-seo-wordpress\/ -->\n<title>D\u00eda del \u00c1rbol en Irita para celebrar el D\u00eda Mundial de los Humedales - Anillo Verde Azul de Zarautz<\/title>\n<meta name=\"robots\" content=\"index, follow, max-snippet:-1, max-image-preview:large, max-video-preview:-1\" \/>\n<link rel=\"canonical\" href=\"https:\/\/eraztunberdeurdina.eus\/es\/dia-del-arbol-en-irita-para-celebrar-el-dia-mundial-de-los-humedales-20240202\/\" \/>\n<meta property=\"og:locale\" content=\"es_ES\" \/>\n<meta property=\"og:type\" content=\"article\" \/>\n<meta property=\"og:title\" content=\"D\u00eda del \u00c1rbol en Irita para celebrar el D\u00eda Mundial de los Humedales - Anillo Verde Azul de Zarautz\" \/>\n<meta property=\"og:description\" content=\"Hoy, 2 de febrero es el D\u00eda Internacional de los Humedales y para celebrarlo hemos ido al humedal Irita con [&hellip;]\" \/>\n<meta property=\"og:url\" content=\"https:\/\/eraztunberdeurdina.eus\/es\/dia-del-arbol-en-irita-para-celebrar-el-dia-mundial-de-los-humedales-20240202\/\" \/>\n<meta property=\"og:site_name\" content=\"Anillo Verde Azul de Zarautz\" \/>\n<meta property=\"article:published_time\" content=\"2024-02-02T12:13:22+00:00\" \/>\n<meta property=\"article:modified_time\" content=\"2024-02-05T12:16:51+00:00\" \/>\n<meta property=\"og:image\" content=\"https:\/\/eraztunberdeurdina.eus\/wp-content\/uploads\/2024\/02\/IMG_20240202_102444-e1707135401847-600x600.jpg\" \/>\n\t<meta property=\"og:image:width\" content=\"600\" \/>\n\t<meta property=\"og:image:height\" content=\"600\" \/>\n\t<meta property=\"og:image:type\" content=\"image\/jpeg\" \/>\n<meta name=\"author\" content=\"ebu\" \/>\n<meta name=\"twitter:card\" content=\"summary_large_image\" \/>\n<meta name=\"twitter:label1\" content=\"Escrito por\" \/>\n\t<meta name=\"twitter:data1\" content=\"ebu\" \/>\n\t<meta name=\"twitter:label2\" content=\"Tiempo de lectura\" \/>\n\t<meta name=\"twitter:data2\" content=\"2 minutos\" \/>\n<script type=\"application\/ld+json\" class=\"yoast-schema-graph\">{\"@context\":\"https:\/\/schema.org\",\"@graph\":[{\"@type\":\"Article\",\"@id\":\"https:\/\/eraztunberdeurdina.eus\/es\/dia-del-arbol-en-irita-para-celebrar-el-dia-mundial-de-los-humedales-20240202\/#article\",\"isPartOf\":{\"@id\":\"https:\/\/eraztunberdeurdina.eus\/es\/dia-del-arbol-en-irita-para-celebrar-el-dia-mundial-de-los-humedales-20240202\/\"},\"author\":{\"name\":\"ebu\",\"@id\":\"https:\/\/eraztunberdeurdina.eus\/#\/schema\/person\/a9c3a9d9ddfc0024a1d798d33b8eb53c\"},\"headline\":\"D\u00eda del \u00c1rbol en Irita para celebrar el D\u00eda Mundial de los Humedales\",\"datePublished\":\"2024-02-02T12:13:22+00:00\",\"dateModified\":\"2024-02-05T12:16:51+00:00\",\"mainEntityOfPage\":{\"@id\":\"https:\/\/eraztunberdeurdina.eus\/es\/dia-del-arbol-en-irita-para-celebrar-el-dia-mundial-de-los-humedales-20240202\/\"},\"wordCount\":346,\"publisher\":{\"@id\":\"https:\/\/eraztunberdeurdina.eus\/#organization\"},\"image\":{\"@id\":\"https:\/\/eraztunberdeurdina.eus\/es\/dia-del-arbol-en-irita-para-celebrar-el-dia-mundial-de-los-humedales-20240202\/#primaryimage\"},\"thumbnailUrl\":\"https:\/\/eraztunberdeurdina.eus\/wp-content\/uploads\/2024\/02\/IMG_20240202_102444-e1707135401847.jpg\",\"keywords\":[\"Anillo Verde Azul de Zarautz\",\"D\u00eda del \u00e1rbol\",\"D\u00efa Internacional de los humedales\",\"Eraztun Berde Urdina\",\"humedal\",\"humedales\",\"Irita\",\"Orokieta\",\"Orokieta Herri Eskola\",\"sensibilizaci\u00f3n\",\"Zarautz\",\"Zarauzko Udala\",\"zuhaitz eguna\"],\"articleSection\":[\"colegios\",\"sensibilizaci\u00f3n\",\"Zuhaitz Eguna\"],\"inLanguage\":\"es\"},{\"@type\":\"WebPage\",\"@id\":\"https:\/\/eraztunberdeurdina.eus\/es\/dia-del-arbol-en-irita-para-celebrar-el-dia-mundial-de-los-humedales-20240202\/\",\"url\":\"https:\/\/eraztunberdeurdina.eus\/es\/dia-del-arbol-en-irita-para-celebrar-el-dia-mundial-de-los-humedales-20240202\/\",\"name\":\"D\u00eda del \u00c1rbol en Irita para celebrar el D\u00eda Mundial de los Humedales - Anillo Verde Azul de Zarautz\",\"isPartOf\":{\"@id\":\"https:\/\/eraztunberdeurdina.eus\/#website\"},\"primaryImageOfPage\":{\"@id\":\"https:\/\/eraztunberdeurdina.eus\/es\/dia-del-arbol-en-irita-para-celebrar-el-dia-mundial-de-los-humedales-20240202\/#primaryimage\"},\"image\":{\"@id\":\"https:\/\/eraztunberdeurdina.eus\/es\/dia-del-arbol-en-irita-para-celebrar-el-dia-mundial-de-los-humedales-20240202\/#primaryimage\"},\"thumbnailUrl\":\"https:\/\/eraztunberdeurdina.eus\/wp-content\/uploads\/2024\/02\/IMG_20240202_102444-e1707135401847.jpg\",\"datePublished\":\"2024-02-02T12:13:22+00:00\",\"dateModified\":\"2024-02-05T12:16:51+00:00\",\"breadcrumb\":{\"@id\":\"https:\/\/eraztunberdeurdina.eus\/es\/dia-del-arbol-en-irita-para-celebrar-el-dia-mundial-de-los-humedales-20240202\/#breadcrumb\"},\"inLanguage\":\"es\",\"potentialAction\":[{\"@type\":\"ReadAction\",\"target\":[\"https:\/\/eraztunberdeurdina.eus\/es\/dia-del-arbol-en-irita-para-celebrar-el-dia-mundial-de-los-humedales-20240202\/\"]}]},{\"@type\":\"ImageObject\",\"inLanguage\":\"es\",\"@id\":\"https:\/\/eraztunberdeurdina.eus\/es\/dia-del-arbol-en-irita-para-celebrar-el-dia-mundial-de-los-humedales-20240202\/#primaryimage\",\"url\":\"https:\/\/eraztunberdeurdina.eus\/wp-content\/uploads\/2024\/02\/IMG_20240202_102444-e1707135401847.jpg\",\"contentUrl\":\"https:\/\/eraztunberdeurdina.eus\/wp-content\/uploads\/2024\/02\/IMG_20240202_102444-e1707135401847.jpg\",\"width\":2248,\"height\":4000},{\"@type\":\"BreadcrumbList\",\"@id\":\"https:\/\/eraztunberdeurdina.eus\/es\/dia-del-arbol-en-irita-para-celebrar-el-dia-mundial-de-los-humedales-20240202\/#breadcrumb\",\"itemListElement\":[{\"@type\":\"ListItem\",\"position\":1,\"name\":\"Home\",\"item\":\"https:\/\/eraztunberdeurdina.eus\/es\/anillo-verde-azul\/\"},{\"@type\":\"ListItem\",\"position\":2,\"name\":\"D\u00eda del \u00c1rbol en Irita para celebrar el D\u00eda Mundial de los Humedales\"}]},{\"@type\":\"WebSite\",\"@id\":\"https:\/\/eraztunberdeurdina.eus\/#website\",\"url\":\"https:\/\/eraztunberdeurdina.eus\/\",\"name\":\"Zarauzko Eraztun Berde Urdina\",\"description\":\"Herri-inguruko berdeguneen zaintza\",\"publisher\":{\"@id\":\"https:\/\/eraztunberdeurdina.eus\/#organization\"},\"potentialAction\":[{\"@type\":\"SearchAction\",\"target\":{\"@type\":\"EntryPoint\",\"urlTemplate\":\"https:\/\/eraztunberdeurdina.eus\/?s={search_term_string}\"},\"query-input\":{\"@type\":\"PropertyValueSpecification\",\"valueRequired\":true,\"valueName\":\"search_term_string\"}}],\"inLanguage\":\"es\"},{\"@type\":\"Organization\",\"@id\":\"https:\/\/eraztunberdeurdina.eus\/#organization\",\"name\":\"Zarauzko Eraztun Berde Urdina\",\"url\":\"https:\/\/eraztunberdeurdina.eus\/\",\"logo\":{\"@type\":\"ImageObject\",\"inLanguage\":\"es\",\"@id\":\"https:\/\/eraztunberdeurdina.eus\/#\/schema\/logo\/image\/\",\"url\":\"https:\/\/eraztunberdeurdina.eus\/wp-content\/uploads\/2018\/07\/EBUkoloretan.jpg\",\"contentUrl\":\"https:\/\/eraztunberdeurdina.eus\/wp-content\/uploads\/2018\/07\/EBUkoloretan.jpg\",\"width\":934,\"height\":687,\"caption\":\"Zarauzko Eraztun Berde Urdina\"},\"image\":{\"@id\":\"https:\/\/eraztunberdeurdina.eus\/#\/schema\/logo\/image\/\"}},{\"@type\":\"Person\",\"@id\":\"https:\/\/eraztunberdeurdina.eus\/#\/schema\/person\/a9c3a9d9ddfc0024a1d798d33b8eb53c\",\"name\":\"ebu\"}]}<\/script>\n<!-- \/ Yoast SEO plugin. -->","yoast_head_json":{"title":"D\u00eda del \u00c1rbol en Irita para celebrar el D\u00eda Mundial de los Humedales - Anillo Verde Azul de Zarautz","robots":{"index":"index","follow":"follow","max-snippet":"max-snippet:-1","max-image-preview":"max-image-preview:large","max-video-preview":"max-video-preview:-1"},"canonical":"https:\/\/eraztunberdeurdina.eus\/es\/dia-del-arbol-en-irita-para-celebrar-el-dia-mundial-de-los-humedales-20240202\/","og_locale":"es_ES","og_type":"article","og_title":"D\u00eda del \u00c1rbol en Irita para celebrar el D\u00eda Mundial de los Humedales - Anillo Verde Azul de Zarautz","og_description":"Hoy, 2 de febrero es el D\u00eda Internacional de los Humedales y para celebrarlo hemos ido al humedal Irita con [&hellip;]","og_url":"https:\/\/eraztunberdeurdina.eus\/es\/dia-del-arbol-en-irita-para-celebrar-el-dia-mundial-de-los-humedales-20240202\/","og_site_name":"Anillo Verde Azul de Zarautz","article_published_time":"2024-02-02T12:13:22+00:00","article_modified_time":"2024-02-05T12:16:51+00:00","og_image":[{"width":600,"height":600,"url":"https:\/\/eraztunberdeurdina.eus\/wp-content\/uploads\/2024\/02\/IMG_20240202_102444-e1707135401847-600x600.jpg","type":"image\/jpeg"}],"author":"ebu","twitter_card":"summary_large_image","twitter_misc":{"Escrito por":"ebu","Tiempo de lectura":"2 minutos"},"schema":{"@context":"https:\/\/schema.org","@graph":[{"@type":"Article","@id":"https:\/\/eraztunberdeurdina.eus\/es\/dia-del-arbol-en-irita-para-celebrar-el-dia-mundial-de-los-humedales-20240202\/#article","isPartOf":{"@id":"https:\/\/eraztunberdeurdina.eus\/es\/dia-del-arbol-en-irita-para-celebrar-el-dia-mundial-de-los-humedales-20240202\/"},"author":{"name":"ebu","@id":"https:\/\/eraztunberdeurdina.eus\/#\/schema\/person\/a9c3a9d9ddfc0024a1d798d33b8eb53c"},"headline":"D\u00eda del \u00c1rbol en Irita para celebrar el D\u00eda Mundial de los Humedales","datePublished":"2024-02-02T12:13:22+00:00","dateModified":"2024-02-05T12:16:51+00:00","mainEntityOfPage":{"@id":"https:\/\/eraztunberdeurdina.eus\/es\/dia-del-arbol-en-irita-para-celebrar-el-dia-mundial-de-los-humedales-20240202\/"},"wordCount":346,"publisher":{"@id":"https:\/\/eraztunberdeurdina.eus\/#organization"},"image":{"@id":"https:\/\/eraztunberdeurdina.eus\/es\/dia-del-arbol-en-irita-para-celebrar-el-dia-mundial-de-los-humedales-20240202\/#primaryimage"},"thumbnailUrl":"https:\/\/eraztunberdeurdina.eus\/wp-content\/uploads\/2024\/02\/IMG_20240202_102444-e1707135401847.jpg","keywords":["Anillo Verde Azul de Zarautz","D\u00eda del \u00e1rbol","D\u00efa Internacional de los humedales","Eraztun Berde Urdina","humedal","humedales","Irita","Orokieta","Orokieta Herri Eskola","sensibilizaci\u00f3n","Zarautz","Zarauzko Udala","zuhaitz eguna"],"articleSection":["colegios","sensibilizaci\u00f3n","Zuhaitz Eguna"],"inLanguage":"es"},{"@type":"WebPage","@id":"https:\/\/eraztunberdeurdina.eus\/es\/dia-del-arbol-en-irita-para-celebrar-el-dia-mundial-de-los-humedales-20240202\/","url":"https:\/\/eraztunberdeurdina.eus\/es\/dia-del-arbol-en-irita-para-celebrar-el-dia-mundial-de-los-humedales-20240202\/","name":"D\u00eda del \u00c1rbol en Irita para celebrar el D\u00eda Mundial de los Humedales - Anillo Verde Azul de Zarautz","isPartOf":{"@id":"https:\/\/eraztunberdeurdina.eus\/#website"},"primaryImageOfPage":{"@id":"https:\/\/eraztunberdeurdina.eus\/es\/dia-del-arbol-en-irita-para-celebrar-el-dia-mundial-de-los-humedales-20240202\/#primaryimage"},"image":{"@id":"https:\/\/eraztunberdeurdina.eus\/es\/dia-del-arbol-en-irita-para-celebrar-el-dia-mundial-de-los-humedales-20240202\/#primaryimage"},"thumbnailUrl":"https:\/\/eraztunberdeurdina.eus\/wp-content\/uploads\/2024\/02\/IMG_20240202_102444-e1707135401847.jpg","datePublished":"2024-02-02T12:13:22+00:00","dateModified":"2024-02-05T12:16:51+00:00","breadcrumb":{"@id":"https:\/\/eraztunberdeurdina.eus\/es\/dia-del-arbol-en-irita-para-celebrar-el-dia-mundial-de-los-humedales-20240202\/#breadcrumb"},"inLanguage":"es","potentialAction":[{"@type":"ReadAction","target":["https:\/\/eraztunberdeurdina.eus\/es\/dia-del-arbol-en-irita-para-celebrar-el-dia-mundial-de-los-humedales-20240202\/"]}]},{"@type":"ImageObject","inLanguage":"es","@id":"https:\/\/eraztunberdeurdina.eus\/es\/dia-del-arbol-en-irita-para-celebrar-el-dia-mundial-de-los-humedales-20240202\/#primaryimage","url":"https:\/\/eraztunberdeurdina.eus\/wp-content\/uploads\/2024\/02\/IMG_20240202_102444-e1707135401847.jpg","contentUrl":"https:\/\/eraztunberdeurdina.eus\/wp-content\/uploads\/2024\/02\/IMG_20240202_102444-e1707135401847.jpg","width":2248,"height":4000},{"@type":"BreadcrumbList","@id":"https:\/\/eraztunberdeurdina.eus\/es\/dia-del-arbol-en-irita-para-celebrar-el-dia-mundial-de-los-humedales-20240202\/#breadcrumb","itemListElement":[{"@type":"ListItem","position":1,"name":"Home","item":"https:\/\/eraztunberdeurdina.eus\/es\/anillo-verde-azul\/"},{"@type":"ListItem","position":2,"name":"D\u00eda del \u00c1rbol en Irita para celebrar el D\u00eda Mundial de los Humedales"}]},{"@type":"WebSite","@id":"https:\/\/eraztunberdeurdina.eus\/#website","url":"https:\/\/eraztunberdeurdina.eus\/","name":"Zarauzko Eraztun Berde Urdina","description":"Herri-inguruko berdeguneen zaintza","publisher":{"@id":"https:\/\/eraztunberdeurdina.eus\/#organization"},"potentialAction":[{"@type":"SearchAction","target":{"@type":"EntryPoint","urlTemplate":"https:\/\/eraztunberdeurdina.eus\/?s={search_term_string}"},"query-input":{"@type":"PropertyValueSpecification","valueRequired":true,"valueName":"search_term_string"}}],"inLanguage":"es"},{"@type":"Organization","@id":"https:\/\/eraztunberdeurdina.eus\/#organization","name":"Zarauzko Eraztun Berde Urdina","url":"https:\/\/eraztunberdeurdina.eus\/","logo":{"@type":"ImageObject","inLanguage":"es","@id":"https:\/\/eraztunberdeurdina.eus\/#\/schema\/logo\/image\/","url":"https:\/\/eraztunberdeurdina.eus\/wp-content\/uploads\/2018\/07\/EBUkoloretan.jpg","contentUrl":"https:\/\/eraztunberdeurdina.eus\/wp-content\/uploads\/2018\/07\/EBUkoloretan.jpg","width":934,"height":687,"caption":"Zarauzko Eraztun Berde Urdina"},"image":{"@id":"https:\/\/eraztunberdeurdina.eus\/#\/schema\/logo\/image\/"}},{"@type":"Person","@id":"https:\/\/eraztunberdeurdina.eus\/#\/schema\/person\/a9c3a9d9ddfc0024a1d798d33b8eb53c","name":"ebu"}]}},"_links":{"self":[{"href":"https:\/\/eraztunberdeurdina.eus\/es\/wp-json\/wp\/v2\/posts\/3188","targetHints":{"allow":["GET"]}}],"collection":[{"href":"https:\/\/eraztunberdeurdina.eus\/es\/wp-json\/wp\/v2\/posts"}],"about":[{"href":"https:\/\/eraztunberdeurdina.eus\/es\/wp-json\/wp\/v2\/types\/post"}],"author":[{"embeddable":true,"href":"https:\/\/eraztunberdeurdina.eus\/es\/wp-json\/wp\/v2\/users\/3"}],"replies":[{"embeddable":true,"href":"https:\/\/eraztunberdeurdina.eus\/es\/wp-json\/wp\/v2\/comments?post=3188"}],"version-history":[{"count":1,"href":"https:\/\/eraztunberdeurdina.eus\/es\/wp-json\/wp\/v2\/posts\/3188\/revisions"}],"predecessor-version":[{"id":3189,"href":"https:\/\/eraztunberdeurdina.eus\/es\/wp-json\/wp\/v2\/posts\/3188\/revisions\/3189"}],"wp:featuredmedia":[{"embeddable":true,"href":"https:\/\/eraztunberdeurdina.eus\/es\/wp-json\/wp\/v2\/media\/3186"}],"wp:attachment":[{"href":"https:\/\/eraztunberdeurdina.eus\/es\/wp-json\/wp\/v2\/media?parent=3188"}],"wp:term":[{"taxonomy":"category","embeddable":true,"href":"https:\/\/eraztunberdeurdina.eus\/es\/wp-json\/wp\/v2\/categories?post=3188"},{"taxonomy":"post_tag","embeddable":true,"href":"https:\/\/eraztunberdeurdina.eus\/es\/wp-json\/wp\/v2\/tags?post=3188"}],"curies":[{"name":"wp","href":"https:\/\/api.w.org\/{rel}","templated":true}]}}