{"id":3393,"date":"2024-10-13T17:08:29","date_gmt":"2024-10-13T15:08:29","guid":{"rendered":"https:\/\/eraztunberdeurdina.eus\/?p=3393"},"modified":"2024-10-13T17:08:29","modified_gmt":"2024-10-13T15:08:29","slug":"gracias-por-participar-en-la-iniciativa-de-hoy-en-irita","status":"publish","type":"post","link":"https:\/\/eraztunberdeurdina.eus\/es\/gracias-por-participar-en-la-iniciativa-de-hoy-en-irita-20241013\/","title":{"rendered":"Gracias por participar en la iniciativa de hoy en Irita"},"content":{"rendered":"<div dir=\"auto\">Hoy hemos realizado un auzolan en colaboraci\u00f3n con un grupo de vecinas y vecinos de todas las edades para la retirada manual de las plantas invasoras del humedal de Irita. Adem\u00e1s de conocer las plantas invasoras m\u00e1s frecuentes en el Anillo Verde Azul, hemos tenido la oportunidad de hacer un buen almuerzo despu\u00e9s del trabajo comunitario. Tambi\u00e9n hemos podido observar aves como garcetas, garzas o el Mart\u00edn pescador<\/div>\n<div dir=\"auto\">Gracias a todas las personas que os hab\u00e9is acercado a participar. !hemos hecho un buen trabajo! Seguiremos trabajando<\/div>\n<p>&nbsp;<\/p>\n<p>&nbsp;<\/p>\n<div dir=\"auto\">.<\/div>\n<p>&nbsp;<\/p>\n","protected":false},"excerpt":{"rendered":"<p>Hoy hemos realizado un auzolan en colaboraci\u00f3n con un grupo de vecinas y vecinos de todas las edades para la [&hellip;]<\/p>\n","protected":false},"author":3,"featured_media":3394,"comment_status":"closed","ping_status":"closed","sticky":false,"template":"","format":"standard","meta":{"_acf_changed":false,"site-sidebar-layout":"default","site-content-layout":"","ast-site-content-layout":"default","site-content-style":"default","site-sidebar-style":"default","ast-global-header-display":"","ast-banner-title-visibility":"","ast-main-header-display":"","ast-hfb-above-header-display":"","ast-hfb-below-header-display":"","ast-hfb-mobile-header-display":"","site-post-title":"","ast-breadcrumbs-content":"","ast-featured-img":"","footer-sml-layout":"","ast-disable-related-posts":"","theme-transparent-header-meta":"","adv-header-id-meta":"","stick-header-meta":"","header-above-stick-meta":"","header-main-stick-meta":"","header-below-stick-meta":"","astra-migrate-meta-layouts":"default","ast-page-background-enabled":"default","ast-page-background-meta":{"desktop":{"background-color":"var(--ast-global-color-5)","background-image":"","background-repeat":"repeat","background-position":"center center","background-size":"auto","background-attachment":"scroll","background-type":"","background-media":"","overlay-type":"","overlay-color":"","overlay-opacity":"","overlay-gradient":""},"tablet":{"background-color":"","background-image":"","background-repeat":"repeat","background-position":"center center","background-size":"auto","background-attachment":"scroll","background-type":"","background-media":"","overlay-type":"","overlay-color":"","overlay-opacity":"","overlay-gradient":""},"mobile":{"background-color":"","background-image":"","background-repeat":"repeat","background-position":"center center","background-size":"auto","background-attachment":"scroll","background-type":"","background-media":"","overlay-type":"","overlay-color":"","overlay-opacity":"","overlay-gradient":""}},"ast-content-background-meta":{"desktop":{"background-color":"var(--ast-global-color-4)","background-image":"","background-repeat":"repeat","background-position":"center center","background-size":"auto","background-attachment":"scroll","background-type":"","background-media":"","overlay-type":"","overlay-color":"","overlay-opacity":"","overlay-gradient":""},"tablet":{"background-color":"var(--ast-global-color-4)","background-image":"","background-repeat":"repeat","background-position":"center center","background-size":"auto","background-attachment":"scroll","background-type":"","background-media":"","overlay-type":"","overlay-color":"","overlay-opacity":"","overlay-gradient":""},"mobile":{"background-color":"var(--ast-global-color-4)","background-image":"","background-repeat":"repeat","background-position":"center center","background-size":"auto","background-attachment":"scroll","background-type":"","background-media":"","overlay-type":"","overlay-color":"","overlay-opacity":"","overlay-gradient":""}},"footnotes":""},"categories":[86,442,60,443,454,493,263,654],"tags":[33,498,106,496,634,28],"class_list":["post-3393","post","type-post","status-publish","format-standard","has-post-thumbnail","hentry","category-actividades","category-biodiversidad","category-dinamizacion","category-humedal","category-irita","category-plantas-invasoras","category-sensibilizacion","category-zarautz","tag-anillo-verde-azul","tag-anillo-verde-azul-de-zarautz","tag-ayuntamiento-de-zarautz","tag-plantas-exoticas-invasoras","tag-trabajo-comunitario","tag-zarautz"],"acf":[],"yoast_head":"<!-- This site is optimized with the Yoast SEO plugin v27.1.1 - https:\/\/yoast.com\/product\/yoast-seo-wordpress\/ -->\n<title>Gracias por participar en la iniciativa de hoy en Irita - Anillo Verde Azul de Zarautz<\/title>\n<meta name=\"robots\" content=\"index, follow, max-snippet:-1, max-image-preview:large, max-video-preview:-1\" \/>\n<link rel=\"canonical\" href=\"https:\/\/eraztunberdeurdina.eus\/es\/gracias-por-participar-en-la-iniciativa-de-hoy-en-irita-20241013\/\" \/>\n<meta property=\"og:locale\" content=\"es_ES\" \/>\n<meta property=\"og:type\" content=\"article\" \/>\n<meta property=\"og:title\" content=\"Gracias por participar en la iniciativa de hoy en Irita - Anillo Verde Azul de Zarautz\" \/>\n<meta property=\"og:description\" content=\"Hoy hemos realizado un auzolan en colaboraci\u00f3n con un grupo de vecinas y vecinos de todas las edades para la [&hellip;]\" \/>\n<meta property=\"og:url\" content=\"https:\/\/eraztunberdeurdina.eus\/es\/gracias-por-participar-en-la-iniciativa-de-hoy-en-irita-20241013\/\" \/>\n<meta property=\"og:site_name\" content=\"Anillo Verde Azul de Zarautz\" \/>\n<meta property=\"article:published_time\" content=\"2024-10-13T15:08:29+00:00\" \/>\n<meta property=\"og:image\" content=\"https:\/\/eraztunberdeurdina.eus\/wp-content\/uploads\/2024\/10\/462714968_529568936493663_2493041985600265243_n.jpg\" \/>\n\t<meta property=\"og:image:width\" content=\"960\" \/>\n\t<meta property=\"og:image:height\" content=\"803\" \/>\n\t<meta property=\"og:image:type\" content=\"image\/jpeg\" \/>\n<meta name=\"author\" content=\"ebu\" \/>\n<meta name=\"twitter:card\" content=\"summary_large_image\" \/>\n<meta name=\"twitter:label1\" content=\"Escrito por\" \/>\n\t<meta name=\"twitter:data1\" content=\"ebu\" \/>\n<script type=\"application\/ld+json\" class=\"yoast-schema-graph\">{\"@context\":\"https:\/\/schema.org\",\"@graph\":[{\"@type\":\"Article\",\"@id\":\"https:\/\/eraztunberdeurdina.eus\/es\/gracias-por-participar-en-la-iniciativa-de-hoy-en-irita-20241013\/#article\",\"isPartOf\":{\"@id\":\"https:\/\/eraztunberdeurdina.eus\/es\/gracias-por-participar-en-la-iniciativa-de-hoy-en-irita-20241013\/\"},\"author\":{\"name\":\"ebu\",\"@id\":\"https:\/\/eraztunberdeurdina.eus\/#\/schema\/person\/a9c3a9d9ddfc0024a1d798d33b8eb53c\"},\"headline\":\"Gracias por participar en la iniciativa de hoy en Irita\",\"datePublished\":\"2024-10-13T15:08:29+00:00\",\"mainEntityOfPage\":{\"@id\":\"https:\/\/eraztunberdeurdina.eus\/es\/gracias-por-participar-en-la-iniciativa-de-hoy-en-irita-20241013\/\"},\"wordCount\":106,\"publisher\":{\"@id\":\"https:\/\/eraztunberdeurdina.eus\/#organization\"},\"image\":{\"@id\":\"https:\/\/eraztunberdeurdina.eus\/es\/gracias-por-participar-en-la-iniciativa-de-hoy-en-irita-20241013\/#primaryimage\"},\"thumbnailUrl\":\"https:\/\/eraztunberdeurdina.eus\/wp-content\/uploads\/2024\/10\/462714968_529568936493663_2493041985600265243_n.jpg\",\"keywords\":[\"anillo verde azul\",\"Anillo Verde Azul de Zarautz\",\"Ayuntamiento de Zarautz\",\"plantas ex\u00f3ticas invasoras\",\"trabajo comunitario\",\"Zarautz\"],\"articleSection\":[\"Actividades\",\"biodiversidad\",\"dinamizaci\u00f3n\",\"humedal\",\"Irita\",\"plantas invasoras\",\"sensibilizaci\u00f3n\",\"Zarautz\"],\"inLanguage\":\"es\"},{\"@type\":\"WebPage\",\"@id\":\"https:\/\/eraztunberdeurdina.eus\/es\/gracias-por-participar-en-la-iniciativa-de-hoy-en-irita-20241013\/\",\"url\":\"https:\/\/eraztunberdeurdina.eus\/es\/gracias-por-participar-en-la-iniciativa-de-hoy-en-irita-20241013\/\",\"name\":\"Gracias por participar en la iniciativa de hoy en Irita - Anillo Verde Azul de Zarautz\",\"isPartOf\":{\"@id\":\"https:\/\/eraztunberdeurdina.eus\/#website\"},\"primaryImageOfPage\":{\"@id\":\"https:\/\/eraztunberdeurdina.eus\/es\/gracias-por-participar-en-la-iniciativa-de-hoy-en-irita-20241013\/#primaryimage\"},\"image\":{\"@id\":\"https:\/\/eraztunberdeurdina.eus\/es\/gracias-por-participar-en-la-iniciativa-de-hoy-en-irita-20241013\/#primaryimage\"},\"thumbnailUrl\":\"https:\/\/eraztunberdeurdina.eus\/wp-content\/uploads\/2024\/10\/462714968_529568936493663_2493041985600265243_n.jpg\",\"datePublished\":\"2024-10-13T15:08:29+00:00\",\"breadcrumb\":{\"@id\":\"https:\/\/eraztunberdeurdina.eus\/es\/gracias-por-participar-en-la-iniciativa-de-hoy-en-irita-20241013\/#breadcrumb\"},\"inLanguage\":\"es\",\"potentialAction\":[{\"@type\":\"ReadAction\",\"target\":[\"https:\/\/eraztunberdeurdina.eus\/es\/gracias-por-participar-en-la-iniciativa-de-hoy-en-irita-20241013\/\"]}]},{\"@type\":\"ImageObject\",\"inLanguage\":\"es\",\"@id\":\"https:\/\/eraztunberdeurdina.eus\/es\/gracias-por-participar-en-la-iniciativa-de-hoy-en-irita-20241013\/#primaryimage\",\"url\":\"https:\/\/eraztunberdeurdina.eus\/wp-content\/uploads\/2024\/10\/462714968_529568936493663_2493041985600265243_n.jpg\",\"contentUrl\":\"https:\/\/eraztunberdeurdina.eus\/wp-content\/uploads\/2024\/10\/462714968_529568936493663_2493041985600265243_n.jpg\",\"width\":960,\"height\":803},{\"@type\":\"BreadcrumbList\",\"@id\":\"https:\/\/eraztunberdeurdina.eus\/es\/gracias-por-participar-en-la-iniciativa-de-hoy-en-irita-20241013\/#breadcrumb\",\"itemListElement\":[{\"@type\":\"ListItem\",\"position\":1,\"name\":\"Home\",\"item\":\"https:\/\/eraztunberdeurdina.eus\/es\/anillo-verde-azul\/\"},{\"@type\":\"ListItem\",\"position\":2,\"name\":\"Gracias por participar en la iniciativa de hoy en Irita\"}]},{\"@type\":\"WebSite\",\"@id\":\"https:\/\/eraztunberdeurdina.eus\/#website\",\"url\":\"https:\/\/eraztunberdeurdina.eus\/\",\"name\":\"Zarauzko Eraztun Berde Urdina\",\"description\":\"Herri-inguruko berdeguneen zaintza\",\"publisher\":{\"@id\":\"https:\/\/eraztunberdeurdina.eus\/#organization\"},\"potentialAction\":[{\"@type\":\"SearchAction\",\"target\":{\"@type\":\"EntryPoint\",\"urlTemplate\":\"https:\/\/eraztunberdeurdina.eus\/?s={search_term_string}\"},\"query-input\":{\"@type\":\"PropertyValueSpecification\",\"valueRequired\":true,\"valueName\":\"search_term_string\"}}],\"inLanguage\":\"es\"},{\"@type\":\"Organization\",\"@id\":\"https:\/\/eraztunberdeurdina.eus\/#organization\",\"name\":\"Zarauzko Eraztun Berde Urdina\",\"url\":\"https:\/\/eraztunberdeurdina.eus\/\",\"logo\":{\"@type\":\"ImageObject\",\"inLanguage\":\"es\",\"@id\":\"https:\/\/eraztunberdeurdina.eus\/#\/schema\/logo\/image\/\",\"url\":\"https:\/\/eraztunberdeurdina.eus\/wp-content\/uploads\/2018\/07\/EBUkoloretan.jpg\",\"contentUrl\":\"https:\/\/eraztunberdeurdina.eus\/wp-content\/uploads\/2018\/07\/EBUkoloretan.jpg\",\"width\":934,\"height\":687,\"caption\":\"Zarauzko Eraztun Berde Urdina\"},\"image\":{\"@id\":\"https:\/\/eraztunberdeurdina.eus\/#\/schema\/logo\/image\/\"}},{\"@type\":\"Person\",\"@id\":\"https:\/\/eraztunberdeurdina.eus\/#\/schema\/person\/a9c3a9d9ddfc0024a1d798d33b8eb53c\",\"name\":\"ebu\"}]}<\/script>\n<!-- \/ Yoast SEO plugin. -->","yoast_head_json":{"title":"Gracias por participar en la iniciativa de hoy en Irita - Anillo Verde Azul de Zarautz","robots":{"index":"index","follow":"follow","max-snippet":"max-snippet:-1","max-image-preview":"max-image-preview:large","max-video-preview":"max-video-preview:-1"},"canonical":"https:\/\/eraztunberdeurdina.eus\/es\/gracias-por-participar-en-la-iniciativa-de-hoy-en-irita-20241013\/","og_locale":"es_ES","og_type":"article","og_title":"Gracias por participar en la iniciativa de hoy en Irita - Anillo Verde Azul de Zarautz","og_description":"Hoy hemos realizado un auzolan en colaboraci\u00f3n con un grupo de vecinas y vecinos de todas las edades para la [&hellip;]","og_url":"https:\/\/eraztunberdeurdina.eus\/es\/gracias-por-participar-en-la-iniciativa-de-hoy-en-irita-20241013\/","og_site_name":"Anillo Verde Azul de Zarautz","article_published_time":"2024-10-13T15:08:29+00:00","og_image":[{"width":960,"height":803,"url":"https:\/\/eraztunberdeurdina.eus\/wp-content\/uploads\/2024\/10\/462714968_529568936493663_2493041985600265243_n.jpg","type":"image\/jpeg"}],"author":"ebu","twitter_card":"summary_large_image","twitter_misc":{"Escrito por":"ebu"},"schema":{"@context":"https:\/\/schema.org","@graph":[{"@type":"Article","@id":"https:\/\/eraztunberdeurdina.eus\/es\/gracias-por-participar-en-la-iniciativa-de-hoy-en-irita-20241013\/#article","isPartOf":{"@id":"https:\/\/eraztunberdeurdina.eus\/es\/gracias-por-participar-en-la-iniciativa-de-hoy-en-irita-20241013\/"},"author":{"name":"ebu","@id":"https:\/\/eraztunberdeurdina.eus\/#\/schema\/person\/a9c3a9d9ddfc0024a1d798d33b8eb53c"},"headline":"Gracias por participar en la iniciativa de hoy en Irita","datePublished":"2024-10-13T15:08:29+00:00","mainEntityOfPage":{"@id":"https:\/\/eraztunberdeurdina.eus\/es\/gracias-por-participar-en-la-iniciativa-de-hoy-en-irita-20241013\/"},"wordCount":106,"publisher":{"@id":"https:\/\/eraztunberdeurdina.eus\/#organization"},"image":{"@id":"https:\/\/eraztunberdeurdina.eus\/es\/gracias-por-participar-en-la-iniciativa-de-hoy-en-irita-20241013\/#primaryimage"},"thumbnailUrl":"https:\/\/eraztunberdeurdina.eus\/wp-content\/uploads\/2024\/10\/462714968_529568936493663_2493041985600265243_n.jpg","keywords":["anillo verde azul","Anillo Verde Azul de Zarautz","Ayuntamiento de Zarautz","plantas ex\u00f3ticas invasoras","trabajo comunitario","Zarautz"],"articleSection":["Actividades","biodiversidad","dinamizaci\u00f3n","humedal","Irita","plantas invasoras","sensibilizaci\u00f3n","Zarautz"],"inLanguage":"es"},{"@type":"WebPage","@id":"https:\/\/eraztunberdeurdina.eus\/es\/gracias-por-participar-en-la-iniciativa-de-hoy-en-irita-20241013\/","url":"https:\/\/eraztunberdeurdina.eus\/es\/gracias-por-participar-en-la-iniciativa-de-hoy-en-irita-20241013\/","name":"Gracias por participar en la iniciativa de hoy en Irita - Anillo Verde Azul de Zarautz","isPartOf":{"@id":"https:\/\/eraztunberdeurdina.eus\/#website"},"primaryImageOfPage":{"@id":"https:\/\/eraztunberdeurdina.eus\/es\/gracias-por-participar-en-la-iniciativa-de-hoy-en-irita-20241013\/#primaryimage"},"image":{"@id":"https:\/\/eraztunberdeurdina.eus\/es\/gracias-por-participar-en-la-iniciativa-de-hoy-en-irita-20241013\/#primaryimage"},"thumbnailUrl":"https:\/\/eraztunberdeurdina.eus\/wp-content\/uploads\/2024\/10\/462714968_529568936493663_2493041985600265243_n.jpg","datePublished":"2024-10-13T15:08:29+00:00","breadcrumb":{"@id":"https:\/\/eraztunberdeurdina.eus\/es\/gracias-por-participar-en-la-iniciativa-de-hoy-en-irita-20241013\/#breadcrumb"},"inLanguage":"es","potentialAction":[{"@type":"ReadAction","target":["https:\/\/eraztunberdeurdina.eus\/es\/gracias-por-participar-en-la-iniciativa-de-hoy-en-irita-20241013\/"]}]},{"@type":"ImageObject","inLanguage":"es","@id":"https:\/\/eraztunberdeurdina.eus\/es\/gracias-por-participar-en-la-iniciativa-de-hoy-en-irita-20241013\/#primaryimage","url":"https:\/\/eraztunberdeurdina.eus\/wp-content\/uploads\/2024\/10\/462714968_529568936493663_2493041985600265243_n.jpg","contentUrl":"https:\/\/eraztunberdeurdina.eus\/wp-content\/uploads\/2024\/10\/462714968_529568936493663_2493041985600265243_n.jpg","width":960,"height":803},{"@type":"BreadcrumbList","@id":"https:\/\/eraztunberdeurdina.eus\/es\/gracias-por-participar-en-la-iniciativa-de-hoy-en-irita-20241013\/#breadcrumb","itemListElement":[{"@type":"ListItem","position":1,"name":"Home","item":"https:\/\/eraztunberdeurdina.eus\/es\/anillo-verde-azul\/"},{"@type":"ListItem","position":2,"name":"Gracias por participar en la iniciativa de hoy en Irita"}]},{"@type":"WebSite","@id":"https:\/\/eraztunberdeurdina.eus\/#website","url":"https:\/\/eraztunberdeurdina.eus\/","name":"Zarauzko Eraztun Berde Urdina","description":"Herri-inguruko berdeguneen zaintza","publisher":{"@id":"https:\/\/eraztunberdeurdina.eus\/#organization"},"potentialAction":[{"@type":"SearchAction","target":{"@type":"EntryPoint","urlTemplate":"https:\/\/eraztunberdeurdina.eus\/?s={search_term_string}"},"query-input":{"@type":"PropertyValueSpecification","valueRequired":true,"valueName":"search_term_string"}}],"inLanguage":"es"},{"@type":"Organization","@id":"https:\/\/eraztunberdeurdina.eus\/#organization","name":"Zarauzko Eraztun Berde Urdina","url":"https:\/\/eraztunberdeurdina.eus\/","logo":{"@type":"ImageObject","inLanguage":"es","@id":"https:\/\/eraztunberdeurdina.eus\/#\/schema\/logo\/image\/","url":"https:\/\/eraztunberdeurdina.eus\/wp-content\/uploads\/2018\/07\/EBUkoloretan.jpg","contentUrl":"https:\/\/eraztunberdeurdina.eus\/wp-content\/uploads\/2018\/07\/EBUkoloretan.jpg","width":934,"height":687,"caption":"Zarauzko Eraztun Berde Urdina"},"image":{"@id":"https:\/\/eraztunberdeurdina.eus\/#\/schema\/logo\/image\/"}},{"@type":"Person","@id":"https:\/\/eraztunberdeurdina.eus\/#\/schema\/person\/a9c3a9d9ddfc0024a1d798d33b8eb53c","name":"ebu"}]}},"_links":{"self":[{"href":"https:\/\/eraztunberdeurdina.eus\/es\/wp-json\/wp\/v2\/posts\/3393","targetHints":{"allow":["GET"]}}],"collection":[{"href":"https:\/\/eraztunberdeurdina.eus\/es\/wp-json\/wp\/v2\/posts"}],"about":[{"href":"https:\/\/eraztunberdeurdina.eus\/es\/wp-json\/wp\/v2\/types\/post"}],"author":[{"embeddable":true,"href":"https:\/\/eraztunberdeurdina.eus\/es\/wp-json\/wp\/v2\/users\/3"}],"replies":[{"embeddable":true,"href":"https:\/\/eraztunberdeurdina.eus\/es\/wp-json\/wp\/v2\/comments?post=3393"}],"version-history":[{"count":1,"href":"https:\/\/eraztunberdeurdina.eus\/es\/wp-json\/wp\/v2\/posts\/3393\/revisions"}],"predecessor-version":[{"id":3396,"href":"https:\/\/eraztunberdeurdina.eus\/es\/wp-json\/wp\/v2\/posts\/3393\/revisions\/3396"}],"wp:featuredmedia":[{"embeddable":true,"href":"https:\/\/eraztunberdeurdina.eus\/es\/wp-json\/wp\/v2\/media\/3394"}],"wp:attachment":[{"href":"https:\/\/eraztunberdeurdina.eus\/es\/wp-json\/wp\/v2\/media?parent=3393"}],"wp:term":[{"taxonomy":"category","embeddable":true,"href":"https:\/\/eraztunberdeurdina.eus\/es\/wp-json\/wp\/v2\/categories?post=3393"},{"taxonomy":"post_tag","embeddable":true,"href":"https:\/\/eraztunberdeurdina.eus\/es\/wp-json\/wp\/v2\/tags?post=3393"}],"curies":[{"name":"wp","href":"https:\/\/api.w.org\/{rel}","templated":true}]}}