{"id":3693,"date":"2024-11-27T14:52:39","date_gmt":"2024-11-27T13:52:39","guid":{"rendered":"https:\/\/eraztunberdeurdina.eus\/?p=3693"},"modified":"2024-11-27T14:52:39","modified_gmt":"2024-11-27T13:52:39","slug":"convocatoria-auzolan-para-retirar-a-mano-plantas-exoticas-invasoras-del-humedal-irita-para-el-domingo","status":"publish","type":"post","link":"https:\/\/eraztunberdeurdina.eus\/es\/convocatoria-auzolan-para-retirar-a-mano-plantas-exoticas-invasoras-del-humedal-irita-para-el-domingo-20241127\/","title":{"rendered":"Convocatoria auzolan para retirar a mano plantas ex\u00f3ticas invasoras del humedal Irita para el domingo"},"content":{"rendered":"<p class=\"_ap3a _aaco _aacu _aacx _aad7 _aade\" dir=\"auto\">Continuando con las labores de trabajo comunitario que estamos organizado durante el a\u00f1o, os invitamos a participar este domingo en la convocatoria auzolan para conocer y retirar a mano las plantas ex\u00f3ticas invasoras que se localizan en el humedal de Irita. Labor que realizaremos junto con un grupo de voluntarias y voluntarios de Zarautz.<\/p>\n<p>\u00a1An\u00edmate e inscr\u00edbete!<\/p>\n<p>\ud83d\udcc5 Domingo, 1 de diciembre<br \/>\n\ud83d\udd56 10:00-12:30<br \/>\n\ud83d\udd56 12:30 hamaiketako<br \/>\n\ud83d\udccd Localizaci\u00f3n: observatorio del humedal de Irita<br \/>\n\ud83e\udd7e Recomendamos llevar calzado adecuado<br \/>\n\ud83e\udde4 El resto de materiales y herramientas los llevaremos desde la organizaci\u00f3n<br \/>\n*NOTA: Para participar en esta iniciativa es necesario inscribirse con antelaci\u00f3n:<br \/>\n\u260e\ufe0f 943 005159.<br \/>\n\ud83d\udc49zarautz@eraztunberdeurdina.eus<\/p>\n","protected":false},"excerpt":{"rendered":"<p>Continuando con las labores de trabajo comunitario que estamos organizado durante el a\u00f1o, os invitamos a participar este domingo en [&hellip;]<\/p>\n","protected":false},"author":3,"featured_media":3691,"comment_status":"closed","ping_status":"closed","sticky":false,"template":"","format":"standard","meta":{"_acf_changed":false,"site-sidebar-layout":"default","site-content-layout":"","ast-site-content-layout":"default","site-content-style":"default","site-sidebar-style":"default","ast-global-header-display":"","ast-banner-title-visibility":"","ast-main-header-display":"","ast-hfb-above-header-display":"","ast-hfb-below-header-display":"","ast-hfb-mobile-header-display":"","site-post-title":"","ast-breadcrumbs-content":"","ast-featured-img":"","footer-sml-layout":"","ast-disable-related-posts":"","theme-transparent-header-meta":"","adv-header-id-meta":"","stick-header-meta":"","header-above-stick-meta":"","header-main-stick-meta":"","header-below-stick-meta":"","astra-migrate-meta-layouts":"default","ast-page-background-enabled":"default","ast-page-background-meta":{"desktop":{"background-color":"var(--ast-global-color-5)","background-image":"","background-repeat":"repeat","background-position":"center center","background-size":"auto","background-attachment":"scroll","background-type":"","background-media":"","overlay-type":"","overlay-color":"","overlay-opacity":"","overlay-gradient":""},"tablet":{"background-color":"","background-image":"","background-repeat":"repeat","background-position":"center center","background-size":"auto","background-attachment":"scroll","background-type":"","background-media":"","overlay-type":"","overlay-color":"","overlay-opacity":"","overlay-gradient":""},"mobile":{"background-color":"","background-image":"","background-repeat":"repeat","background-position":"center center","background-size":"auto","background-attachment":"scroll","background-type":"","background-media":"","overlay-type":"","overlay-color":"","overlay-opacity":"","overlay-gradient":""}},"ast-content-background-meta":{"desktop":{"background-color":"var(--ast-global-color-4)","background-image":"","background-repeat":"repeat","background-position":"center center","background-size":"auto","background-attachment":"scroll","background-type":"","background-media":"","overlay-type":"","overlay-color":"","overlay-opacity":"","overlay-gradient":""},"tablet":{"background-color":"var(--ast-global-color-4)","background-image":"","background-repeat":"repeat","background-position":"center center","background-size":"auto","background-attachment":"scroll","background-type":"","background-media":"","overlay-type":"","overlay-color":"","overlay-opacity":"","overlay-gradient":""},"mobile":{"background-color":"var(--ast-global-color-4)","background-image":"","background-repeat":"repeat","background-position":"center center","background-size":"auto","background-attachment":"scroll","background-type":"","background-media":"","overlay-type":"","overlay-color":"","overlay-opacity":"","overlay-gradient":""}},"footnotes":""},"categories":[442,443,454,263],"tags":[33,498,499,106,496,264,634,28,35],"class_list":["post-3693","post","type-post","status-publish","format-standard","has-post-thumbnail","hentry","category-biodiversidad","category-humedal","category-irita","category-sensibilizacion","tag-anillo-verde-azul","tag-anillo-verde-azul-de-zarautz","tag-auzolan","tag-ayuntamiento-de-zarautz","tag-plantas-exoticas-invasoras","tag-sensibilizacion","tag-trabajo-comunitario","tag-zarautz","tag-zarauzko-udala"],"acf":[],"yoast_head":"<!-- This site is optimized with the Yoast SEO plugin v27.1.1 - https:\/\/yoast.com\/product\/yoast-seo-wordpress\/ -->\n<title>Convocatoria auzolan para retirar a mano plantas ex\u00f3ticas invasoras del humedal Irita para el domingo - Anillo Verde Azul de Zarautz<\/title>\n<meta name=\"robots\" content=\"index, follow, max-snippet:-1, max-image-preview:large, max-video-preview:-1\" \/>\n<link rel=\"canonical\" href=\"https:\/\/eraztunberdeurdina.eus\/es\/convocatoria-auzolan-para-retirar-a-mano-plantas-exoticas-invasoras-del-humedal-irita-para-el-domingo-20241127\/\" \/>\n<meta property=\"og:locale\" content=\"es_ES\" \/>\n<meta property=\"og:type\" content=\"article\" \/>\n<meta property=\"og:title\" content=\"Convocatoria auzolan para retirar a mano plantas ex\u00f3ticas invasoras del humedal Irita para el domingo - Anillo Verde Azul de Zarautz\" \/>\n<meta property=\"og:description\" content=\"Continuando con las labores de trabajo comunitario que estamos organizado durante el a\u00f1o, os invitamos a participar este domingo en [&hellip;]\" \/>\n<meta property=\"og:url\" content=\"https:\/\/eraztunberdeurdina.eus\/es\/convocatoria-auzolan-para-retirar-a-mano-plantas-exoticas-invasoras-del-humedal-irita-para-el-domingo-20241127\/\" \/>\n<meta property=\"og:site_name\" content=\"Anillo Verde Azul de Zarautz\" \/>\n<meta property=\"article:published_time\" content=\"2024-11-27T13:52:39+00:00\" \/>\n<meta property=\"og:image\" content=\"https:\/\/eraztunberdeurdina.eus\/wp-content\/uploads\/2024\/11\/inbaditzaileak-auzolana-600x600.png\" \/>\n\t<meta property=\"og:image:width\" content=\"600\" \/>\n\t<meta property=\"og:image:height\" content=\"600\" \/>\n\t<meta property=\"og:image:type\" content=\"image\/png\" \/>\n<meta name=\"author\" content=\"ebu\" \/>\n<meta name=\"twitter:card\" content=\"summary_large_image\" \/>\n<meta name=\"twitter:label1\" content=\"Escrito por\" \/>\n\t<meta name=\"twitter:data1\" content=\"ebu\" \/>\n\t<meta name=\"twitter:label2\" content=\"Tiempo de lectura\" \/>\n\t<meta name=\"twitter:data2\" content=\"1 minuto\" \/>\n<script type=\"application\/ld+json\" class=\"yoast-schema-graph\">{\"@context\":\"https:\/\/schema.org\",\"@graph\":[{\"@type\":\"Article\",\"@id\":\"https:\/\/eraztunberdeurdina.eus\/es\/convocatoria-auzolan-para-retirar-a-mano-plantas-exoticas-invasoras-del-humedal-irita-para-el-domingo-20241127\/#article\",\"isPartOf\":{\"@id\":\"https:\/\/eraztunberdeurdina.eus\/es\/convocatoria-auzolan-para-retirar-a-mano-plantas-exoticas-invasoras-del-humedal-irita-para-el-domingo-20241127\/\"},\"author\":{\"name\":\"ebu\",\"@id\":\"https:\/\/eraztunberdeurdina.eus\/#\/schema\/person\/a9c3a9d9ddfc0024a1d798d33b8eb53c\"},\"headline\":\"Convocatoria auzolan para retirar a mano plantas ex\u00f3ticas invasoras del humedal Irita para el domingo\",\"datePublished\":\"2024-11-27T13:52:39+00:00\",\"mainEntityOfPage\":{\"@id\":\"https:\/\/eraztunberdeurdina.eus\/es\/convocatoria-auzolan-para-retirar-a-mano-plantas-exoticas-invasoras-del-humedal-irita-para-el-domingo-20241127\/\"},\"wordCount\":120,\"publisher\":{\"@id\":\"https:\/\/eraztunberdeurdina.eus\/#organization\"},\"image\":{\"@id\":\"https:\/\/eraztunberdeurdina.eus\/es\/convocatoria-auzolan-para-retirar-a-mano-plantas-exoticas-invasoras-del-humedal-irita-para-el-domingo-20241127\/#primaryimage\"},\"thumbnailUrl\":\"https:\/\/eraztunberdeurdina.eus\/wp-content\/uploads\/2024\/11\/inbaditzaileak-auzolana.png\",\"keywords\":[\"anillo verde azul\",\"Anillo Verde Azul de Zarautz\",\"auzolan\",\"Ayuntamiento de Zarautz\",\"plantas ex\u00f3ticas invasoras\",\"sensibilizaci\u00f3n\",\"trabajo comunitario\",\"Zarautz\",\"Zarauzko Udala\"],\"articleSection\":[\"biodiversidad\",\"humedal\",\"Irita\",\"sensibilizaci\u00f3n\"],\"inLanguage\":\"es\"},{\"@type\":\"WebPage\",\"@id\":\"https:\/\/eraztunberdeurdina.eus\/es\/convocatoria-auzolan-para-retirar-a-mano-plantas-exoticas-invasoras-del-humedal-irita-para-el-domingo-20241127\/\",\"url\":\"https:\/\/eraztunberdeurdina.eus\/es\/convocatoria-auzolan-para-retirar-a-mano-plantas-exoticas-invasoras-del-humedal-irita-para-el-domingo-20241127\/\",\"name\":\"Convocatoria auzolan para retirar a mano plantas ex\u00f3ticas invasoras del humedal Irita para el domingo - Anillo Verde Azul de Zarautz\",\"isPartOf\":{\"@id\":\"https:\/\/eraztunberdeurdina.eus\/#website\"},\"primaryImageOfPage\":{\"@id\":\"https:\/\/eraztunberdeurdina.eus\/es\/convocatoria-auzolan-para-retirar-a-mano-plantas-exoticas-invasoras-del-humedal-irita-para-el-domingo-20241127\/#primaryimage\"},\"image\":{\"@id\":\"https:\/\/eraztunberdeurdina.eus\/es\/convocatoria-auzolan-para-retirar-a-mano-plantas-exoticas-invasoras-del-humedal-irita-para-el-domingo-20241127\/#primaryimage\"},\"thumbnailUrl\":\"https:\/\/eraztunberdeurdina.eus\/wp-content\/uploads\/2024\/11\/inbaditzaileak-auzolana.png\",\"datePublished\":\"2024-11-27T13:52:39+00:00\",\"breadcrumb\":{\"@id\":\"https:\/\/eraztunberdeurdina.eus\/es\/convocatoria-auzolan-para-retirar-a-mano-plantas-exoticas-invasoras-del-humedal-irita-para-el-domingo-20241127\/#breadcrumb\"},\"inLanguage\":\"es\",\"potentialAction\":[{\"@type\":\"ReadAction\",\"target\":[\"https:\/\/eraztunberdeurdina.eus\/es\/convocatoria-auzolan-para-retirar-a-mano-plantas-exoticas-invasoras-del-humedal-irita-para-el-domingo-20241127\/\"]}]},{\"@type\":\"ImageObject\",\"inLanguage\":\"es\",\"@id\":\"https:\/\/eraztunberdeurdina.eus\/es\/convocatoria-auzolan-para-retirar-a-mano-plantas-exoticas-invasoras-del-humedal-irita-para-el-domingo-20241127\/#primaryimage\",\"url\":\"https:\/\/eraztunberdeurdina.eus\/wp-content\/uploads\/2024\/11\/inbaditzaileak-auzolana.png\",\"contentUrl\":\"https:\/\/eraztunberdeurdina.eus\/wp-content\/uploads\/2024\/11\/inbaditzaileak-auzolana.png\",\"width\":1414,\"height\":2000},{\"@type\":\"BreadcrumbList\",\"@id\":\"https:\/\/eraztunberdeurdina.eus\/es\/convocatoria-auzolan-para-retirar-a-mano-plantas-exoticas-invasoras-del-humedal-irita-para-el-domingo-20241127\/#breadcrumb\",\"itemListElement\":[{\"@type\":\"ListItem\",\"position\":1,\"name\":\"Home\",\"item\":\"https:\/\/eraztunberdeurdina.eus\/es\/anillo-verde-azul\/\"},{\"@type\":\"ListItem\",\"position\":2,\"name\":\"Convocatoria auzolan para retirar a mano plantas ex\u00f3ticas invasoras del humedal Irita para el domingo\"}]},{\"@type\":\"WebSite\",\"@id\":\"https:\/\/eraztunberdeurdina.eus\/#website\",\"url\":\"https:\/\/eraztunberdeurdina.eus\/\",\"name\":\"Zarauzko Eraztun Berde Urdina\",\"description\":\"Herri-inguruko berdeguneen zaintza\",\"publisher\":{\"@id\":\"https:\/\/eraztunberdeurdina.eus\/#organization\"},\"potentialAction\":[{\"@type\":\"SearchAction\",\"target\":{\"@type\":\"EntryPoint\",\"urlTemplate\":\"https:\/\/eraztunberdeurdina.eus\/?s={search_term_string}\"},\"query-input\":{\"@type\":\"PropertyValueSpecification\",\"valueRequired\":true,\"valueName\":\"search_term_string\"}}],\"inLanguage\":\"es\"},{\"@type\":\"Organization\",\"@id\":\"https:\/\/eraztunberdeurdina.eus\/#organization\",\"name\":\"Zarauzko Eraztun Berde Urdina\",\"url\":\"https:\/\/eraztunberdeurdina.eus\/\",\"logo\":{\"@type\":\"ImageObject\",\"inLanguage\":\"es\",\"@id\":\"https:\/\/eraztunberdeurdina.eus\/#\/schema\/logo\/image\/\",\"url\":\"https:\/\/eraztunberdeurdina.eus\/wp-content\/uploads\/2018\/07\/EBUkoloretan.jpg\",\"contentUrl\":\"https:\/\/eraztunberdeurdina.eus\/wp-content\/uploads\/2018\/07\/EBUkoloretan.jpg\",\"width\":934,\"height\":687,\"caption\":\"Zarauzko Eraztun Berde Urdina\"},\"image\":{\"@id\":\"https:\/\/eraztunberdeurdina.eus\/#\/schema\/logo\/image\/\"}},{\"@type\":\"Person\",\"@id\":\"https:\/\/eraztunberdeurdina.eus\/#\/schema\/person\/a9c3a9d9ddfc0024a1d798d33b8eb53c\",\"name\":\"ebu\"}]}<\/script>\n<!-- \/ Yoast SEO plugin. -->","yoast_head_json":{"title":"Convocatoria auzolan para retirar a mano plantas ex\u00f3ticas invasoras del humedal Irita para el domingo - Anillo Verde Azul de Zarautz","robots":{"index":"index","follow":"follow","max-snippet":"max-snippet:-1","max-image-preview":"max-image-preview:large","max-video-preview":"max-video-preview:-1"},"canonical":"https:\/\/eraztunberdeurdina.eus\/es\/convocatoria-auzolan-para-retirar-a-mano-plantas-exoticas-invasoras-del-humedal-irita-para-el-domingo-20241127\/","og_locale":"es_ES","og_type":"article","og_title":"Convocatoria auzolan para retirar a mano plantas ex\u00f3ticas invasoras del humedal Irita para el domingo - Anillo Verde Azul de Zarautz","og_description":"Continuando con las labores de trabajo comunitario que estamos organizado durante el a\u00f1o, os invitamos a participar este domingo en [&hellip;]","og_url":"https:\/\/eraztunberdeurdina.eus\/es\/convocatoria-auzolan-para-retirar-a-mano-plantas-exoticas-invasoras-del-humedal-irita-para-el-domingo-20241127\/","og_site_name":"Anillo Verde Azul de Zarautz","article_published_time":"2024-11-27T13:52:39+00:00","og_image":[{"width":600,"height":600,"url":"https:\/\/eraztunberdeurdina.eus\/wp-content\/uploads\/2024\/11\/inbaditzaileak-auzolana-600x600.png","type":"image\/png"}],"author":"ebu","twitter_card":"summary_large_image","twitter_misc":{"Escrito por":"ebu","Tiempo de lectura":"1 minuto"},"schema":{"@context":"https:\/\/schema.org","@graph":[{"@type":"Article","@id":"https:\/\/eraztunberdeurdina.eus\/es\/convocatoria-auzolan-para-retirar-a-mano-plantas-exoticas-invasoras-del-humedal-irita-para-el-domingo-20241127\/#article","isPartOf":{"@id":"https:\/\/eraztunberdeurdina.eus\/es\/convocatoria-auzolan-para-retirar-a-mano-plantas-exoticas-invasoras-del-humedal-irita-para-el-domingo-20241127\/"},"author":{"name":"ebu","@id":"https:\/\/eraztunberdeurdina.eus\/#\/schema\/person\/a9c3a9d9ddfc0024a1d798d33b8eb53c"},"headline":"Convocatoria auzolan para retirar a mano plantas ex\u00f3ticas invasoras del humedal Irita para el domingo","datePublished":"2024-11-27T13:52:39+00:00","mainEntityOfPage":{"@id":"https:\/\/eraztunberdeurdina.eus\/es\/convocatoria-auzolan-para-retirar-a-mano-plantas-exoticas-invasoras-del-humedal-irita-para-el-domingo-20241127\/"},"wordCount":120,"publisher":{"@id":"https:\/\/eraztunberdeurdina.eus\/#organization"},"image":{"@id":"https:\/\/eraztunberdeurdina.eus\/es\/convocatoria-auzolan-para-retirar-a-mano-plantas-exoticas-invasoras-del-humedal-irita-para-el-domingo-20241127\/#primaryimage"},"thumbnailUrl":"https:\/\/eraztunberdeurdina.eus\/wp-content\/uploads\/2024\/11\/inbaditzaileak-auzolana.png","keywords":["anillo verde azul","Anillo Verde Azul de Zarautz","auzolan","Ayuntamiento de Zarautz","plantas ex\u00f3ticas invasoras","sensibilizaci\u00f3n","trabajo comunitario","Zarautz","Zarauzko Udala"],"articleSection":["biodiversidad","humedal","Irita","sensibilizaci\u00f3n"],"inLanguage":"es"},{"@type":"WebPage","@id":"https:\/\/eraztunberdeurdina.eus\/es\/convocatoria-auzolan-para-retirar-a-mano-plantas-exoticas-invasoras-del-humedal-irita-para-el-domingo-20241127\/","url":"https:\/\/eraztunberdeurdina.eus\/es\/convocatoria-auzolan-para-retirar-a-mano-plantas-exoticas-invasoras-del-humedal-irita-para-el-domingo-20241127\/","name":"Convocatoria auzolan para retirar a mano plantas ex\u00f3ticas invasoras del humedal Irita para el domingo - Anillo Verde Azul de Zarautz","isPartOf":{"@id":"https:\/\/eraztunberdeurdina.eus\/#website"},"primaryImageOfPage":{"@id":"https:\/\/eraztunberdeurdina.eus\/es\/convocatoria-auzolan-para-retirar-a-mano-plantas-exoticas-invasoras-del-humedal-irita-para-el-domingo-20241127\/#primaryimage"},"image":{"@id":"https:\/\/eraztunberdeurdina.eus\/es\/convocatoria-auzolan-para-retirar-a-mano-plantas-exoticas-invasoras-del-humedal-irita-para-el-domingo-20241127\/#primaryimage"},"thumbnailUrl":"https:\/\/eraztunberdeurdina.eus\/wp-content\/uploads\/2024\/11\/inbaditzaileak-auzolana.png","datePublished":"2024-11-27T13:52:39+00:00","breadcrumb":{"@id":"https:\/\/eraztunberdeurdina.eus\/es\/convocatoria-auzolan-para-retirar-a-mano-plantas-exoticas-invasoras-del-humedal-irita-para-el-domingo-20241127\/#breadcrumb"},"inLanguage":"es","potentialAction":[{"@type":"ReadAction","target":["https:\/\/eraztunberdeurdina.eus\/es\/convocatoria-auzolan-para-retirar-a-mano-plantas-exoticas-invasoras-del-humedal-irita-para-el-domingo-20241127\/"]}]},{"@type":"ImageObject","inLanguage":"es","@id":"https:\/\/eraztunberdeurdina.eus\/es\/convocatoria-auzolan-para-retirar-a-mano-plantas-exoticas-invasoras-del-humedal-irita-para-el-domingo-20241127\/#primaryimage","url":"https:\/\/eraztunberdeurdina.eus\/wp-content\/uploads\/2024\/11\/inbaditzaileak-auzolana.png","contentUrl":"https:\/\/eraztunberdeurdina.eus\/wp-content\/uploads\/2024\/11\/inbaditzaileak-auzolana.png","width":1414,"height":2000},{"@type":"BreadcrumbList","@id":"https:\/\/eraztunberdeurdina.eus\/es\/convocatoria-auzolan-para-retirar-a-mano-plantas-exoticas-invasoras-del-humedal-irita-para-el-domingo-20241127\/#breadcrumb","itemListElement":[{"@type":"ListItem","position":1,"name":"Home","item":"https:\/\/eraztunberdeurdina.eus\/es\/anillo-verde-azul\/"},{"@type":"ListItem","position":2,"name":"Convocatoria auzolan para retirar a mano plantas ex\u00f3ticas invasoras del humedal Irita para el domingo"}]},{"@type":"WebSite","@id":"https:\/\/eraztunberdeurdina.eus\/#website","url":"https:\/\/eraztunberdeurdina.eus\/","name":"Zarauzko Eraztun Berde Urdina","description":"Herri-inguruko berdeguneen zaintza","publisher":{"@id":"https:\/\/eraztunberdeurdina.eus\/#organization"},"potentialAction":[{"@type":"SearchAction","target":{"@type":"EntryPoint","urlTemplate":"https:\/\/eraztunberdeurdina.eus\/?s={search_term_string}"},"query-input":{"@type":"PropertyValueSpecification","valueRequired":true,"valueName":"search_term_string"}}],"inLanguage":"es"},{"@type":"Organization","@id":"https:\/\/eraztunberdeurdina.eus\/#organization","name":"Zarauzko Eraztun Berde Urdina","url":"https:\/\/eraztunberdeurdina.eus\/","logo":{"@type":"ImageObject","inLanguage":"es","@id":"https:\/\/eraztunberdeurdina.eus\/#\/schema\/logo\/image\/","url":"https:\/\/eraztunberdeurdina.eus\/wp-content\/uploads\/2018\/07\/EBUkoloretan.jpg","contentUrl":"https:\/\/eraztunberdeurdina.eus\/wp-content\/uploads\/2018\/07\/EBUkoloretan.jpg","width":934,"height":687,"caption":"Zarauzko Eraztun Berde Urdina"},"image":{"@id":"https:\/\/eraztunberdeurdina.eus\/#\/schema\/logo\/image\/"}},{"@type":"Person","@id":"https:\/\/eraztunberdeurdina.eus\/#\/schema\/person\/a9c3a9d9ddfc0024a1d798d33b8eb53c","name":"ebu"}]}},"_links":{"self":[{"href":"https:\/\/eraztunberdeurdina.eus\/es\/wp-json\/wp\/v2\/posts\/3693","targetHints":{"allow":["GET"]}}],"collection":[{"href":"https:\/\/eraztunberdeurdina.eus\/es\/wp-json\/wp\/v2\/posts"}],"about":[{"href":"https:\/\/eraztunberdeurdina.eus\/es\/wp-json\/wp\/v2\/types\/post"}],"author":[{"embeddable":true,"href":"https:\/\/eraztunberdeurdina.eus\/es\/wp-json\/wp\/v2\/users\/3"}],"replies":[{"embeddable":true,"href":"https:\/\/eraztunberdeurdina.eus\/es\/wp-json\/wp\/v2\/comments?post=3693"}],"version-history":[{"count":1,"href":"https:\/\/eraztunberdeurdina.eus\/es\/wp-json\/wp\/v2\/posts\/3693\/revisions"}],"predecessor-version":[{"id":3694,"href":"https:\/\/eraztunberdeurdina.eus\/es\/wp-json\/wp\/v2\/posts\/3693\/revisions\/3694"}],"wp:featuredmedia":[{"embeddable":true,"href":"https:\/\/eraztunberdeurdina.eus\/es\/wp-json\/wp\/v2\/media\/3691"}],"wp:attachment":[{"href":"https:\/\/eraztunberdeurdina.eus\/es\/wp-json\/wp\/v2\/media?parent=3693"}],"wp:term":[{"taxonomy":"category","embeddable":true,"href":"https:\/\/eraztunberdeurdina.eus\/es\/wp-json\/wp\/v2\/categories?post=3693"},{"taxonomy":"post_tag","embeddable":true,"href":"https:\/\/eraztunberdeurdina.eus\/es\/wp-json\/wp\/v2\/tags?post=3693"}],"curies":[{"name":"wp","href":"https:\/\/api.w.org\/{rel}","templated":true}]}}