{"id":3695,"date":"2024-11-26T14:55:44","date_gmt":"2024-11-26T13:55:44","guid":{"rendered":"https:\/\/eraztunberdeurdina.eus\/?p=3695"},"modified":"2024-11-27T14:59:01","modified_gmt":"2024-11-27T13:59:01","slug":"3695","status":"publish","type":"post","link":"https:\/\/eraztunberdeurdina.eus\/es\/3695-20241126\/","title":{"rendered":"Camino cortado por ca\u00edda de \u00e1rboles"},"content":{"rendered":"<p class=\"_ap3a _aaco _aacu _aacx _aad7 _aade\" dir=\"auto\">\u00a1Atenci\u00f3n! \ud83d\udce2<br \/>\nDebido a las fuertes rachas de viento de este fin de semana, han ca\u00eddo dos \u00e1rboles en la ruta que une la ermita Santa B\u00e1rbara con Mutxio. Estamos trabajando para evitar riesgos y para que se solucionen estas incidencias lo antes posible.<\/p>\n","protected":false},"excerpt":{"rendered":"<p>\u00a1Atenci\u00f3n! \ud83d\udce2 Debido a las fuertes rachas de viento de este fin de semana, han ca\u00eddo dos \u00e1rboles en la [&hellip;]<\/p>\n","protected":false},"author":3,"featured_media":3699,"comment_status":"closed","ping_status":"closed","sticky":false,"template":"","format":"standard","meta":{"_acf_changed":false,"site-sidebar-layout":"default","site-content-layout":"","ast-site-content-layout":"default","site-content-style":"default","site-sidebar-style":"default","ast-global-header-display":"","ast-banner-title-visibility":"","ast-main-header-display":"","ast-hfb-above-header-display":"","ast-hfb-below-header-display":"","ast-hfb-mobile-header-display":"","site-post-title":"","ast-breadcrumbs-content":"","ast-featured-img":"","footer-sml-layout":"","ast-disable-related-posts":"","theme-transparent-header-meta":"","adv-header-id-meta":"","stick-header-meta":"","header-above-stick-meta":"","header-main-stick-meta":"","header-below-stick-meta":"","astra-migrate-meta-layouts":"default","ast-page-background-enabled":"default","ast-page-background-meta":{"desktop":{"background-color":"var(--ast-global-color-5)","background-image":"","background-repeat":"repeat","background-position":"center center","background-size":"auto","background-attachment":"scroll","background-type":"","background-media":"","overlay-type":"","overlay-color":"","overlay-opacity":"","overlay-gradient":""},"tablet":{"background-color":"","background-image":"","background-repeat":"repeat","background-position":"center center","background-size":"auto","background-attachment":"scroll","background-type":"","background-media":"","overlay-type":"","overlay-color":"","overlay-opacity":"","overlay-gradient":""},"mobile":{"background-color":"","background-image":"","background-repeat":"repeat","background-position":"center center","background-size":"auto","background-attachment":"scroll","background-type":"","background-media":"","overlay-type":"","overlay-color":"","overlay-opacity":"","overlay-gradient":""}},"ast-content-background-meta":{"desktop":{"background-color":"var(--ast-global-color-4)","background-image":"","background-repeat":"repeat","background-position":"center center","background-size":"auto","background-attachment":"scroll","background-type":"","background-media":"","overlay-type":"","overlay-color":"","overlay-opacity":"","overlay-gradient":""},"tablet":{"background-color":"var(--ast-global-color-4)","background-image":"","background-repeat":"repeat","background-position":"center center","background-size":"auto","background-attachment":"scroll","background-type":"","background-media":"","overlay-type":"","overlay-color":"","overlay-opacity":"","overlay-gradient":""},"mobile":{"background-color":"var(--ast-global-color-4)","background-image":"","background-repeat":"repeat","background-position":"center center","background-size":"auto","background-attachment":"scroll","background-type":"","background-media":"","overlay-type":"","overlay-color":"","overlay-opacity":"","overlay-gradient":""}},"footnotes":""},"categories":[318,736,754,757,756,755],"tags":[737,33,106,531,45,636,739,28],"class_list":["post-3695","post","type-post","status-publish","format-standard","has-post-thumbnail","hentry","category-accesibilidad","category-alerta-naranja","category-cambio-climatico","category-camino-cortado","category-ruta-arkamurka","category-viento","tag-alerta-naranja","tag-anillo-verde-azul","tag-ayuntamiento-de-zarautz","tag-camino-cortado","tag-mutxio","tag-ruta-arkamurka","tag-viento","tag-zarautz"],"acf":[],"yoast_head":"<!-- This site is optimized with the Yoast SEO plugin v27.1.1 - https:\/\/yoast.com\/product\/yoast-seo-wordpress\/ -->\n<title>Camino cortado por ca\u00edda de \u00e1rboles - Anillo Verde Azul de Zarautz<\/title>\n<meta name=\"robots\" content=\"index, follow, max-snippet:-1, max-image-preview:large, max-video-preview:-1\" \/>\n<link rel=\"canonical\" href=\"https:\/\/eraztunberdeurdina.eus\/es\/3695-20241126\/\" \/>\n<meta property=\"og:locale\" content=\"es_ES\" \/>\n<meta property=\"og:type\" content=\"article\" \/>\n<meta property=\"og:title\" content=\"Camino cortado por ca\u00edda de \u00e1rboles - Anillo Verde Azul de Zarautz\" \/>\n<meta property=\"og:description\" content=\"\u00a1Atenci\u00f3n! \ud83d\udce2 Debido a las fuertes rachas de viento de este fin de semana, han ca\u00eddo dos \u00e1rboles en la [&hellip;]\" \/>\n<meta property=\"og:url\" content=\"https:\/\/eraztunberdeurdina.eus\/es\/3695-20241126\/\" \/>\n<meta property=\"og:site_name\" content=\"Anillo Verde Azul de Zarautz\" \/>\n<meta property=\"article:published_time\" content=\"2024-11-26T13:55:44+00:00\" \/>\n<meta property=\"article:modified_time\" content=\"2024-11-27T13:59:01+00:00\" \/>\n<meta property=\"og:image\" content=\"https:\/\/eraztunberdeurdina.eus\/wp-content\/uploads\/2024\/11\/WhatsApp-Image-2024-11-26-at-14.15.05.jpeg\" \/>\n\t<meta property=\"og:image:width\" content=\"1124\" \/>\n\t<meta property=\"og:image:height\" content=\"2000\" \/>\n\t<meta property=\"og:image:type\" content=\"image\/jpeg\" \/>\n<meta name=\"author\" content=\"ebu\" \/>\n<meta name=\"twitter:card\" content=\"summary_large_image\" \/>\n<meta name=\"twitter:label1\" content=\"Escrito por\" \/>\n\t<meta name=\"twitter:data1\" content=\"ebu\" \/>\n<script type=\"application\/ld+json\" class=\"yoast-schema-graph\">{\"@context\":\"https:\/\/schema.org\",\"@graph\":[{\"@type\":\"Article\",\"@id\":\"https:\/\/eraztunberdeurdina.eus\/es\/3695-20241126\/#article\",\"isPartOf\":{\"@id\":\"https:\/\/eraztunberdeurdina.eus\/es\/3695-20241126\/\"},\"author\":{\"name\":\"ebu\",\"@id\":\"https:\/\/eraztunberdeurdina.eus\/#\/schema\/person\/a9c3a9d9ddfc0024a1d798d33b8eb53c\"},\"headline\":\"Camino cortado por ca\u00edda de \u00e1rboles\",\"datePublished\":\"2024-11-26T13:55:44+00:00\",\"dateModified\":\"2024-11-27T13:59:01+00:00\",\"mainEntityOfPage\":{\"@id\":\"https:\/\/eraztunberdeurdina.eus\/es\/3695-20241126\/\"},\"wordCount\":53,\"publisher\":{\"@id\":\"https:\/\/eraztunberdeurdina.eus\/#organization\"},\"image\":{\"@id\":\"https:\/\/eraztunberdeurdina.eus\/es\/3695-20241126\/#primaryimage\"},\"thumbnailUrl\":\"https:\/\/eraztunberdeurdina.eus\/wp-content\/uploads\/2024\/11\/WhatsApp-Image-2024-11-26-at-14.15.05.jpeg\",\"keywords\":[\"alerta naranja\",\"anillo verde azul\",\"Ayuntamiento de Zarautz\",\"camino cortado\",\"Mutxio\",\"ruta Arkamurka\",\"viento\",\"Zarautz\"],\"articleSection\":[\"accesibilidad\",\"alerta naranja\",\"Cambio clim\u00e1tico\",\"camino cortado\",\"ruta Arkamurka\",\"viento\"],\"inLanguage\":\"es\"},{\"@type\":\"WebPage\",\"@id\":\"https:\/\/eraztunberdeurdina.eus\/es\/3695-20241126\/\",\"url\":\"https:\/\/eraztunberdeurdina.eus\/es\/3695-20241126\/\",\"name\":\"Camino cortado por ca\u00edda de \u00e1rboles - Anillo Verde Azul de Zarautz\",\"isPartOf\":{\"@id\":\"https:\/\/eraztunberdeurdina.eus\/#website\"},\"primaryImageOfPage\":{\"@id\":\"https:\/\/eraztunberdeurdina.eus\/es\/3695-20241126\/#primaryimage\"},\"image\":{\"@id\":\"https:\/\/eraztunberdeurdina.eus\/es\/3695-20241126\/#primaryimage\"},\"thumbnailUrl\":\"https:\/\/eraztunberdeurdina.eus\/wp-content\/uploads\/2024\/11\/WhatsApp-Image-2024-11-26-at-14.15.05.jpeg\",\"datePublished\":\"2024-11-26T13:55:44+00:00\",\"dateModified\":\"2024-11-27T13:59:01+00:00\",\"breadcrumb\":{\"@id\":\"https:\/\/eraztunberdeurdina.eus\/es\/3695-20241126\/#breadcrumb\"},\"inLanguage\":\"es\",\"potentialAction\":[{\"@type\":\"ReadAction\",\"target\":[\"https:\/\/eraztunberdeurdina.eus\/es\/3695-20241126\/\"]}]},{\"@type\":\"ImageObject\",\"inLanguage\":\"es\",\"@id\":\"https:\/\/eraztunberdeurdina.eus\/es\/3695-20241126\/#primaryimage\",\"url\":\"https:\/\/eraztunberdeurdina.eus\/wp-content\/uploads\/2024\/11\/WhatsApp-Image-2024-11-26-at-14.15.05.jpeg\",\"contentUrl\":\"https:\/\/eraztunberdeurdina.eus\/wp-content\/uploads\/2024\/11\/WhatsApp-Image-2024-11-26-at-14.15.05.jpeg\",\"width\":1124,\"height\":2000},{\"@type\":\"BreadcrumbList\",\"@id\":\"https:\/\/eraztunberdeurdina.eus\/es\/3695-20241126\/#breadcrumb\",\"itemListElement\":[{\"@type\":\"ListItem\",\"position\":1,\"name\":\"Home\",\"item\":\"https:\/\/eraztunberdeurdina.eus\/es\/anillo-verde-azul\/\"},{\"@type\":\"ListItem\",\"position\":2,\"name\":\"Camino cortado por ca\u00edda de \u00e1rboles\"}]},{\"@type\":\"WebSite\",\"@id\":\"https:\/\/eraztunberdeurdina.eus\/#website\",\"url\":\"https:\/\/eraztunberdeurdina.eus\/\",\"name\":\"Zarauzko Eraztun Berde Urdina\",\"description\":\"Herri-inguruko berdeguneen zaintza\",\"publisher\":{\"@id\":\"https:\/\/eraztunberdeurdina.eus\/#organization\"},\"potentialAction\":[{\"@type\":\"SearchAction\",\"target\":{\"@type\":\"EntryPoint\",\"urlTemplate\":\"https:\/\/eraztunberdeurdina.eus\/?s={search_term_string}\"},\"query-input\":{\"@type\":\"PropertyValueSpecification\",\"valueRequired\":true,\"valueName\":\"search_term_string\"}}],\"inLanguage\":\"es\"},{\"@type\":\"Organization\",\"@id\":\"https:\/\/eraztunberdeurdina.eus\/#organization\",\"name\":\"Zarauzko Eraztun Berde Urdina\",\"url\":\"https:\/\/eraztunberdeurdina.eus\/\",\"logo\":{\"@type\":\"ImageObject\",\"inLanguage\":\"es\",\"@id\":\"https:\/\/eraztunberdeurdina.eus\/#\/schema\/logo\/image\/\",\"url\":\"https:\/\/eraztunberdeurdina.eus\/wp-content\/uploads\/2018\/07\/EBUkoloretan.jpg\",\"contentUrl\":\"https:\/\/eraztunberdeurdina.eus\/wp-content\/uploads\/2018\/07\/EBUkoloretan.jpg\",\"width\":934,\"height\":687,\"caption\":\"Zarauzko Eraztun Berde Urdina\"},\"image\":{\"@id\":\"https:\/\/eraztunberdeurdina.eus\/#\/schema\/logo\/image\/\"}},{\"@type\":\"Person\",\"@id\":\"https:\/\/eraztunberdeurdina.eus\/#\/schema\/person\/a9c3a9d9ddfc0024a1d798d33b8eb53c\",\"name\":\"ebu\"}]}<\/script>\n<!-- \/ Yoast SEO plugin. -->","yoast_head_json":{"title":"Camino cortado por ca\u00edda de \u00e1rboles - Anillo Verde Azul de Zarautz","robots":{"index":"index","follow":"follow","max-snippet":"max-snippet:-1","max-image-preview":"max-image-preview:large","max-video-preview":"max-video-preview:-1"},"canonical":"https:\/\/eraztunberdeurdina.eus\/es\/3695-20241126\/","og_locale":"es_ES","og_type":"article","og_title":"Camino cortado por ca\u00edda de \u00e1rboles - Anillo Verde Azul de Zarautz","og_description":"\u00a1Atenci\u00f3n! \ud83d\udce2 Debido a las fuertes rachas de viento de este fin de semana, han ca\u00eddo dos \u00e1rboles en la [&hellip;]","og_url":"https:\/\/eraztunberdeurdina.eus\/es\/3695-20241126\/","og_site_name":"Anillo Verde Azul de Zarautz","article_published_time":"2024-11-26T13:55:44+00:00","article_modified_time":"2024-11-27T13:59:01+00:00","og_image":[{"width":1124,"height":2000,"url":"https:\/\/eraztunberdeurdina.eus\/wp-content\/uploads\/2024\/11\/WhatsApp-Image-2024-11-26-at-14.15.05.jpeg","type":"image\/jpeg"}],"author":"ebu","twitter_card":"summary_large_image","twitter_misc":{"Escrito por":"ebu"},"schema":{"@context":"https:\/\/schema.org","@graph":[{"@type":"Article","@id":"https:\/\/eraztunberdeurdina.eus\/es\/3695-20241126\/#article","isPartOf":{"@id":"https:\/\/eraztunberdeurdina.eus\/es\/3695-20241126\/"},"author":{"name":"ebu","@id":"https:\/\/eraztunberdeurdina.eus\/#\/schema\/person\/a9c3a9d9ddfc0024a1d798d33b8eb53c"},"headline":"Camino cortado por ca\u00edda de \u00e1rboles","datePublished":"2024-11-26T13:55:44+00:00","dateModified":"2024-11-27T13:59:01+00:00","mainEntityOfPage":{"@id":"https:\/\/eraztunberdeurdina.eus\/es\/3695-20241126\/"},"wordCount":53,"publisher":{"@id":"https:\/\/eraztunberdeurdina.eus\/#organization"},"image":{"@id":"https:\/\/eraztunberdeurdina.eus\/es\/3695-20241126\/#primaryimage"},"thumbnailUrl":"https:\/\/eraztunberdeurdina.eus\/wp-content\/uploads\/2024\/11\/WhatsApp-Image-2024-11-26-at-14.15.05.jpeg","keywords":["alerta naranja","anillo verde azul","Ayuntamiento de Zarautz","camino cortado","Mutxio","ruta Arkamurka","viento","Zarautz"],"articleSection":["accesibilidad","alerta naranja","Cambio clim\u00e1tico","camino cortado","ruta Arkamurka","viento"],"inLanguage":"es"},{"@type":"WebPage","@id":"https:\/\/eraztunberdeurdina.eus\/es\/3695-20241126\/","url":"https:\/\/eraztunberdeurdina.eus\/es\/3695-20241126\/","name":"Camino cortado por ca\u00edda de \u00e1rboles - Anillo Verde Azul de Zarautz","isPartOf":{"@id":"https:\/\/eraztunberdeurdina.eus\/#website"},"primaryImageOfPage":{"@id":"https:\/\/eraztunberdeurdina.eus\/es\/3695-20241126\/#primaryimage"},"image":{"@id":"https:\/\/eraztunberdeurdina.eus\/es\/3695-20241126\/#primaryimage"},"thumbnailUrl":"https:\/\/eraztunberdeurdina.eus\/wp-content\/uploads\/2024\/11\/WhatsApp-Image-2024-11-26-at-14.15.05.jpeg","datePublished":"2024-11-26T13:55:44+00:00","dateModified":"2024-11-27T13:59:01+00:00","breadcrumb":{"@id":"https:\/\/eraztunberdeurdina.eus\/es\/3695-20241126\/#breadcrumb"},"inLanguage":"es","potentialAction":[{"@type":"ReadAction","target":["https:\/\/eraztunberdeurdina.eus\/es\/3695-20241126\/"]}]},{"@type":"ImageObject","inLanguage":"es","@id":"https:\/\/eraztunberdeurdina.eus\/es\/3695-20241126\/#primaryimage","url":"https:\/\/eraztunberdeurdina.eus\/wp-content\/uploads\/2024\/11\/WhatsApp-Image-2024-11-26-at-14.15.05.jpeg","contentUrl":"https:\/\/eraztunberdeurdina.eus\/wp-content\/uploads\/2024\/11\/WhatsApp-Image-2024-11-26-at-14.15.05.jpeg","width":1124,"height":2000},{"@type":"BreadcrumbList","@id":"https:\/\/eraztunberdeurdina.eus\/es\/3695-20241126\/#breadcrumb","itemListElement":[{"@type":"ListItem","position":1,"name":"Home","item":"https:\/\/eraztunberdeurdina.eus\/es\/anillo-verde-azul\/"},{"@type":"ListItem","position":2,"name":"Camino cortado por ca\u00edda de \u00e1rboles"}]},{"@type":"WebSite","@id":"https:\/\/eraztunberdeurdina.eus\/#website","url":"https:\/\/eraztunberdeurdina.eus\/","name":"Zarauzko Eraztun Berde Urdina","description":"Herri-inguruko berdeguneen zaintza","publisher":{"@id":"https:\/\/eraztunberdeurdina.eus\/#organization"},"potentialAction":[{"@type":"SearchAction","target":{"@type":"EntryPoint","urlTemplate":"https:\/\/eraztunberdeurdina.eus\/?s={search_term_string}"},"query-input":{"@type":"PropertyValueSpecification","valueRequired":true,"valueName":"search_term_string"}}],"inLanguage":"es"},{"@type":"Organization","@id":"https:\/\/eraztunberdeurdina.eus\/#organization","name":"Zarauzko Eraztun Berde Urdina","url":"https:\/\/eraztunberdeurdina.eus\/","logo":{"@type":"ImageObject","inLanguage":"es","@id":"https:\/\/eraztunberdeurdina.eus\/#\/schema\/logo\/image\/","url":"https:\/\/eraztunberdeurdina.eus\/wp-content\/uploads\/2018\/07\/EBUkoloretan.jpg","contentUrl":"https:\/\/eraztunberdeurdina.eus\/wp-content\/uploads\/2018\/07\/EBUkoloretan.jpg","width":934,"height":687,"caption":"Zarauzko Eraztun Berde Urdina"},"image":{"@id":"https:\/\/eraztunberdeurdina.eus\/#\/schema\/logo\/image\/"}},{"@type":"Person","@id":"https:\/\/eraztunberdeurdina.eus\/#\/schema\/person\/a9c3a9d9ddfc0024a1d798d33b8eb53c","name":"ebu"}]}},"_links":{"self":[{"href":"https:\/\/eraztunberdeurdina.eus\/es\/wp-json\/wp\/v2\/posts\/3695","targetHints":{"allow":["GET"]}}],"collection":[{"href":"https:\/\/eraztunberdeurdina.eus\/es\/wp-json\/wp\/v2\/posts"}],"about":[{"href":"https:\/\/eraztunberdeurdina.eus\/es\/wp-json\/wp\/v2\/types\/post"}],"author":[{"embeddable":true,"href":"https:\/\/eraztunberdeurdina.eus\/es\/wp-json\/wp\/v2\/users\/3"}],"replies":[{"embeddable":true,"href":"https:\/\/eraztunberdeurdina.eus\/es\/wp-json\/wp\/v2\/comments?post=3695"}],"version-history":[{"count":3,"href":"https:\/\/eraztunberdeurdina.eus\/es\/wp-json\/wp\/v2\/posts\/3695\/revisions"}],"predecessor-version":[{"id":3701,"href":"https:\/\/eraztunberdeurdina.eus\/es\/wp-json\/wp\/v2\/posts\/3695\/revisions\/3701"}],"wp:featuredmedia":[{"embeddable":true,"href":"https:\/\/eraztunberdeurdina.eus\/es\/wp-json\/wp\/v2\/media\/3699"}],"wp:attachment":[{"href":"https:\/\/eraztunberdeurdina.eus\/es\/wp-json\/wp\/v2\/media?parent=3695"}],"wp:term":[{"taxonomy":"category","embeddable":true,"href":"https:\/\/eraztunberdeurdina.eus\/es\/wp-json\/wp\/v2\/categories?post=3695"},{"taxonomy":"post_tag","embeddable":true,"href":"https:\/\/eraztunberdeurdina.eus\/es\/wp-json\/wp\/v2\/tags?post=3695"}],"curies":[{"name":"wp","href":"https:\/\/api.w.org\/{rel}","templated":true}]}}