{"id":3712,"date":"2024-12-01T16:31:14","date_gmt":"2024-12-01T15:31:14","guid":{"rendered":"https:\/\/eraztunberdeurdina.eus\/?p=3712"},"modified":"2024-12-01T16:31:14","modified_gmt":"2024-12-01T15:31:14","slug":"iniciativa-auzolan-para-retirar-a-mano-plantas-exoticas-invasoras-en-irita","status":"publish","type":"post","link":"https:\/\/eraztunberdeurdina.eus\/es\/iniciativa-auzolan-para-retirar-a-mano-plantas-exoticas-invasoras-en-irita-20241201\/","title":{"rendered":"Iniciativa auzolan para retirar a mano plantas ex\u00f3ticas invasoras en Irita"},"content":{"rendered":"<p>Esta ma\u00f1ana hemos realizado un auzolan en colaboraci\u00f3n con un grupo de personas de todas las edades en uno de los rincones favoritos de nuestro Anillo Verde Azul: el humedal de Irita. En octubre estuvimos tambi\u00e9n retirando a mano las plantas invasoras, y hoy tambi\u00e9n hemos trabajado en la eliminaci\u00f3n de otras plantas ex\u00f3ticas invasoras como Bidens aurea y Conyza bonariensis, adem\u00e1s de Onotheras y Ca\u00f1as. El ambiente ha sido inmejorable y hemos tenido la oportunidad de hacer un buen hamaiketako despu\u00e9s de la iniciativa.<\/p>\n<p>Estamos muy contentos porque se ha consolidado un grupo de ciudadanos y ciudadanas estable con el objetivo de cuidar el medio ambiente y para trabajar en favor de la biodiversidad. Se trata de gente que viene con muchas ganas de colaborar con este tipo de trabajos voluntarios cada cierto tiempo. Hoy adem\u00e1s, se ha sumado nuevas personas en la iniciativa.<\/p>\n<p>\u00a1Gracias a todas las personas que os hab\u00e9is acercado hemos hecho un buen trabajo entre todas y todos! \u00a1Seguiremos trabajando! \ud83d\udcaa\u2764\ufe0f<\/p>\n<p>&nbsp;<\/p>\n","protected":false},"excerpt":{"rendered":"<p>Esta ma\u00f1ana hemos realizado un auzolan en colaboraci\u00f3n con un grupo de personas de todas las edades en uno de [&hellip;]<\/p>\n","protected":false},"author":3,"featured_media":3710,"comment_status":"closed","ping_status":"closed","sticky":false,"template":"","format":"standard","meta":{"_acf_changed":false,"site-sidebar-layout":"default","site-content-layout":"","ast-site-content-layout":"default","site-content-style":"default","site-sidebar-style":"default","ast-global-header-display":"","ast-banner-title-visibility":"","ast-main-header-display":"","ast-hfb-above-header-display":"","ast-hfb-below-header-display":"","ast-hfb-mobile-header-display":"","site-post-title":"","ast-breadcrumbs-content":"","ast-featured-img":"","footer-sml-layout":"","ast-disable-related-posts":"","theme-transparent-header-meta":"","adv-header-id-meta":"","stick-header-meta":"","header-above-stick-meta":"","header-main-stick-meta":"","header-below-stick-meta":"","astra-migrate-meta-layouts":"default","ast-page-background-enabled":"default","ast-page-background-meta":{"desktop":{"background-color":"var(--ast-global-color-5)","background-image":"","background-repeat":"repeat","background-position":"center center","background-size":"auto","background-attachment":"scroll","background-type":"","background-media":"","overlay-type":"","overlay-color":"","overlay-opacity":"","overlay-gradient":""},"tablet":{"background-color":"","background-image":"","background-repeat":"repeat","background-position":"center center","background-size":"auto","background-attachment":"scroll","background-type":"","background-media":"","overlay-type":"","overlay-color":"","overlay-opacity":"","overlay-gradient":""},"mobile":{"background-color":"","background-image":"","background-repeat":"repeat","background-position":"center center","background-size":"auto","background-attachment":"scroll","background-type":"","background-media":"","overlay-type":"","overlay-color":"","overlay-opacity":"","overlay-gradient":""}},"ast-content-background-meta":{"desktop":{"background-color":"var(--ast-global-color-4)","background-image":"","background-repeat":"repeat","background-position":"center center","background-size":"auto","background-attachment":"scroll","background-type":"","background-media":"","overlay-type":"","overlay-color":"","overlay-opacity":"","overlay-gradient":""},"tablet":{"background-color":"var(--ast-global-color-4)","background-image":"","background-repeat":"repeat","background-position":"center center","background-size":"auto","background-attachment":"scroll","background-type":"","background-media":"","overlay-type":"","overlay-color":"","overlay-opacity":"","overlay-gradient":""},"mobile":{"background-color":"var(--ast-global-color-4)","background-image":"","background-repeat":"repeat","background-position":"center center","background-size":"auto","background-attachment":"scroll","background-type":"","background-media":"","overlay-type":"","overlay-color":"","overlay-opacity":"","overlay-gradient":""}},"footnotes":""},"categories":[442,443,454,493,263],"tags":[33,499,101,353,82,264,634,28,35],"class_list":["post-3712","post","type-post","status-publish","format-standard","has-post-thumbnail","hentry","category-biodiversidad","category-humedal","category-irita","category-plantas-invasoras","category-sensibilizacion","tag-anillo-verde-azul","tag-auzolan","tag-biodiversidad","tag-humedal","tag-irita","tag-sensibilizacion","tag-trabajo-comunitario","tag-zarautz","tag-zarauzko-udala"],"acf":[],"yoast_head":"<!-- This site is optimized with the Yoast SEO plugin v27.1.1 - https:\/\/yoast.com\/product\/yoast-seo-wordpress\/ -->\n<title>Iniciativa auzolan para retirar a mano plantas ex\u00f3ticas invasoras en Irita - Anillo Verde Azul de Zarautz<\/title>\n<meta name=\"robots\" content=\"index, follow, max-snippet:-1, max-image-preview:large, max-video-preview:-1\" \/>\n<link rel=\"canonical\" href=\"https:\/\/eraztunberdeurdina.eus\/es\/iniciativa-auzolan-para-retirar-a-mano-plantas-exoticas-invasoras-en-irita-20241201\/\" \/>\n<meta property=\"og:locale\" content=\"es_ES\" \/>\n<meta property=\"og:type\" content=\"article\" \/>\n<meta property=\"og:title\" content=\"Iniciativa auzolan para retirar a mano plantas ex\u00f3ticas invasoras en Irita - Anillo Verde Azul de Zarautz\" \/>\n<meta property=\"og:description\" content=\"Esta ma\u00f1ana hemos realizado un auzolan en colaboraci\u00f3n con un grupo de personas de todas las edades en uno de [&hellip;]\" \/>\n<meta property=\"og:url\" content=\"https:\/\/eraztunberdeurdina.eus\/es\/iniciativa-auzolan-para-retirar-a-mano-plantas-exoticas-invasoras-en-irita-20241201\/\" \/>\n<meta property=\"og:site_name\" content=\"Anillo Verde Azul de Zarautz\" \/>\n<meta property=\"article:published_time\" content=\"2024-12-01T15:31:14+00:00\" \/>\n<meta property=\"og:image\" content=\"https:\/\/eraztunberdeurdina.eus\/wp-content\/uploads\/2024\/12\/karratu.jpg\" \/>\n\t<meta property=\"og:image:width\" content=\"1168\" \/>\n\t<meta property=\"og:image:height\" content=\"1024\" \/>\n\t<meta property=\"og:image:type\" content=\"image\/jpeg\" \/>\n<meta name=\"author\" content=\"ebu\" \/>\n<meta name=\"twitter:card\" content=\"summary_large_image\" \/>\n<meta name=\"twitter:label1\" content=\"Escrito por\" \/>\n\t<meta name=\"twitter:data1\" content=\"ebu\" \/>\n\t<meta name=\"twitter:label2\" content=\"Tiempo de lectura\" \/>\n\t<meta name=\"twitter:data2\" content=\"1 minuto\" \/>\n<script type=\"application\/ld+json\" class=\"yoast-schema-graph\">{\"@context\":\"https:\/\/schema.org\",\"@graph\":[{\"@type\":\"Article\",\"@id\":\"https:\/\/eraztunberdeurdina.eus\/es\/iniciativa-auzolan-para-retirar-a-mano-plantas-exoticas-invasoras-en-irita-20241201\/#article\",\"isPartOf\":{\"@id\":\"https:\/\/eraztunberdeurdina.eus\/es\/iniciativa-auzolan-para-retirar-a-mano-plantas-exoticas-invasoras-en-irita-20241201\/\"},\"author\":{\"name\":\"ebu\",\"@id\":\"https:\/\/eraztunberdeurdina.eus\/#\/schema\/person\/a9c3a9d9ddfc0024a1d798d33b8eb53c\"},\"headline\":\"Iniciativa auzolan para retirar a mano plantas ex\u00f3ticas invasoras en Irita\",\"datePublished\":\"2024-12-01T15:31:14+00:00\",\"mainEntityOfPage\":{\"@id\":\"https:\/\/eraztunberdeurdina.eus\/es\/iniciativa-auzolan-para-retirar-a-mano-plantas-exoticas-invasoras-en-irita-20241201\/\"},\"wordCount\":189,\"publisher\":{\"@id\":\"https:\/\/eraztunberdeurdina.eus\/#organization\"},\"image\":{\"@id\":\"https:\/\/eraztunberdeurdina.eus\/es\/iniciativa-auzolan-para-retirar-a-mano-plantas-exoticas-invasoras-en-irita-20241201\/#primaryimage\"},\"thumbnailUrl\":\"https:\/\/eraztunberdeurdina.eus\/wp-content\/uploads\/2024\/12\/karratu.jpg\",\"keywords\":[\"anillo verde azul\",\"auzolan\",\"biodiversidad\",\"humedal\",\"Irita\",\"sensibilizaci\u00f3n\",\"trabajo comunitario\",\"Zarautz\",\"Zarauzko Udala\"],\"articleSection\":[\"biodiversidad\",\"humedal\",\"Irita\",\"plantas invasoras\",\"sensibilizaci\u00f3n\"],\"inLanguage\":\"es\"},{\"@type\":\"WebPage\",\"@id\":\"https:\/\/eraztunberdeurdina.eus\/es\/iniciativa-auzolan-para-retirar-a-mano-plantas-exoticas-invasoras-en-irita-20241201\/\",\"url\":\"https:\/\/eraztunberdeurdina.eus\/es\/iniciativa-auzolan-para-retirar-a-mano-plantas-exoticas-invasoras-en-irita-20241201\/\",\"name\":\"Iniciativa auzolan para retirar a mano plantas ex\u00f3ticas invasoras en Irita - Anillo Verde Azul de Zarautz\",\"isPartOf\":{\"@id\":\"https:\/\/eraztunberdeurdina.eus\/#website\"},\"primaryImageOfPage\":{\"@id\":\"https:\/\/eraztunberdeurdina.eus\/es\/iniciativa-auzolan-para-retirar-a-mano-plantas-exoticas-invasoras-en-irita-20241201\/#primaryimage\"},\"image\":{\"@id\":\"https:\/\/eraztunberdeurdina.eus\/es\/iniciativa-auzolan-para-retirar-a-mano-plantas-exoticas-invasoras-en-irita-20241201\/#primaryimage\"},\"thumbnailUrl\":\"https:\/\/eraztunberdeurdina.eus\/wp-content\/uploads\/2024\/12\/karratu.jpg\",\"datePublished\":\"2024-12-01T15:31:14+00:00\",\"breadcrumb\":{\"@id\":\"https:\/\/eraztunberdeurdina.eus\/es\/iniciativa-auzolan-para-retirar-a-mano-plantas-exoticas-invasoras-en-irita-20241201\/#breadcrumb\"},\"inLanguage\":\"es\",\"potentialAction\":[{\"@type\":\"ReadAction\",\"target\":[\"https:\/\/eraztunberdeurdina.eus\/es\/iniciativa-auzolan-para-retirar-a-mano-plantas-exoticas-invasoras-en-irita-20241201\/\"]}]},{\"@type\":\"ImageObject\",\"inLanguage\":\"es\",\"@id\":\"https:\/\/eraztunberdeurdina.eus\/es\/iniciativa-auzolan-para-retirar-a-mano-plantas-exoticas-invasoras-en-irita-20241201\/#primaryimage\",\"url\":\"https:\/\/eraztunberdeurdina.eus\/wp-content\/uploads\/2024\/12\/karratu.jpg\",\"contentUrl\":\"https:\/\/eraztunberdeurdina.eus\/wp-content\/uploads\/2024\/12\/karratu.jpg\",\"width\":1168,\"height\":1024},{\"@type\":\"BreadcrumbList\",\"@id\":\"https:\/\/eraztunberdeurdina.eus\/es\/iniciativa-auzolan-para-retirar-a-mano-plantas-exoticas-invasoras-en-irita-20241201\/#breadcrumb\",\"itemListElement\":[{\"@type\":\"ListItem\",\"position\":1,\"name\":\"Home\",\"item\":\"https:\/\/eraztunberdeurdina.eus\/es\/anillo-verde-azul\/\"},{\"@type\":\"ListItem\",\"position\":2,\"name\":\"Iniciativa auzolan para retirar a mano plantas ex\u00f3ticas invasoras en Irita\"}]},{\"@type\":\"WebSite\",\"@id\":\"https:\/\/eraztunberdeurdina.eus\/#website\",\"url\":\"https:\/\/eraztunberdeurdina.eus\/\",\"name\":\"Zarauzko Eraztun Berde Urdina\",\"description\":\"Herri-inguruko berdeguneen zaintza\",\"publisher\":{\"@id\":\"https:\/\/eraztunberdeurdina.eus\/#organization\"},\"potentialAction\":[{\"@type\":\"SearchAction\",\"target\":{\"@type\":\"EntryPoint\",\"urlTemplate\":\"https:\/\/eraztunberdeurdina.eus\/?s={search_term_string}\"},\"query-input\":{\"@type\":\"PropertyValueSpecification\",\"valueRequired\":true,\"valueName\":\"search_term_string\"}}],\"inLanguage\":\"es\"},{\"@type\":\"Organization\",\"@id\":\"https:\/\/eraztunberdeurdina.eus\/#organization\",\"name\":\"Zarauzko Eraztun Berde Urdina\",\"url\":\"https:\/\/eraztunberdeurdina.eus\/\",\"logo\":{\"@type\":\"ImageObject\",\"inLanguage\":\"es\",\"@id\":\"https:\/\/eraztunberdeurdina.eus\/#\/schema\/logo\/image\/\",\"url\":\"https:\/\/eraztunberdeurdina.eus\/wp-content\/uploads\/2018\/07\/EBUkoloretan.jpg\",\"contentUrl\":\"https:\/\/eraztunberdeurdina.eus\/wp-content\/uploads\/2018\/07\/EBUkoloretan.jpg\",\"width\":934,\"height\":687,\"caption\":\"Zarauzko Eraztun Berde Urdina\"},\"image\":{\"@id\":\"https:\/\/eraztunberdeurdina.eus\/#\/schema\/logo\/image\/\"}},{\"@type\":\"Person\",\"@id\":\"https:\/\/eraztunberdeurdina.eus\/#\/schema\/person\/a9c3a9d9ddfc0024a1d798d33b8eb53c\",\"name\":\"ebu\"}]}<\/script>\n<!-- \/ Yoast SEO plugin. -->","yoast_head_json":{"title":"Iniciativa auzolan para retirar a mano plantas ex\u00f3ticas invasoras en Irita - Anillo Verde Azul de Zarautz","robots":{"index":"index","follow":"follow","max-snippet":"max-snippet:-1","max-image-preview":"max-image-preview:large","max-video-preview":"max-video-preview:-1"},"canonical":"https:\/\/eraztunberdeurdina.eus\/es\/iniciativa-auzolan-para-retirar-a-mano-plantas-exoticas-invasoras-en-irita-20241201\/","og_locale":"es_ES","og_type":"article","og_title":"Iniciativa auzolan para retirar a mano plantas ex\u00f3ticas invasoras en Irita - Anillo Verde Azul de Zarautz","og_description":"Esta ma\u00f1ana hemos realizado un auzolan en colaboraci\u00f3n con un grupo de personas de todas las edades en uno de [&hellip;]","og_url":"https:\/\/eraztunberdeurdina.eus\/es\/iniciativa-auzolan-para-retirar-a-mano-plantas-exoticas-invasoras-en-irita-20241201\/","og_site_name":"Anillo Verde Azul de Zarautz","article_published_time":"2024-12-01T15:31:14+00:00","og_image":[{"width":1168,"height":1024,"url":"https:\/\/eraztunberdeurdina.eus\/wp-content\/uploads\/2024\/12\/karratu.jpg","type":"image\/jpeg"}],"author":"ebu","twitter_card":"summary_large_image","twitter_misc":{"Escrito por":"ebu","Tiempo de lectura":"1 minuto"},"schema":{"@context":"https:\/\/schema.org","@graph":[{"@type":"Article","@id":"https:\/\/eraztunberdeurdina.eus\/es\/iniciativa-auzolan-para-retirar-a-mano-plantas-exoticas-invasoras-en-irita-20241201\/#article","isPartOf":{"@id":"https:\/\/eraztunberdeurdina.eus\/es\/iniciativa-auzolan-para-retirar-a-mano-plantas-exoticas-invasoras-en-irita-20241201\/"},"author":{"name":"ebu","@id":"https:\/\/eraztunberdeurdina.eus\/#\/schema\/person\/a9c3a9d9ddfc0024a1d798d33b8eb53c"},"headline":"Iniciativa auzolan para retirar a mano plantas ex\u00f3ticas invasoras en Irita","datePublished":"2024-12-01T15:31:14+00:00","mainEntityOfPage":{"@id":"https:\/\/eraztunberdeurdina.eus\/es\/iniciativa-auzolan-para-retirar-a-mano-plantas-exoticas-invasoras-en-irita-20241201\/"},"wordCount":189,"publisher":{"@id":"https:\/\/eraztunberdeurdina.eus\/#organization"},"image":{"@id":"https:\/\/eraztunberdeurdina.eus\/es\/iniciativa-auzolan-para-retirar-a-mano-plantas-exoticas-invasoras-en-irita-20241201\/#primaryimage"},"thumbnailUrl":"https:\/\/eraztunberdeurdina.eus\/wp-content\/uploads\/2024\/12\/karratu.jpg","keywords":["anillo verde azul","auzolan","biodiversidad","humedal","Irita","sensibilizaci\u00f3n","trabajo comunitario","Zarautz","Zarauzko Udala"],"articleSection":["biodiversidad","humedal","Irita","plantas invasoras","sensibilizaci\u00f3n"],"inLanguage":"es"},{"@type":"WebPage","@id":"https:\/\/eraztunberdeurdina.eus\/es\/iniciativa-auzolan-para-retirar-a-mano-plantas-exoticas-invasoras-en-irita-20241201\/","url":"https:\/\/eraztunberdeurdina.eus\/es\/iniciativa-auzolan-para-retirar-a-mano-plantas-exoticas-invasoras-en-irita-20241201\/","name":"Iniciativa auzolan para retirar a mano plantas ex\u00f3ticas invasoras en Irita - Anillo Verde Azul de Zarautz","isPartOf":{"@id":"https:\/\/eraztunberdeurdina.eus\/#website"},"primaryImageOfPage":{"@id":"https:\/\/eraztunberdeurdina.eus\/es\/iniciativa-auzolan-para-retirar-a-mano-plantas-exoticas-invasoras-en-irita-20241201\/#primaryimage"},"image":{"@id":"https:\/\/eraztunberdeurdina.eus\/es\/iniciativa-auzolan-para-retirar-a-mano-plantas-exoticas-invasoras-en-irita-20241201\/#primaryimage"},"thumbnailUrl":"https:\/\/eraztunberdeurdina.eus\/wp-content\/uploads\/2024\/12\/karratu.jpg","datePublished":"2024-12-01T15:31:14+00:00","breadcrumb":{"@id":"https:\/\/eraztunberdeurdina.eus\/es\/iniciativa-auzolan-para-retirar-a-mano-plantas-exoticas-invasoras-en-irita-20241201\/#breadcrumb"},"inLanguage":"es","potentialAction":[{"@type":"ReadAction","target":["https:\/\/eraztunberdeurdina.eus\/es\/iniciativa-auzolan-para-retirar-a-mano-plantas-exoticas-invasoras-en-irita-20241201\/"]}]},{"@type":"ImageObject","inLanguage":"es","@id":"https:\/\/eraztunberdeurdina.eus\/es\/iniciativa-auzolan-para-retirar-a-mano-plantas-exoticas-invasoras-en-irita-20241201\/#primaryimage","url":"https:\/\/eraztunberdeurdina.eus\/wp-content\/uploads\/2024\/12\/karratu.jpg","contentUrl":"https:\/\/eraztunberdeurdina.eus\/wp-content\/uploads\/2024\/12\/karratu.jpg","width":1168,"height":1024},{"@type":"BreadcrumbList","@id":"https:\/\/eraztunberdeurdina.eus\/es\/iniciativa-auzolan-para-retirar-a-mano-plantas-exoticas-invasoras-en-irita-20241201\/#breadcrumb","itemListElement":[{"@type":"ListItem","position":1,"name":"Home","item":"https:\/\/eraztunberdeurdina.eus\/es\/anillo-verde-azul\/"},{"@type":"ListItem","position":2,"name":"Iniciativa auzolan para retirar a mano plantas ex\u00f3ticas invasoras en Irita"}]},{"@type":"WebSite","@id":"https:\/\/eraztunberdeurdina.eus\/#website","url":"https:\/\/eraztunberdeurdina.eus\/","name":"Zarauzko Eraztun Berde Urdina","description":"Herri-inguruko berdeguneen zaintza","publisher":{"@id":"https:\/\/eraztunberdeurdina.eus\/#organization"},"potentialAction":[{"@type":"SearchAction","target":{"@type":"EntryPoint","urlTemplate":"https:\/\/eraztunberdeurdina.eus\/?s={search_term_string}"},"query-input":{"@type":"PropertyValueSpecification","valueRequired":true,"valueName":"search_term_string"}}],"inLanguage":"es"},{"@type":"Organization","@id":"https:\/\/eraztunberdeurdina.eus\/#organization","name":"Zarauzko Eraztun Berde Urdina","url":"https:\/\/eraztunberdeurdina.eus\/","logo":{"@type":"ImageObject","inLanguage":"es","@id":"https:\/\/eraztunberdeurdina.eus\/#\/schema\/logo\/image\/","url":"https:\/\/eraztunberdeurdina.eus\/wp-content\/uploads\/2018\/07\/EBUkoloretan.jpg","contentUrl":"https:\/\/eraztunberdeurdina.eus\/wp-content\/uploads\/2018\/07\/EBUkoloretan.jpg","width":934,"height":687,"caption":"Zarauzko Eraztun Berde Urdina"},"image":{"@id":"https:\/\/eraztunberdeurdina.eus\/#\/schema\/logo\/image\/"}},{"@type":"Person","@id":"https:\/\/eraztunberdeurdina.eus\/#\/schema\/person\/a9c3a9d9ddfc0024a1d798d33b8eb53c","name":"ebu"}]}},"_links":{"self":[{"href":"https:\/\/eraztunberdeurdina.eus\/es\/wp-json\/wp\/v2\/posts\/3712","targetHints":{"allow":["GET"]}}],"collection":[{"href":"https:\/\/eraztunberdeurdina.eus\/es\/wp-json\/wp\/v2\/posts"}],"about":[{"href":"https:\/\/eraztunberdeurdina.eus\/es\/wp-json\/wp\/v2\/types\/post"}],"author":[{"embeddable":true,"href":"https:\/\/eraztunberdeurdina.eus\/es\/wp-json\/wp\/v2\/users\/3"}],"replies":[{"embeddable":true,"href":"https:\/\/eraztunberdeurdina.eus\/es\/wp-json\/wp\/v2\/comments?post=3712"}],"version-history":[{"count":1,"href":"https:\/\/eraztunberdeurdina.eus\/es\/wp-json\/wp\/v2\/posts\/3712\/revisions"}],"predecessor-version":[{"id":3713,"href":"https:\/\/eraztunberdeurdina.eus\/es\/wp-json\/wp\/v2\/posts\/3712\/revisions\/3713"}],"wp:featuredmedia":[{"embeddable":true,"href":"https:\/\/eraztunberdeurdina.eus\/es\/wp-json\/wp\/v2\/media\/3710"}],"wp:attachment":[{"href":"https:\/\/eraztunberdeurdina.eus\/es\/wp-json\/wp\/v2\/media?parent=3712"}],"wp:term":[{"taxonomy":"category","embeddable":true,"href":"https:\/\/eraztunberdeurdina.eus\/es\/wp-json\/wp\/v2\/categories?post=3712"},{"taxonomy":"post_tag","embeddable":true,"href":"https:\/\/eraztunberdeurdina.eus\/es\/wp-json\/wp\/v2\/tags?post=3712"}],"curies":[{"name":"wp","href":"https:\/\/api.w.org\/{rel}","templated":true}]}}