{"id":3748,"date":"2024-12-20T13:33:03","date_gmt":"2024-12-20T12:33:03","guid":{"rendered":"https:\/\/eraztunberdeurdina.eus\/?p=3748"},"modified":"2024-12-20T13:33:03","modified_gmt":"2024-12-20T12:33:03","slug":"espacio-para-polinizadores-en-irita","status":"publish","type":"post","link":"https:\/\/eraztunberdeurdina.eus\/es\/espacio-para-polinizadores-en-irita-20241220\/","title":{"rendered":"Espacio para polinizadores en Irita"},"content":{"rendered":"<div class=\"\">\n<div><\/div>\n<\/div>\n<div class=\"_a9zs\">\n<p class=\"_ap3a _aaco _aacu _aacx _aad7 _aade\" dir=\"auto\">Proiektu honen helburua da biodibertsitatea bultzatzea<br \/>\nEn una de las zonas m\u00e1s interesantes del Anillo Verde Azul, en el humedal de Irita hemos colocado un espacio para los insectos polinizantes. Este jard\u00edn tiene un dise\u00f1o con forma de mariposa y tiene 30 especies de plantas y arbustos diferentes, especialmente atractivos para los insectos que polinizan las flores: lavanda, melisa, espino blanco, espino negro, aladierno, menta, or\u00e9gano, salvia, sa\u00faco negro&#8230; se han plantado un total de 436 plantas que crecer\u00e1n formando un bonito jard\u00edn. El espacio se ha vallado, sobre todo, para evitar la entrada de perros y as\u00ed proteger las plantas sembradas.<\/p>\n<p>El objetivo de este proyecto es impulsar la biodiversidad y sensibilizar sobre la importancia de proteger a los insectos polinizadores. En este espacio tambi\u00e9n se instalar\u00e1 un panel explicativo y un hotel de insectos, una estructura de madera que se est\u00e1 empezando a ser habitual en muchas ciudades, para facilitar el desarrollo de los polinizadores y la supervivencia invernal.<\/p>\n<\/div>\n","protected":false},"excerpt":{"rendered":"<p>Proiektu honen helburua da biodibertsitatea bultzatzea En una de las zonas m\u00e1s interesantes del Anillo Verde Azul, en el humedal [&hellip;]<\/p>\n","protected":false},"author":3,"featured_media":3746,"comment_status":"closed","ping_status":"closed","sticky":false,"template":"","format":"standard","meta":{"_acf_changed":false,"site-sidebar-layout":"default","site-content-layout":"","ast-site-content-layout":"default","site-content-style":"default","site-sidebar-style":"default","ast-global-header-display":"","ast-banner-title-visibility":"","ast-main-header-display":"","ast-hfb-above-header-display":"","ast-hfb-below-header-display":"","ast-hfb-mobile-header-display":"","site-post-title":"","ast-breadcrumbs-content":"","ast-featured-img":"","footer-sml-layout":"","ast-disable-related-posts":"","theme-transparent-header-meta":"","adv-header-id-meta":"","stick-header-meta":"","header-above-stick-meta":"","header-main-stick-meta":"","header-below-stick-meta":"","astra-migrate-meta-layouts":"default","ast-page-background-enabled":"default","ast-page-background-meta":{"desktop":{"background-color":"var(--ast-global-color-5)","background-image":"","background-repeat":"repeat","background-position":"center center","background-size":"auto","background-attachment":"scroll","background-type":"","background-media":"","overlay-type":"","overlay-color":"","overlay-opacity":"","overlay-gradient":""},"tablet":{"background-color":"","background-image":"","background-repeat":"repeat","background-position":"center center","background-size":"auto","background-attachment":"scroll","background-type":"","background-media":"","overlay-type":"","overlay-color":"","overlay-opacity":"","overlay-gradient":""},"mobile":{"background-color":"","background-image":"","background-repeat":"repeat","background-position":"center center","background-size":"auto","background-attachment":"scroll","background-type":"","background-media":"","overlay-type":"","overlay-color":"","overlay-opacity":"","overlay-gradient":""}},"ast-content-background-meta":{"desktop":{"background-color":"var(--ast-global-color-4)","background-image":"","background-repeat":"repeat","background-position":"center center","background-size":"auto","background-attachment":"scroll","background-type":"","background-media":"","overlay-type":"","overlay-color":"","overlay-opacity":"","overlay-gradient":""},"tablet":{"background-color":"var(--ast-global-color-4)","background-image":"","background-repeat":"repeat","background-position":"center center","background-size":"auto","background-attachment":"scroll","background-type":"","background-media":"","overlay-type":"","overlay-color":"","overlay-opacity":"","overlay-gradient":""},"mobile":{"background-color":"var(--ast-global-color-4)","background-image":"","background-repeat":"repeat","background-position":"center center","background-size":"auto","background-attachment":"scroll","background-type":"","background-media":"","overlay-type":"","overlay-color":"","overlay-opacity":"","overlay-gradient":""}},"footnotes":""},"categories":[442,754,443,454,263],"tags":[33,106,101,34,353,764,765,603,82,28,35],"class_list":["post-3748","post","type-post","status-publish","format-standard","has-post-thumbnail","hentry","category-biodiversidad","category-cambio-climatico","category-humedal","category-irita","category-sensibilizacion","tag-anillo-verde-azul","tag-ayuntamiento-de-zarautz","tag-biodiversidad","tag-eraztun-berde-urdina","tag-humedal","tag-insectos","tag-insectos-polinizadores","tag-invierno","tag-irita","tag-zarautz","tag-zarauzko-udala"],"acf":[],"yoast_head":"<!-- This site is optimized with the Yoast SEO plugin v27.1.1 - https:\/\/yoast.com\/product\/yoast-seo-wordpress\/ -->\n<title>Espacio para polinizadores en Irita - Anillo Verde Azul de Zarautz<\/title>\n<meta name=\"robots\" content=\"index, follow, max-snippet:-1, max-image-preview:large, max-video-preview:-1\" \/>\n<link rel=\"canonical\" href=\"https:\/\/eraztunberdeurdina.eus\/es\/espacio-para-polinizadores-en-irita-20241220\/\" \/>\n<meta property=\"og:locale\" content=\"es_ES\" \/>\n<meta property=\"og:type\" content=\"article\" \/>\n<meta property=\"og:title\" content=\"Espacio para polinizadores en Irita - Anillo Verde Azul de Zarautz\" \/>\n<meta property=\"og:description\" content=\"Proiektu honen helburua da biodibertsitatea bultzatzea En una de las zonas m\u00e1s interesantes del Anillo Verde Azul, en el humedal [&hellip;]\" \/>\n<meta property=\"og:url\" content=\"https:\/\/eraztunberdeurdina.eus\/es\/espacio-para-polinizadores-en-irita-20241220\/\" \/>\n<meta property=\"og:site_name\" content=\"Anillo Verde Azul de Zarautz\" \/>\n<meta property=\"article:published_time\" content=\"2024-12-20T12:33:03+00:00\" \/>\n<meta property=\"og:image\" content=\"https:\/\/eraztunberdeurdina.eus\/wp-content\/uploads\/2024\/12\/Iritako-lorategia-1200x600.jpg\" \/>\n\t<meta property=\"og:image:width\" content=\"1200\" \/>\n\t<meta property=\"og:image:height\" content=\"600\" \/>\n\t<meta property=\"og:image:type\" content=\"image\/jpeg\" \/>\n<meta name=\"author\" content=\"ebu\" \/>\n<meta name=\"twitter:card\" content=\"summary_large_image\" \/>\n<meta name=\"twitter:label1\" content=\"Escrito por\" \/>\n\t<meta name=\"twitter:data1\" content=\"ebu\" \/>\n\t<meta name=\"twitter:label2\" content=\"Tiempo de lectura\" \/>\n\t<meta name=\"twitter:data2\" content=\"1 minuto\" \/>\n<script type=\"application\/ld+json\" class=\"yoast-schema-graph\">{\"@context\":\"https:\/\/schema.org\",\"@graph\":[{\"@type\":\"Article\",\"@id\":\"https:\/\/eraztunberdeurdina.eus\/es\/espacio-para-polinizadores-en-irita-20241220\/#article\",\"isPartOf\":{\"@id\":\"https:\/\/eraztunberdeurdina.eus\/es\/espacio-para-polinizadores-en-irita-20241220\/\"},\"author\":{\"name\":\"ebu\",\"@id\":\"https:\/\/eraztunberdeurdina.eus\/#\/schema\/person\/a9c3a9d9ddfc0024a1d798d33b8eb53c\"},\"headline\":\"Espacio para polinizadores en Irita\",\"datePublished\":\"2024-12-20T12:33:03+00:00\",\"mainEntityOfPage\":{\"@id\":\"https:\/\/eraztunberdeurdina.eus\/es\/espacio-para-polinizadores-en-irita-20241220\/\"},\"wordCount\":172,\"publisher\":{\"@id\":\"https:\/\/eraztunberdeurdina.eus\/#organization\"},\"image\":{\"@id\":\"https:\/\/eraztunberdeurdina.eus\/es\/espacio-para-polinizadores-en-irita-20241220\/#primaryimage\"},\"thumbnailUrl\":\"https:\/\/eraztunberdeurdina.eus\/wp-content\/uploads\/2024\/12\/Iritako-lorategia-1200x600.jpg\",\"keywords\":[\"anillo verde azul\",\"Ayuntamiento de Zarautz\",\"biodiversidad\",\"Eraztun Berde Urdina\",\"humedal\",\"insectos\",\"insectos polinizadores\",\"invierno\",\"Irita\",\"Zarautz\",\"Zarauzko Udala\"],\"articleSection\":[\"biodiversidad\",\"Cambio clim\u00e1tico\",\"humedal\",\"Irita\",\"sensibilizaci\u00f3n\"],\"inLanguage\":\"es\"},{\"@type\":\"WebPage\",\"@id\":\"https:\/\/eraztunberdeurdina.eus\/es\/espacio-para-polinizadores-en-irita-20241220\/\",\"url\":\"https:\/\/eraztunberdeurdina.eus\/es\/espacio-para-polinizadores-en-irita-20241220\/\",\"name\":\"Espacio para polinizadores en Irita - Anillo Verde Azul de Zarautz\",\"isPartOf\":{\"@id\":\"https:\/\/eraztunberdeurdina.eus\/#website\"},\"primaryImageOfPage\":{\"@id\":\"https:\/\/eraztunberdeurdina.eus\/es\/espacio-para-polinizadores-en-irita-20241220\/#primaryimage\"},\"image\":{\"@id\":\"https:\/\/eraztunberdeurdina.eus\/es\/espacio-para-polinizadores-en-irita-20241220\/#primaryimage\"},\"thumbnailUrl\":\"https:\/\/eraztunberdeurdina.eus\/wp-content\/uploads\/2024\/12\/Iritako-lorategia-1200x600.jpg\",\"datePublished\":\"2024-12-20T12:33:03+00:00\",\"breadcrumb\":{\"@id\":\"https:\/\/eraztunberdeurdina.eus\/es\/espacio-para-polinizadores-en-irita-20241220\/#breadcrumb\"},\"inLanguage\":\"es\",\"potentialAction\":[{\"@type\":\"ReadAction\",\"target\":[\"https:\/\/eraztunberdeurdina.eus\/es\/espacio-para-polinizadores-en-irita-20241220\/\"]}]},{\"@type\":\"ImageObject\",\"inLanguage\":\"es\",\"@id\":\"https:\/\/eraztunberdeurdina.eus\/es\/espacio-para-polinizadores-en-irita-20241220\/#primaryimage\",\"url\":\"https:\/\/eraztunberdeurdina.eus\/wp-content\/uploads\/2024\/12\/Iritako-lorategia-1200x600.jpg\",\"contentUrl\":\"https:\/\/eraztunberdeurdina.eus\/wp-content\/uploads\/2024\/12\/Iritako-lorategia-1200x600.jpg\",\"width\":1200,\"height\":600},{\"@type\":\"BreadcrumbList\",\"@id\":\"https:\/\/eraztunberdeurdina.eus\/es\/espacio-para-polinizadores-en-irita-20241220\/#breadcrumb\",\"itemListElement\":[{\"@type\":\"ListItem\",\"position\":1,\"name\":\"Home\",\"item\":\"https:\/\/eraztunberdeurdina.eus\/es\/anillo-verde-azul\/\"},{\"@type\":\"ListItem\",\"position\":2,\"name\":\"Espacio para polinizadores en Irita\"}]},{\"@type\":\"WebSite\",\"@id\":\"https:\/\/eraztunberdeurdina.eus\/#website\",\"url\":\"https:\/\/eraztunberdeurdina.eus\/\",\"name\":\"Zarauzko Eraztun Berde Urdina\",\"description\":\"Herri-inguruko berdeguneen zaintza\",\"publisher\":{\"@id\":\"https:\/\/eraztunberdeurdina.eus\/#organization\"},\"potentialAction\":[{\"@type\":\"SearchAction\",\"target\":{\"@type\":\"EntryPoint\",\"urlTemplate\":\"https:\/\/eraztunberdeurdina.eus\/?s={search_term_string}\"},\"query-input\":{\"@type\":\"PropertyValueSpecification\",\"valueRequired\":true,\"valueName\":\"search_term_string\"}}],\"inLanguage\":\"es\"},{\"@type\":\"Organization\",\"@id\":\"https:\/\/eraztunberdeurdina.eus\/#organization\",\"name\":\"Zarauzko Eraztun Berde Urdina\",\"url\":\"https:\/\/eraztunberdeurdina.eus\/\",\"logo\":{\"@type\":\"ImageObject\",\"inLanguage\":\"es\",\"@id\":\"https:\/\/eraztunberdeurdina.eus\/#\/schema\/logo\/image\/\",\"url\":\"https:\/\/eraztunberdeurdina.eus\/wp-content\/uploads\/2018\/07\/EBUkoloretan.jpg\",\"contentUrl\":\"https:\/\/eraztunberdeurdina.eus\/wp-content\/uploads\/2018\/07\/EBUkoloretan.jpg\",\"width\":934,\"height\":687,\"caption\":\"Zarauzko Eraztun Berde Urdina\"},\"image\":{\"@id\":\"https:\/\/eraztunberdeurdina.eus\/#\/schema\/logo\/image\/\"}},{\"@type\":\"Person\",\"@id\":\"https:\/\/eraztunberdeurdina.eus\/#\/schema\/person\/a9c3a9d9ddfc0024a1d798d33b8eb53c\",\"name\":\"ebu\"}]}<\/script>\n<!-- \/ Yoast SEO plugin. -->","yoast_head_json":{"title":"Espacio para polinizadores en Irita - Anillo Verde Azul de Zarautz","robots":{"index":"index","follow":"follow","max-snippet":"max-snippet:-1","max-image-preview":"max-image-preview:large","max-video-preview":"max-video-preview:-1"},"canonical":"https:\/\/eraztunberdeurdina.eus\/es\/espacio-para-polinizadores-en-irita-20241220\/","og_locale":"es_ES","og_type":"article","og_title":"Espacio para polinizadores en Irita - Anillo Verde Azul de Zarautz","og_description":"Proiektu honen helburua da biodibertsitatea bultzatzea En una de las zonas m\u00e1s interesantes del Anillo Verde Azul, en el humedal [&hellip;]","og_url":"https:\/\/eraztunberdeurdina.eus\/es\/espacio-para-polinizadores-en-irita-20241220\/","og_site_name":"Anillo Verde Azul de Zarautz","article_published_time":"2024-12-20T12:33:03+00:00","og_image":[{"width":1200,"height":600,"url":"https:\/\/eraztunberdeurdina.eus\/wp-content\/uploads\/2024\/12\/Iritako-lorategia-1200x600.jpg","type":"image\/jpeg"}],"author":"ebu","twitter_card":"summary_large_image","twitter_misc":{"Escrito por":"ebu","Tiempo de lectura":"1 minuto"},"schema":{"@context":"https:\/\/schema.org","@graph":[{"@type":"Article","@id":"https:\/\/eraztunberdeurdina.eus\/es\/espacio-para-polinizadores-en-irita-20241220\/#article","isPartOf":{"@id":"https:\/\/eraztunberdeurdina.eus\/es\/espacio-para-polinizadores-en-irita-20241220\/"},"author":{"name":"ebu","@id":"https:\/\/eraztunberdeurdina.eus\/#\/schema\/person\/a9c3a9d9ddfc0024a1d798d33b8eb53c"},"headline":"Espacio para polinizadores en Irita","datePublished":"2024-12-20T12:33:03+00:00","mainEntityOfPage":{"@id":"https:\/\/eraztunberdeurdina.eus\/es\/espacio-para-polinizadores-en-irita-20241220\/"},"wordCount":172,"publisher":{"@id":"https:\/\/eraztunberdeurdina.eus\/#organization"},"image":{"@id":"https:\/\/eraztunberdeurdina.eus\/es\/espacio-para-polinizadores-en-irita-20241220\/#primaryimage"},"thumbnailUrl":"https:\/\/eraztunberdeurdina.eus\/wp-content\/uploads\/2024\/12\/Iritako-lorategia-1200x600.jpg","keywords":["anillo verde azul","Ayuntamiento de Zarautz","biodiversidad","Eraztun Berde Urdina","humedal","insectos","insectos polinizadores","invierno","Irita","Zarautz","Zarauzko Udala"],"articleSection":["biodiversidad","Cambio clim\u00e1tico","humedal","Irita","sensibilizaci\u00f3n"],"inLanguage":"es"},{"@type":"WebPage","@id":"https:\/\/eraztunberdeurdina.eus\/es\/espacio-para-polinizadores-en-irita-20241220\/","url":"https:\/\/eraztunberdeurdina.eus\/es\/espacio-para-polinizadores-en-irita-20241220\/","name":"Espacio para polinizadores en Irita - Anillo Verde Azul de Zarautz","isPartOf":{"@id":"https:\/\/eraztunberdeurdina.eus\/#website"},"primaryImageOfPage":{"@id":"https:\/\/eraztunberdeurdina.eus\/es\/espacio-para-polinizadores-en-irita-20241220\/#primaryimage"},"image":{"@id":"https:\/\/eraztunberdeurdina.eus\/es\/espacio-para-polinizadores-en-irita-20241220\/#primaryimage"},"thumbnailUrl":"https:\/\/eraztunberdeurdina.eus\/wp-content\/uploads\/2024\/12\/Iritako-lorategia-1200x600.jpg","datePublished":"2024-12-20T12:33:03+00:00","breadcrumb":{"@id":"https:\/\/eraztunberdeurdina.eus\/es\/espacio-para-polinizadores-en-irita-20241220\/#breadcrumb"},"inLanguage":"es","potentialAction":[{"@type":"ReadAction","target":["https:\/\/eraztunberdeurdina.eus\/es\/espacio-para-polinizadores-en-irita-20241220\/"]}]},{"@type":"ImageObject","inLanguage":"es","@id":"https:\/\/eraztunberdeurdina.eus\/es\/espacio-para-polinizadores-en-irita-20241220\/#primaryimage","url":"https:\/\/eraztunberdeurdina.eus\/wp-content\/uploads\/2024\/12\/Iritako-lorategia-1200x600.jpg","contentUrl":"https:\/\/eraztunberdeurdina.eus\/wp-content\/uploads\/2024\/12\/Iritako-lorategia-1200x600.jpg","width":1200,"height":600},{"@type":"BreadcrumbList","@id":"https:\/\/eraztunberdeurdina.eus\/es\/espacio-para-polinizadores-en-irita-20241220\/#breadcrumb","itemListElement":[{"@type":"ListItem","position":1,"name":"Home","item":"https:\/\/eraztunberdeurdina.eus\/es\/anillo-verde-azul\/"},{"@type":"ListItem","position":2,"name":"Espacio para polinizadores en Irita"}]},{"@type":"WebSite","@id":"https:\/\/eraztunberdeurdina.eus\/#website","url":"https:\/\/eraztunberdeurdina.eus\/","name":"Zarauzko Eraztun Berde Urdina","description":"Herri-inguruko berdeguneen zaintza","publisher":{"@id":"https:\/\/eraztunberdeurdina.eus\/#organization"},"potentialAction":[{"@type":"SearchAction","target":{"@type":"EntryPoint","urlTemplate":"https:\/\/eraztunberdeurdina.eus\/?s={search_term_string}"},"query-input":{"@type":"PropertyValueSpecification","valueRequired":true,"valueName":"search_term_string"}}],"inLanguage":"es"},{"@type":"Organization","@id":"https:\/\/eraztunberdeurdina.eus\/#organization","name":"Zarauzko Eraztun Berde Urdina","url":"https:\/\/eraztunberdeurdina.eus\/","logo":{"@type":"ImageObject","inLanguage":"es","@id":"https:\/\/eraztunberdeurdina.eus\/#\/schema\/logo\/image\/","url":"https:\/\/eraztunberdeurdina.eus\/wp-content\/uploads\/2018\/07\/EBUkoloretan.jpg","contentUrl":"https:\/\/eraztunberdeurdina.eus\/wp-content\/uploads\/2018\/07\/EBUkoloretan.jpg","width":934,"height":687,"caption":"Zarauzko Eraztun Berde Urdina"},"image":{"@id":"https:\/\/eraztunberdeurdina.eus\/#\/schema\/logo\/image\/"}},{"@type":"Person","@id":"https:\/\/eraztunberdeurdina.eus\/#\/schema\/person\/a9c3a9d9ddfc0024a1d798d33b8eb53c","name":"ebu"}]}},"_links":{"self":[{"href":"https:\/\/eraztunberdeurdina.eus\/es\/wp-json\/wp\/v2\/posts\/3748","targetHints":{"allow":["GET"]}}],"collection":[{"href":"https:\/\/eraztunberdeurdina.eus\/es\/wp-json\/wp\/v2\/posts"}],"about":[{"href":"https:\/\/eraztunberdeurdina.eus\/es\/wp-json\/wp\/v2\/types\/post"}],"author":[{"embeddable":true,"href":"https:\/\/eraztunberdeurdina.eus\/es\/wp-json\/wp\/v2\/users\/3"}],"replies":[{"embeddable":true,"href":"https:\/\/eraztunberdeurdina.eus\/es\/wp-json\/wp\/v2\/comments?post=3748"}],"version-history":[{"count":1,"href":"https:\/\/eraztunberdeurdina.eus\/es\/wp-json\/wp\/v2\/posts\/3748\/revisions"}],"predecessor-version":[{"id":3749,"href":"https:\/\/eraztunberdeurdina.eus\/es\/wp-json\/wp\/v2\/posts\/3748\/revisions\/3749"}],"wp:featuredmedia":[{"embeddable":true,"href":"https:\/\/eraztunberdeurdina.eus\/es\/wp-json\/wp\/v2\/media\/3746"}],"wp:attachment":[{"href":"https:\/\/eraztunberdeurdina.eus\/es\/wp-json\/wp\/v2\/media?parent=3748"}],"wp:term":[{"taxonomy":"category","embeddable":true,"href":"https:\/\/eraztunberdeurdina.eus\/es\/wp-json\/wp\/v2\/categories?post=3748"},{"taxonomy":"post_tag","embeddable":true,"href":"https:\/\/eraztunberdeurdina.eus\/es\/wp-json\/wp\/v2\/tags?post=3748"}],"curies":[{"name":"wp","href":"https:\/\/api.w.org\/{rel}","templated":true}]}}