{"id":3790,"date":"2025-01-21T11:56:11","date_gmt":"2025-01-21T10:56:11","guid":{"rendered":"https:\/\/eraztunberdeurdina.eus\/?p=3790"},"modified":"2025-01-21T11:56:11","modified_gmt":"2025-01-21T10:56:11","slug":"invitamos-a-la-ciudadania-a-realizar-una-plantacion-de-alcornoques-en-el-bosque-de-zingira","status":"publish","type":"post","link":"https:\/\/eraztunberdeurdina.eus\/es\/invitamos-a-la-ciudadania-a-realizar-una-plantacion-de-alcornoques-en-el-bosque-de-zingira-20250121\/","title":{"rendered":"Invitamos a la ciudadan\u00eda a realizar una plantaci\u00f3n de alcornoques en el bosque de Zingira"},"content":{"rendered":"<p><em>Lo haremos el pr\u00f3ximo s\u00e1bado, 25 de enero.<\/em><\/p>\n<p><strong>\u00a0<\/strong><\/p>\n<p><strong>En oto\u00f1o de 2023 recogimos las bellotas junto a la poblaci\u00f3n en el bosque de Gesoerreka con la intenci\u00f3n de plantarlas m\u00e1s adelante. En el vivero de la Diputaci\u00f3n han crecido y, aunque son peque\u00f1os, ya se han hecho con el tama\u00f1o necesario para plantar. Por lo tanto, ahora es el momento de plantarlo y lo haremos en el bosque de Zingira. En el mismo pantano, desde la compra de la parcela y la recuperaci\u00f3n del bosque de alcornoques, hemos plantado m\u00e1s de 1.300 \u00e1rboles y \u00e1rboles. Algunas de ellas no han crecido y ahora, en esta plantaci\u00f3n del s\u00e1bado, las sustituiremos.<\/strong><\/p>\n<p>El nombre cient\u00edfico del alcornoque es <em>Quercus suber<\/em>. Estos \u00e1rboles est\u00e1n extendidos en las localidades de Getaria y Zarautz, protegidos en el marco de la Red Europea Natura 2000. En ella se encuentran los bosques de alcornoques Zingira y Gesorrreka, terrenos que compramos para el pueblo de Zarautz para su conservaci\u00f3n y difusi\u00f3n.<\/p>\n<p>Esta zona de Garate Santa B\u00e1rbara es, por supuesto, un importante punto de inter\u00e9s en el Anillo Verde Azul, y gestionamos su mantenimiento y cuidado.<\/p>\n<p>De la misma manera, estos ecosistemas no solo protegen a los animales y plantas en situaci\u00f3n de riesgo, sino que gracias a los bosques se consigue la sombra, el sostenimiento del suelo y la lucha contra la erosi\u00f3n, la absorci\u00f3n de CO2, etc.<\/p>\n<p>Por eso, nuestro Anillo Verde Azul es una estructura verde para hacer frente al cambio clim\u00e1tico, un refugio clim\u00e1tico para el pueblo de Zarautz.<\/p>\n<p>Para realizar esta plantaci\u00f3n de \u00e1rboles en el bosque de Zingira partiremos a las 10:00 de la ma\u00f1ana desde el Torre\u00f3n del parque de Vista Alegre. Para participar en la actividad es necesario inscribirse:<\/p>\n<p>Por tel\u00e9fono 943 00 51 59 o por e-mail zarautz@eraztunberdeurdina.eus<\/p>\n","protected":false},"excerpt":{"rendered":"<p>Lo haremos el pr\u00f3ximo s\u00e1bado, 25 de enero. \u00a0 En oto\u00f1o de 2023 recogimos las bellotas junto a la poblaci\u00f3n [&hellip;]<\/p>\n","protected":false},"author":3,"featured_media":3788,"comment_status":"closed","ping_status":"closed","sticky":false,"template":"","format":"standard","meta":{"_acf_changed":false,"site-sidebar-layout":"default","site-content-layout":"","ast-site-content-layout":"default","site-content-style":"default","site-sidebar-style":"default","ast-global-header-display":"","ast-banner-title-visibility":"","ast-main-header-display":"","ast-hfb-above-header-display":"","ast-hfb-below-header-display":"","ast-hfb-mobile-header-display":"","site-post-title":"","ast-breadcrumbs-content":"","ast-featured-img":"","footer-sml-layout":"","ast-disable-related-posts":"","theme-transparent-header-meta":"","adv-header-id-meta":"","stick-header-meta":"","header-above-stick-meta":"","header-main-stick-meta":"","header-below-stick-meta":"","astra-migrate-meta-layouts":"default","ast-page-background-enabled":"default","ast-page-background-meta":{"desktop":{"background-color":"var(--ast-global-color-5)","background-image":"","background-repeat":"repeat","background-position":"center center","background-size":"auto","background-attachment":"scroll","background-type":"","background-media":"","overlay-type":"","overlay-color":"","overlay-opacity":"","overlay-gradient":""},"tablet":{"background-color":"","background-image":"","background-repeat":"repeat","background-position":"center center","background-size":"auto","background-attachment":"scroll","background-type":"","background-media":"","overlay-type":"","overlay-color":"","overlay-opacity":"","overlay-gradient":""},"mobile":{"background-color":"","background-image":"","background-repeat":"repeat","background-position":"center center","background-size":"auto","background-attachment":"scroll","background-type":"","background-media":"","overlay-type":"","overlay-color":"","overlay-opacity":"","overlay-gradient":""}},"ast-content-background-meta":{"desktop":{"background-color":"var(--ast-global-color-4)","background-image":"","background-repeat":"repeat","background-position":"center center","background-size":"auto","background-attachment":"scroll","background-type":"","background-media":"","overlay-type":"","overlay-color":"","overlay-opacity":"","overlay-gradient":""},"tablet":{"background-color":"var(--ast-global-color-4)","background-image":"","background-repeat":"repeat","background-position":"center center","background-size":"auto","background-attachment":"scroll","background-type":"","background-media":"","overlay-type":"","overlay-color":"","overlay-opacity":"","overlay-gradient":""},"mobile":{"background-color":"var(--ast-global-color-4)","background-image":"","background-repeat":"repeat","background-position":"center center","background-size":"auto","background-attachment":"scroll","background-type":"","background-media":"","overlay-type":"","overlay-color":"","overlay-opacity":"","overlay-gradient":""}},"footnotes":""},"categories":[86,47,754,756,263,415],"tags":[53,451,33,106,582,48,410,453,768,28,35,219],"class_list":["post-3790","post","type-post","status-publish","format-standard","has-post-thumbnail","hentry","category-actividades","category-bosques","category-cambio-climatico","category-ruta-arkamurka","category-sensibilizacion","category-zingira-2","tag-alcornocal","tag-alcornoques","tag-anillo-verde-azul","tag-ayuntamiento-de-zarautz","tag-bellotas","tag-bosque","tag-bosque-zingira","tag-plantacion-de-arboles","tag-plantacion-de-bellotas","tag-zarautz","tag-zarauzko-udala","tag-zingira"],"acf":[],"yoast_head":"<!-- This site is optimized with the Yoast SEO plugin v27.1.1 - https:\/\/yoast.com\/product\/yoast-seo-wordpress\/ -->\n<title>Invitamos a la ciudadan\u00eda a realizar una plantaci\u00f3n de alcornoques en el bosque de Zingira - Anillo Verde Azul de Zarautz<\/title>\n<meta name=\"robots\" content=\"index, follow, max-snippet:-1, max-image-preview:large, max-video-preview:-1\" \/>\n<link rel=\"canonical\" href=\"https:\/\/eraztunberdeurdina.eus\/es\/invitamos-a-la-ciudadania-a-realizar-una-plantacion-de-alcornoques-en-el-bosque-de-zingira-20250121\/\" \/>\n<meta property=\"og:locale\" content=\"es_ES\" \/>\n<meta property=\"og:type\" content=\"article\" \/>\n<meta property=\"og:title\" content=\"Invitamos a la ciudadan\u00eda a realizar una plantaci\u00f3n de alcornoques en el bosque de Zingira - Anillo Verde Azul de Zarautz\" \/>\n<meta property=\"og:description\" content=\"Lo haremos el pr\u00f3ximo s\u00e1bado, 25 de enero. \u00a0 En oto\u00f1o de 2023 recogimos las bellotas junto a la poblaci\u00f3n [&hellip;]\" \/>\n<meta property=\"og:url\" content=\"https:\/\/eraztunberdeurdina.eus\/es\/invitamos-a-la-ciudadania-a-realizar-una-plantacion-de-alcornoques-en-el-bosque-de-zingira-20250121\/\" \/>\n<meta property=\"og:site_name\" content=\"Anillo Verde Azul de Zarautz\" \/>\n<meta property=\"article:published_time\" content=\"2025-01-21T10:56:11+00:00\" \/>\n<meta property=\"og:image\" content=\"https:\/\/eraztunberdeurdina.eus\/wp-content\/uploads\/2025\/01\/Zingira-zuhaitz-landaketa-600x600.png\" \/>\n\t<meta property=\"og:image:width\" content=\"600\" \/>\n\t<meta property=\"og:image:height\" content=\"600\" \/>\n\t<meta property=\"og:image:type\" content=\"image\/png\" \/>\n<meta name=\"author\" content=\"ebu\" \/>\n<meta name=\"twitter:card\" content=\"summary_large_image\" \/>\n<meta name=\"twitter:label1\" content=\"Escrito por\" \/>\n\t<meta name=\"twitter:data1\" content=\"ebu\" \/>\n\t<meta name=\"twitter:label2\" content=\"Tiempo de lectura\" \/>\n\t<meta name=\"twitter:data2\" content=\"2 minutos\" \/>\n<script type=\"application\/ld+json\" class=\"yoast-schema-graph\">{\"@context\":\"https:\/\/schema.org\",\"@graph\":[{\"@type\":\"Article\",\"@id\":\"https:\/\/eraztunberdeurdina.eus\/es\/invitamos-a-la-ciudadania-a-realizar-una-plantacion-de-alcornoques-en-el-bosque-de-zingira-20250121\/#article\",\"isPartOf\":{\"@id\":\"https:\/\/eraztunberdeurdina.eus\/es\/invitamos-a-la-ciudadania-a-realizar-una-plantacion-de-alcornoques-en-el-bosque-de-zingira-20250121\/\"},\"author\":{\"name\":\"ebu\",\"@id\":\"https:\/\/eraztunberdeurdina.eus\/#\/schema\/person\/a9c3a9d9ddfc0024a1d798d33b8eb53c\"},\"headline\":\"Invitamos a la ciudadan\u00eda a realizar una plantaci\u00f3n de alcornoques en el bosque de Zingira\",\"datePublished\":\"2025-01-21T10:56:11+00:00\",\"mainEntityOfPage\":{\"@id\":\"https:\/\/eraztunberdeurdina.eus\/es\/invitamos-a-la-ciudadania-a-realizar-una-plantacion-de-alcornoques-en-el-bosque-de-zingira-20250121\/\"},\"wordCount\":337,\"publisher\":{\"@id\":\"https:\/\/eraztunberdeurdina.eus\/#organization\"},\"image\":{\"@id\":\"https:\/\/eraztunberdeurdina.eus\/es\/invitamos-a-la-ciudadania-a-realizar-una-plantacion-de-alcornoques-en-el-bosque-de-zingira-20250121\/#primaryimage\"},\"thumbnailUrl\":\"https:\/\/eraztunberdeurdina.eus\/wp-content\/uploads\/2025\/01\/Zingira-zuhaitz-landaketa.png\",\"keywords\":[\"alcornocal\",\"alcornoques\",\"anillo verde azul\",\"Ayuntamiento de Zarautz\",\"bellotas\",\"bosque\",\"bosque Zingira\",\"plantaci\u00f3n de \u00e1rboles\",\"plantaci\u00f3n de bellotas\",\"Zarautz\",\"Zarauzko Udala\",\"Zingira\"],\"articleSection\":[\"Actividades\",\"bosques\",\"Cambio clim\u00e1tico\",\"ruta Arkamurka\",\"sensibilizaci\u00f3n\",\"Zingira\"],\"inLanguage\":\"es\"},{\"@type\":\"WebPage\",\"@id\":\"https:\/\/eraztunberdeurdina.eus\/es\/invitamos-a-la-ciudadania-a-realizar-una-plantacion-de-alcornoques-en-el-bosque-de-zingira-20250121\/\",\"url\":\"https:\/\/eraztunberdeurdina.eus\/es\/invitamos-a-la-ciudadania-a-realizar-una-plantacion-de-alcornoques-en-el-bosque-de-zingira-20250121\/\",\"name\":\"Invitamos a la ciudadan\u00eda a realizar una plantaci\u00f3n de alcornoques en el bosque de Zingira - Anillo Verde Azul de Zarautz\",\"isPartOf\":{\"@id\":\"https:\/\/eraztunberdeurdina.eus\/#website\"},\"primaryImageOfPage\":{\"@id\":\"https:\/\/eraztunberdeurdina.eus\/es\/invitamos-a-la-ciudadania-a-realizar-una-plantacion-de-alcornoques-en-el-bosque-de-zingira-20250121\/#primaryimage\"},\"image\":{\"@id\":\"https:\/\/eraztunberdeurdina.eus\/es\/invitamos-a-la-ciudadania-a-realizar-una-plantacion-de-alcornoques-en-el-bosque-de-zingira-20250121\/#primaryimage\"},\"thumbnailUrl\":\"https:\/\/eraztunberdeurdina.eus\/wp-content\/uploads\/2025\/01\/Zingira-zuhaitz-landaketa.png\",\"datePublished\":\"2025-01-21T10:56:11+00:00\",\"breadcrumb\":{\"@id\":\"https:\/\/eraztunberdeurdina.eus\/es\/invitamos-a-la-ciudadania-a-realizar-una-plantacion-de-alcornoques-en-el-bosque-de-zingira-20250121\/#breadcrumb\"},\"inLanguage\":\"es\",\"potentialAction\":[{\"@type\":\"ReadAction\",\"target\":[\"https:\/\/eraztunberdeurdina.eus\/es\/invitamos-a-la-ciudadania-a-realizar-una-plantacion-de-alcornoques-en-el-bosque-de-zingira-20250121\/\"]}]},{\"@type\":\"ImageObject\",\"inLanguage\":\"es\",\"@id\":\"https:\/\/eraztunberdeurdina.eus\/es\/invitamos-a-la-ciudadania-a-realizar-una-plantacion-de-alcornoques-en-el-bosque-de-zingira-20250121\/#primaryimage\",\"url\":\"https:\/\/eraztunberdeurdina.eus\/wp-content\/uploads\/2025\/01\/Zingira-zuhaitz-landaketa.png\",\"contentUrl\":\"https:\/\/eraztunberdeurdina.eus\/wp-content\/uploads\/2025\/01\/Zingira-zuhaitz-landaketa.png\",\"width\":1414,\"height\":2000},{\"@type\":\"BreadcrumbList\",\"@id\":\"https:\/\/eraztunberdeurdina.eus\/es\/invitamos-a-la-ciudadania-a-realizar-una-plantacion-de-alcornoques-en-el-bosque-de-zingira-20250121\/#breadcrumb\",\"itemListElement\":[{\"@type\":\"ListItem\",\"position\":1,\"name\":\"Home\",\"item\":\"https:\/\/eraztunberdeurdina.eus\/es\/anillo-verde-azul\/\"},{\"@type\":\"ListItem\",\"position\":2,\"name\":\"Invitamos a la ciudadan\u00eda a realizar una plantaci\u00f3n de alcornoques en el bosque de Zingira\"}]},{\"@type\":\"WebSite\",\"@id\":\"https:\/\/eraztunberdeurdina.eus\/#website\",\"url\":\"https:\/\/eraztunberdeurdina.eus\/\",\"name\":\"Zarauzko Eraztun Berde Urdina\",\"description\":\"Herri-inguruko berdeguneen zaintza\",\"publisher\":{\"@id\":\"https:\/\/eraztunberdeurdina.eus\/#organization\"},\"potentialAction\":[{\"@type\":\"SearchAction\",\"target\":{\"@type\":\"EntryPoint\",\"urlTemplate\":\"https:\/\/eraztunberdeurdina.eus\/?s={search_term_string}\"},\"query-input\":{\"@type\":\"PropertyValueSpecification\",\"valueRequired\":true,\"valueName\":\"search_term_string\"}}],\"inLanguage\":\"es\"},{\"@type\":\"Organization\",\"@id\":\"https:\/\/eraztunberdeurdina.eus\/#organization\",\"name\":\"Zarauzko Eraztun Berde Urdina\",\"url\":\"https:\/\/eraztunberdeurdina.eus\/\",\"logo\":{\"@type\":\"ImageObject\",\"inLanguage\":\"es\",\"@id\":\"https:\/\/eraztunberdeurdina.eus\/#\/schema\/logo\/image\/\",\"url\":\"https:\/\/eraztunberdeurdina.eus\/wp-content\/uploads\/2018\/07\/EBUkoloretan.jpg\",\"contentUrl\":\"https:\/\/eraztunberdeurdina.eus\/wp-content\/uploads\/2018\/07\/EBUkoloretan.jpg\",\"width\":934,\"height\":687,\"caption\":\"Zarauzko Eraztun Berde Urdina\"},\"image\":{\"@id\":\"https:\/\/eraztunberdeurdina.eus\/#\/schema\/logo\/image\/\"}},{\"@type\":\"Person\",\"@id\":\"https:\/\/eraztunberdeurdina.eus\/#\/schema\/person\/a9c3a9d9ddfc0024a1d798d33b8eb53c\",\"name\":\"ebu\"}]}<\/script>\n<!-- \/ Yoast SEO plugin. -->","yoast_head_json":{"title":"Invitamos a la ciudadan\u00eda a realizar una plantaci\u00f3n de alcornoques en el bosque de Zingira - Anillo Verde Azul de Zarautz","robots":{"index":"index","follow":"follow","max-snippet":"max-snippet:-1","max-image-preview":"max-image-preview:large","max-video-preview":"max-video-preview:-1"},"canonical":"https:\/\/eraztunberdeurdina.eus\/es\/invitamos-a-la-ciudadania-a-realizar-una-plantacion-de-alcornoques-en-el-bosque-de-zingira-20250121\/","og_locale":"es_ES","og_type":"article","og_title":"Invitamos a la ciudadan\u00eda a realizar una plantaci\u00f3n de alcornoques en el bosque de Zingira - Anillo Verde Azul de Zarautz","og_description":"Lo haremos el pr\u00f3ximo s\u00e1bado, 25 de enero. \u00a0 En oto\u00f1o de 2023 recogimos las bellotas junto a la poblaci\u00f3n [&hellip;]","og_url":"https:\/\/eraztunberdeurdina.eus\/es\/invitamos-a-la-ciudadania-a-realizar-una-plantacion-de-alcornoques-en-el-bosque-de-zingira-20250121\/","og_site_name":"Anillo Verde Azul de Zarautz","article_published_time":"2025-01-21T10:56:11+00:00","og_image":[{"width":600,"height":600,"url":"https:\/\/eraztunberdeurdina.eus\/wp-content\/uploads\/2025\/01\/Zingira-zuhaitz-landaketa-600x600.png","type":"image\/png"}],"author":"ebu","twitter_card":"summary_large_image","twitter_misc":{"Escrito por":"ebu","Tiempo de lectura":"2 minutos"},"schema":{"@context":"https:\/\/schema.org","@graph":[{"@type":"Article","@id":"https:\/\/eraztunberdeurdina.eus\/es\/invitamos-a-la-ciudadania-a-realizar-una-plantacion-de-alcornoques-en-el-bosque-de-zingira-20250121\/#article","isPartOf":{"@id":"https:\/\/eraztunberdeurdina.eus\/es\/invitamos-a-la-ciudadania-a-realizar-una-plantacion-de-alcornoques-en-el-bosque-de-zingira-20250121\/"},"author":{"name":"ebu","@id":"https:\/\/eraztunberdeurdina.eus\/#\/schema\/person\/a9c3a9d9ddfc0024a1d798d33b8eb53c"},"headline":"Invitamos a la ciudadan\u00eda a realizar una plantaci\u00f3n de alcornoques en el bosque de Zingira","datePublished":"2025-01-21T10:56:11+00:00","mainEntityOfPage":{"@id":"https:\/\/eraztunberdeurdina.eus\/es\/invitamos-a-la-ciudadania-a-realizar-una-plantacion-de-alcornoques-en-el-bosque-de-zingira-20250121\/"},"wordCount":337,"publisher":{"@id":"https:\/\/eraztunberdeurdina.eus\/#organization"},"image":{"@id":"https:\/\/eraztunberdeurdina.eus\/es\/invitamos-a-la-ciudadania-a-realizar-una-plantacion-de-alcornoques-en-el-bosque-de-zingira-20250121\/#primaryimage"},"thumbnailUrl":"https:\/\/eraztunberdeurdina.eus\/wp-content\/uploads\/2025\/01\/Zingira-zuhaitz-landaketa.png","keywords":["alcornocal","alcornoques","anillo verde azul","Ayuntamiento de Zarautz","bellotas","bosque","bosque Zingira","plantaci\u00f3n de \u00e1rboles","plantaci\u00f3n de bellotas","Zarautz","Zarauzko Udala","Zingira"],"articleSection":["Actividades","bosques","Cambio clim\u00e1tico","ruta Arkamurka","sensibilizaci\u00f3n","Zingira"],"inLanguage":"es"},{"@type":"WebPage","@id":"https:\/\/eraztunberdeurdina.eus\/es\/invitamos-a-la-ciudadania-a-realizar-una-plantacion-de-alcornoques-en-el-bosque-de-zingira-20250121\/","url":"https:\/\/eraztunberdeurdina.eus\/es\/invitamos-a-la-ciudadania-a-realizar-una-plantacion-de-alcornoques-en-el-bosque-de-zingira-20250121\/","name":"Invitamos a la ciudadan\u00eda a realizar una plantaci\u00f3n de alcornoques en el bosque de Zingira - Anillo Verde Azul de Zarautz","isPartOf":{"@id":"https:\/\/eraztunberdeurdina.eus\/#website"},"primaryImageOfPage":{"@id":"https:\/\/eraztunberdeurdina.eus\/es\/invitamos-a-la-ciudadania-a-realizar-una-plantacion-de-alcornoques-en-el-bosque-de-zingira-20250121\/#primaryimage"},"image":{"@id":"https:\/\/eraztunberdeurdina.eus\/es\/invitamos-a-la-ciudadania-a-realizar-una-plantacion-de-alcornoques-en-el-bosque-de-zingira-20250121\/#primaryimage"},"thumbnailUrl":"https:\/\/eraztunberdeurdina.eus\/wp-content\/uploads\/2025\/01\/Zingira-zuhaitz-landaketa.png","datePublished":"2025-01-21T10:56:11+00:00","breadcrumb":{"@id":"https:\/\/eraztunberdeurdina.eus\/es\/invitamos-a-la-ciudadania-a-realizar-una-plantacion-de-alcornoques-en-el-bosque-de-zingira-20250121\/#breadcrumb"},"inLanguage":"es","potentialAction":[{"@type":"ReadAction","target":["https:\/\/eraztunberdeurdina.eus\/es\/invitamos-a-la-ciudadania-a-realizar-una-plantacion-de-alcornoques-en-el-bosque-de-zingira-20250121\/"]}]},{"@type":"ImageObject","inLanguage":"es","@id":"https:\/\/eraztunberdeurdina.eus\/es\/invitamos-a-la-ciudadania-a-realizar-una-plantacion-de-alcornoques-en-el-bosque-de-zingira-20250121\/#primaryimage","url":"https:\/\/eraztunberdeurdina.eus\/wp-content\/uploads\/2025\/01\/Zingira-zuhaitz-landaketa.png","contentUrl":"https:\/\/eraztunberdeurdina.eus\/wp-content\/uploads\/2025\/01\/Zingira-zuhaitz-landaketa.png","width":1414,"height":2000},{"@type":"BreadcrumbList","@id":"https:\/\/eraztunberdeurdina.eus\/es\/invitamos-a-la-ciudadania-a-realizar-una-plantacion-de-alcornoques-en-el-bosque-de-zingira-20250121\/#breadcrumb","itemListElement":[{"@type":"ListItem","position":1,"name":"Home","item":"https:\/\/eraztunberdeurdina.eus\/es\/anillo-verde-azul\/"},{"@type":"ListItem","position":2,"name":"Invitamos a la ciudadan\u00eda a realizar una plantaci\u00f3n de alcornoques en el bosque de Zingira"}]},{"@type":"WebSite","@id":"https:\/\/eraztunberdeurdina.eus\/#website","url":"https:\/\/eraztunberdeurdina.eus\/","name":"Zarauzko Eraztun Berde Urdina","description":"Herri-inguruko berdeguneen zaintza","publisher":{"@id":"https:\/\/eraztunberdeurdina.eus\/#organization"},"potentialAction":[{"@type":"SearchAction","target":{"@type":"EntryPoint","urlTemplate":"https:\/\/eraztunberdeurdina.eus\/?s={search_term_string}"},"query-input":{"@type":"PropertyValueSpecification","valueRequired":true,"valueName":"search_term_string"}}],"inLanguage":"es"},{"@type":"Organization","@id":"https:\/\/eraztunberdeurdina.eus\/#organization","name":"Zarauzko Eraztun Berde Urdina","url":"https:\/\/eraztunberdeurdina.eus\/","logo":{"@type":"ImageObject","inLanguage":"es","@id":"https:\/\/eraztunberdeurdina.eus\/#\/schema\/logo\/image\/","url":"https:\/\/eraztunberdeurdina.eus\/wp-content\/uploads\/2018\/07\/EBUkoloretan.jpg","contentUrl":"https:\/\/eraztunberdeurdina.eus\/wp-content\/uploads\/2018\/07\/EBUkoloretan.jpg","width":934,"height":687,"caption":"Zarauzko Eraztun Berde Urdina"},"image":{"@id":"https:\/\/eraztunberdeurdina.eus\/#\/schema\/logo\/image\/"}},{"@type":"Person","@id":"https:\/\/eraztunberdeurdina.eus\/#\/schema\/person\/a9c3a9d9ddfc0024a1d798d33b8eb53c","name":"ebu"}]}},"_links":{"self":[{"href":"https:\/\/eraztunberdeurdina.eus\/es\/wp-json\/wp\/v2\/posts\/3790","targetHints":{"allow":["GET"]}}],"collection":[{"href":"https:\/\/eraztunberdeurdina.eus\/es\/wp-json\/wp\/v2\/posts"}],"about":[{"href":"https:\/\/eraztunberdeurdina.eus\/es\/wp-json\/wp\/v2\/types\/post"}],"author":[{"embeddable":true,"href":"https:\/\/eraztunberdeurdina.eus\/es\/wp-json\/wp\/v2\/users\/3"}],"replies":[{"embeddable":true,"href":"https:\/\/eraztunberdeurdina.eus\/es\/wp-json\/wp\/v2\/comments?post=3790"}],"version-history":[{"count":1,"href":"https:\/\/eraztunberdeurdina.eus\/es\/wp-json\/wp\/v2\/posts\/3790\/revisions"}],"predecessor-version":[{"id":3791,"href":"https:\/\/eraztunberdeurdina.eus\/es\/wp-json\/wp\/v2\/posts\/3790\/revisions\/3791"}],"wp:featuredmedia":[{"embeddable":true,"href":"https:\/\/eraztunberdeurdina.eus\/es\/wp-json\/wp\/v2\/media\/3788"}],"wp:attachment":[{"href":"https:\/\/eraztunberdeurdina.eus\/es\/wp-json\/wp\/v2\/media?parent=3790"}],"wp:term":[{"taxonomy":"category","embeddable":true,"href":"https:\/\/eraztunberdeurdina.eus\/es\/wp-json\/wp\/v2\/categories?post=3790"},{"taxonomy":"post_tag","embeddable":true,"href":"https:\/\/eraztunberdeurdina.eus\/es\/wp-json\/wp\/v2\/tags?post=3790"}],"curies":[{"name":"wp","href":"https:\/\/api.w.org\/{rel}","templated":true}]}}