{"id":3797,"date":"2025-01-25T15:41:12","date_gmt":"2025-01-25T14:41:12","guid":{"rendered":"https:\/\/eraztunberdeurdina.eus\/?p=3797"},"modified":"2025-01-27T11:55:44","modified_gmt":"2025-01-27T10:55:44","slug":"plantacion-de-alcornoques-en-zingira","status":"publish","type":"post","link":"https:\/\/eraztunberdeurdina.eus\/es\/plantacion-de-alcornoques-en-zingira-20250125\/","title":{"rendered":"Plantaci\u00f3n de alcornoques en Zingira"},"content":{"rendered":"<p>Queremos dar nuestro m\u00e1s sincero agradecimiento a todos los vecinos y vecinas que han venido esta ma\u00f1ana a realizar la plantaci\u00f3n de alcornoques. El tiempo no nos ha acompa\u00f1ado, pero a pesar de ello la ciudadan\u00eda ha venido con muchas ganas y gracias a ello hemos hecho un buen trabajo.<\/p>\n<p>Nos hemos reunido en el Torre\u00f3n a las 10:00 de la ma\u00f1ana. De all\u00ed hemos tomado las azadas y nos hemos dirigido al bosque de Zingira. Este bosque es un punto de gran importancia en la ruta Arkamurka del Anillo Verde Azul. En concreto, en el bosque Zingira y en Gesoerreka, el Ayuntamiento ha adquirido varias parcelas para recuperar el bosque de alcornoques.<\/p>\n<p>En oto\u00f1o de 2023 fuimos junto con un grupo local al bosque de Gesoerreka a recoger bellotas de alcornoques. Recogimos un total de 14 kg de bellotas y las plantas de alcornoques que hemos plantado hoy en Zingira provienen de las plantas que han brotado de esas bellotas en el vivero de la Diputaci\u00f3n. En total se han plantado 100 plantas de alcornoque. Adem\u00e1s, junto a la charca de Zingira, hemos plantado sa\u00facos, alisos, laureles y madro\u00f1os para proteger la propia charca.<\/p>\n<p>En total, hemos plantado 125 \u00e1rboles y arbustos en 3 zonas de Zingira. Para cuando ha empezado a llover hemos vuelto al Torre\u00f3n para celebrar el trabajo comunitario realizado en un bonito ambiente.<\/p>\n","protected":false},"excerpt":{"rendered":"<p>Queremos dar nuestro m\u00e1s sincero agradecimiento a todos los vecinos y vecinas que han venido esta ma\u00f1ana a realizar la [&hellip;]<\/p>\n","protected":false},"author":3,"featured_media":3793,"comment_status":"closed","ping_status":"closed","sticky":false,"template":"","format":"standard","meta":{"_acf_changed":false,"site-sidebar-layout":"default","site-content-layout":"","ast-site-content-layout":"default","site-content-style":"default","site-sidebar-style":"default","ast-global-header-display":"","ast-banner-title-visibility":"","ast-main-header-display":"","ast-hfb-above-header-display":"","ast-hfb-below-header-display":"","ast-hfb-mobile-header-display":"","site-post-title":"","ast-breadcrumbs-content":"","ast-featured-img":"","footer-sml-layout":"","ast-disable-related-posts":"","theme-transparent-header-meta":"","adv-header-id-meta":"","stick-header-meta":"","header-above-stick-meta":"","header-main-stick-meta":"","header-below-stick-meta":"","astra-migrate-meta-layouts":"default","ast-page-background-enabled":"default","ast-page-background-meta":{"desktop":{"background-color":"var(--ast-global-color-5)","background-image":"","background-repeat":"repeat","background-position":"center center","background-size":"auto","background-attachment":"scroll","background-type":"","background-media":"","overlay-type":"","overlay-color":"","overlay-opacity":"","overlay-gradient":""},"tablet":{"background-color":"","background-image":"","background-repeat":"repeat","background-position":"center center","background-size":"auto","background-attachment":"scroll","background-type":"","background-media":"","overlay-type":"","overlay-color":"","overlay-opacity":"","overlay-gradient":""},"mobile":{"background-color":"","background-image":"","background-repeat":"repeat","background-position":"center center","background-size":"auto","background-attachment":"scroll","background-type":"","background-media":"","overlay-type":"","overlay-color":"","overlay-opacity":"","overlay-gradient":""}},"ast-content-background-meta":{"desktop":{"background-color":"var(--ast-global-color-4)","background-image":"","background-repeat":"repeat","background-position":"center center","background-size":"auto","background-attachment":"scroll","background-type":"","background-media":"","overlay-type":"","overlay-color":"","overlay-opacity":"","overlay-gradient":""},"tablet":{"background-color":"var(--ast-global-color-4)","background-image":"","background-repeat":"repeat","background-position":"center center","background-size":"auto","background-attachment":"scroll","background-type":"","background-media":"","overlay-type":"","overlay-color":"","overlay-opacity":"","overlay-gradient":""},"mobile":{"background-color":"var(--ast-global-color-4)","background-image":"","background-repeat":"repeat","background-position":"center center","background-size":"auto","background-attachment":"scroll","background-type":"","background-media":"","overlay-type":"","overlay-color":"","overlay-opacity":"","overlay-gradient":""}},"footnotes":""},"categories":[86,442,47,368,770,756,263,769,415],"tags":[53,451,33,106,582,410,771,636,28,35],"class_list":["post-3797","post","type-post","status-publish","format-standard","has-post-thumbnail","hentry","category-actividades","category-biodiversidad","category-bosques","category-gesoerreka-2","category-plantacion","category-ruta-arkamurka","category-sensibilizacion","category-trabajo-comunitario","category-zingira-2","tag-alcornocal","tag-alcornoques","tag-anillo-verde-azul","tag-ayuntamiento-de-zarautz","tag-bellotas","tag-bosque-zingira","tag-plantacion","tag-ruta-arkamurka","tag-zarautz","tag-zarauzko-udala"],"acf":[],"yoast_head":"<!-- This site is optimized with the Yoast SEO plugin v27.1.1 - https:\/\/yoast.com\/product\/yoast-seo-wordpress\/ -->\n<title>Plantaci\u00f3n de alcornoques en Zingira - Anillo Verde Azul de Zarautz<\/title>\n<meta name=\"robots\" content=\"index, follow, max-snippet:-1, max-image-preview:large, max-video-preview:-1\" \/>\n<link rel=\"canonical\" href=\"https:\/\/eraztunberdeurdina.eus\/es\/plantacion-de-alcornoques-en-zingira-20250125\/\" \/>\n<meta property=\"og:locale\" content=\"es_ES\" \/>\n<meta property=\"og:type\" content=\"article\" \/>\n<meta property=\"og:title\" content=\"Plantaci\u00f3n de alcornoques en Zingira - Anillo Verde Azul de Zarautz\" \/>\n<meta property=\"og:description\" content=\"Queremos dar nuestro m\u00e1s sincero agradecimiento a todos los vecinos y vecinas que han venido esta ma\u00f1ana a realizar la [&hellip;]\" \/>\n<meta property=\"og:url\" content=\"https:\/\/eraztunberdeurdina.eus\/es\/plantacion-de-alcornoques-en-zingira-20250125\/\" \/>\n<meta property=\"og:site_name\" content=\"Anillo Verde Azul de Zarautz\" \/>\n<meta property=\"article:published_time\" content=\"2025-01-25T14:41:12+00:00\" \/>\n<meta property=\"article:modified_time\" content=\"2025-01-27T10:55:44+00:00\" \/>\n<meta property=\"og:image\" content=\"https:\/\/eraztunberdeurdina.eus\/wp-content\/uploads\/2025\/01\/talde-argazkia.jpeg\" \/>\n\t<meta property=\"og:image:width\" content=\"1333\" \/>\n\t<meta property=\"og:image:height\" content=\"761\" \/>\n\t<meta property=\"og:image:type\" content=\"image\/jpeg\" \/>\n<meta name=\"author\" content=\"ebu\" \/>\n<meta name=\"twitter:card\" content=\"summary_large_image\" \/>\n<meta name=\"twitter:label1\" content=\"Escrito por\" \/>\n\t<meta name=\"twitter:data1\" content=\"ebu\" \/>\n\t<meta name=\"twitter:label2\" content=\"Tiempo de lectura\" \/>\n\t<meta name=\"twitter:data2\" content=\"1 minuto\" \/>\n<script type=\"application\/ld+json\" class=\"yoast-schema-graph\">{\"@context\":\"https:\/\/schema.org\",\"@graph\":[{\"@type\":\"Article\",\"@id\":\"https:\/\/eraztunberdeurdina.eus\/es\/plantacion-de-alcornoques-en-zingira-20250125\/#article\",\"isPartOf\":{\"@id\":\"https:\/\/eraztunberdeurdina.eus\/es\/plantacion-de-alcornoques-en-zingira-20250125\/\"},\"author\":{\"name\":\"ebu\",\"@id\":\"https:\/\/eraztunberdeurdina.eus\/#\/schema\/person\/a9c3a9d9ddfc0024a1d798d33b8eb53c\"},\"headline\":\"Plantaci\u00f3n de alcornoques en Zingira\",\"datePublished\":\"2025-01-25T14:41:12+00:00\",\"dateModified\":\"2025-01-27T10:55:44+00:00\",\"mainEntityOfPage\":{\"@id\":\"https:\/\/eraztunberdeurdina.eus\/es\/plantacion-de-alcornoques-en-zingira-20250125\/\"},\"wordCount\":241,\"publisher\":{\"@id\":\"https:\/\/eraztunberdeurdina.eus\/#organization\"},\"image\":{\"@id\":\"https:\/\/eraztunberdeurdina.eus\/es\/plantacion-de-alcornoques-en-zingira-20250125\/#primaryimage\"},\"thumbnailUrl\":\"https:\/\/eraztunberdeurdina.eus\/wp-content\/uploads\/2025\/01\/talde-argazkia.jpeg\",\"keywords\":[\"alcornocal\",\"alcornoques\",\"anillo verde azul\",\"Ayuntamiento de Zarautz\",\"bellotas\",\"bosque Zingira\",\"plantaci\u00f3n\",\"ruta Arkamurka\",\"Zarautz\",\"Zarauzko Udala\"],\"articleSection\":[\"Actividades\",\"biodiversidad\",\"bosques\",\"Gesoerreka\",\"plantaci\u00f3n\",\"ruta Arkamurka\",\"sensibilizaci\u00f3n\",\"trabajo comunitario\",\"Zingira\"],\"inLanguage\":\"es\"},{\"@type\":\"WebPage\",\"@id\":\"https:\/\/eraztunberdeurdina.eus\/es\/plantacion-de-alcornoques-en-zingira-20250125\/\",\"url\":\"https:\/\/eraztunberdeurdina.eus\/es\/plantacion-de-alcornoques-en-zingira-20250125\/\",\"name\":\"Plantaci\u00f3n de alcornoques en Zingira - Anillo Verde Azul de Zarautz\",\"isPartOf\":{\"@id\":\"https:\/\/eraztunberdeurdina.eus\/#website\"},\"primaryImageOfPage\":{\"@id\":\"https:\/\/eraztunberdeurdina.eus\/es\/plantacion-de-alcornoques-en-zingira-20250125\/#primaryimage\"},\"image\":{\"@id\":\"https:\/\/eraztunberdeurdina.eus\/es\/plantacion-de-alcornoques-en-zingira-20250125\/#primaryimage\"},\"thumbnailUrl\":\"https:\/\/eraztunberdeurdina.eus\/wp-content\/uploads\/2025\/01\/talde-argazkia.jpeg\",\"datePublished\":\"2025-01-25T14:41:12+00:00\",\"dateModified\":\"2025-01-27T10:55:44+00:00\",\"breadcrumb\":{\"@id\":\"https:\/\/eraztunberdeurdina.eus\/es\/plantacion-de-alcornoques-en-zingira-20250125\/#breadcrumb\"},\"inLanguage\":\"es\",\"potentialAction\":[{\"@type\":\"ReadAction\",\"target\":[\"https:\/\/eraztunberdeurdina.eus\/es\/plantacion-de-alcornoques-en-zingira-20250125\/\"]}]},{\"@type\":\"ImageObject\",\"inLanguage\":\"es\",\"@id\":\"https:\/\/eraztunberdeurdina.eus\/es\/plantacion-de-alcornoques-en-zingira-20250125\/#primaryimage\",\"url\":\"https:\/\/eraztunberdeurdina.eus\/wp-content\/uploads\/2025\/01\/talde-argazkia.jpeg\",\"contentUrl\":\"https:\/\/eraztunberdeurdina.eus\/wp-content\/uploads\/2025\/01\/talde-argazkia.jpeg\",\"width\":1333,\"height\":761},{\"@type\":\"BreadcrumbList\",\"@id\":\"https:\/\/eraztunberdeurdina.eus\/es\/plantacion-de-alcornoques-en-zingira-20250125\/#breadcrumb\",\"itemListElement\":[{\"@type\":\"ListItem\",\"position\":1,\"name\":\"Home\",\"item\":\"https:\/\/eraztunberdeurdina.eus\/es\/anillo-verde-azul\/\"},{\"@type\":\"ListItem\",\"position\":2,\"name\":\"Plantaci\u00f3n de alcornoques en Zingira\"}]},{\"@type\":\"WebSite\",\"@id\":\"https:\/\/eraztunberdeurdina.eus\/#website\",\"url\":\"https:\/\/eraztunberdeurdina.eus\/\",\"name\":\"Zarauzko Eraztun Berde Urdina\",\"description\":\"Herri-inguruko berdeguneen zaintza\",\"publisher\":{\"@id\":\"https:\/\/eraztunberdeurdina.eus\/#organization\"},\"potentialAction\":[{\"@type\":\"SearchAction\",\"target\":{\"@type\":\"EntryPoint\",\"urlTemplate\":\"https:\/\/eraztunberdeurdina.eus\/?s={search_term_string}\"},\"query-input\":{\"@type\":\"PropertyValueSpecification\",\"valueRequired\":true,\"valueName\":\"search_term_string\"}}],\"inLanguage\":\"es\"},{\"@type\":\"Organization\",\"@id\":\"https:\/\/eraztunberdeurdina.eus\/#organization\",\"name\":\"Zarauzko Eraztun Berde Urdina\",\"url\":\"https:\/\/eraztunberdeurdina.eus\/\",\"logo\":{\"@type\":\"ImageObject\",\"inLanguage\":\"es\",\"@id\":\"https:\/\/eraztunberdeurdina.eus\/#\/schema\/logo\/image\/\",\"url\":\"https:\/\/eraztunberdeurdina.eus\/wp-content\/uploads\/2018\/07\/EBUkoloretan.jpg\",\"contentUrl\":\"https:\/\/eraztunberdeurdina.eus\/wp-content\/uploads\/2018\/07\/EBUkoloretan.jpg\",\"width\":934,\"height\":687,\"caption\":\"Zarauzko Eraztun Berde Urdina\"},\"image\":{\"@id\":\"https:\/\/eraztunberdeurdina.eus\/#\/schema\/logo\/image\/\"}},{\"@type\":\"Person\",\"@id\":\"https:\/\/eraztunberdeurdina.eus\/#\/schema\/person\/a9c3a9d9ddfc0024a1d798d33b8eb53c\",\"name\":\"ebu\"}]}<\/script>\n<!-- \/ Yoast SEO plugin. -->","yoast_head_json":{"title":"Plantaci\u00f3n de alcornoques en Zingira - Anillo Verde Azul de Zarautz","robots":{"index":"index","follow":"follow","max-snippet":"max-snippet:-1","max-image-preview":"max-image-preview:large","max-video-preview":"max-video-preview:-1"},"canonical":"https:\/\/eraztunberdeurdina.eus\/es\/plantacion-de-alcornoques-en-zingira-20250125\/","og_locale":"es_ES","og_type":"article","og_title":"Plantaci\u00f3n de alcornoques en Zingira - Anillo Verde Azul de Zarautz","og_description":"Queremos dar nuestro m\u00e1s sincero agradecimiento a todos los vecinos y vecinas que han venido esta ma\u00f1ana a realizar la [&hellip;]","og_url":"https:\/\/eraztunberdeurdina.eus\/es\/plantacion-de-alcornoques-en-zingira-20250125\/","og_site_name":"Anillo Verde Azul de Zarautz","article_published_time":"2025-01-25T14:41:12+00:00","article_modified_time":"2025-01-27T10:55:44+00:00","og_image":[{"width":1333,"height":761,"url":"https:\/\/eraztunberdeurdina.eus\/wp-content\/uploads\/2025\/01\/talde-argazkia.jpeg","type":"image\/jpeg"}],"author":"ebu","twitter_card":"summary_large_image","twitter_misc":{"Escrito por":"ebu","Tiempo de lectura":"1 minuto"},"schema":{"@context":"https:\/\/schema.org","@graph":[{"@type":"Article","@id":"https:\/\/eraztunberdeurdina.eus\/es\/plantacion-de-alcornoques-en-zingira-20250125\/#article","isPartOf":{"@id":"https:\/\/eraztunberdeurdina.eus\/es\/plantacion-de-alcornoques-en-zingira-20250125\/"},"author":{"name":"ebu","@id":"https:\/\/eraztunberdeurdina.eus\/#\/schema\/person\/a9c3a9d9ddfc0024a1d798d33b8eb53c"},"headline":"Plantaci\u00f3n de alcornoques en Zingira","datePublished":"2025-01-25T14:41:12+00:00","dateModified":"2025-01-27T10:55:44+00:00","mainEntityOfPage":{"@id":"https:\/\/eraztunberdeurdina.eus\/es\/plantacion-de-alcornoques-en-zingira-20250125\/"},"wordCount":241,"publisher":{"@id":"https:\/\/eraztunberdeurdina.eus\/#organization"},"image":{"@id":"https:\/\/eraztunberdeurdina.eus\/es\/plantacion-de-alcornoques-en-zingira-20250125\/#primaryimage"},"thumbnailUrl":"https:\/\/eraztunberdeurdina.eus\/wp-content\/uploads\/2025\/01\/talde-argazkia.jpeg","keywords":["alcornocal","alcornoques","anillo verde azul","Ayuntamiento de Zarautz","bellotas","bosque Zingira","plantaci\u00f3n","ruta Arkamurka","Zarautz","Zarauzko Udala"],"articleSection":["Actividades","biodiversidad","bosques","Gesoerreka","plantaci\u00f3n","ruta Arkamurka","sensibilizaci\u00f3n","trabajo comunitario","Zingira"],"inLanguage":"es"},{"@type":"WebPage","@id":"https:\/\/eraztunberdeurdina.eus\/es\/plantacion-de-alcornoques-en-zingira-20250125\/","url":"https:\/\/eraztunberdeurdina.eus\/es\/plantacion-de-alcornoques-en-zingira-20250125\/","name":"Plantaci\u00f3n de alcornoques en Zingira - Anillo Verde Azul de Zarautz","isPartOf":{"@id":"https:\/\/eraztunberdeurdina.eus\/#website"},"primaryImageOfPage":{"@id":"https:\/\/eraztunberdeurdina.eus\/es\/plantacion-de-alcornoques-en-zingira-20250125\/#primaryimage"},"image":{"@id":"https:\/\/eraztunberdeurdina.eus\/es\/plantacion-de-alcornoques-en-zingira-20250125\/#primaryimage"},"thumbnailUrl":"https:\/\/eraztunberdeurdina.eus\/wp-content\/uploads\/2025\/01\/talde-argazkia.jpeg","datePublished":"2025-01-25T14:41:12+00:00","dateModified":"2025-01-27T10:55:44+00:00","breadcrumb":{"@id":"https:\/\/eraztunberdeurdina.eus\/es\/plantacion-de-alcornoques-en-zingira-20250125\/#breadcrumb"},"inLanguage":"es","potentialAction":[{"@type":"ReadAction","target":["https:\/\/eraztunberdeurdina.eus\/es\/plantacion-de-alcornoques-en-zingira-20250125\/"]}]},{"@type":"ImageObject","inLanguage":"es","@id":"https:\/\/eraztunberdeurdina.eus\/es\/plantacion-de-alcornoques-en-zingira-20250125\/#primaryimage","url":"https:\/\/eraztunberdeurdina.eus\/wp-content\/uploads\/2025\/01\/talde-argazkia.jpeg","contentUrl":"https:\/\/eraztunberdeurdina.eus\/wp-content\/uploads\/2025\/01\/talde-argazkia.jpeg","width":1333,"height":761},{"@type":"BreadcrumbList","@id":"https:\/\/eraztunberdeurdina.eus\/es\/plantacion-de-alcornoques-en-zingira-20250125\/#breadcrumb","itemListElement":[{"@type":"ListItem","position":1,"name":"Home","item":"https:\/\/eraztunberdeurdina.eus\/es\/anillo-verde-azul\/"},{"@type":"ListItem","position":2,"name":"Plantaci\u00f3n de alcornoques en Zingira"}]},{"@type":"WebSite","@id":"https:\/\/eraztunberdeurdina.eus\/#website","url":"https:\/\/eraztunberdeurdina.eus\/","name":"Zarauzko Eraztun Berde Urdina","description":"Herri-inguruko berdeguneen zaintza","publisher":{"@id":"https:\/\/eraztunberdeurdina.eus\/#organization"},"potentialAction":[{"@type":"SearchAction","target":{"@type":"EntryPoint","urlTemplate":"https:\/\/eraztunberdeurdina.eus\/?s={search_term_string}"},"query-input":{"@type":"PropertyValueSpecification","valueRequired":true,"valueName":"search_term_string"}}],"inLanguage":"es"},{"@type":"Organization","@id":"https:\/\/eraztunberdeurdina.eus\/#organization","name":"Zarauzko Eraztun Berde Urdina","url":"https:\/\/eraztunberdeurdina.eus\/","logo":{"@type":"ImageObject","inLanguage":"es","@id":"https:\/\/eraztunberdeurdina.eus\/#\/schema\/logo\/image\/","url":"https:\/\/eraztunberdeurdina.eus\/wp-content\/uploads\/2018\/07\/EBUkoloretan.jpg","contentUrl":"https:\/\/eraztunberdeurdina.eus\/wp-content\/uploads\/2018\/07\/EBUkoloretan.jpg","width":934,"height":687,"caption":"Zarauzko Eraztun Berde Urdina"},"image":{"@id":"https:\/\/eraztunberdeurdina.eus\/#\/schema\/logo\/image\/"}},{"@type":"Person","@id":"https:\/\/eraztunberdeurdina.eus\/#\/schema\/person\/a9c3a9d9ddfc0024a1d798d33b8eb53c","name":"ebu"}]}},"_links":{"self":[{"href":"https:\/\/eraztunberdeurdina.eus\/es\/wp-json\/wp\/v2\/posts\/3797","targetHints":{"allow":["GET"]}}],"collection":[{"href":"https:\/\/eraztunberdeurdina.eus\/es\/wp-json\/wp\/v2\/posts"}],"about":[{"href":"https:\/\/eraztunberdeurdina.eus\/es\/wp-json\/wp\/v2\/types\/post"}],"author":[{"embeddable":true,"href":"https:\/\/eraztunberdeurdina.eus\/es\/wp-json\/wp\/v2\/users\/3"}],"replies":[{"embeddable":true,"href":"https:\/\/eraztunberdeurdina.eus\/es\/wp-json\/wp\/v2\/comments?post=3797"}],"version-history":[{"count":1,"href":"https:\/\/eraztunberdeurdina.eus\/es\/wp-json\/wp\/v2\/posts\/3797\/revisions"}],"predecessor-version":[{"id":3798,"href":"https:\/\/eraztunberdeurdina.eus\/es\/wp-json\/wp\/v2\/posts\/3797\/revisions\/3798"}],"wp:featuredmedia":[{"embeddable":true,"href":"https:\/\/eraztunberdeurdina.eus\/es\/wp-json\/wp\/v2\/media\/3793"}],"wp:attachment":[{"href":"https:\/\/eraztunberdeurdina.eus\/es\/wp-json\/wp\/v2\/media?parent=3797"}],"wp:term":[{"taxonomy":"category","embeddable":true,"href":"https:\/\/eraztunberdeurdina.eus\/es\/wp-json\/wp\/v2\/categories?post=3797"},{"taxonomy":"post_tag","embeddable":true,"href":"https:\/\/eraztunberdeurdina.eus\/es\/wp-json\/wp\/v2\/tags?post=3797"}],"curies":[{"name":"wp","href":"https:\/\/api.w.org\/{rel}","templated":true}]}}