{"id":3803,"date":"2025-01-27T12:39:07","date_gmt":"2025-01-27T11:39:07","guid":{"rendered":"https:\/\/eraztunberdeurdina.eus\/?p=3803"},"modified":"2025-01-27T12:39:07","modified_gmt":"2025-01-27T11:39:07","slug":"elebraremos-el-dia-internacional-de-los-humedales-en-el-arboreto-de-itulazabal","status":"publish","type":"post","link":"https:\/\/eraztunberdeurdina.eus\/es\/elebraremos-el-dia-internacional-de-los-humedales-en-el-arboreto-de-itulazabal-20250127\/","title":{"rendered":"elebraremos el D\u00eda Internacional de los Humedales en el Arboreto de Itulazabal"},"content":{"rendered":"<div dir=\"auto\">\n<div id=\"m_5275707254144938542:r17:\">\n<div>\n<div>\n<div>\n<div dir=\"auto\">\n<p><em>El 1 de febrero celebraremos el D\u00eda Internacional de los Humedales en el Arboreto de Itulazabal, lugar donde se han acondicionado varias charcas el pasado mes de diciembre.<\/p>\n<p>Durante los \u00faltimos siglos, y debido sobre todo a la acci\u00f3n humana, <strong>se han perdido en Europa dos tercios de las charcas anta\u00f1o existentes<\/strong>. Con el \u00e1nimo de revertir esa situaci\u00f3n, numerosas entidades p\u00fablicas y privadas est\u00e1n creando y regenerando charcas. <strong>En el Anillo Verde Azul de Zarautz hemos creado una red de charcas (<\/strong>en Zingira, Orokieta Herri Eskola y aqu\u00ed en Itulazabal)<strong> para fomentar la conservaci\u00f3n de organismos acu\u00e1ticos.\u00a0<\/strong> <\/em><\/p>\n<p><em>En estas charcas se realizan durante todo el a\u00f1o trabajos de investigaci\u00f3n, gesti\u00f3n y divulgaci\u00f3n para conocer y mantener el estado de conservaci\u00f3n de su biodiversidad y sensibilizar sobre su importancia.<\/p>\n<p>Para completar estas actividades de divulgaci\u00f3n, hemos organizado una actividad conjunta con la ciudadan\u00eda, donde el herpet\u00f3logo de la Sociedad de Ciencias Aranzadi Ion Garin, nos explicar\u00e1 la importancia de los micro humedales.<\/p>\n<p>Adem\u00e1s, nos acercaremos a las charcas a realizar una labor comunitaria: se pondr\u00e1n elementos naturales (troncos, piedras&#8230;) para la naturalizaci\u00f3n de las charcas reci\u00e9n acondicionadas, y as\u00ed favorecer la biodiversidad.<\/em><\/p>\n<div id=\"m_5275707254144938542input_text_dummy\">\n<div><em><span id=\"m_5275707254144938542src_sent_2\">\u00a1An\u00edmate y participa!<\/span><\/em><\/p>\n<div>\n<div dir=\"auto\"><em><span dir=\"auto\"><img decoding=\"async\" class=\"CToWUd\" src=\"https:\/\/ci3.googleusercontent.com\/meips\/ADKq_NZEg_0k9lgwtdFbAFLzBVp15iJi7pMbgifc0kmB5JArDr8_DCmcJXXUe1-SS9qdHQmcOAjGelu8SSTEs1KRkW5ypGfW9DMSWXmFx0mxfvM3oUteWXtCvf0=s0-d-e1-ft#https:\/\/static.xx.fbcdn.net\/images\/emoji.php\/v9\/t7e\/1\/16\/1f4c5.png\" alt=\"\ud83d\udcc5\" width=\"16\" height=\"16\" data-bit=\"iit\" \/> <strong>S\u00e1bado, 1 de febrero<\/strong><\/span><\/em><\/div>\n<div dir=\"auto\"><em><span dir=\"auto\"><img decoding=\"async\" class=\"CToWUd\" src=\"https:\/\/ci3.googleusercontent.com\/meips\/ADKq_NYkab9nc2F1-HPWLuRBZXtd33cPWMSWTIwXhrig8j8v8ONK63c6PqYeIlB2F_bZ1DaEhQh_yELM6ZdX1Wmo-gox2SXY0FIUlpipr0V6N1yuuh-lYtH9Q3U=s0-d-e1-ft#https:\/\/static.xx.fbcdn.net\/images\/emoji.php\/v9\/tae\/1\/16\/1f556.png\" alt=\"\ud83d\udd56\" width=\"16\" height=\"16\" data-bit=\"iit\" \/> 10:00<br \/>\n<img decoding=\"async\" class=\"CToWUd\" src=\"https:\/\/ci3.googleusercontent.com\/meips\/ADKq_NYSiim0b_McpbGqEAzifh93-Ne7pBYiFnG64Kr63_gf5V7RJV45uGJc37w_RY32N_PP3A80z9A0NFAzHcnfkPZ_8K9ru9bGiXzhY7dMi8SlYHKfLRHRDIE=s0-d-e1-ft#https:\/\/static.xx.fbcdn.net\/images\/emoji.php\/v9\/t2d\/1\/16\/1f4cd.png\" alt=\"\ud83d\udccd\" width=\"16\" height=\"16\" data-bit=\"iit\" \/> Huertas municipales de Zarautz: <\/span><\/em><a href=\"https:\/\/us14.mailchimp.com\/mctx\/clicks?url=https%3A%2F%2Fmaps.app.goo.gl%2F55NV77CbLW6DHnn47&amp;xid=a2e2f94cfe&amp;uid=170434813&amp;iid=db69b08f01&amp;pool=cts&amp;v=2&amp;c=1737728951&amp;h=dc51243470ff51d26e75f46a5831b7d1c115b5cb450561c88f4a4c9b4010d575\" target=\"_blank\" rel=\"noopener\" data-saferedirecturl=\"https:\/\/www.google.com\/url?q=https:\/\/us14.mailchimp.com\/mctx\/clicks?url%3Dhttps%253A%252F%252Fmaps.app.goo.gl%252F55NV77CbLW6DHnn47%26xid%3Da2e2f94cfe%26uid%3D170434813%26iid%3Ddb69b08f01%26pool%3Dcts%26v%3D2%26c%3D1737728951%26h%3Ddc51243470ff51d26e75f46a5831b7d1c115b5cb450561c88f4a4c9b4010d575&amp;source=gmail&amp;ust=1738063934156000&amp;usg=AOvVaw3CgRih-tJ8tChEmOyZSlGm\">https:\/\/maps.app.goo.gl\/<wbr \/>55NV77CbLW6DHnn47<\/a><br \/>\n<em><img decoding=\"async\" class=\"an1\" draggable=\"false\" src=\"https:\/\/fonts.gstatic.com\/s\/e\/notoemoji\/16.0\/1f97e\/32.png\" alt=\"\ud83e\udd7e\" data-emoji=\"\ud83e\udd7e\" aria-label=\"\ud83e\udd7e\" \/> Recomendamos llevar calzado adecuado<br \/>\n<img decoding=\"async\" class=\"an1\" draggable=\"false\" src=\"https:\/\/fonts.gstatic.com\/s\/e\/notoemoji\/16.0\/1f9e4\/32.png\" alt=\"\ud83e\udde4\" data-emoji=\"\ud83e\udde4\" aria-label=\"\ud83e\udde4\" \/> El resto de materiales y herramientas los llevaremos desde la organizaci\u00f3n<\/em><\/div>\n<div dir=\"auto\"><em><strong><u><span dir=\"auto\">*NOTA: Para participar en esta iniciativa es necesario inscribirse con antelaci\u00f3n:<\/span><\/u><\/strong><\/em><\/div>\n<\/div>\n<p><span dir=\"auto\"><img loading=\"lazy\" decoding=\"async\" class=\"CToWUd\" src=\"https:\/\/ci3.googleusercontent.com\/meips\/ADKq_NalDCd8sU-PeSppIKRYA_NSf258500ufan3KvxGDTWSD4HiEWeVE_Ir-ZifX-Veadhi9N6Gqclr-987GYFejXESLjsBNjGdMJ2yjLWXqmGauhTh0tySgA=s0-d-e1-ft#https:\/\/static.xx.fbcdn.net\/images\/emoji.php\/v9\/t22\/1\/16\/260e.png\" alt=\"\u260e\ufe0f\" width=\"16\" height=\"16\" data-bit=\"iit\" \/><\/span> <em>943 005159.<\/em><\/div>\n<\/div>\n<\/div>\n<\/div>\n<\/div>\n<\/div>\n<\/div>\n<\/div>\n<div dir=\"auto\">\n<div dir=\"auto\"><span dir=\"auto\"><img loading=\"lazy\" decoding=\"async\" class=\"CToWUd\" src=\"https:\/\/ci3.googleusercontent.com\/meips\/ADKq_NZVPkFmsl4jB8Bo71NQyFq87u5-M6Dlh7M6M2RLseekLyCw2c9SQUp4007Ms-C84gD3OnwU4oRwKaR4VRri118H198wHS5_CWHTtA4Ij7R8Fb_ePAcuPBQ=s0-d-e1-ft#https:\/\/static.xx.fbcdn.net\/images\/emoji.php\/v9\/t51\/1\/16\/1f449.png\" alt=\"\ud83d\udc49\" width=\"16\" height=\"16\" data-bit=\"iit\" \/><\/span><em>zarautz@eraztunberdeurdina.eus<\/em><\/div>\n<\/div>\n","protected":false},"excerpt":{"rendered":"<p>El 1 de febrero celebraremos el D\u00eda Internacional de los Humedales en el Arboreto de Itulazabal, lugar donde se han [&hellip;]<\/p>\n","protected":false},"author":3,"featured_media":3801,"comment_status":"closed","ping_status":"closed","sticky":false,"template":"","format":"standard","meta":{"_acf_changed":false,"site-sidebar-layout":"default","site-content-layout":"","ast-site-content-layout":"default","site-content-style":"default","site-sidebar-style":"default","ast-global-header-display":"","ast-banner-title-visibility":"","ast-main-header-display":"","ast-hfb-above-header-display":"","ast-hfb-below-header-display":"","ast-hfb-mobile-header-display":"","site-post-title":"","ast-breadcrumbs-content":"","ast-featured-img":"","footer-sml-layout":"","ast-disable-related-posts":"","theme-transparent-header-meta":"","adv-header-id-meta":"","stick-header-meta":"","header-above-stick-meta":"","header-main-stick-meta":"","header-below-stick-meta":"","astra-migrate-meta-layouts":"default","ast-page-background-enabled":"default","ast-page-background-meta":{"desktop":{"background-color":"var(--ast-global-color-5)","background-image":"","background-repeat":"repeat","background-position":"center center","background-size":"auto","background-attachment":"scroll","background-type":"","background-media":"","overlay-type":"","overlay-color":"","overlay-opacity":"","overlay-gradient":""},"tablet":{"background-color":"","background-image":"","background-repeat":"repeat","background-position":"center center","background-size":"auto","background-attachment":"scroll","background-type":"","background-media":"","overlay-type":"","overlay-color":"","overlay-opacity":"","overlay-gradient":""},"mobile":{"background-color":"","background-image":"","background-repeat":"repeat","background-position":"center center","background-size":"auto","background-attachment":"scroll","background-type":"","background-media":"","overlay-type":"","overlay-color":"","overlay-opacity":"","overlay-gradient":""}},"ast-content-background-meta":{"desktop":{"background-color":"var(--ast-global-color-4)","background-image":"","background-repeat":"repeat","background-position":"center center","background-size":"auto","background-attachment":"scroll","background-type":"","background-media":"","overlay-type":"","overlay-color":"","overlay-opacity":"","overlay-gradient":""},"tablet":{"background-color":"var(--ast-global-color-4)","background-image":"","background-repeat":"repeat","background-position":"center center","background-size":"auto","background-attachment":"scroll","background-type":"","background-media":"","overlay-type":"","overlay-color":"","overlay-opacity":"","overlay-gradient":""},"mobile":{"background-color":"var(--ast-global-color-4)","background-image":"","background-repeat":"repeat","background-position":"center center","background-size":"auto","background-attachment":"scroll","background-type":"","background-media":"","overlay-type":"","overlay-color":"","overlay-opacity":"","overlay-gradient":""}},"footnotes":""},"categories":[86,776,442,777,443],"tags":[33,107,778,106,101,779,113,634,28,35],"class_list":["post-3803","post","type-post","status-publish","format-standard","has-post-thumbnail","hentry","category-actividades","category-arboreto-itulazabal","category-biodiversidad","category-charcas","category-humedal","tag-anillo-verde-azul","tag-aranzadi","tag-arboreto-itulazabal","tag-ayuntamiento-de-zarautz","tag-biodiversidad","tag-charcas","tag-sociedad-de-ciencias-aranzadi","tag-trabajo-comunitario","tag-zarautz","tag-zarauzko-udala"],"acf":[],"yoast_head":"<!-- This site is optimized with the Yoast SEO plugin v27.1.1 - https:\/\/yoast.com\/product\/yoast-seo-wordpress\/ -->\n<title>elebraremos el D\u00eda Internacional de los Humedales en el Arboreto de Itulazabal - Anillo Verde Azul de Zarautz<\/title>\n<meta name=\"robots\" content=\"index, follow, max-snippet:-1, max-image-preview:large, max-video-preview:-1\" \/>\n<link rel=\"canonical\" href=\"https:\/\/eraztunberdeurdina.eus\/es\/elebraremos-el-dia-internacional-de-los-humedales-en-el-arboreto-de-itulazabal-20250127\/\" \/>\n<meta property=\"og:locale\" content=\"es_ES\" \/>\n<meta property=\"og:type\" content=\"article\" \/>\n<meta property=\"og:title\" content=\"elebraremos el D\u00eda Internacional de los Humedales en el Arboreto de Itulazabal - Anillo Verde Azul de Zarautz\" \/>\n<meta property=\"og:description\" content=\"El 1 de febrero celebraremos el D\u00eda Internacional de los Humedales en el Arboreto de Itulazabal, lugar donde se han [&hellip;]\" \/>\n<meta property=\"og:url\" content=\"https:\/\/eraztunberdeurdina.eus\/es\/elebraremos-el-dia-internacional-de-los-humedales-en-el-arboreto-de-itulazabal-20250127\/\" \/>\n<meta property=\"og:site_name\" content=\"Anillo Verde Azul de Zarautz\" \/>\n<meta property=\"article:published_time\" content=\"2025-01-27T11:39:07+00:00\" \/>\n<meta property=\"og:image\" content=\"https:\/\/eraztunberdeurdina.eus\/wp-content\/uploads\/2025\/01\/2025-otsailak-1-Hezeguneen-Eguna2-600x600.png\" \/>\n\t<meta property=\"og:image:width\" content=\"600\" \/>\n\t<meta property=\"og:image:height\" content=\"600\" \/>\n\t<meta property=\"og:image:type\" content=\"image\/png\" \/>\n<meta name=\"author\" content=\"ebu\" \/>\n<meta name=\"twitter:card\" content=\"summary_large_image\" \/>\n<meta name=\"twitter:label1\" content=\"Escrito por\" \/>\n\t<meta name=\"twitter:data1\" content=\"ebu\" \/>\n\t<meta name=\"twitter:label2\" content=\"Tiempo de lectura\" \/>\n\t<meta name=\"twitter:data2\" content=\"1 minuto\" \/>\n<script type=\"application\/ld+json\" class=\"yoast-schema-graph\">{\"@context\":\"https:\/\/schema.org\",\"@graph\":[{\"@type\":\"Article\",\"@id\":\"https:\/\/eraztunberdeurdina.eus\/es\/elebraremos-el-dia-internacional-de-los-humedales-en-el-arboreto-de-itulazabal-20250127\/#article\",\"isPartOf\":{\"@id\":\"https:\/\/eraztunberdeurdina.eus\/es\/elebraremos-el-dia-internacional-de-los-humedales-en-el-arboreto-de-itulazabal-20250127\/\"},\"author\":{\"name\":\"ebu\",\"@id\":\"https:\/\/eraztunberdeurdina.eus\/#\/schema\/person\/a9c3a9d9ddfc0024a1d798d33b8eb53c\"},\"headline\":\"elebraremos el D\u00eda Internacional de los Humedales en el Arboreto de Itulazabal\",\"datePublished\":\"2025-01-27T11:39:07+00:00\",\"mainEntityOfPage\":{\"@id\":\"https:\/\/eraztunberdeurdina.eus\/es\/elebraremos-el-dia-internacional-de-los-humedales-en-el-arboreto-de-itulazabal-20250127\/\"},\"wordCount\":275,\"publisher\":{\"@id\":\"https:\/\/eraztunberdeurdina.eus\/#organization\"},\"image\":{\"@id\":\"https:\/\/eraztunberdeurdina.eus\/es\/elebraremos-el-dia-internacional-de-los-humedales-en-el-arboreto-de-itulazabal-20250127\/#primaryimage\"},\"thumbnailUrl\":\"https:\/\/eraztunberdeurdina.eus\/wp-content\/uploads\/2025\/01\/2025-otsailak-1-Hezeguneen-Eguna2.png\",\"keywords\":[\"anillo verde azul\",\"Aranzadi\",\"Arboreto Itulazabal\",\"Ayuntamiento de Zarautz\",\"biodiversidad\",\"charcas\",\"Sociedad de Ciencias Aranzadi\",\"trabajo comunitario\",\"Zarautz\",\"Zarauzko Udala\"],\"articleSection\":[\"Actividades\",\"Arboreto Itulazabal\",\"biodiversidad\",\"charcas\",\"humedal\"],\"inLanguage\":\"es\"},{\"@type\":\"WebPage\",\"@id\":\"https:\/\/eraztunberdeurdina.eus\/es\/elebraremos-el-dia-internacional-de-los-humedales-en-el-arboreto-de-itulazabal-20250127\/\",\"url\":\"https:\/\/eraztunberdeurdina.eus\/es\/elebraremos-el-dia-internacional-de-los-humedales-en-el-arboreto-de-itulazabal-20250127\/\",\"name\":\"elebraremos el D\u00eda Internacional de los Humedales en el Arboreto de Itulazabal - Anillo Verde Azul de Zarautz\",\"isPartOf\":{\"@id\":\"https:\/\/eraztunberdeurdina.eus\/#website\"},\"primaryImageOfPage\":{\"@id\":\"https:\/\/eraztunberdeurdina.eus\/es\/elebraremos-el-dia-internacional-de-los-humedales-en-el-arboreto-de-itulazabal-20250127\/#primaryimage\"},\"image\":{\"@id\":\"https:\/\/eraztunberdeurdina.eus\/es\/elebraremos-el-dia-internacional-de-los-humedales-en-el-arboreto-de-itulazabal-20250127\/#primaryimage\"},\"thumbnailUrl\":\"https:\/\/eraztunberdeurdina.eus\/wp-content\/uploads\/2025\/01\/2025-otsailak-1-Hezeguneen-Eguna2.png\",\"datePublished\":\"2025-01-27T11:39:07+00:00\",\"breadcrumb\":{\"@id\":\"https:\/\/eraztunberdeurdina.eus\/es\/elebraremos-el-dia-internacional-de-los-humedales-en-el-arboreto-de-itulazabal-20250127\/#breadcrumb\"},\"inLanguage\":\"es\",\"potentialAction\":[{\"@type\":\"ReadAction\",\"target\":[\"https:\/\/eraztunberdeurdina.eus\/es\/elebraremos-el-dia-internacional-de-los-humedales-en-el-arboreto-de-itulazabal-20250127\/\"]}]},{\"@type\":\"ImageObject\",\"inLanguage\":\"es\",\"@id\":\"https:\/\/eraztunberdeurdina.eus\/es\/elebraremos-el-dia-internacional-de-los-humedales-en-el-arboreto-de-itulazabal-20250127\/#primaryimage\",\"url\":\"https:\/\/eraztunberdeurdina.eus\/wp-content\/uploads\/2025\/01\/2025-otsailak-1-Hezeguneen-Eguna2.png\",\"contentUrl\":\"https:\/\/eraztunberdeurdina.eus\/wp-content\/uploads\/2025\/01\/2025-otsailak-1-Hezeguneen-Eguna2.png\",\"width\":1414,\"height\":2000},{\"@type\":\"BreadcrumbList\",\"@id\":\"https:\/\/eraztunberdeurdina.eus\/es\/elebraremos-el-dia-internacional-de-los-humedales-en-el-arboreto-de-itulazabal-20250127\/#breadcrumb\",\"itemListElement\":[{\"@type\":\"ListItem\",\"position\":1,\"name\":\"Home\",\"item\":\"https:\/\/eraztunberdeurdina.eus\/es\/anillo-verde-azul\/\"},{\"@type\":\"ListItem\",\"position\":2,\"name\":\"elebraremos el D\u00eda Internacional de los Humedales en el Arboreto de Itulazabal\"}]},{\"@type\":\"WebSite\",\"@id\":\"https:\/\/eraztunberdeurdina.eus\/#website\",\"url\":\"https:\/\/eraztunberdeurdina.eus\/\",\"name\":\"Zarauzko Eraztun Berde Urdina\",\"description\":\"Herri-inguruko berdeguneen zaintza\",\"publisher\":{\"@id\":\"https:\/\/eraztunberdeurdina.eus\/#organization\"},\"potentialAction\":[{\"@type\":\"SearchAction\",\"target\":{\"@type\":\"EntryPoint\",\"urlTemplate\":\"https:\/\/eraztunberdeurdina.eus\/?s={search_term_string}\"},\"query-input\":{\"@type\":\"PropertyValueSpecification\",\"valueRequired\":true,\"valueName\":\"search_term_string\"}}],\"inLanguage\":\"es\"},{\"@type\":\"Organization\",\"@id\":\"https:\/\/eraztunberdeurdina.eus\/#organization\",\"name\":\"Zarauzko Eraztun Berde Urdina\",\"url\":\"https:\/\/eraztunberdeurdina.eus\/\",\"logo\":{\"@type\":\"ImageObject\",\"inLanguage\":\"es\",\"@id\":\"https:\/\/eraztunberdeurdina.eus\/#\/schema\/logo\/image\/\",\"url\":\"https:\/\/eraztunberdeurdina.eus\/wp-content\/uploads\/2018\/07\/EBUkoloretan.jpg\",\"contentUrl\":\"https:\/\/eraztunberdeurdina.eus\/wp-content\/uploads\/2018\/07\/EBUkoloretan.jpg\",\"width\":934,\"height\":687,\"caption\":\"Zarauzko Eraztun Berde Urdina\"},\"image\":{\"@id\":\"https:\/\/eraztunberdeurdina.eus\/#\/schema\/logo\/image\/\"}},{\"@type\":\"Person\",\"@id\":\"https:\/\/eraztunberdeurdina.eus\/#\/schema\/person\/a9c3a9d9ddfc0024a1d798d33b8eb53c\",\"name\":\"ebu\"}]}<\/script>\n<!-- \/ Yoast SEO plugin. -->","yoast_head_json":{"title":"elebraremos el D\u00eda Internacional de los Humedales en el Arboreto de Itulazabal - Anillo Verde Azul de Zarautz","robots":{"index":"index","follow":"follow","max-snippet":"max-snippet:-1","max-image-preview":"max-image-preview:large","max-video-preview":"max-video-preview:-1"},"canonical":"https:\/\/eraztunberdeurdina.eus\/es\/elebraremos-el-dia-internacional-de-los-humedales-en-el-arboreto-de-itulazabal-20250127\/","og_locale":"es_ES","og_type":"article","og_title":"elebraremos el D\u00eda Internacional de los Humedales en el Arboreto de Itulazabal - Anillo Verde Azul de Zarautz","og_description":"El 1 de febrero celebraremos el D\u00eda Internacional de los Humedales en el Arboreto de Itulazabal, lugar donde se han [&hellip;]","og_url":"https:\/\/eraztunberdeurdina.eus\/es\/elebraremos-el-dia-internacional-de-los-humedales-en-el-arboreto-de-itulazabal-20250127\/","og_site_name":"Anillo Verde Azul de Zarautz","article_published_time":"2025-01-27T11:39:07+00:00","og_image":[{"width":600,"height":600,"url":"https:\/\/eraztunberdeurdina.eus\/wp-content\/uploads\/2025\/01\/2025-otsailak-1-Hezeguneen-Eguna2-600x600.png","type":"image\/png"}],"author":"ebu","twitter_card":"summary_large_image","twitter_misc":{"Escrito por":"ebu","Tiempo de lectura":"1 minuto"},"schema":{"@context":"https:\/\/schema.org","@graph":[{"@type":"Article","@id":"https:\/\/eraztunberdeurdina.eus\/es\/elebraremos-el-dia-internacional-de-los-humedales-en-el-arboreto-de-itulazabal-20250127\/#article","isPartOf":{"@id":"https:\/\/eraztunberdeurdina.eus\/es\/elebraremos-el-dia-internacional-de-los-humedales-en-el-arboreto-de-itulazabal-20250127\/"},"author":{"name":"ebu","@id":"https:\/\/eraztunberdeurdina.eus\/#\/schema\/person\/a9c3a9d9ddfc0024a1d798d33b8eb53c"},"headline":"elebraremos el D\u00eda Internacional de los Humedales en el Arboreto de Itulazabal","datePublished":"2025-01-27T11:39:07+00:00","mainEntityOfPage":{"@id":"https:\/\/eraztunberdeurdina.eus\/es\/elebraremos-el-dia-internacional-de-los-humedales-en-el-arboreto-de-itulazabal-20250127\/"},"wordCount":275,"publisher":{"@id":"https:\/\/eraztunberdeurdina.eus\/#organization"},"image":{"@id":"https:\/\/eraztunberdeurdina.eus\/es\/elebraremos-el-dia-internacional-de-los-humedales-en-el-arboreto-de-itulazabal-20250127\/#primaryimage"},"thumbnailUrl":"https:\/\/eraztunberdeurdina.eus\/wp-content\/uploads\/2025\/01\/2025-otsailak-1-Hezeguneen-Eguna2.png","keywords":["anillo verde azul","Aranzadi","Arboreto Itulazabal","Ayuntamiento de Zarautz","biodiversidad","charcas","Sociedad de Ciencias Aranzadi","trabajo comunitario","Zarautz","Zarauzko Udala"],"articleSection":["Actividades","Arboreto Itulazabal","biodiversidad","charcas","humedal"],"inLanguage":"es"},{"@type":"WebPage","@id":"https:\/\/eraztunberdeurdina.eus\/es\/elebraremos-el-dia-internacional-de-los-humedales-en-el-arboreto-de-itulazabal-20250127\/","url":"https:\/\/eraztunberdeurdina.eus\/es\/elebraremos-el-dia-internacional-de-los-humedales-en-el-arboreto-de-itulazabal-20250127\/","name":"elebraremos el D\u00eda Internacional de los Humedales en el Arboreto de Itulazabal - Anillo Verde Azul de Zarautz","isPartOf":{"@id":"https:\/\/eraztunberdeurdina.eus\/#website"},"primaryImageOfPage":{"@id":"https:\/\/eraztunberdeurdina.eus\/es\/elebraremos-el-dia-internacional-de-los-humedales-en-el-arboreto-de-itulazabal-20250127\/#primaryimage"},"image":{"@id":"https:\/\/eraztunberdeurdina.eus\/es\/elebraremos-el-dia-internacional-de-los-humedales-en-el-arboreto-de-itulazabal-20250127\/#primaryimage"},"thumbnailUrl":"https:\/\/eraztunberdeurdina.eus\/wp-content\/uploads\/2025\/01\/2025-otsailak-1-Hezeguneen-Eguna2.png","datePublished":"2025-01-27T11:39:07+00:00","breadcrumb":{"@id":"https:\/\/eraztunberdeurdina.eus\/es\/elebraremos-el-dia-internacional-de-los-humedales-en-el-arboreto-de-itulazabal-20250127\/#breadcrumb"},"inLanguage":"es","potentialAction":[{"@type":"ReadAction","target":["https:\/\/eraztunberdeurdina.eus\/es\/elebraremos-el-dia-internacional-de-los-humedales-en-el-arboreto-de-itulazabal-20250127\/"]}]},{"@type":"ImageObject","inLanguage":"es","@id":"https:\/\/eraztunberdeurdina.eus\/es\/elebraremos-el-dia-internacional-de-los-humedales-en-el-arboreto-de-itulazabal-20250127\/#primaryimage","url":"https:\/\/eraztunberdeurdina.eus\/wp-content\/uploads\/2025\/01\/2025-otsailak-1-Hezeguneen-Eguna2.png","contentUrl":"https:\/\/eraztunberdeurdina.eus\/wp-content\/uploads\/2025\/01\/2025-otsailak-1-Hezeguneen-Eguna2.png","width":1414,"height":2000},{"@type":"BreadcrumbList","@id":"https:\/\/eraztunberdeurdina.eus\/es\/elebraremos-el-dia-internacional-de-los-humedales-en-el-arboreto-de-itulazabal-20250127\/#breadcrumb","itemListElement":[{"@type":"ListItem","position":1,"name":"Home","item":"https:\/\/eraztunberdeurdina.eus\/es\/anillo-verde-azul\/"},{"@type":"ListItem","position":2,"name":"elebraremos el D\u00eda Internacional de los Humedales en el Arboreto de Itulazabal"}]},{"@type":"WebSite","@id":"https:\/\/eraztunberdeurdina.eus\/#website","url":"https:\/\/eraztunberdeurdina.eus\/","name":"Zarauzko Eraztun Berde Urdina","description":"Herri-inguruko berdeguneen zaintza","publisher":{"@id":"https:\/\/eraztunberdeurdina.eus\/#organization"},"potentialAction":[{"@type":"SearchAction","target":{"@type":"EntryPoint","urlTemplate":"https:\/\/eraztunberdeurdina.eus\/?s={search_term_string}"},"query-input":{"@type":"PropertyValueSpecification","valueRequired":true,"valueName":"search_term_string"}}],"inLanguage":"es"},{"@type":"Organization","@id":"https:\/\/eraztunberdeurdina.eus\/#organization","name":"Zarauzko Eraztun Berde Urdina","url":"https:\/\/eraztunberdeurdina.eus\/","logo":{"@type":"ImageObject","inLanguage":"es","@id":"https:\/\/eraztunberdeurdina.eus\/#\/schema\/logo\/image\/","url":"https:\/\/eraztunberdeurdina.eus\/wp-content\/uploads\/2018\/07\/EBUkoloretan.jpg","contentUrl":"https:\/\/eraztunberdeurdina.eus\/wp-content\/uploads\/2018\/07\/EBUkoloretan.jpg","width":934,"height":687,"caption":"Zarauzko Eraztun Berde Urdina"},"image":{"@id":"https:\/\/eraztunberdeurdina.eus\/#\/schema\/logo\/image\/"}},{"@type":"Person","@id":"https:\/\/eraztunberdeurdina.eus\/#\/schema\/person\/a9c3a9d9ddfc0024a1d798d33b8eb53c","name":"ebu"}]}},"_links":{"self":[{"href":"https:\/\/eraztunberdeurdina.eus\/es\/wp-json\/wp\/v2\/posts\/3803","targetHints":{"allow":["GET"]}}],"collection":[{"href":"https:\/\/eraztunberdeurdina.eus\/es\/wp-json\/wp\/v2\/posts"}],"about":[{"href":"https:\/\/eraztunberdeurdina.eus\/es\/wp-json\/wp\/v2\/types\/post"}],"author":[{"embeddable":true,"href":"https:\/\/eraztunberdeurdina.eus\/es\/wp-json\/wp\/v2\/users\/3"}],"replies":[{"embeddable":true,"href":"https:\/\/eraztunberdeurdina.eus\/es\/wp-json\/wp\/v2\/comments?post=3803"}],"version-history":[{"count":1,"href":"https:\/\/eraztunberdeurdina.eus\/es\/wp-json\/wp\/v2\/posts\/3803\/revisions"}],"predecessor-version":[{"id":3804,"href":"https:\/\/eraztunberdeurdina.eus\/es\/wp-json\/wp\/v2\/posts\/3803\/revisions\/3804"}],"wp:featuredmedia":[{"embeddable":true,"href":"https:\/\/eraztunberdeurdina.eus\/es\/wp-json\/wp\/v2\/media\/3801"}],"wp:attachment":[{"href":"https:\/\/eraztunberdeurdina.eus\/es\/wp-json\/wp\/v2\/media?parent=3803"}],"wp:term":[{"taxonomy":"category","embeddable":true,"href":"https:\/\/eraztunberdeurdina.eus\/es\/wp-json\/wp\/v2\/categories?post=3803"},{"taxonomy":"post_tag","embeddable":true,"href":"https:\/\/eraztunberdeurdina.eus\/es\/wp-json\/wp\/v2\/tags?post=3803"}],"curies":[{"name":"wp","href":"https:\/\/api.w.org\/{rel}","templated":true}]}}