{"id":3813,"date":"2025-02-02T11:09:56","date_gmt":"2025-02-02T10:09:56","guid":{"rendered":"https:\/\/eraztunberdeurdina.eus\/?p=3813"},"modified":"2025-02-03T11:16:44","modified_gmt":"2025-02-03T10:16:44","slug":"hemos-celebrado-el-dia-mundial-de-los-humedales-en-itulazabal","status":"publish","type":"post","link":"https:\/\/eraztunberdeurdina.eus\/es\/hemos-celebrado-el-dia-mundial-de-los-humedales-en-itulazabal-20250202\/","title":{"rendered":"Hemos celebrado el D\u00eda Mundial de los humedales en Itulazabal"},"content":{"rendered":"<p><em>Hemos celebrado el D\u00eda Mundial de los Humedales en el Anillo Verde Azul. En el bosque de madro\u00f1os de Itulazabal hemos conocido a los seres vivos que habitan en las charcas con la ayuda del herpet\u00f3logo Ion Garin de la Sociedad de Ciencias Aranzadi, y tambi\u00e9n hemos conocido y la importancia que tiene la preservaci\u00f3n de estos microhumedales ante la crisis clim\u00e1tica.<\/em><\/p>\n<p><img fetchpriority=\"high\" decoding=\"async\" class=\"CToWUd a6T\" tabindex=\"0\" src=\"https:\/\/ci3.googleusercontent.com\/meips\/ADKq_NYAZMaardXvllkJy57-KYANKjhBm5Y7we-cXzodfn9gEHWHFvReEpBVwtJ2mxugQrpP1y78EKJ_cd6FZDn4UMNA-vjWH9zUu4CV9RhQfRVWgN_hNNCf9cwkdtoke0ZJYl6n8S-ACV6nkJDy0fH0p2d2urTacx2OPrMn=s0-d-e1-ft#https:\/\/mcusercontent.com\/981cffa77d262312f7f9b6bac\/images\/14b28b1c-39bf-9c81-2904-0442202880e1.jpeg\" width=\"500\" height=\"280\" data-bit=\"iit\" \/><br \/>\n<img decoding=\"async\" class=\"CToWUd a6T\" tabindex=\"0\" src=\"https:\/\/ci3.googleusercontent.com\/meips\/ADKq_NYVVn88xbXBBZRThpdTM8oY74pjLbNgmC-zoHGoLKE6aCP5fFY3XToQSeDo5SUfReQIrVQOCjZ1dBCzo3gZcUPgdNqzKWECBRa_bkLIMkYF_jvQ6becchk13jhLClI8U4wCz1GIh74awhkBHOn_8QRWnJbo1Q1aYpFx=s0-d-e1-ft#https:\/\/mcusercontent.com\/981cffa77d262312f7f9b6bac\/images\/052018b5-e4ba-4755-26ad-a3cff77e7a45.jpeg\" width=\"500\" height=\"280\" data-bit=\"iit\" \/><\/p>\n<p><em>Aprovechamos la ocasi\u00f3n para compartir con todas y todos el enlace de este v\u00eddeo interesante que ha publicado Aranzadi con motivo del D\u00eda Mundial de los Humedales:<\/em><br \/>\n<a href=\"https:\/\/www.youtube.com\/watch?v=yarWxTP99Qs&amp;t=34s\">https:\/\/www.youtube.com\/watch?v=DlpaWUeEnWg<\/a><\/p>\n<p><a href=\"https:\/\/www.youtube.com\/watch?v=yarWxTP99Qs&amp;t=34s\"><img decoding=\"async\" class=\"alignnone size-medium wp-image-3814\" src=\"https:\/\/eraztunberdeurdina.eus\/wp-content\/uploads\/2025\/02\/Mikroklima-cast-600x374.png\" alt=\"\" width=\"600\" height=\"374\" srcset=\"https:\/\/eraztunberdeurdina.eus\/wp-content\/uploads\/2025\/02\/Mikroklima-cast-600x374.png 600w, https:\/\/eraztunberdeurdina.eus\/wp-content\/uploads\/2025\/02\/Mikroklima-cast-768x478.png 768w, https:\/\/eraztunberdeurdina.eus\/wp-content\/uploads\/2025\/02\/Mikroklima-cast.png 816w\" sizes=\"(max-width: 600px) 100vw, 600px\" \/><\/a><\/p>\n<p><em>Despu\u00e9s hemos ido a los microhumedales reci\u00e9n adaptados en el arboreto. Justo han cumplido un mes desde que se crearon y hemos generado zonas de protecci\u00f3n para los seres vivos que habitar\u00e1n pr\u00f3ximamente estas charcas, colocando piedras y ramas, en colaboraci\u00f3n con un grupo de vecinos y vecinas. Al principio parec\u00eda que el tiempo no era favorable, pero nos hemos puesto las katiuskas y hemos disfrutado en contacto con la naturaleza.<\/p>\n<p><img loading=\"lazy\" decoding=\"async\" class=\"CToWUd a6T\" tabindex=\"0\" src=\"https:\/\/ci3.googleusercontent.com\/meips\/ADKq_NaGD7KgptAZQ_hjfkwh9psXZx3ZvrGv7xVUaCD7VUHGO7GdLKKeP8pKHul2ZsNJpJisMuxWyw4wFQryO5IGtBLOMbULW68UEm-7IK8QX89DpVMkiGm8yOp7OD39s4S1ElqpeYn2DbREYG7WobbJlZaIUSjvktIFLtdl=s0-d-e1-ft#https:\/\/mcusercontent.com\/981cffa77d262312f7f9b6bac\/images\/e269cad8-9f06-7fac-5434-36de69edf2a9.jpeg\" width=\"500\" height=\"280\" data-bit=\"iit\" \/><img loading=\"lazy\" decoding=\"async\" class=\"CToWUd a6T\" tabindex=\"0\" src=\"https:\/\/ci3.googleusercontent.com\/meips\/ADKq_NYFrdvOnxT1XpYHK8XfvAQ4zek47fhEooUEnU-2a0Ql-1v7jqN2Mh0k16l9ucI0wxVU2tkm1c3Ry-lVXfHel38XC8yi5dQmZvo-qMSC8hrpbGgng1mL8i4HiJBSHxTLyp0E5TD7BrvcN3JpeccLoWgwghntOe54mfue=s0-d-e1-ft#https:\/\/mcusercontent.com\/981cffa77d262312f7f9b6bac\/images\/d8da5f4a-114b-93b9-a0c9-f2df7b3595dd.jpeg\" width=\"500\" height=\"324\" data-bit=\"iit\" \/><br \/>\n<\/em><br \/>\n<em>Ha sido una ma\u00f1ana muy bonita. \u00a1Gracias a todas las personas que os hab\u00e9is acercado!<\/em><\/p>\n<p><img loading=\"lazy\" decoding=\"async\" class=\"CToWUd a6T\" tabindex=\"0\" src=\"https:\/\/ci3.googleusercontent.com\/meips\/ADKq_NaCFZDuIw72jD32JIcDCopclVLnJOLPHw9szJy5D4Ik879bs0DPxUprTDobiU7L2v8F4s6tQpYla6NIHKqsPNOcI5hULgYWC7OLlOVgsbfdc5tJiSegA_yp5f2ec87EFD2LQlmew31Ol7hPS-zeIrOpOyzb-gmkSr_5=s0-d-e1-ft#https:\/\/mcusercontent.com\/981cffa77d262312f7f9b6bac\/images\/be1abc31-0b51-6cf0-ae6f-0d9cfef9a9ab.jpeg\" width=\"500\" height=\"335\" data-bit=\"iit\" \/><\/p>\n<p>&nbsp;<\/p>\n","protected":false},"excerpt":{"rendered":"<p>Hemos celebrado el D\u00eda Mundial de los Humedales en el Anillo Verde Azul. En el bosque de madro\u00f1os de Itulazabal [&hellip;]<\/p>\n","protected":false},"author":3,"featured_media":3812,"comment_status":"closed","ping_status":"closed","sticky":false,"template":"","format":"standard","meta":{"_acf_changed":false,"site-sidebar-layout":"default","site-content-layout":"","ast-site-content-layout":"default","site-content-style":"default","site-sidebar-style":"default","ast-global-header-display":"","ast-banner-title-visibility":"","ast-main-header-display":"","ast-hfb-above-header-display":"","ast-hfb-below-header-display":"","ast-hfb-mobile-header-display":"","site-post-title":"","ast-breadcrumbs-content":"","ast-featured-img":"","footer-sml-layout":"","ast-disable-related-posts":"","theme-transparent-header-meta":"","adv-header-id-meta":"","stick-header-meta":"","header-above-stick-meta":"","header-main-stick-meta":"","header-below-stick-meta":"","astra-migrate-meta-layouts":"default","ast-page-background-enabled":"default","ast-page-background-meta":{"desktop":{"background-color":"var(--ast-global-color-5)","background-image":"","background-repeat":"repeat","background-position":"center center","background-size":"auto","background-attachment":"scroll","background-type":"","background-media":"","overlay-type":"","overlay-color":"","overlay-opacity":"","overlay-gradient":""},"tablet":{"background-color":"","background-image":"","background-repeat":"repeat","background-position":"center center","background-size":"auto","background-attachment":"scroll","background-type":"","background-media":"","overlay-type":"","overlay-color":"","overlay-opacity":"","overlay-gradient":""},"mobile":{"background-color":"","background-image":"","background-repeat":"repeat","background-position":"center center","background-size":"auto","background-attachment":"scroll","background-type":"","background-media":"","overlay-type":"","overlay-color":"","overlay-opacity":"","overlay-gradient":""}},"ast-content-background-meta":{"desktop":{"background-color":"var(--ast-global-color-4)","background-image":"","background-repeat":"repeat","background-position":"center center","background-size":"auto","background-attachment":"scroll","background-type":"","background-media":"","overlay-type":"","overlay-color":"","overlay-opacity":"","overlay-gradient":""},"tablet":{"background-color":"var(--ast-global-color-4)","background-image":"","background-repeat":"repeat","background-position":"center center","background-size":"auto","background-attachment":"scroll","background-type":"","background-media":"","overlay-type":"","overlay-color":"","overlay-opacity":"","overlay-gradient":""},"mobile":{"background-color":"var(--ast-global-color-4)","background-image":"","background-repeat":"repeat","background-position":"center center","background-size":"auto","background-attachment":"scroll","background-type":"","background-media":"","overlay-type":"","overlay-color":"","overlay-opacity":"","overlay-gradient":""}},"footnotes":""},"categories":[776,442,777,443,782,723,263,769],"tags":[33,778,106,101,34,773,784,783,634,28,35],"class_list":["post-3813","post","type-post","status-publish","format-standard","has-post-thumbnail","hentry","category-arboreto-itulazabal","category-biodiversidad","category-charcas","category-humedal","category-microhumedales","category-refugios-climaticos","category-sensibilizacion","category-trabajo-comunitario","tag-anillo-verde-azul","tag-arboreto-itulazabal","tag-ayuntamiento-de-zarautz","tag-biodiversidad","tag-eraztun-berde-urdina","tag-itulazabal","tag-microhumedal","tag-microhumedales","tag-trabajo-comunitario","tag-zarautz","tag-zarauzko-udala"],"acf":[],"yoast_head":"<!-- This site is optimized with the Yoast SEO plugin v27.1.1 - https:\/\/yoast.com\/product\/yoast-seo-wordpress\/ -->\n<title>Hemos celebrado el D\u00eda Mundial de los humedales en Itulazabal - Anillo Verde Azul de Zarautz<\/title>\n<meta name=\"robots\" content=\"index, follow, max-snippet:-1, max-image-preview:large, max-video-preview:-1\" \/>\n<link rel=\"canonical\" href=\"https:\/\/eraztunberdeurdina.eus\/es\/hemos-celebrado-el-dia-mundial-de-los-humedales-en-itulazabal-20250202\/\" \/>\n<meta property=\"og:locale\" content=\"es_ES\" \/>\n<meta property=\"og:type\" content=\"article\" \/>\n<meta property=\"og:title\" content=\"Hemos celebrado el D\u00eda Mundial de los humedales en Itulazabal - Anillo Verde Azul de Zarautz\" \/>\n<meta property=\"og:description\" content=\"Hemos celebrado el D\u00eda Mundial de los Humedales en el Anillo Verde Azul. En el bosque de madro\u00f1os de Itulazabal [&hellip;]\" \/>\n<meta property=\"og:url\" content=\"https:\/\/eraztunberdeurdina.eus\/es\/hemos-celebrado-el-dia-mundial-de-los-humedales-en-itulazabal-20250202\/\" \/>\n<meta property=\"og:site_name\" content=\"Anillo Verde Azul de Zarautz\" \/>\n<meta property=\"article:published_time\" content=\"2025-02-02T10:09:56+00:00\" \/>\n<meta property=\"article:modified_time\" content=\"2025-02-03T10:16:44+00:00\" \/>\n<meta property=\"og:image\" content=\"https:\/\/eraztunberdeurdina.eus\/wp-content\/uploads\/2025\/02\/WhatsApp-Image-2025-02-01-at-14.03.51.jpeg\" \/>\n\t<meta property=\"og:image:width\" content=\"1600\" \/>\n\t<meta property=\"og:image:height\" content=\"1073\" \/>\n\t<meta property=\"og:image:type\" content=\"image\/jpeg\" \/>\n<meta name=\"author\" content=\"ebu\" \/>\n<meta name=\"twitter:card\" content=\"summary_large_image\" \/>\n<meta name=\"twitter:label1\" content=\"Escrito por\" \/>\n\t<meta name=\"twitter:data1\" content=\"ebu\" \/>\n\t<meta name=\"twitter:label2\" content=\"Tiempo de lectura\" \/>\n\t<meta name=\"twitter:data2\" content=\"1 minuto\" \/>\n<script type=\"application\/ld+json\" class=\"yoast-schema-graph\">{\"@context\":\"https:\/\/schema.org\",\"@graph\":[{\"@type\":\"Article\",\"@id\":\"https:\/\/eraztunberdeurdina.eus\/es\/hemos-celebrado-el-dia-mundial-de-los-humedales-en-itulazabal-20250202\/#article\",\"isPartOf\":{\"@id\":\"https:\/\/eraztunberdeurdina.eus\/es\/hemos-celebrado-el-dia-mundial-de-los-humedales-en-itulazabal-20250202\/\"},\"author\":{\"name\":\"ebu\",\"@id\":\"https:\/\/eraztunberdeurdina.eus\/#\/schema\/person\/a9c3a9d9ddfc0024a1d798d33b8eb53c\"},\"headline\":\"Hemos celebrado el D\u00eda Mundial de los humedales en Itulazabal\",\"datePublished\":\"2025-02-02T10:09:56+00:00\",\"dateModified\":\"2025-02-03T10:16:44+00:00\",\"mainEntityOfPage\":{\"@id\":\"https:\/\/eraztunberdeurdina.eus\/es\/hemos-celebrado-el-dia-mundial-de-los-humedales-en-itulazabal-20250202\/\"},\"wordCount\":212,\"publisher\":{\"@id\":\"https:\/\/eraztunberdeurdina.eus\/#organization\"},\"image\":{\"@id\":\"https:\/\/eraztunberdeurdina.eus\/es\/hemos-celebrado-el-dia-mundial-de-los-humedales-en-itulazabal-20250202\/#primaryimage\"},\"thumbnailUrl\":\"https:\/\/eraztunberdeurdina.eus\/wp-content\/uploads\/2025\/02\/WhatsApp-Image-2025-02-01-at-14.03.51.jpeg\",\"keywords\":[\"anillo verde azul\",\"Arboreto Itulazabal\",\"Ayuntamiento de Zarautz\",\"biodiversidad\",\"Eraztun Berde Urdina\",\"Itulazabal\",\"microhumedal\",\"microhumedales\",\"trabajo comunitario\",\"Zarautz\",\"Zarauzko Udala\"],\"articleSection\":[\"Arboreto Itulazabal\",\"biodiversidad\",\"charcas\",\"humedal\",\"microhumedales\",\"refugios clim\u00e1ticos\",\"sensibilizaci\u00f3n\",\"trabajo comunitario\"],\"inLanguage\":\"es\"},{\"@type\":\"WebPage\",\"@id\":\"https:\/\/eraztunberdeurdina.eus\/es\/hemos-celebrado-el-dia-mundial-de-los-humedales-en-itulazabal-20250202\/\",\"url\":\"https:\/\/eraztunberdeurdina.eus\/es\/hemos-celebrado-el-dia-mundial-de-los-humedales-en-itulazabal-20250202\/\",\"name\":\"Hemos celebrado el D\u00eda Mundial de los humedales en Itulazabal - Anillo Verde Azul de Zarautz\",\"isPartOf\":{\"@id\":\"https:\/\/eraztunberdeurdina.eus\/#website\"},\"primaryImageOfPage\":{\"@id\":\"https:\/\/eraztunberdeurdina.eus\/es\/hemos-celebrado-el-dia-mundial-de-los-humedales-en-itulazabal-20250202\/#primaryimage\"},\"image\":{\"@id\":\"https:\/\/eraztunberdeurdina.eus\/es\/hemos-celebrado-el-dia-mundial-de-los-humedales-en-itulazabal-20250202\/#primaryimage\"},\"thumbnailUrl\":\"https:\/\/eraztunberdeurdina.eus\/wp-content\/uploads\/2025\/02\/WhatsApp-Image-2025-02-01-at-14.03.51.jpeg\",\"datePublished\":\"2025-02-02T10:09:56+00:00\",\"dateModified\":\"2025-02-03T10:16:44+00:00\",\"breadcrumb\":{\"@id\":\"https:\/\/eraztunberdeurdina.eus\/es\/hemos-celebrado-el-dia-mundial-de-los-humedales-en-itulazabal-20250202\/#breadcrumb\"},\"inLanguage\":\"es\",\"potentialAction\":[{\"@type\":\"ReadAction\",\"target\":[\"https:\/\/eraztunberdeurdina.eus\/es\/hemos-celebrado-el-dia-mundial-de-los-humedales-en-itulazabal-20250202\/\"]}]},{\"@type\":\"ImageObject\",\"inLanguage\":\"es\",\"@id\":\"https:\/\/eraztunberdeurdina.eus\/es\/hemos-celebrado-el-dia-mundial-de-los-humedales-en-itulazabal-20250202\/#primaryimage\",\"url\":\"https:\/\/eraztunberdeurdina.eus\/wp-content\/uploads\/2025\/02\/WhatsApp-Image-2025-02-01-at-14.03.51.jpeg\",\"contentUrl\":\"https:\/\/eraztunberdeurdina.eus\/wp-content\/uploads\/2025\/02\/WhatsApp-Image-2025-02-01-at-14.03.51.jpeg\",\"width\":1600,\"height\":1073},{\"@type\":\"BreadcrumbList\",\"@id\":\"https:\/\/eraztunberdeurdina.eus\/es\/hemos-celebrado-el-dia-mundial-de-los-humedales-en-itulazabal-20250202\/#breadcrumb\",\"itemListElement\":[{\"@type\":\"ListItem\",\"position\":1,\"name\":\"Home\",\"item\":\"https:\/\/eraztunberdeurdina.eus\/es\/anillo-verde-azul\/\"},{\"@type\":\"ListItem\",\"position\":2,\"name\":\"Hemos celebrado el D\u00eda Mundial de los humedales en Itulazabal\"}]},{\"@type\":\"WebSite\",\"@id\":\"https:\/\/eraztunberdeurdina.eus\/#website\",\"url\":\"https:\/\/eraztunberdeurdina.eus\/\",\"name\":\"Zarauzko Eraztun Berde Urdina\",\"description\":\"Herri-inguruko berdeguneen zaintza\",\"publisher\":{\"@id\":\"https:\/\/eraztunberdeurdina.eus\/#organization\"},\"potentialAction\":[{\"@type\":\"SearchAction\",\"target\":{\"@type\":\"EntryPoint\",\"urlTemplate\":\"https:\/\/eraztunberdeurdina.eus\/?s={search_term_string}\"},\"query-input\":{\"@type\":\"PropertyValueSpecification\",\"valueRequired\":true,\"valueName\":\"search_term_string\"}}],\"inLanguage\":\"es\"},{\"@type\":\"Organization\",\"@id\":\"https:\/\/eraztunberdeurdina.eus\/#organization\",\"name\":\"Zarauzko Eraztun Berde Urdina\",\"url\":\"https:\/\/eraztunberdeurdina.eus\/\",\"logo\":{\"@type\":\"ImageObject\",\"inLanguage\":\"es\",\"@id\":\"https:\/\/eraztunberdeurdina.eus\/#\/schema\/logo\/image\/\",\"url\":\"https:\/\/eraztunberdeurdina.eus\/wp-content\/uploads\/2018\/07\/EBUkoloretan.jpg\",\"contentUrl\":\"https:\/\/eraztunberdeurdina.eus\/wp-content\/uploads\/2018\/07\/EBUkoloretan.jpg\",\"width\":934,\"height\":687,\"caption\":\"Zarauzko Eraztun Berde Urdina\"},\"image\":{\"@id\":\"https:\/\/eraztunberdeurdina.eus\/#\/schema\/logo\/image\/\"}},{\"@type\":\"Person\",\"@id\":\"https:\/\/eraztunberdeurdina.eus\/#\/schema\/person\/a9c3a9d9ddfc0024a1d798d33b8eb53c\",\"name\":\"ebu\"}]}<\/script>\n<!-- \/ Yoast SEO plugin. -->","yoast_head_json":{"title":"Hemos celebrado el D\u00eda Mundial de los humedales en Itulazabal - Anillo Verde Azul de Zarautz","robots":{"index":"index","follow":"follow","max-snippet":"max-snippet:-1","max-image-preview":"max-image-preview:large","max-video-preview":"max-video-preview:-1"},"canonical":"https:\/\/eraztunberdeurdina.eus\/es\/hemos-celebrado-el-dia-mundial-de-los-humedales-en-itulazabal-20250202\/","og_locale":"es_ES","og_type":"article","og_title":"Hemos celebrado el D\u00eda Mundial de los humedales en Itulazabal - Anillo Verde Azul de Zarautz","og_description":"Hemos celebrado el D\u00eda Mundial de los Humedales en el Anillo Verde Azul. En el bosque de madro\u00f1os de Itulazabal [&hellip;]","og_url":"https:\/\/eraztunberdeurdina.eus\/es\/hemos-celebrado-el-dia-mundial-de-los-humedales-en-itulazabal-20250202\/","og_site_name":"Anillo Verde Azul de Zarautz","article_published_time":"2025-02-02T10:09:56+00:00","article_modified_time":"2025-02-03T10:16:44+00:00","og_image":[{"width":1600,"height":1073,"url":"https:\/\/eraztunberdeurdina.eus\/wp-content\/uploads\/2025\/02\/WhatsApp-Image-2025-02-01-at-14.03.51.jpeg","type":"image\/jpeg"}],"author":"ebu","twitter_card":"summary_large_image","twitter_misc":{"Escrito por":"ebu","Tiempo de lectura":"1 minuto"},"schema":{"@context":"https:\/\/schema.org","@graph":[{"@type":"Article","@id":"https:\/\/eraztunberdeurdina.eus\/es\/hemos-celebrado-el-dia-mundial-de-los-humedales-en-itulazabal-20250202\/#article","isPartOf":{"@id":"https:\/\/eraztunberdeurdina.eus\/es\/hemos-celebrado-el-dia-mundial-de-los-humedales-en-itulazabal-20250202\/"},"author":{"name":"ebu","@id":"https:\/\/eraztunberdeurdina.eus\/#\/schema\/person\/a9c3a9d9ddfc0024a1d798d33b8eb53c"},"headline":"Hemos celebrado el D\u00eda Mundial de los humedales en Itulazabal","datePublished":"2025-02-02T10:09:56+00:00","dateModified":"2025-02-03T10:16:44+00:00","mainEntityOfPage":{"@id":"https:\/\/eraztunberdeurdina.eus\/es\/hemos-celebrado-el-dia-mundial-de-los-humedales-en-itulazabal-20250202\/"},"wordCount":212,"publisher":{"@id":"https:\/\/eraztunberdeurdina.eus\/#organization"},"image":{"@id":"https:\/\/eraztunberdeurdina.eus\/es\/hemos-celebrado-el-dia-mundial-de-los-humedales-en-itulazabal-20250202\/#primaryimage"},"thumbnailUrl":"https:\/\/eraztunberdeurdina.eus\/wp-content\/uploads\/2025\/02\/WhatsApp-Image-2025-02-01-at-14.03.51.jpeg","keywords":["anillo verde azul","Arboreto Itulazabal","Ayuntamiento de Zarautz","biodiversidad","Eraztun Berde Urdina","Itulazabal","microhumedal","microhumedales","trabajo comunitario","Zarautz","Zarauzko Udala"],"articleSection":["Arboreto Itulazabal","biodiversidad","charcas","humedal","microhumedales","refugios clim\u00e1ticos","sensibilizaci\u00f3n","trabajo comunitario"],"inLanguage":"es"},{"@type":"WebPage","@id":"https:\/\/eraztunberdeurdina.eus\/es\/hemos-celebrado-el-dia-mundial-de-los-humedales-en-itulazabal-20250202\/","url":"https:\/\/eraztunberdeurdina.eus\/es\/hemos-celebrado-el-dia-mundial-de-los-humedales-en-itulazabal-20250202\/","name":"Hemos celebrado el D\u00eda Mundial de los humedales en Itulazabal - Anillo Verde Azul de Zarautz","isPartOf":{"@id":"https:\/\/eraztunberdeurdina.eus\/#website"},"primaryImageOfPage":{"@id":"https:\/\/eraztunberdeurdina.eus\/es\/hemos-celebrado-el-dia-mundial-de-los-humedales-en-itulazabal-20250202\/#primaryimage"},"image":{"@id":"https:\/\/eraztunberdeurdina.eus\/es\/hemos-celebrado-el-dia-mundial-de-los-humedales-en-itulazabal-20250202\/#primaryimage"},"thumbnailUrl":"https:\/\/eraztunberdeurdina.eus\/wp-content\/uploads\/2025\/02\/WhatsApp-Image-2025-02-01-at-14.03.51.jpeg","datePublished":"2025-02-02T10:09:56+00:00","dateModified":"2025-02-03T10:16:44+00:00","breadcrumb":{"@id":"https:\/\/eraztunberdeurdina.eus\/es\/hemos-celebrado-el-dia-mundial-de-los-humedales-en-itulazabal-20250202\/#breadcrumb"},"inLanguage":"es","potentialAction":[{"@type":"ReadAction","target":["https:\/\/eraztunberdeurdina.eus\/es\/hemos-celebrado-el-dia-mundial-de-los-humedales-en-itulazabal-20250202\/"]}]},{"@type":"ImageObject","inLanguage":"es","@id":"https:\/\/eraztunberdeurdina.eus\/es\/hemos-celebrado-el-dia-mundial-de-los-humedales-en-itulazabal-20250202\/#primaryimage","url":"https:\/\/eraztunberdeurdina.eus\/wp-content\/uploads\/2025\/02\/WhatsApp-Image-2025-02-01-at-14.03.51.jpeg","contentUrl":"https:\/\/eraztunberdeurdina.eus\/wp-content\/uploads\/2025\/02\/WhatsApp-Image-2025-02-01-at-14.03.51.jpeg","width":1600,"height":1073},{"@type":"BreadcrumbList","@id":"https:\/\/eraztunberdeurdina.eus\/es\/hemos-celebrado-el-dia-mundial-de-los-humedales-en-itulazabal-20250202\/#breadcrumb","itemListElement":[{"@type":"ListItem","position":1,"name":"Home","item":"https:\/\/eraztunberdeurdina.eus\/es\/anillo-verde-azul\/"},{"@type":"ListItem","position":2,"name":"Hemos celebrado el D\u00eda Mundial de los humedales en Itulazabal"}]},{"@type":"WebSite","@id":"https:\/\/eraztunberdeurdina.eus\/#website","url":"https:\/\/eraztunberdeurdina.eus\/","name":"Zarauzko Eraztun Berde Urdina","description":"Herri-inguruko berdeguneen zaintza","publisher":{"@id":"https:\/\/eraztunberdeurdina.eus\/#organization"},"potentialAction":[{"@type":"SearchAction","target":{"@type":"EntryPoint","urlTemplate":"https:\/\/eraztunberdeurdina.eus\/?s={search_term_string}"},"query-input":{"@type":"PropertyValueSpecification","valueRequired":true,"valueName":"search_term_string"}}],"inLanguage":"es"},{"@type":"Organization","@id":"https:\/\/eraztunberdeurdina.eus\/#organization","name":"Zarauzko Eraztun Berde Urdina","url":"https:\/\/eraztunberdeurdina.eus\/","logo":{"@type":"ImageObject","inLanguage":"es","@id":"https:\/\/eraztunberdeurdina.eus\/#\/schema\/logo\/image\/","url":"https:\/\/eraztunberdeurdina.eus\/wp-content\/uploads\/2018\/07\/EBUkoloretan.jpg","contentUrl":"https:\/\/eraztunberdeurdina.eus\/wp-content\/uploads\/2018\/07\/EBUkoloretan.jpg","width":934,"height":687,"caption":"Zarauzko Eraztun Berde Urdina"},"image":{"@id":"https:\/\/eraztunberdeurdina.eus\/#\/schema\/logo\/image\/"}},{"@type":"Person","@id":"https:\/\/eraztunberdeurdina.eus\/#\/schema\/person\/a9c3a9d9ddfc0024a1d798d33b8eb53c","name":"ebu"}]}},"_links":{"self":[{"href":"https:\/\/eraztunberdeurdina.eus\/es\/wp-json\/wp\/v2\/posts\/3813","targetHints":{"allow":["GET"]}}],"collection":[{"href":"https:\/\/eraztunberdeurdina.eus\/es\/wp-json\/wp\/v2\/posts"}],"about":[{"href":"https:\/\/eraztunberdeurdina.eus\/es\/wp-json\/wp\/v2\/types\/post"}],"author":[{"embeddable":true,"href":"https:\/\/eraztunberdeurdina.eus\/es\/wp-json\/wp\/v2\/users\/3"}],"replies":[{"embeddable":true,"href":"https:\/\/eraztunberdeurdina.eus\/es\/wp-json\/wp\/v2\/comments?post=3813"}],"version-history":[{"count":1,"href":"https:\/\/eraztunberdeurdina.eus\/es\/wp-json\/wp\/v2\/posts\/3813\/revisions"}],"predecessor-version":[{"id":3816,"href":"https:\/\/eraztunberdeurdina.eus\/es\/wp-json\/wp\/v2\/posts\/3813\/revisions\/3816"}],"wp:featuredmedia":[{"embeddable":true,"href":"https:\/\/eraztunberdeurdina.eus\/es\/wp-json\/wp\/v2\/media\/3812"}],"wp:attachment":[{"href":"https:\/\/eraztunberdeurdina.eus\/es\/wp-json\/wp\/v2\/media?parent=3813"}],"wp:term":[{"taxonomy":"category","embeddable":true,"href":"https:\/\/eraztunberdeurdina.eus\/es\/wp-json\/wp\/v2\/categories?post=3813"},{"taxonomy":"post_tag","embeddable":true,"href":"https:\/\/eraztunberdeurdina.eus\/es\/wp-json\/wp\/v2\/tags?post=3813"}],"curies":[{"name":"wp","href":"https:\/\/api.w.org\/{rel}","templated":true}]}}