{"id":3821,"date":"2025-02-10T11:38:17","date_gmt":"2025-02-10T10:38:17","guid":{"rendered":"https:\/\/eraztunberdeurdina.eus\/?p=3821"},"modified":"2025-02-10T11:38:17","modified_gmt":"2025-02-10T10:38:17","slug":"el-festival-cimasub-de-zarautz-se-celebrara-del-12-al-26-de-febrero-edicion","status":"publish","type":"post","link":"https:\/\/eraztunberdeurdina.eus\/es\/el-festival-cimasub-de-zarautz-se-celebrara-del-12-al-26-de-febrero-edicion-20250210\/","title":{"rendered":"EL FESTIVAL CIMASUB DE ZARAUTZ SE CELEBRAR\u00c1 DEL 12 AL 26 DE FEBRERO EDICI\u00d3N"},"content":{"rendered":"<p>El festival Cimasub Zarautz 2025 se celebrar\u00e1 del 12 al 26 de febrero. La 15\u00aa edici\u00f3n del Ciclo Internacional de Cine Submarino ser\u00e1 una oportunidad \u00fanica para explorar la belleza de los oc\u00e9anos y descubrir sus secretos.<\/p>\n<p>El objetivo del Ciclo Internacional de Cine Submarino es objetivo dar a conocer el fondo del mar y transmitir amor y respeto hacia \u00e9l. Lo hace a trav\u00e9s del submarinismo como deporte, la imagen submarina como tecnolog\u00eda, el cine y la fotograf\u00eda como arte y cultura, y el amor por el mar como bandera.<\/p>\n<p>El eslogan de este a\u00f1o, \u00abcada imagen, un compromiso. Cada mirada, una oportunidad\u00bb, simboliza la dedicaci\u00f3n de fot\u00f3grafos y cineastas que capturan la esencia de los oc\u00e9anos, asumiendo un compromiso con su preservaci\u00f3n. Para estos creadores, cada imagen es un acto de responsabilidad que nos muestra la belleza y vulnerabilidad de los ecosistemas marinos, mientras que, para el p\u00fablico, cada mirada es una oportunidad para tomar conciencia y actuar en favor del medioambiente.<\/p>\n<p>En el marco de este festival habr\u00e1 varias iniciativas:<\/p>\n<p><strong>CINE<\/strong><\/p>\n<p>El Ciclo Internacional de Cine Submarino (CIMASUB) ofrece una impactante programaci\u00f3n que seducir\u00e1 a los y las amantes de los oc\u00e9anos y la naturaleza. Los mi\u00e9rcoles 12, 19 y 26 de febrero, a las 19:00 horas, el Cine Modelo acoger\u00e1 las producciones del mundo marino a trav\u00e9s de cortometrajes y documentales. La entrada es gratuita.<\/p>\n<p>CIMASUB 2025 presentar\u00e1 una selecci\u00f3n de obras cinematogr\u00e1ficas que reflejan la pasi\u00f3n de varios artistas por el mar. A trav\u00e9s del arte de estos artistas se muestra la belleza de los oc\u00e9anos y su preocupante degradaci\u00f3n. Estos cineastas subrayan la presi\u00f3n de la humanidad sobre los ecosistemas en la supervivencia terrestre.<\/p>\n<p><strong>EXPOSICI\u00d3N FOTOGR\u00c1FICA<\/strong><\/p>\n<p>Junto a las proyecciones cinematogr\u00e1ficas, presentaremos una impactante exposici\u00f3n fotogr\u00e1fica subacu\u00e1tica en Merkatu Plaza, del 10 al 27 de febrero, de lunes a viernes, de 17:00 a 19:00 horas, y los fines de semana, de 12:00 a 14:00 horas.<\/p>\n<p><strong>TXIKIZIKLO<\/strong><\/p>\n<p>El compromiso del CIMASUB con la educaci\u00f3n y la conciencia medioambiental se refleja en el Txikiziklo Submarino. En 2024 m\u00e1s de 2.500 alumnos de primaria de Gipuzkoa se han implicado en este proyecto. El objetivo de este programa es promover la conservaci\u00f3n de los oc\u00e9anos y fomentar la percepci\u00f3n que los ni\u00f1os tienen de todo lo que rodea el mar. El Cine Modelo se llenar\u00e1 de alumnos el 12 de febrero, donde los y las escolares zarauztarras recibir\u00e1n una experiencia \u00fanica.<\/p>\n<p><strong>ADINZIKLO<\/strong><\/p>\n<p>Cimasub, en colaboraci\u00f3n con la Fundaci\u00f3n Real Sociedad, ha puesto en marcha este a\u00f1o un programa para acercar el mundo subacu\u00e1tico a nuestros mayores. El centro Mar\u00eda Etxetxiki de Zarautz acoger\u00e1 el 19 de febrero, a las 11:00 horas, proyecciones de cine submarino. El objetivo es ofrecer a las personas mayores, junto con sus familias y cuidadores, la posibilidad de explorar la biodiversidad marina para reflexionar sobre su conservaci\u00f3n. As\u00ed, podr\u00e1n disfrutar de una experiencia enriquecedora que refuerza el bienestar emocional. Esta iniciativa pretende extenderse en el futuro y fomentar la inclusi\u00f3n y sensibilizaci\u00f3n ambiental en toda la sociedad.<\/p>\n","protected":false},"excerpt":{"rendered":"<p>El festival Cimasub Zarautz 2025 se celebrar\u00e1 del 12 al 26 de febrero. La 15\u00aa edici\u00f3n del Ciclo Internacional de [&hellip;]<\/p>\n","protected":false},"author":3,"featured_media":3819,"comment_status":"closed","ping_status":"closed","sticky":false,"template":"","format":"standard","meta":{"_acf_changed":false,"site-sidebar-layout":"default","site-content-layout":"","ast-site-content-layout":"default","site-content-style":"default","site-sidebar-style":"default","ast-global-header-display":"","ast-banner-title-visibility":"","ast-main-header-display":"","ast-hfb-above-header-display":"","ast-hfb-below-header-display":"","ast-hfb-mobile-header-display":"","site-post-title":"","ast-breadcrumbs-content":"","ast-featured-img":"","footer-sml-layout":"","ast-disable-related-posts":"","theme-transparent-header-meta":"","adv-header-id-meta":"","stick-header-meta":"","header-above-stick-meta":"","header-main-stick-meta":"","header-below-stick-meta":"","astra-migrate-meta-layouts":"default","ast-page-background-enabled":"default","ast-page-background-meta":{"desktop":{"background-color":"var(--ast-global-color-5)","background-image":"","background-repeat":"repeat","background-position":"center center","background-size":"auto","background-attachment":"scroll","background-type":"","background-media":"","overlay-type":"","overlay-color":"","overlay-opacity":"","overlay-gradient":""},"tablet":{"background-color":"","background-image":"","background-repeat":"repeat","background-position":"center center","background-size":"auto","background-attachment":"scroll","background-type":"","background-media":"","overlay-type":"","overlay-color":"","overlay-opacity":"","overlay-gradient":""},"mobile":{"background-color":"","background-image":"","background-repeat":"repeat","background-position":"center center","background-size":"auto","background-attachment":"scroll","background-type":"","background-media":"","overlay-type":"","overlay-color":"","overlay-opacity":"","overlay-gradient":""}},"ast-content-background-meta":{"desktop":{"background-color":"var(--ast-global-color-4)","background-image":"","background-repeat":"repeat","background-position":"center center","background-size":"auto","background-attachment":"scroll","background-type":"","background-media":"","overlay-type":"","overlay-color":"","overlay-opacity":"","overlay-gradient":""},"tablet":{"background-color":"var(--ast-global-color-4)","background-image":"","background-repeat":"repeat","background-position":"center center","background-size":"auto","background-attachment":"scroll","background-type":"","background-media":"","overlay-type":"","overlay-color":"","overlay-opacity":"","overlay-gradient":""},"mobile":{"background-color":"var(--ast-global-color-4)","background-image":"","background-repeat":"repeat","background-position":"center center","background-size":"auto","background-attachment":"scroll","background-type":"","background-media":"","overlay-type":"","overlay-color":"","overlay-opacity":"","overlay-gradient":""}},"footnotes":""},"categories":[23],"tags":[33,106,101,131,785,134,158,188,438,72,179,71,28,35],"class_list":["post-3821","post","type-post","status-publish","format-standard","has-post-thumbnail","hentry","category-sin-categorizar","tag-anillo-verde-azul","tag-ayuntamiento-de-zarautz","tag-biodiversidad","tag-cimasub","tag-cimasub-ciclo-internacional-de-cine-submarino","tag-cine-submarino","tag-cinema-modelo","tag-exposicion-fotografica","tag-fotografia-submarina","tag-medio-ambiente","tag-merkatu-plaza","tag-oceanos","tag-zarautz","tag-zarauzko-udala"],"acf":[],"yoast_head":"<!-- This site is optimized with the Yoast SEO plugin v27.1.1 - https:\/\/yoast.com\/product\/yoast-seo-wordpress\/ -->\n<title>EL FESTIVAL CIMASUB DE ZARAUTZ SE CELEBRAR\u00c1 DEL 12 AL 26 DE FEBRERO EDICI\u00d3N - Anillo Verde Azul de Zarautz<\/title>\n<meta name=\"robots\" content=\"index, follow, max-snippet:-1, max-image-preview:large, max-video-preview:-1\" \/>\n<link rel=\"canonical\" href=\"https:\/\/eraztunberdeurdina.eus\/es\/el-festival-cimasub-de-zarautz-se-celebrara-del-12-al-26-de-febrero-edicion-20250210\/\" \/>\n<meta property=\"og:locale\" content=\"es_ES\" \/>\n<meta property=\"og:type\" content=\"article\" \/>\n<meta property=\"og:title\" content=\"EL FESTIVAL CIMASUB DE ZARAUTZ SE CELEBRAR\u00c1 DEL 12 AL 26 DE FEBRERO EDICI\u00d3N - Anillo Verde Azul de Zarautz\" \/>\n<meta property=\"og:description\" content=\"El festival Cimasub Zarautz 2025 se celebrar\u00e1 del 12 al 26 de febrero. La 15\u00aa edici\u00f3n del Ciclo Internacional de [&hellip;]\" \/>\n<meta property=\"og:url\" content=\"https:\/\/eraztunberdeurdina.eus\/es\/el-festival-cimasub-de-zarautz-se-celebrara-del-12-al-26-de-febrero-edicion-20250210\/\" \/>\n<meta property=\"og:site_name\" content=\"Anillo Verde Azul de Zarautz\" \/>\n<meta property=\"article:published_time\" content=\"2025-02-10T10:38:17+00:00\" \/>\n<meta property=\"og:image\" content=\"https:\/\/eraztunberdeurdina.eus\/wp-content\/uploads\/2025\/02\/Cartel-CIMASUB-TOUR-24-25-ZARAUTZ-600x600.jpg\" \/>\n\t<meta property=\"og:image:width\" content=\"600\" \/>\n\t<meta property=\"og:image:height\" content=\"600\" \/>\n\t<meta property=\"og:image:type\" content=\"image\/jpeg\" \/>\n<meta name=\"author\" content=\"ebu\" \/>\n<meta name=\"twitter:card\" content=\"summary_large_image\" \/>\n<meta name=\"twitter:label1\" content=\"Escrito por\" \/>\n\t<meta name=\"twitter:data1\" content=\"ebu\" \/>\n\t<meta name=\"twitter:label2\" content=\"Tiempo de lectura\" \/>\n\t<meta name=\"twitter:data2\" content=\"3 minutos\" \/>\n<script type=\"application\/ld+json\" class=\"yoast-schema-graph\">{\"@context\":\"https:\/\/schema.org\",\"@graph\":[{\"@type\":\"Article\",\"@id\":\"https:\/\/eraztunberdeurdina.eus\/es\/el-festival-cimasub-de-zarautz-se-celebrara-del-12-al-26-de-febrero-edicion-20250210\/#article\",\"isPartOf\":{\"@id\":\"https:\/\/eraztunberdeurdina.eus\/es\/el-festival-cimasub-de-zarautz-se-celebrara-del-12-al-26-de-febrero-edicion-20250210\/\"},\"author\":{\"name\":\"ebu\",\"@id\":\"https:\/\/eraztunberdeurdina.eus\/#\/schema\/person\/a9c3a9d9ddfc0024a1d798d33b8eb53c\"},\"headline\":\"EL FESTIVAL CIMASUB DE ZARAUTZ SE CELEBRAR\u00c1 DEL 12 AL 26 DE FEBRERO EDICI\u00d3N\",\"datePublished\":\"2025-02-10T10:38:17+00:00\",\"mainEntityOfPage\":{\"@id\":\"https:\/\/eraztunberdeurdina.eus\/es\/el-festival-cimasub-de-zarautz-se-celebrara-del-12-al-26-de-febrero-edicion-20250210\/\"},\"wordCount\":540,\"publisher\":{\"@id\":\"https:\/\/eraztunberdeurdina.eus\/#organization\"},\"image\":{\"@id\":\"https:\/\/eraztunberdeurdina.eus\/es\/el-festival-cimasub-de-zarautz-se-celebrara-del-12-al-26-de-febrero-edicion-20250210\/#primaryimage\"},\"thumbnailUrl\":\"https:\/\/eraztunberdeurdina.eus\/wp-content\/uploads\/2025\/02\/Cartel-CIMASUB-TOUR-24-25-ZARAUTZ.jpg\",\"keywords\":[\"anillo verde azul\",\"Ayuntamiento de Zarautz\",\"biodiversidad\",\"CIMASUB\",\"CIMASUB ciclo internacional de cine submarino\",\"cine submarino\",\"Cinema Modelo\",\"exposici\u00f3n fotogr\u00e1fica\",\"fotograf\u00eda submarina\",\"Medio Ambiente\",\"Merkatu Plaza\",\"oc\u00e9anos\",\"Zarautz\",\"Zarauzko Udala\"],\"articleSection\":[\"Sin categorizar\"],\"inLanguage\":\"es\"},{\"@type\":\"WebPage\",\"@id\":\"https:\/\/eraztunberdeurdina.eus\/es\/el-festival-cimasub-de-zarautz-se-celebrara-del-12-al-26-de-febrero-edicion-20250210\/\",\"url\":\"https:\/\/eraztunberdeurdina.eus\/es\/el-festival-cimasub-de-zarautz-se-celebrara-del-12-al-26-de-febrero-edicion-20250210\/\",\"name\":\"EL FESTIVAL CIMASUB DE ZARAUTZ SE CELEBRAR\u00c1 DEL 12 AL 26 DE FEBRERO EDICI\u00d3N - Anillo Verde Azul de Zarautz\",\"isPartOf\":{\"@id\":\"https:\/\/eraztunberdeurdina.eus\/#website\"},\"primaryImageOfPage\":{\"@id\":\"https:\/\/eraztunberdeurdina.eus\/es\/el-festival-cimasub-de-zarautz-se-celebrara-del-12-al-26-de-febrero-edicion-20250210\/#primaryimage\"},\"image\":{\"@id\":\"https:\/\/eraztunberdeurdina.eus\/es\/el-festival-cimasub-de-zarautz-se-celebrara-del-12-al-26-de-febrero-edicion-20250210\/#primaryimage\"},\"thumbnailUrl\":\"https:\/\/eraztunberdeurdina.eus\/wp-content\/uploads\/2025\/02\/Cartel-CIMASUB-TOUR-24-25-ZARAUTZ.jpg\",\"datePublished\":\"2025-02-10T10:38:17+00:00\",\"breadcrumb\":{\"@id\":\"https:\/\/eraztunberdeurdina.eus\/es\/el-festival-cimasub-de-zarautz-se-celebrara-del-12-al-26-de-febrero-edicion-20250210\/#breadcrumb\"},\"inLanguage\":\"es\",\"potentialAction\":[{\"@type\":\"ReadAction\",\"target\":[\"https:\/\/eraztunberdeurdina.eus\/es\/el-festival-cimasub-de-zarautz-se-celebrara-del-12-al-26-de-febrero-edicion-20250210\/\"]}]},{\"@type\":\"ImageObject\",\"inLanguage\":\"es\",\"@id\":\"https:\/\/eraztunberdeurdina.eus\/es\/el-festival-cimasub-de-zarautz-se-celebrara-del-12-al-26-de-febrero-edicion-20250210\/#primaryimage\",\"url\":\"https:\/\/eraztunberdeurdina.eus\/wp-content\/uploads\/2025\/02\/Cartel-CIMASUB-TOUR-24-25-ZARAUTZ.jpg\",\"contentUrl\":\"https:\/\/eraztunberdeurdina.eus\/wp-content\/uploads\/2025\/02\/Cartel-CIMASUB-TOUR-24-25-ZARAUTZ.jpg\",\"width\":3579,\"height\":5042},{\"@type\":\"BreadcrumbList\",\"@id\":\"https:\/\/eraztunberdeurdina.eus\/es\/el-festival-cimasub-de-zarautz-se-celebrara-del-12-al-26-de-febrero-edicion-20250210\/#breadcrumb\",\"itemListElement\":[{\"@type\":\"ListItem\",\"position\":1,\"name\":\"Home\",\"item\":\"https:\/\/eraztunberdeurdina.eus\/es\/anillo-verde-azul\/\"},{\"@type\":\"ListItem\",\"position\":2,\"name\":\"EL FESTIVAL CIMASUB DE ZARAUTZ SE CELEBRAR\u00c1 DEL 12 AL 26 DE FEBRERO EDICI\u00d3N\"}]},{\"@type\":\"WebSite\",\"@id\":\"https:\/\/eraztunberdeurdina.eus\/#website\",\"url\":\"https:\/\/eraztunberdeurdina.eus\/\",\"name\":\"Zarauzko Eraztun Berde Urdina\",\"description\":\"Herri-inguruko berdeguneen zaintza\",\"publisher\":{\"@id\":\"https:\/\/eraztunberdeurdina.eus\/#organization\"},\"potentialAction\":[{\"@type\":\"SearchAction\",\"target\":{\"@type\":\"EntryPoint\",\"urlTemplate\":\"https:\/\/eraztunberdeurdina.eus\/?s={search_term_string}\"},\"query-input\":{\"@type\":\"PropertyValueSpecification\",\"valueRequired\":true,\"valueName\":\"search_term_string\"}}],\"inLanguage\":\"es\"},{\"@type\":\"Organization\",\"@id\":\"https:\/\/eraztunberdeurdina.eus\/#organization\",\"name\":\"Zarauzko Eraztun Berde Urdina\",\"url\":\"https:\/\/eraztunberdeurdina.eus\/\",\"logo\":{\"@type\":\"ImageObject\",\"inLanguage\":\"es\",\"@id\":\"https:\/\/eraztunberdeurdina.eus\/#\/schema\/logo\/image\/\",\"url\":\"https:\/\/eraztunberdeurdina.eus\/wp-content\/uploads\/2018\/07\/EBUkoloretan.jpg\",\"contentUrl\":\"https:\/\/eraztunberdeurdina.eus\/wp-content\/uploads\/2018\/07\/EBUkoloretan.jpg\",\"width\":934,\"height\":687,\"caption\":\"Zarauzko Eraztun Berde Urdina\"},\"image\":{\"@id\":\"https:\/\/eraztunberdeurdina.eus\/#\/schema\/logo\/image\/\"}},{\"@type\":\"Person\",\"@id\":\"https:\/\/eraztunberdeurdina.eus\/#\/schema\/person\/a9c3a9d9ddfc0024a1d798d33b8eb53c\",\"name\":\"ebu\"}]}<\/script>\n<!-- \/ Yoast SEO plugin. -->","yoast_head_json":{"title":"EL FESTIVAL CIMASUB DE ZARAUTZ SE CELEBRAR\u00c1 DEL 12 AL 26 DE FEBRERO EDICI\u00d3N - Anillo Verde Azul de Zarautz","robots":{"index":"index","follow":"follow","max-snippet":"max-snippet:-1","max-image-preview":"max-image-preview:large","max-video-preview":"max-video-preview:-1"},"canonical":"https:\/\/eraztunberdeurdina.eus\/es\/el-festival-cimasub-de-zarautz-se-celebrara-del-12-al-26-de-febrero-edicion-20250210\/","og_locale":"es_ES","og_type":"article","og_title":"EL FESTIVAL CIMASUB DE ZARAUTZ SE CELEBRAR\u00c1 DEL 12 AL 26 DE FEBRERO EDICI\u00d3N - Anillo Verde Azul de Zarautz","og_description":"El festival Cimasub Zarautz 2025 se celebrar\u00e1 del 12 al 26 de febrero. La 15\u00aa edici\u00f3n del Ciclo Internacional de [&hellip;]","og_url":"https:\/\/eraztunberdeurdina.eus\/es\/el-festival-cimasub-de-zarautz-se-celebrara-del-12-al-26-de-febrero-edicion-20250210\/","og_site_name":"Anillo Verde Azul de Zarautz","article_published_time":"2025-02-10T10:38:17+00:00","og_image":[{"width":600,"height":600,"url":"https:\/\/eraztunberdeurdina.eus\/wp-content\/uploads\/2025\/02\/Cartel-CIMASUB-TOUR-24-25-ZARAUTZ-600x600.jpg","type":"image\/jpeg"}],"author":"ebu","twitter_card":"summary_large_image","twitter_misc":{"Escrito por":"ebu","Tiempo de lectura":"3 minutos"},"schema":{"@context":"https:\/\/schema.org","@graph":[{"@type":"Article","@id":"https:\/\/eraztunberdeurdina.eus\/es\/el-festival-cimasub-de-zarautz-se-celebrara-del-12-al-26-de-febrero-edicion-20250210\/#article","isPartOf":{"@id":"https:\/\/eraztunberdeurdina.eus\/es\/el-festival-cimasub-de-zarautz-se-celebrara-del-12-al-26-de-febrero-edicion-20250210\/"},"author":{"name":"ebu","@id":"https:\/\/eraztunberdeurdina.eus\/#\/schema\/person\/a9c3a9d9ddfc0024a1d798d33b8eb53c"},"headline":"EL FESTIVAL CIMASUB DE ZARAUTZ SE CELEBRAR\u00c1 DEL 12 AL 26 DE FEBRERO EDICI\u00d3N","datePublished":"2025-02-10T10:38:17+00:00","mainEntityOfPage":{"@id":"https:\/\/eraztunberdeurdina.eus\/es\/el-festival-cimasub-de-zarautz-se-celebrara-del-12-al-26-de-febrero-edicion-20250210\/"},"wordCount":540,"publisher":{"@id":"https:\/\/eraztunberdeurdina.eus\/#organization"},"image":{"@id":"https:\/\/eraztunberdeurdina.eus\/es\/el-festival-cimasub-de-zarautz-se-celebrara-del-12-al-26-de-febrero-edicion-20250210\/#primaryimage"},"thumbnailUrl":"https:\/\/eraztunberdeurdina.eus\/wp-content\/uploads\/2025\/02\/Cartel-CIMASUB-TOUR-24-25-ZARAUTZ.jpg","keywords":["anillo verde azul","Ayuntamiento de Zarautz","biodiversidad","CIMASUB","CIMASUB ciclo internacional de cine submarino","cine submarino","Cinema Modelo","exposici\u00f3n fotogr\u00e1fica","fotograf\u00eda submarina","Medio Ambiente","Merkatu Plaza","oc\u00e9anos","Zarautz","Zarauzko Udala"],"articleSection":["Sin categorizar"],"inLanguage":"es"},{"@type":"WebPage","@id":"https:\/\/eraztunberdeurdina.eus\/es\/el-festival-cimasub-de-zarautz-se-celebrara-del-12-al-26-de-febrero-edicion-20250210\/","url":"https:\/\/eraztunberdeurdina.eus\/es\/el-festival-cimasub-de-zarautz-se-celebrara-del-12-al-26-de-febrero-edicion-20250210\/","name":"EL FESTIVAL CIMASUB DE ZARAUTZ SE CELEBRAR\u00c1 DEL 12 AL 26 DE FEBRERO EDICI\u00d3N - Anillo Verde Azul de Zarautz","isPartOf":{"@id":"https:\/\/eraztunberdeurdina.eus\/#website"},"primaryImageOfPage":{"@id":"https:\/\/eraztunberdeurdina.eus\/es\/el-festival-cimasub-de-zarautz-se-celebrara-del-12-al-26-de-febrero-edicion-20250210\/#primaryimage"},"image":{"@id":"https:\/\/eraztunberdeurdina.eus\/es\/el-festival-cimasub-de-zarautz-se-celebrara-del-12-al-26-de-febrero-edicion-20250210\/#primaryimage"},"thumbnailUrl":"https:\/\/eraztunberdeurdina.eus\/wp-content\/uploads\/2025\/02\/Cartel-CIMASUB-TOUR-24-25-ZARAUTZ.jpg","datePublished":"2025-02-10T10:38:17+00:00","breadcrumb":{"@id":"https:\/\/eraztunberdeurdina.eus\/es\/el-festival-cimasub-de-zarautz-se-celebrara-del-12-al-26-de-febrero-edicion-20250210\/#breadcrumb"},"inLanguage":"es","potentialAction":[{"@type":"ReadAction","target":["https:\/\/eraztunberdeurdina.eus\/es\/el-festival-cimasub-de-zarautz-se-celebrara-del-12-al-26-de-febrero-edicion-20250210\/"]}]},{"@type":"ImageObject","inLanguage":"es","@id":"https:\/\/eraztunberdeurdina.eus\/es\/el-festival-cimasub-de-zarautz-se-celebrara-del-12-al-26-de-febrero-edicion-20250210\/#primaryimage","url":"https:\/\/eraztunberdeurdina.eus\/wp-content\/uploads\/2025\/02\/Cartel-CIMASUB-TOUR-24-25-ZARAUTZ.jpg","contentUrl":"https:\/\/eraztunberdeurdina.eus\/wp-content\/uploads\/2025\/02\/Cartel-CIMASUB-TOUR-24-25-ZARAUTZ.jpg","width":3579,"height":5042},{"@type":"BreadcrumbList","@id":"https:\/\/eraztunberdeurdina.eus\/es\/el-festival-cimasub-de-zarautz-se-celebrara-del-12-al-26-de-febrero-edicion-20250210\/#breadcrumb","itemListElement":[{"@type":"ListItem","position":1,"name":"Home","item":"https:\/\/eraztunberdeurdina.eus\/es\/anillo-verde-azul\/"},{"@type":"ListItem","position":2,"name":"EL FESTIVAL CIMASUB DE ZARAUTZ SE CELEBRAR\u00c1 DEL 12 AL 26 DE FEBRERO EDICI\u00d3N"}]},{"@type":"WebSite","@id":"https:\/\/eraztunberdeurdina.eus\/#website","url":"https:\/\/eraztunberdeurdina.eus\/","name":"Zarauzko Eraztun Berde Urdina","description":"Herri-inguruko berdeguneen zaintza","publisher":{"@id":"https:\/\/eraztunberdeurdina.eus\/#organization"},"potentialAction":[{"@type":"SearchAction","target":{"@type":"EntryPoint","urlTemplate":"https:\/\/eraztunberdeurdina.eus\/?s={search_term_string}"},"query-input":{"@type":"PropertyValueSpecification","valueRequired":true,"valueName":"search_term_string"}}],"inLanguage":"es"},{"@type":"Organization","@id":"https:\/\/eraztunberdeurdina.eus\/#organization","name":"Zarauzko Eraztun Berde Urdina","url":"https:\/\/eraztunberdeurdina.eus\/","logo":{"@type":"ImageObject","inLanguage":"es","@id":"https:\/\/eraztunberdeurdina.eus\/#\/schema\/logo\/image\/","url":"https:\/\/eraztunberdeurdina.eus\/wp-content\/uploads\/2018\/07\/EBUkoloretan.jpg","contentUrl":"https:\/\/eraztunberdeurdina.eus\/wp-content\/uploads\/2018\/07\/EBUkoloretan.jpg","width":934,"height":687,"caption":"Zarauzko Eraztun Berde Urdina"},"image":{"@id":"https:\/\/eraztunberdeurdina.eus\/#\/schema\/logo\/image\/"}},{"@type":"Person","@id":"https:\/\/eraztunberdeurdina.eus\/#\/schema\/person\/a9c3a9d9ddfc0024a1d798d33b8eb53c","name":"ebu"}]}},"_links":{"self":[{"href":"https:\/\/eraztunberdeurdina.eus\/es\/wp-json\/wp\/v2\/posts\/3821","targetHints":{"allow":["GET"]}}],"collection":[{"href":"https:\/\/eraztunberdeurdina.eus\/es\/wp-json\/wp\/v2\/posts"}],"about":[{"href":"https:\/\/eraztunberdeurdina.eus\/es\/wp-json\/wp\/v2\/types\/post"}],"author":[{"embeddable":true,"href":"https:\/\/eraztunberdeurdina.eus\/es\/wp-json\/wp\/v2\/users\/3"}],"replies":[{"embeddable":true,"href":"https:\/\/eraztunberdeurdina.eus\/es\/wp-json\/wp\/v2\/comments?post=3821"}],"version-history":[{"count":1,"href":"https:\/\/eraztunberdeurdina.eus\/es\/wp-json\/wp\/v2\/posts\/3821\/revisions"}],"predecessor-version":[{"id":3822,"href":"https:\/\/eraztunberdeurdina.eus\/es\/wp-json\/wp\/v2\/posts\/3821\/revisions\/3822"}],"wp:featuredmedia":[{"embeddable":true,"href":"https:\/\/eraztunberdeurdina.eus\/es\/wp-json\/wp\/v2\/media\/3819"}],"wp:attachment":[{"href":"https:\/\/eraztunberdeurdina.eus\/es\/wp-json\/wp\/v2\/media?parent=3821"}],"wp:term":[{"taxonomy":"category","embeddable":true,"href":"https:\/\/eraztunberdeurdina.eus\/es\/wp-json\/wp\/v2\/categories?post=3821"},{"taxonomy":"post_tag","embeddable":true,"href":"https:\/\/eraztunberdeurdina.eus\/es\/wp-json\/wp\/v2\/tags?post=3821"}],"curies":[{"name":"wp","href":"https:\/\/api.w.org\/{rel}","templated":true}]}}