{"id":3828,"date":"2025-02-14T14:12:42","date_gmt":"2025-02-14T13:12:42","guid":{"rendered":"https:\/\/eraztunberdeurdina.eus\/?p=3828"},"modified":"2025-02-17T10:28:23","modified_gmt":"2025-02-17T09:28:23","slug":"zuhaitz-eguna-en-itulazabal-junto-con-el-alumnado-de-4o-de-antoniano","status":"publish","type":"post","link":"https:\/\/eraztunberdeurdina.eus\/es\/zuhaitz-eguna-en-itulazabal-junto-con-el-alumnado-de-4o-de-antoniano-20250214\/","title":{"rendered":"Zuhaitz Eguna en Itulazabal, junto con el alumnado de 4\u00ba de Antoniano"},"content":{"rendered":"<div dir=\"auto\">Hoy hemos organizado el D\u00eda del \u00c1rbol desde el \u00e1rea de Medio Ambiente. Nos hemos acercado al arboreto de Itulazabal del Anillo Verde Azul con el alumnado de 4\u00b0 de EP de <span class=\"html-span xdj266r x11i5rnm xat24cr x1mh8g0r xexx8yu x4uap5 x18d9i69 xkhd6sd x1hl2dhg x16tdsg8 x1vvkbs\"><span class=\"xt0psk2\"><span class=\"xjp7ctv\"><span aria-describedby=\":rsa:\">Antoniano ikastetxea,<\/span><\/span><\/span><\/span> que ha venido con muchas ganas de participar en la iniciativa.<\/div>\n<div dir=\"auto\">Despu\u00e9s hemos visitado las charcas reci\u00e9n creadas en Itulazabal en colaboraci\u00f3n con Aranzadi y hemos finalizado la actividad con un hamaiketako.<\/div>\n<div dir=\"auto\">\u00a1Eskerrik asko por vuestra participaci\u00f3n!<\/div>\n<p>&nbsp;<\/p>\n","protected":false},"excerpt":{"rendered":"<p>Hoy hemos organizado el D\u00eda del \u00c1rbol desde el \u00e1rea de Medio Ambiente. Nos hemos acercado al arboreto de Itulazabal [&hellip;]<\/p>\n","protected":false},"author":3,"featured_media":3826,"comment_status":"closed","ping_status":"closed","sticky":false,"template":"","format":"standard","meta":{"_acf_changed":false,"site-sidebar-layout":"default","site-content-layout":"","ast-site-content-layout":"default","site-content-style":"default","site-sidebar-style":"default","ast-global-header-display":"","ast-banner-title-visibility":"","ast-main-header-display":"","ast-hfb-above-header-display":"","ast-hfb-below-header-display":"","ast-hfb-mobile-header-display":"","site-post-title":"","ast-breadcrumbs-content":"","ast-featured-img":"","footer-sml-layout":"","ast-disable-related-posts":"","theme-transparent-header-meta":"","adv-header-id-meta":"","stick-header-meta":"","header-above-stick-meta":"","header-main-stick-meta":"","header-below-stick-meta":"","astra-migrate-meta-layouts":"default","ast-page-background-enabled":"default","ast-page-background-meta":{"desktop":{"background-color":"var(--ast-global-color-5)","background-image":"","background-repeat":"repeat","background-position":"center center","background-size":"auto","background-attachment":"scroll","background-type":"","background-media":"","overlay-type":"","overlay-color":"","overlay-opacity":"","overlay-gradient":""},"tablet":{"background-color":"","background-image":"","background-repeat":"repeat","background-position":"center center","background-size":"auto","background-attachment":"scroll","background-type":"","background-media":"","overlay-type":"","overlay-color":"","overlay-opacity":"","overlay-gradient":""},"mobile":{"background-color":"","background-image":"","background-repeat":"repeat","background-position":"center center","background-size":"auto","background-attachment":"scroll","background-type":"","background-media":"","overlay-type":"","overlay-color":"","overlay-opacity":"","overlay-gradient":""}},"ast-content-background-meta":{"desktop":{"background-color":"var(--ast-global-color-4)","background-image":"","background-repeat":"repeat","background-position":"center center","background-size":"auto","background-attachment":"scroll","background-type":"","background-media":"","overlay-type":"","overlay-color":"","overlay-opacity":"","overlay-gradient":""},"tablet":{"background-color":"var(--ast-global-color-4)","background-image":"","background-repeat":"repeat","background-position":"center center","background-size":"auto","background-attachment":"scroll","background-type":"","background-media":"","overlay-type":"","overlay-color":"","overlay-opacity":"","overlay-gradient":""},"mobile":{"background-color":"var(--ast-global-color-4)","background-image":"","background-repeat":"repeat","background-position":"center center","background-size":"auto","background-attachment":"scroll","background-type":"","background-media":"","overlay-type":"","overlay-color":"","overlay-opacity":"","overlay-gradient":""}},"footnotes":""},"categories":[776,47,470,770,23,622],"tags":[33,786,787,788,778,106,452,773,72,771,28,35,27],"class_list":["post-3828","post","type-post","status-publish","format-standard","has-post-thumbnail","hentry","category-arboreto-itulazabal","category-bosques","category-colegios","category-plantacion","category-sin-categorizar","category-zuhaitz-eguna-2","tag-anillo-verde-azul","tag-antoniano","tag-antoniano-ikastetxea","tag-arboreto","tag-arboreto-itulazabal","tag-ayuntamiento-de-zarautz","tag-dia-del-arbol","tag-itulazabal","tag-medio-ambiente","tag-plantacion","tag-zarautz","tag-zarauzko-udala","tag-zuhaitz-eguna"],"acf":[],"yoast_head":"<!-- This site is optimized with the Yoast SEO plugin v27.1.1 - https:\/\/yoast.com\/product\/yoast-seo-wordpress\/ -->\n<title>Zuhaitz Eguna en Itulazabal, junto con el alumnado de 4\u00ba de Antoniano - Anillo Verde Azul de Zarautz<\/title>\n<meta name=\"robots\" content=\"index, follow, max-snippet:-1, max-image-preview:large, max-video-preview:-1\" \/>\n<link rel=\"canonical\" href=\"https:\/\/eraztunberdeurdina.eus\/es\/zuhaitz-eguna-en-itulazabal-junto-con-el-alumnado-de-4o-de-antoniano-20250214\/\" \/>\n<meta property=\"og:locale\" content=\"es_ES\" \/>\n<meta property=\"og:type\" content=\"article\" \/>\n<meta property=\"og:title\" content=\"Zuhaitz Eguna en Itulazabal, junto con el alumnado de 4\u00ba de Antoniano - Anillo Verde Azul de Zarautz\" \/>\n<meta property=\"og:description\" content=\"Hoy hemos organizado el D\u00eda del \u00c1rbol desde el \u00e1rea de Medio Ambiente. Nos hemos acercado al arboreto de Itulazabal [&hellip;]\" \/>\n<meta property=\"og:url\" content=\"https:\/\/eraztunberdeurdina.eus\/es\/zuhaitz-eguna-en-itulazabal-junto-con-el-alumnado-de-4o-de-antoniano-20250214\/\" \/>\n<meta property=\"og:site_name\" content=\"Anillo Verde Azul de Zarautz\" \/>\n<meta property=\"article:published_time\" content=\"2025-02-14T13:12:42+00:00\" \/>\n<meta property=\"article:modified_time\" content=\"2025-02-17T09:28:23+00:00\" \/>\n<meta property=\"og:image\" content=\"https:\/\/eraztunberdeurdina.eus\/wp-content\/uploads\/2025\/02\/Zuhaitz-Eguna-Itulazabal-2025-Antoniano-2.jpeg\" \/>\n\t<meta property=\"og:image:width\" content=\"1600\" \/>\n\t<meta property=\"og:image:height\" content=\"899\" \/>\n\t<meta property=\"og:image:type\" content=\"image\/jpeg\" \/>\n<meta name=\"author\" content=\"ebu\" \/>\n<meta name=\"twitter:card\" content=\"summary_large_image\" \/>\n<meta name=\"twitter:label1\" content=\"Escrito por\" \/>\n\t<meta name=\"twitter:data1\" content=\"ebu\" \/>\n<script type=\"application\/ld+json\" class=\"yoast-schema-graph\">{\"@context\":\"https:\/\/schema.org\",\"@graph\":[{\"@type\":\"Article\",\"@id\":\"https:\/\/eraztunberdeurdina.eus\/es\/zuhaitz-eguna-en-itulazabal-junto-con-el-alumnado-de-4o-de-antoniano-20250214\/#article\",\"isPartOf\":{\"@id\":\"https:\/\/eraztunberdeurdina.eus\/es\/zuhaitz-eguna-en-itulazabal-junto-con-el-alumnado-de-4o-de-antoniano-20250214\/\"},\"author\":{\"name\":\"ebu\",\"@id\":\"https:\/\/eraztunberdeurdina.eus\/#\/schema\/person\/a9c3a9d9ddfc0024a1d798d33b8eb53c\"},\"headline\":\"Zuhaitz Eguna en Itulazabal, junto con el alumnado de 4\u00ba de Antoniano\",\"datePublished\":\"2025-02-14T13:12:42+00:00\",\"dateModified\":\"2025-02-17T09:28:23+00:00\",\"mainEntityOfPage\":{\"@id\":\"https:\/\/eraztunberdeurdina.eus\/es\/zuhaitz-eguna-en-itulazabal-junto-con-el-alumnado-de-4o-de-antoniano-20250214\/\"},\"wordCount\":87,\"publisher\":{\"@id\":\"https:\/\/eraztunberdeurdina.eus\/#organization\"},\"image\":{\"@id\":\"https:\/\/eraztunberdeurdina.eus\/es\/zuhaitz-eguna-en-itulazabal-junto-con-el-alumnado-de-4o-de-antoniano-20250214\/#primaryimage\"},\"thumbnailUrl\":\"https:\/\/eraztunberdeurdina.eus\/wp-content\/uploads\/2025\/02\/Zuhaitz-Eguna-Itulazabal-2025-Antoniano-2.jpeg\",\"keywords\":[\"anillo verde azul\",\"Antoniano\",\"Antoniano ikastetxea\",\"Arboreto\",\"Arboreto Itulazabal\",\"Ayuntamiento de Zarautz\",\"D\u00eda del \u00e1rbol\",\"Itulazabal\",\"Medio Ambiente\",\"plantaci\u00f3n\",\"Zarautz\",\"Zarauzko Udala\",\"zuhaitz eguna\"],\"articleSection\":[\"Arboreto Itulazabal\",\"bosques\",\"colegios\",\"plantaci\u00f3n\",\"Sin categorizar\",\"Zuhaitz Eguna\"],\"inLanguage\":\"es\"},{\"@type\":\"WebPage\",\"@id\":\"https:\/\/eraztunberdeurdina.eus\/es\/zuhaitz-eguna-en-itulazabal-junto-con-el-alumnado-de-4o-de-antoniano-20250214\/\",\"url\":\"https:\/\/eraztunberdeurdina.eus\/es\/zuhaitz-eguna-en-itulazabal-junto-con-el-alumnado-de-4o-de-antoniano-20250214\/\",\"name\":\"Zuhaitz Eguna en Itulazabal, junto con el alumnado de 4\u00ba de Antoniano - Anillo Verde Azul de Zarautz\",\"isPartOf\":{\"@id\":\"https:\/\/eraztunberdeurdina.eus\/#website\"},\"primaryImageOfPage\":{\"@id\":\"https:\/\/eraztunberdeurdina.eus\/es\/zuhaitz-eguna-en-itulazabal-junto-con-el-alumnado-de-4o-de-antoniano-20250214\/#primaryimage\"},\"image\":{\"@id\":\"https:\/\/eraztunberdeurdina.eus\/es\/zuhaitz-eguna-en-itulazabal-junto-con-el-alumnado-de-4o-de-antoniano-20250214\/#primaryimage\"},\"thumbnailUrl\":\"https:\/\/eraztunberdeurdina.eus\/wp-content\/uploads\/2025\/02\/Zuhaitz-Eguna-Itulazabal-2025-Antoniano-2.jpeg\",\"datePublished\":\"2025-02-14T13:12:42+00:00\",\"dateModified\":\"2025-02-17T09:28:23+00:00\",\"breadcrumb\":{\"@id\":\"https:\/\/eraztunberdeurdina.eus\/es\/zuhaitz-eguna-en-itulazabal-junto-con-el-alumnado-de-4o-de-antoniano-20250214\/#breadcrumb\"},\"inLanguage\":\"es\",\"potentialAction\":[{\"@type\":\"ReadAction\",\"target\":[\"https:\/\/eraztunberdeurdina.eus\/es\/zuhaitz-eguna-en-itulazabal-junto-con-el-alumnado-de-4o-de-antoniano-20250214\/\"]}]},{\"@type\":\"ImageObject\",\"inLanguage\":\"es\",\"@id\":\"https:\/\/eraztunberdeurdina.eus\/es\/zuhaitz-eguna-en-itulazabal-junto-con-el-alumnado-de-4o-de-antoniano-20250214\/#primaryimage\",\"url\":\"https:\/\/eraztunberdeurdina.eus\/wp-content\/uploads\/2025\/02\/Zuhaitz-Eguna-Itulazabal-2025-Antoniano-2.jpeg\",\"contentUrl\":\"https:\/\/eraztunberdeurdina.eus\/wp-content\/uploads\/2025\/02\/Zuhaitz-Eguna-Itulazabal-2025-Antoniano-2.jpeg\",\"width\":1600,\"height\":899},{\"@type\":\"BreadcrumbList\",\"@id\":\"https:\/\/eraztunberdeurdina.eus\/es\/zuhaitz-eguna-en-itulazabal-junto-con-el-alumnado-de-4o-de-antoniano-20250214\/#breadcrumb\",\"itemListElement\":[{\"@type\":\"ListItem\",\"position\":1,\"name\":\"Home\",\"item\":\"https:\/\/eraztunberdeurdina.eus\/es\/anillo-verde-azul\/\"},{\"@type\":\"ListItem\",\"position\":2,\"name\":\"Zuhaitz Eguna en Itulazabal, junto con el alumnado de 4\u00ba de Antoniano\"}]},{\"@type\":\"WebSite\",\"@id\":\"https:\/\/eraztunberdeurdina.eus\/#website\",\"url\":\"https:\/\/eraztunberdeurdina.eus\/\",\"name\":\"Zarauzko Eraztun Berde Urdina\",\"description\":\"Herri-inguruko berdeguneen zaintza\",\"publisher\":{\"@id\":\"https:\/\/eraztunberdeurdina.eus\/#organization\"},\"potentialAction\":[{\"@type\":\"SearchAction\",\"target\":{\"@type\":\"EntryPoint\",\"urlTemplate\":\"https:\/\/eraztunberdeurdina.eus\/?s={search_term_string}\"},\"query-input\":{\"@type\":\"PropertyValueSpecification\",\"valueRequired\":true,\"valueName\":\"search_term_string\"}}],\"inLanguage\":\"es\"},{\"@type\":\"Organization\",\"@id\":\"https:\/\/eraztunberdeurdina.eus\/#organization\",\"name\":\"Zarauzko Eraztun Berde Urdina\",\"url\":\"https:\/\/eraztunberdeurdina.eus\/\",\"logo\":{\"@type\":\"ImageObject\",\"inLanguage\":\"es\",\"@id\":\"https:\/\/eraztunberdeurdina.eus\/#\/schema\/logo\/image\/\",\"url\":\"https:\/\/eraztunberdeurdina.eus\/wp-content\/uploads\/2018\/07\/EBUkoloretan.jpg\",\"contentUrl\":\"https:\/\/eraztunberdeurdina.eus\/wp-content\/uploads\/2018\/07\/EBUkoloretan.jpg\",\"width\":934,\"height\":687,\"caption\":\"Zarauzko Eraztun Berde Urdina\"},\"image\":{\"@id\":\"https:\/\/eraztunberdeurdina.eus\/#\/schema\/logo\/image\/\"}},{\"@type\":\"Person\",\"@id\":\"https:\/\/eraztunberdeurdina.eus\/#\/schema\/person\/a9c3a9d9ddfc0024a1d798d33b8eb53c\",\"name\":\"ebu\"}]}<\/script>\n<!-- \/ Yoast SEO plugin. -->","yoast_head_json":{"title":"Zuhaitz Eguna en Itulazabal, junto con el alumnado de 4\u00ba de Antoniano - Anillo Verde Azul de Zarautz","robots":{"index":"index","follow":"follow","max-snippet":"max-snippet:-1","max-image-preview":"max-image-preview:large","max-video-preview":"max-video-preview:-1"},"canonical":"https:\/\/eraztunberdeurdina.eus\/es\/zuhaitz-eguna-en-itulazabal-junto-con-el-alumnado-de-4o-de-antoniano-20250214\/","og_locale":"es_ES","og_type":"article","og_title":"Zuhaitz Eguna en Itulazabal, junto con el alumnado de 4\u00ba de Antoniano - Anillo Verde Azul de Zarautz","og_description":"Hoy hemos organizado el D\u00eda del \u00c1rbol desde el \u00e1rea de Medio Ambiente. Nos hemos acercado al arboreto de Itulazabal [&hellip;]","og_url":"https:\/\/eraztunberdeurdina.eus\/es\/zuhaitz-eguna-en-itulazabal-junto-con-el-alumnado-de-4o-de-antoniano-20250214\/","og_site_name":"Anillo Verde Azul de Zarautz","article_published_time":"2025-02-14T13:12:42+00:00","article_modified_time":"2025-02-17T09:28:23+00:00","og_image":[{"width":1600,"height":899,"url":"https:\/\/eraztunberdeurdina.eus\/wp-content\/uploads\/2025\/02\/Zuhaitz-Eguna-Itulazabal-2025-Antoniano-2.jpeg","type":"image\/jpeg"}],"author":"ebu","twitter_card":"summary_large_image","twitter_misc":{"Escrito por":"ebu"},"schema":{"@context":"https:\/\/schema.org","@graph":[{"@type":"Article","@id":"https:\/\/eraztunberdeurdina.eus\/es\/zuhaitz-eguna-en-itulazabal-junto-con-el-alumnado-de-4o-de-antoniano-20250214\/#article","isPartOf":{"@id":"https:\/\/eraztunberdeurdina.eus\/es\/zuhaitz-eguna-en-itulazabal-junto-con-el-alumnado-de-4o-de-antoniano-20250214\/"},"author":{"name":"ebu","@id":"https:\/\/eraztunberdeurdina.eus\/#\/schema\/person\/a9c3a9d9ddfc0024a1d798d33b8eb53c"},"headline":"Zuhaitz Eguna en Itulazabal, junto con el alumnado de 4\u00ba de Antoniano","datePublished":"2025-02-14T13:12:42+00:00","dateModified":"2025-02-17T09:28:23+00:00","mainEntityOfPage":{"@id":"https:\/\/eraztunberdeurdina.eus\/es\/zuhaitz-eguna-en-itulazabal-junto-con-el-alumnado-de-4o-de-antoniano-20250214\/"},"wordCount":87,"publisher":{"@id":"https:\/\/eraztunberdeurdina.eus\/#organization"},"image":{"@id":"https:\/\/eraztunberdeurdina.eus\/es\/zuhaitz-eguna-en-itulazabal-junto-con-el-alumnado-de-4o-de-antoniano-20250214\/#primaryimage"},"thumbnailUrl":"https:\/\/eraztunberdeurdina.eus\/wp-content\/uploads\/2025\/02\/Zuhaitz-Eguna-Itulazabal-2025-Antoniano-2.jpeg","keywords":["anillo verde azul","Antoniano","Antoniano ikastetxea","Arboreto","Arboreto Itulazabal","Ayuntamiento de Zarautz","D\u00eda del \u00e1rbol","Itulazabal","Medio Ambiente","plantaci\u00f3n","Zarautz","Zarauzko Udala","zuhaitz eguna"],"articleSection":["Arboreto Itulazabal","bosques","colegios","plantaci\u00f3n","Sin categorizar","Zuhaitz Eguna"],"inLanguage":"es"},{"@type":"WebPage","@id":"https:\/\/eraztunberdeurdina.eus\/es\/zuhaitz-eguna-en-itulazabal-junto-con-el-alumnado-de-4o-de-antoniano-20250214\/","url":"https:\/\/eraztunberdeurdina.eus\/es\/zuhaitz-eguna-en-itulazabal-junto-con-el-alumnado-de-4o-de-antoniano-20250214\/","name":"Zuhaitz Eguna en Itulazabal, junto con el alumnado de 4\u00ba de Antoniano - Anillo Verde Azul de Zarautz","isPartOf":{"@id":"https:\/\/eraztunberdeurdina.eus\/#website"},"primaryImageOfPage":{"@id":"https:\/\/eraztunberdeurdina.eus\/es\/zuhaitz-eguna-en-itulazabal-junto-con-el-alumnado-de-4o-de-antoniano-20250214\/#primaryimage"},"image":{"@id":"https:\/\/eraztunberdeurdina.eus\/es\/zuhaitz-eguna-en-itulazabal-junto-con-el-alumnado-de-4o-de-antoniano-20250214\/#primaryimage"},"thumbnailUrl":"https:\/\/eraztunberdeurdina.eus\/wp-content\/uploads\/2025\/02\/Zuhaitz-Eguna-Itulazabal-2025-Antoniano-2.jpeg","datePublished":"2025-02-14T13:12:42+00:00","dateModified":"2025-02-17T09:28:23+00:00","breadcrumb":{"@id":"https:\/\/eraztunberdeurdina.eus\/es\/zuhaitz-eguna-en-itulazabal-junto-con-el-alumnado-de-4o-de-antoniano-20250214\/#breadcrumb"},"inLanguage":"es","potentialAction":[{"@type":"ReadAction","target":["https:\/\/eraztunberdeurdina.eus\/es\/zuhaitz-eguna-en-itulazabal-junto-con-el-alumnado-de-4o-de-antoniano-20250214\/"]}]},{"@type":"ImageObject","inLanguage":"es","@id":"https:\/\/eraztunberdeurdina.eus\/es\/zuhaitz-eguna-en-itulazabal-junto-con-el-alumnado-de-4o-de-antoniano-20250214\/#primaryimage","url":"https:\/\/eraztunberdeurdina.eus\/wp-content\/uploads\/2025\/02\/Zuhaitz-Eguna-Itulazabal-2025-Antoniano-2.jpeg","contentUrl":"https:\/\/eraztunberdeurdina.eus\/wp-content\/uploads\/2025\/02\/Zuhaitz-Eguna-Itulazabal-2025-Antoniano-2.jpeg","width":1600,"height":899},{"@type":"BreadcrumbList","@id":"https:\/\/eraztunberdeurdina.eus\/es\/zuhaitz-eguna-en-itulazabal-junto-con-el-alumnado-de-4o-de-antoniano-20250214\/#breadcrumb","itemListElement":[{"@type":"ListItem","position":1,"name":"Home","item":"https:\/\/eraztunberdeurdina.eus\/es\/anillo-verde-azul\/"},{"@type":"ListItem","position":2,"name":"Zuhaitz Eguna en Itulazabal, junto con el alumnado de 4\u00ba de Antoniano"}]},{"@type":"WebSite","@id":"https:\/\/eraztunberdeurdina.eus\/#website","url":"https:\/\/eraztunberdeurdina.eus\/","name":"Zarauzko Eraztun Berde Urdina","description":"Herri-inguruko berdeguneen zaintza","publisher":{"@id":"https:\/\/eraztunberdeurdina.eus\/#organization"},"potentialAction":[{"@type":"SearchAction","target":{"@type":"EntryPoint","urlTemplate":"https:\/\/eraztunberdeurdina.eus\/?s={search_term_string}"},"query-input":{"@type":"PropertyValueSpecification","valueRequired":true,"valueName":"search_term_string"}}],"inLanguage":"es"},{"@type":"Organization","@id":"https:\/\/eraztunberdeurdina.eus\/#organization","name":"Zarauzko Eraztun Berde Urdina","url":"https:\/\/eraztunberdeurdina.eus\/","logo":{"@type":"ImageObject","inLanguage":"es","@id":"https:\/\/eraztunberdeurdina.eus\/#\/schema\/logo\/image\/","url":"https:\/\/eraztunberdeurdina.eus\/wp-content\/uploads\/2018\/07\/EBUkoloretan.jpg","contentUrl":"https:\/\/eraztunberdeurdina.eus\/wp-content\/uploads\/2018\/07\/EBUkoloretan.jpg","width":934,"height":687,"caption":"Zarauzko Eraztun Berde Urdina"},"image":{"@id":"https:\/\/eraztunberdeurdina.eus\/#\/schema\/logo\/image\/"}},{"@type":"Person","@id":"https:\/\/eraztunberdeurdina.eus\/#\/schema\/person\/a9c3a9d9ddfc0024a1d798d33b8eb53c","name":"ebu"}]}},"_links":{"self":[{"href":"https:\/\/eraztunberdeurdina.eus\/es\/wp-json\/wp\/v2\/posts\/3828","targetHints":{"allow":["GET"]}}],"collection":[{"href":"https:\/\/eraztunberdeurdina.eus\/es\/wp-json\/wp\/v2\/posts"}],"about":[{"href":"https:\/\/eraztunberdeurdina.eus\/es\/wp-json\/wp\/v2\/types\/post"}],"author":[{"embeddable":true,"href":"https:\/\/eraztunberdeurdina.eus\/es\/wp-json\/wp\/v2\/users\/3"}],"replies":[{"embeddable":true,"href":"https:\/\/eraztunberdeurdina.eus\/es\/wp-json\/wp\/v2\/comments?post=3828"}],"version-history":[{"count":1,"href":"https:\/\/eraztunberdeurdina.eus\/es\/wp-json\/wp\/v2\/posts\/3828\/revisions"}],"predecessor-version":[{"id":3829,"href":"https:\/\/eraztunberdeurdina.eus\/es\/wp-json\/wp\/v2\/posts\/3828\/revisions\/3829"}],"wp:featuredmedia":[{"embeddable":true,"href":"https:\/\/eraztunberdeurdina.eus\/es\/wp-json\/wp\/v2\/media\/3826"}],"wp:attachment":[{"href":"https:\/\/eraztunberdeurdina.eus\/es\/wp-json\/wp\/v2\/media?parent=3828"}],"wp:term":[{"taxonomy":"category","embeddable":true,"href":"https:\/\/eraztunberdeurdina.eus\/es\/wp-json\/wp\/v2\/categories?post=3828"},{"taxonomy":"post_tag","embeddable":true,"href":"https:\/\/eraztunberdeurdina.eus\/es\/wp-json\/wp\/v2\/tags?post=3828"}],"curies":[{"name":"wp","href":"https:\/\/api.w.org\/{rel}","templated":true}]}}