{"id":3848,"date":"2025-04-01T11:55:25","date_gmt":"2025-04-01T09:55:25","guid":{"rendered":"https:\/\/eraztunberdeurdina.eus\/?p=3848"},"modified":"2025-04-03T11:59:18","modified_gmt":"2025-04-03T09:59:18","slug":"el-domingo-realizaremos-una-actividad-de-trabajo-comunitario-en-igerainerreka","status":"publish","type":"post","link":"https:\/\/eraztunberdeurdina.eus\/es\/el-domingo-realizaremos-una-actividad-de-trabajo-comunitario-en-igerainerreka-20250401\/","title":{"rendered":"El domingo realizaremos una actividad de trabajo comunitario en Igerainerreka"},"content":{"rendered":"<div class=\"x11i5rnm xat24cr x1mh8g0r x1vvkbs xtlvy1s x126k92a\">\n<div dir=\"auto\">Coincidiendo con el D\u00eda Internacional de Acci\u00f3n por los R\u00edos, el pasado 16 de marzo realizamos un llamamiento desde el Anillo Verde Azul, junto el grupo de voluntariado local, para limpiar el r\u00edo Igerain, pero tuvimos que posponer la iniciativa y ya tenemos nueva fecha: ser\u00e1 este domingo 6 de abril.<\/div>\n<\/div>\n<div class=\"x11i5rnm xat24cr x1mh8g0r x1vvkbs xtlvy1s x126k92a\">\n<div dir=\"auto\"><\/div>\n<div dir=\"auto\">\u00a1An\u00edmate y participa!<\/div>\n<\/div>\n<div class=\"x11i5rnm xat24cr x1mh8g0r x1vvkbs xtlvy1s x126k92a\">\n<div dir=\"auto\"><\/div>\n<div dir=\"auto\">\u00bfCu\u00e1l es el plan?<\/div>\n<\/div>\n<div class=\"x11i5rnm xat24cr x1mh8g0r x1vvkbs xtlvy1s x126k92a\">\n<div dir=\"auto\"><\/div>\n<div dir=\"auto\">La idea es juntarse en grupo y recoger a mano la basura acumulada en la regata. Adem\u00e1s, eliminaremos a mano las plantas ex\u00f3ticas invasoras Crocosmia x crocosmiiflora que se encuentran en la ruta Igerain-Hiruerreketa. Finalmente, analizaremos la situaci\u00f3n de los \u00e1rboles que se plantaron el a\u00f1o pasado en las m\u00e1rgenes de Igerainerreka y realizaremos un hamaiketako.<\/div>\n<\/div>\n<div class=\"x11i5rnm xat24cr x1mh8g0r x1vvkbs xtlvy1s x126k92a\">\n<div dir=\"auto\"><\/div>\n<div dir=\"auto\">Los r\u00edos son la principal fuente de agua del planeta, adem\u00e1s de ecosistemas llenos de biodiversidad. El objetivo de este d\u00eda es concienciar sobre la importancia de cuidarlos y protegerlos, tambi\u00e9n dentro de nuestras ciudades. Nuestro Anillo Verde Azul cuenta con el r\u00edo Igerain, Astierreka, el Ol\u00e1a y el I\u00f1urritza. Mantenerlos en su estado natural es uno de nuestros objetivos.<\/div>\n<div dir=\"auto\"><\/div>\n<\/div>\n<div class=\"x11i5rnm xat24cr x1mh8g0r x1vvkbs xtlvy1s x126k92a\">\n<div dir=\"auto\"><span class=\"html-span xexx8yu x4uap5 x18d9i69 xkhd6sd x1hl2dhg x16tdsg8 x1vvkbs x3nfvp2 x1j61x8r x1fcty0u xdj266r xat24cr xgzva0m xhhsvwb xxymvpz xlup9mm x1kky2od\"><img decoding=\"async\" class=\"xz74otr x168nmei x13lgxp2 x5pf9jr xo71vjh\" src=\"https:\/\/static.xx.fbcdn.net\/images\/emoji.php\/v9\/tff\/1\/16\/1f4c6.png\" alt=\"\ud83d\udcc6\" width=\"16\" height=\"16\" \/><\/span> Domingo, 6 de abril.<\/div>\n<div dir=\"auto\"><span class=\"html-span xexx8yu x4uap5 x18d9i69 xkhd6sd x1hl2dhg x16tdsg8 x1vvkbs x3nfvp2 x1j61x8r x1fcty0u xdj266r xat24cr xgzva0m xhhsvwb xxymvpz xlup9mm x1kky2od\"><img decoding=\"async\" class=\"xz74otr x168nmei x13lgxp2 x5pf9jr xo71vjh\" src=\"https:\/\/static.xx.fbcdn.net\/images\/emoji.php\/v9\/tca\/1\/16\/1f563.png\" alt=\"\ud83d\udd63\" width=\"16\" height=\"16\" \/><\/span> 10:00<\/div>\n<div dir=\"auto\"><span class=\"html-span xexx8yu x4uap5 x18d9i69 xkhd6sd x1hl2dhg x16tdsg8 x1vvkbs x3nfvp2 x1j61x8r x1fcty0u xdj266r xat24cr xgzva0m xhhsvwb xxymvpz xlup9mm x1kky2od\"><img decoding=\"async\" class=\"xz74otr x168nmei x13lgxp2 x5pf9jr xo71vjh\" src=\"https:\/\/static.xx.fbcdn.net\/images\/emoji.php\/v9\/tac\/1\/16\/1f4cc.png\" alt=\"\ud83d\udccc\" width=\"16\" height=\"16\" \/><\/span> La regata Igerain, en la rotonda junto al ambulatorio.<\/div>\n<\/div>\n<div class=\"x11i5rnm xat24cr x1mh8g0r x1vvkbs xtlvy1s x126k92a\">\n<div dir=\"auto\"><span class=\"html-span xexx8yu x4uap5 x18d9i69 xkhd6sd x1hl2dhg x16tdsg8 x1vvkbs x3nfvp2 x1j61x8r x1fcty0u xdj266r xat24cr xgzva0m xhhsvwb xxymvpz xlup9mm x1kky2od\"><img loading=\"lazy\" decoding=\"async\" class=\"xz74otr x168nmei x13lgxp2 x5pf9jr xo71vjh\" src=\"https:\/\/static.xx.fbcdn.net\/images\/emoji.php\/v9\/t80\/1\/16\/1f9e4.png\" alt=\"\ud83e\udde4\" width=\"16\" height=\"16\" \/><\/span>A llevar: Calzado adecuado (katiuskas o similares) y ganas de participar en el auzolan! (El resto de los materiales los llevaremos desde la organizaci\u00f3n)<\/div>\n<\/div>\n<div class=\"x11i5rnm xat24cr x1mh8g0r x1vvkbs xtlvy1s x126k92a\">\n<div dir=\"auto\">*Nota: es necesario inscribirse con antelaci\u00f3n<\/div>\n<div dir=\"auto\"><span class=\"html-span xexx8yu x4uap5 x18d9i69 xkhd6sd x1hl2dhg x16tdsg8 x1vvkbs x3nfvp2 x1j61x8r x1fcty0u xdj266r xat24cr xgzva0m xhhsvwb xxymvpz xlup9mm x1kky2od\"><img loading=\"lazy\" decoding=\"async\" class=\"xz74otr x168nmei x13lgxp2 x5pf9jr xo71vjh\" src=\"https:\/\/static.xx.fbcdn.net\/images\/emoji.php\/v9\/t4f\/1\/16\/1f447.png\" alt=\"\ud83d\udc47\" width=\"16\" height=\"16\" \/><\/span><span class=\"html-span xexx8yu x4uap5 x18d9i69 xkhd6sd x1hl2dhg x16tdsg8 x1vvkbs x3nfvp2 x1j61x8r x1fcty0u xdj266r xat24cr xgzva0m xhhsvwb xxymvpz xlup9mm x1kky2od\"><img loading=\"lazy\" decoding=\"async\" class=\"xz74otr x168nmei x13lgxp2 x5pf9jr xo71vjh\" src=\"https:\/\/static.xx.fbcdn.net\/images\/emoji.php\/v9\/t4f\/1\/16\/1f447.png\" alt=\"\ud83d\udc47\" width=\"16\" height=\"16\" \/><\/span><\/div>\n<\/div>\n<div class=\"x11i5rnm xat24cr x1mh8g0r x1vvkbs xtlvy1s x126k92a\">\n<div dir=\"auto\">Inscripci\u00f3n:<\/div>\n<div dir=\"auto\">zarautz@eraztunberdeurdina.eus<\/div>\n<div dir=\"auto\">943005159<\/div>\n<\/div>\n<p>&nbsp;<\/p>\n","protected":false},"excerpt":{"rendered":"<p>Coincidiendo con el D\u00eda Internacional de Acci\u00f3n por los R\u00edos, el pasado 16 de marzo realizamos un llamamiento desde el [&hellip;]<\/p>\n","protected":false},"author":3,"featured_media":3846,"comment_status":"closed","ping_status":"closed","sticky":false,"template":"","format":"standard","meta":{"_acf_changed":false,"site-sidebar-layout":"default","site-content-layout":"","ast-site-content-layout":"default","site-content-style":"default","site-sidebar-style":"default","ast-global-header-display":"","ast-banner-title-visibility":"","ast-main-header-display":"","ast-hfb-above-header-display":"","ast-hfb-below-header-display":"","ast-hfb-mobile-header-display":"","site-post-title":"","ast-breadcrumbs-content":"","ast-featured-img":"","footer-sml-layout":"","ast-disable-related-posts":"","theme-transparent-header-meta":"","adv-header-id-meta":"","stick-header-meta":"","header-above-stick-meta":"","header-main-stick-meta":"","header-below-stick-meta":"","astra-migrate-meta-layouts":"default","ast-page-background-enabled":"default","ast-page-background-meta":{"desktop":{"background-color":"var(--ast-global-color-5)","background-image":"","background-repeat":"repeat","background-position":"center center","background-size":"auto","background-attachment":"scroll","background-type":"","background-media":"","overlay-type":"","overlay-color":"","overlay-opacity":"","overlay-gradient":""},"tablet":{"background-color":"","background-image":"","background-repeat":"repeat","background-position":"center center","background-size":"auto","background-attachment":"scroll","background-type":"","background-media":"","overlay-type":"","overlay-color":"","overlay-opacity":"","overlay-gradient":""},"mobile":{"background-color":"","background-image":"","background-repeat":"repeat","background-position":"center center","background-size":"auto","background-attachment":"scroll","background-type":"","background-media":"","overlay-type":"","overlay-color":"","overlay-opacity":"","overlay-gradient":""}},"ast-content-background-meta":{"desktop":{"background-color":"var(--ast-global-color-4)","background-image":"","background-repeat":"repeat","background-position":"center center","background-size":"auto","background-attachment":"scroll","background-type":"","background-media":"","overlay-type":"","overlay-color":"","overlay-opacity":"","overlay-gradient":""},"tablet":{"background-color":"var(--ast-global-color-4)","background-image":"","background-repeat":"repeat","background-position":"center center","background-size":"auto","background-attachment":"scroll","background-type":"","background-media":"","overlay-type":"","overlay-color":"","overlay-opacity":"","overlay-gradient":""},"mobile":{"background-color":"var(--ast-global-color-4)","background-image":"","background-repeat":"repeat","background-position":"center center","background-size":"auto","background-attachment":"scroll","background-type":"","background-media":"","overlay-type":"","overlay-color":"","overlay-opacity":"","overlay-gradient":""}},"footnotes":""},"categories":[442,649,493],"tags":[106,633,507,789,693,496,634,797,28,35],"class_list":["post-3848","post","type-post","status-publish","format-standard","has-post-thumbnail","hentry","category-biodiversidad","category-igerain-2","category-plantas-invasoras","tag-ayuntamiento-de-zarautz","tag-crocosmia-x-crocosmiiflora","tag-igerain","tag-igerainerreka","tag-limpieza-del-rio","tag-plantas-exoticas-invasoras","tag-trabajo-comunitario","tag-zaeko","tag-zarautz","tag-zarauzko-udala"],"acf":[],"yoast_head":"<!-- This site is optimized with the Yoast SEO plugin v27.1.1 - https:\/\/yoast.com\/product\/yoast-seo-wordpress\/ -->\n<title>El domingo realizaremos una actividad de trabajo comunitario en Igerainerreka - Anillo Verde Azul de Zarautz<\/title>\n<meta name=\"robots\" content=\"index, follow, max-snippet:-1, max-image-preview:large, max-video-preview:-1\" \/>\n<link rel=\"canonical\" href=\"https:\/\/eraztunberdeurdina.eus\/es\/el-domingo-realizaremos-una-actividad-de-trabajo-comunitario-en-igerainerreka-20250401\/\" \/>\n<meta property=\"og:locale\" content=\"es_ES\" \/>\n<meta property=\"og:type\" content=\"article\" \/>\n<meta property=\"og:title\" content=\"El domingo realizaremos una actividad de trabajo comunitario en Igerainerreka - Anillo Verde Azul de Zarautz\" \/>\n<meta property=\"og:description\" content=\"Coincidiendo con el D\u00eda Internacional de Acci\u00f3n por los R\u00edos, el pasado 16 de marzo realizamos un llamamiento desde el [&hellip;]\" \/>\n<meta property=\"og:url\" content=\"https:\/\/eraztunberdeurdina.eus\/es\/el-domingo-realizaremos-una-actividad-de-trabajo-comunitario-en-igerainerreka-20250401\/\" \/>\n<meta property=\"og:site_name\" content=\"Anillo Verde Azul de Zarautz\" \/>\n<meta property=\"article:published_time\" content=\"2025-04-01T09:55:25+00:00\" \/>\n<meta property=\"article:modified_time\" content=\"2025-04-03T09:59:18+00:00\" \/>\n<meta property=\"og:image\" content=\"https:\/\/eraztunberdeurdina.eus\/wp-content\/uploads\/2025\/04\/Igerainerreka-600x600.png\" \/>\n\t<meta property=\"og:image:width\" content=\"600\" \/>\n\t<meta property=\"og:image:height\" content=\"600\" \/>\n\t<meta property=\"og:image:type\" content=\"image\/png\" \/>\n<meta name=\"author\" content=\"ebu\" \/>\n<meta name=\"twitter:card\" content=\"summary_large_image\" \/>\n<meta name=\"twitter:label1\" content=\"Escrito por\" \/>\n\t<meta name=\"twitter:data1\" content=\"ebu\" \/>\n\t<meta name=\"twitter:label2\" content=\"Tiempo de lectura\" \/>\n\t<meta name=\"twitter:data2\" content=\"1 minuto\" \/>\n<script type=\"application\/ld+json\" class=\"yoast-schema-graph\">{\"@context\":\"https:\/\/schema.org\",\"@graph\":[{\"@type\":\"Article\",\"@id\":\"https:\/\/eraztunberdeurdina.eus\/es\/el-domingo-realizaremos-una-actividad-de-trabajo-comunitario-en-igerainerreka-20250401\/#article\",\"isPartOf\":{\"@id\":\"https:\/\/eraztunberdeurdina.eus\/es\/el-domingo-realizaremos-una-actividad-de-trabajo-comunitario-en-igerainerreka-20250401\/\"},\"author\":{\"name\":\"ebu\",\"@id\":\"https:\/\/eraztunberdeurdina.eus\/#\/schema\/person\/a9c3a9d9ddfc0024a1d798d33b8eb53c\"},\"headline\":\"El domingo realizaremos una actividad de trabajo comunitario en Igerainerreka\",\"datePublished\":\"2025-04-01T09:55:25+00:00\",\"dateModified\":\"2025-04-03T09:59:18+00:00\",\"mainEntityOfPage\":{\"@id\":\"https:\/\/eraztunberdeurdina.eus\/es\/el-domingo-realizaremos-una-actividad-de-trabajo-comunitario-en-igerainerreka-20250401\/\"},\"wordCount\":250,\"publisher\":{\"@id\":\"https:\/\/eraztunberdeurdina.eus\/#organization\"},\"image\":{\"@id\":\"https:\/\/eraztunberdeurdina.eus\/es\/el-domingo-realizaremos-una-actividad-de-trabajo-comunitario-en-igerainerreka-20250401\/#primaryimage\"},\"thumbnailUrl\":\"https:\/\/eraztunberdeurdina.eus\/wp-content\/uploads\/2025\/04\/Igerainerreka.png\",\"keywords\":[\"Ayuntamiento de Zarautz\",\"Crocosmia x crocosmiiflora\",\"Igerain\",\"Igerainerreka\",\"limpieza del r\u00edo\",\"plantas ex\u00f3ticas invasoras\",\"trabajo comunitario\",\"ZAEKO\",\"Zarautz\",\"Zarauzko Udala\"],\"articleSection\":[\"biodiversidad\",\"Igerain\",\"plantas invasoras\"],\"inLanguage\":\"es\"},{\"@type\":\"WebPage\",\"@id\":\"https:\/\/eraztunberdeurdina.eus\/es\/el-domingo-realizaremos-una-actividad-de-trabajo-comunitario-en-igerainerreka-20250401\/\",\"url\":\"https:\/\/eraztunberdeurdina.eus\/es\/el-domingo-realizaremos-una-actividad-de-trabajo-comunitario-en-igerainerreka-20250401\/\",\"name\":\"El domingo realizaremos una actividad de trabajo comunitario en Igerainerreka - Anillo Verde Azul de Zarautz\",\"isPartOf\":{\"@id\":\"https:\/\/eraztunberdeurdina.eus\/#website\"},\"primaryImageOfPage\":{\"@id\":\"https:\/\/eraztunberdeurdina.eus\/es\/el-domingo-realizaremos-una-actividad-de-trabajo-comunitario-en-igerainerreka-20250401\/#primaryimage\"},\"image\":{\"@id\":\"https:\/\/eraztunberdeurdina.eus\/es\/el-domingo-realizaremos-una-actividad-de-trabajo-comunitario-en-igerainerreka-20250401\/#primaryimage\"},\"thumbnailUrl\":\"https:\/\/eraztunberdeurdina.eus\/wp-content\/uploads\/2025\/04\/Igerainerreka.png\",\"datePublished\":\"2025-04-01T09:55:25+00:00\",\"dateModified\":\"2025-04-03T09:59:18+00:00\",\"breadcrumb\":{\"@id\":\"https:\/\/eraztunberdeurdina.eus\/es\/el-domingo-realizaremos-una-actividad-de-trabajo-comunitario-en-igerainerreka-20250401\/#breadcrumb\"},\"inLanguage\":\"es\",\"potentialAction\":[{\"@type\":\"ReadAction\",\"target\":[\"https:\/\/eraztunberdeurdina.eus\/es\/el-domingo-realizaremos-una-actividad-de-trabajo-comunitario-en-igerainerreka-20250401\/\"]}]},{\"@type\":\"ImageObject\",\"inLanguage\":\"es\",\"@id\":\"https:\/\/eraztunberdeurdina.eus\/es\/el-domingo-realizaremos-una-actividad-de-trabajo-comunitario-en-igerainerreka-20250401\/#primaryimage\",\"url\":\"https:\/\/eraztunberdeurdina.eus\/wp-content\/uploads\/2025\/04\/Igerainerreka.png\",\"contentUrl\":\"https:\/\/eraztunberdeurdina.eus\/wp-content\/uploads\/2025\/04\/Igerainerreka.png\",\"width\":1414,\"height\":2000},{\"@type\":\"BreadcrumbList\",\"@id\":\"https:\/\/eraztunberdeurdina.eus\/es\/el-domingo-realizaremos-una-actividad-de-trabajo-comunitario-en-igerainerreka-20250401\/#breadcrumb\",\"itemListElement\":[{\"@type\":\"ListItem\",\"position\":1,\"name\":\"Home\",\"item\":\"https:\/\/eraztunberdeurdina.eus\/es\/anillo-verde-azul\/\"},{\"@type\":\"ListItem\",\"position\":2,\"name\":\"El domingo realizaremos una actividad de trabajo comunitario en Igerainerreka\"}]},{\"@type\":\"WebSite\",\"@id\":\"https:\/\/eraztunberdeurdina.eus\/#website\",\"url\":\"https:\/\/eraztunberdeurdina.eus\/\",\"name\":\"Zarauzko Eraztun Berde Urdina\",\"description\":\"Herri-inguruko berdeguneen zaintza\",\"publisher\":{\"@id\":\"https:\/\/eraztunberdeurdina.eus\/#organization\"},\"potentialAction\":[{\"@type\":\"SearchAction\",\"target\":{\"@type\":\"EntryPoint\",\"urlTemplate\":\"https:\/\/eraztunberdeurdina.eus\/?s={search_term_string}\"},\"query-input\":{\"@type\":\"PropertyValueSpecification\",\"valueRequired\":true,\"valueName\":\"search_term_string\"}}],\"inLanguage\":\"es\"},{\"@type\":\"Organization\",\"@id\":\"https:\/\/eraztunberdeurdina.eus\/#organization\",\"name\":\"Zarauzko Eraztun Berde Urdina\",\"url\":\"https:\/\/eraztunberdeurdina.eus\/\",\"logo\":{\"@type\":\"ImageObject\",\"inLanguage\":\"es\",\"@id\":\"https:\/\/eraztunberdeurdina.eus\/#\/schema\/logo\/image\/\",\"url\":\"https:\/\/eraztunberdeurdina.eus\/wp-content\/uploads\/2018\/07\/EBUkoloretan.jpg\",\"contentUrl\":\"https:\/\/eraztunberdeurdina.eus\/wp-content\/uploads\/2018\/07\/EBUkoloretan.jpg\",\"width\":934,\"height\":687,\"caption\":\"Zarauzko Eraztun Berde Urdina\"},\"image\":{\"@id\":\"https:\/\/eraztunberdeurdina.eus\/#\/schema\/logo\/image\/\"}},{\"@type\":\"Person\",\"@id\":\"https:\/\/eraztunberdeurdina.eus\/#\/schema\/person\/a9c3a9d9ddfc0024a1d798d33b8eb53c\",\"name\":\"ebu\"}]}<\/script>\n<!-- \/ Yoast SEO plugin. -->","yoast_head_json":{"title":"El domingo realizaremos una actividad de trabajo comunitario en Igerainerreka - Anillo Verde Azul de Zarautz","robots":{"index":"index","follow":"follow","max-snippet":"max-snippet:-1","max-image-preview":"max-image-preview:large","max-video-preview":"max-video-preview:-1"},"canonical":"https:\/\/eraztunberdeurdina.eus\/es\/el-domingo-realizaremos-una-actividad-de-trabajo-comunitario-en-igerainerreka-20250401\/","og_locale":"es_ES","og_type":"article","og_title":"El domingo realizaremos una actividad de trabajo comunitario en Igerainerreka - Anillo Verde Azul de Zarautz","og_description":"Coincidiendo con el D\u00eda Internacional de Acci\u00f3n por los R\u00edos, el pasado 16 de marzo realizamos un llamamiento desde el [&hellip;]","og_url":"https:\/\/eraztunberdeurdina.eus\/es\/el-domingo-realizaremos-una-actividad-de-trabajo-comunitario-en-igerainerreka-20250401\/","og_site_name":"Anillo Verde Azul de Zarautz","article_published_time":"2025-04-01T09:55:25+00:00","article_modified_time":"2025-04-03T09:59:18+00:00","og_image":[{"width":600,"height":600,"url":"https:\/\/eraztunberdeurdina.eus\/wp-content\/uploads\/2025\/04\/Igerainerreka-600x600.png","type":"image\/png"}],"author":"ebu","twitter_card":"summary_large_image","twitter_misc":{"Escrito por":"ebu","Tiempo de lectura":"1 minuto"},"schema":{"@context":"https:\/\/schema.org","@graph":[{"@type":"Article","@id":"https:\/\/eraztunberdeurdina.eus\/es\/el-domingo-realizaremos-una-actividad-de-trabajo-comunitario-en-igerainerreka-20250401\/#article","isPartOf":{"@id":"https:\/\/eraztunberdeurdina.eus\/es\/el-domingo-realizaremos-una-actividad-de-trabajo-comunitario-en-igerainerreka-20250401\/"},"author":{"name":"ebu","@id":"https:\/\/eraztunberdeurdina.eus\/#\/schema\/person\/a9c3a9d9ddfc0024a1d798d33b8eb53c"},"headline":"El domingo realizaremos una actividad de trabajo comunitario en Igerainerreka","datePublished":"2025-04-01T09:55:25+00:00","dateModified":"2025-04-03T09:59:18+00:00","mainEntityOfPage":{"@id":"https:\/\/eraztunberdeurdina.eus\/es\/el-domingo-realizaremos-una-actividad-de-trabajo-comunitario-en-igerainerreka-20250401\/"},"wordCount":250,"publisher":{"@id":"https:\/\/eraztunberdeurdina.eus\/#organization"},"image":{"@id":"https:\/\/eraztunberdeurdina.eus\/es\/el-domingo-realizaremos-una-actividad-de-trabajo-comunitario-en-igerainerreka-20250401\/#primaryimage"},"thumbnailUrl":"https:\/\/eraztunberdeurdina.eus\/wp-content\/uploads\/2025\/04\/Igerainerreka.png","keywords":["Ayuntamiento de Zarautz","Crocosmia x crocosmiiflora","Igerain","Igerainerreka","limpieza del r\u00edo","plantas ex\u00f3ticas invasoras","trabajo comunitario","ZAEKO","Zarautz","Zarauzko Udala"],"articleSection":["biodiversidad","Igerain","plantas invasoras"],"inLanguage":"es"},{"@type":"WebPage","@id":"https:\/\/eraztunberdeurdina.eus\/es\/el-domingo-realizaremos-una-actividad-de-trabajo-comunitario-en-igerainerreka-20250401\/","url":"https:\/\/eraztunberdeurdina.eus\/es\/el-domingo-realizaremos-una-actividad-de-trabajo-comunitario-en-igerainerreka-20250401\/","name":"El domingo realizaremos una actividad de trabajo comunitario en Igerainerreka - Anillo Verde Azul de Zarautz","isPartOf":{"@id":"https:\/\/eraztunberdeurdina.eus\/#website"},"primaryImageOfPage":{"@id":"https:\/\/eraztunberdeurdina.eus\/es\/el-domingo-realizaremos-una-actividad-de-trabajo-comunitario-en-igerainerreka-20250401\/#primaryimage"},"image":{"@id":"https:\/\/eraztunberdeurdina.eus\/es\/el-domingo-realizaremos-una-actividad-de-trabajo-comunitario-en-igerainerreka-20250401\/#primaryimage"},"thumbnailUrl":"https:\/\/eraztunberdeurdina.eus\/wp-content\/uploads\/2025\/04\/Igerainerreka.png","datePublished":"2025-04-01T09:55:25+00:00","dateModified":"2025-04-03T09:59:18+00:00","breadcrumb":{"@id":"https:\/\/eraztunberdeurdina.eus\/es\/el-domingo-realizaremos-una-actividad-de-trabajo-comunitario-en-igerainerreka-20250401\/#breadcrumb"},"inLanguage":"es","potentialAction":[{"@type":"ReadAction","target":["https:\/\/eraztunberdeurdina.eus\/es\/el-domingo-realizaremos-una-actividad-de-trabajo-comunitario-en-igerainerreka-20250401\/"]}]},{"@type":"ImageObject","inLanguage":"es","@id":"https:\/\/eraztunberdeurdina.eus\/es\/el-domingo-realizaremos-una-actividad-de-trabajo-comunitario-en-igerainerreka-20250401\/#primaryimage","url":"https:\/\/eraztunberdeurdina.eus\/wp-content\/uploads\/2025\/04\/Igerainerreka.png","contentUrl":"https:\/\/eraztunberdeurdina.eus\/wp-content\/uploads\/2025\/04\/Igerainerreka.png","width":1414,"height":2000},{"@type":"BreadcrumbList","@id":"https:\/\/eraztunberdeurdina.eus\/es\/el-domingo-realizaremos-una-actividad-de-trabajo-comunitario-en-igerainerreka-20250401\/#breadcrumb","itemListElement":[{"@type":"ListItem","position":1,"name":"Home","item":"https:\/\/eraztunberdeurdina.eus\/es\/anillo-verde-azul\/"},{"@type":"ListItem","position":2,"name":"El domingo realizaremos una actividad de trabajo comunitario en Igerainerreka"}]},{"@type":"WebSite","@id":"https:\/\/eraztunberdeurdina.eus\/#website","url":"https:\/\/eraztunberdeurdina.eus\/","name":"Zarauzko Eraztun Berde Urdina","description":"Herri-inguruko berdeguneen zaintza","publisher":{"@id":"https:\/\/eraztunberdeurdina.eus\/#organization"},"potentialAction":[{"@type":"SearchAction","target":{"@type":"EntryPoint","urlTemplate":"https:\/\/eraztunberdeurdina.eus\/?s={search_term_string}"},"query-input":{"@type":"PropertyValueSpecification","valueRequired":true,"valueName":"search_term_string"}}],"inLanguage":"es"},{"@type":"Organization","@id":"https:\/\/eraztunberdeurdina.eus\/#organization","name":"Zarauzko Eraztun Berde Urdina","url":"https:\/\/eraztunberdeurdina.eus\/","logo":{"@type":"ImageObject","inLanguage":"es","@id":"https:\/\/eraztunberdeurdina.eus\/#\/schema\/logo\/image\/","url":"https:\/\/eraztunberdeurdina.eus\/wp-content\/uploads\/2018\/07\/EBUkoloretan.jpg","contentUrl":"https:\/\/eraztunberdeurdina.eus\/wp-content\/uploads\/2018\/07\/EBUkoloretan.jpg","width":934,"height":687,"caption":"Zarauzko Eraztun Berde Urdina"},"image":{"@id":"https:\/\/eraztunberdeurdina.eus\/#\/schema\/logo\/image\/"}},{"@type":"Person","@id":"https:\/\/eraztunberdeurdina.eus\/#\/schema\/person\/a9c3a9d9ddfc0024a1d798d33b8eb53c","name":"ebu"}]}},"_links":{"self":[{"href":"https:\/\/eraztunberdeurdina.eus\/es\/wp-json\/wp\/v2\/posts\/3848","targetHints":{"allow":["GET"]}}],"collection":[{"href":"https:\/\/eraztunberdeurdina.eus\/es\/wp-json\/wp\/v2\/posts"}],"about":[{"href":"https:\/\/eraztunberdeurdina.eus\/es\/wp-json\/wp\/v2\/types\/post"}],"author":[{"embeddable":true,"href":"https:\/\/eraztunberdeurdina.eus\/es\/wp-json\/wp\/v2\/users\/3"}],"replies":[{"embeddable":true,"href":"https:\/\/eraztunberdeurdina.eus\/es\/wp-json\/wp\/v2\/comments?post=3848"}],"version-history":[{"count":1,"href":"https:\/\/eraztunberdeurdina.eus\/es\/wp-json\/wp\/v2\/posts\/3848\/revisions"}],"predecessor-version":[{"id":3849,"href":"https:\/\/eraztunberdeurdina.eus\/es\/wp-json\/wp\/v2\/posts\/3848\/revisions\/3849"}],"wp:featuredmedia":[{"embeddable":true,"href":"https:\/\/eraztunberdeurdina.eus\/es\/wp-json\/wp\/v2\/media\/3846"}],"wp:attachment":[{"href":"https:\/\/eraztunberdeurdina.eus\/es\/wp-json\/wp\/v2\/media?parent=3848"}],"wp:term":[{"taxonomy":"category","embeddable":true,"href":"https:\/\/eraztunberdeurdina.eus\/es\/wp-json\/wp\/v2\/categories?post=3848"},{"taxonomy":"post_tag","embeddable":true,"href":"https:\/\/eraztunberdeurdina.eus\/es\/wp-json\/wp\/v2\/tags?post=3848"}],"curies":[{"name":"wp","href":"https:\/\/api.w.org\/{rel}","templated":true}]}}