{"id":3855,"date":"2025-04-06T11:31:44","date_gmt":"2025-04-06T09:31:44","guid":{"rendered":"https:\/\/eraztunberdeurdina.eus\/?p=3855"},"modified":"2025-04-08T11:34:26","modified_gmt":"2025-04-08T09:34:26","slug":"muchas-gracias-3","status":"publish","type":"post","link":"https:\/\/eraztunberdeurdina.eus\/es\/muchas-gracias-3-20250406\/","title":{"rendered":"\u00a1Muchas gracias!"},"content":{"rendered":"<p class=\"_ap3a _aaco _aacu _aacx _aad7 _aade\" dir=\"auto\">Muchas gracias a todas las personas que os hab\u00e9is acercado a la iniciativa de hoy \u2764\ufe0f<\/p>\n<p>Hemos celebrado el D\u00eda de Acci\u00f3n por los R\u00edos en Igerainerreka, un rinc\u00f3n oculto y querido del Anillo Verde Azul \ud83d\udc9a\ud83d\udc99<\/p>\n<p>Nos hemos juntado 17 personas y hemos recogido a mano las plantas invasoras Crocosmia x crocosmiiflora, hemos recogido la basura que se encontraba en la orilla de la regata y hemos repasado los arbustos y \u00e1rboles que plantamos el a\u00f1o pasado, reemplazando 3 plantas que se perdieron en la plantaci\u00f3n del a\u00f1o pasado \ud83c\udf31<\/p>\n<p>Para terminar, nos hemos reunido en el punto de reuni\u00f3n de la bosque escuela de Igerain para disfrutar del hamaiketako que nos ha tra\u00eddo Txukun Lorazantza.<\/p>\n","protected":false},"excerpt":{"rendered":"<p>Muchas gracias a todas las personas que os hab\u00e9is acercado a la iniciativa de hoy \u2764\ufe0f Hemos celebrado el D\u00eda [&hellip;]<\/p>\n","protected":false},"author":3,"featured_media":3853,"comment_status":"closed","ping_status":"closed","sticky":false,"template":"","format":"standard","meta":{"_acf_changed":false,"site-sidebar-layout":"default","site-content-layout":"","ast-site-content-layout":"default","site-content-style":"default","site-sidebar-style":"default","ast-global-header-display":"","ast-banner-title-visibility":"","ast-main-header-display":"","ast-hfb-above-header-display":"","ast-hfb-below-header-display":"","ast-hfb-mobile-header-display":"","site-post-title":"","ast-breadcrumbs-content":"","ast-featured-img":"","footer-sml-layout":"","ast-disable-related-posts":"","theme-transparent-header-meta":"","adv-header-id-meta":"","stick-header-meta":"","header-above-stick-meta":"","header-main-stick-meta":"","header-below-stick-meta":"","astra-migrate-meta-layouts":"default","ast-page-background-enabled":"default","ast-page-background-meta":{"desktop":{"background-color":"var(--ast-global-color-5)","background-image":"","background-repeat":"repeat","background-position":"center center","background-size":"auto","background-attachment":"scroll","background-type":"","background-media":"","overlay-type":"","overlay-color":"","overlay-opacity":"","overlay-gradient":""},"tablet":{"background-color":"","background-image":"","background-repeat":"repeat","background-position":"center center","background-size":"auto","background-attachment":"scroll","background-type":"","background-media":"","overlay-type":"","overlay-color":"","overlay-opacity":"","overlay-gradient":""},"mobile":{"background-color":"","background-image":"","background-repeat":"repeat","background-position":"center center","background-size":"auto","background-attachment":"scroll","background-type":"","background-media":"","overlay-type":"","overlay-color":"","overlay-opacity":"","overlay-gradient":""}},"ast-content-background-meta":{"desktop":{"background-color":"var(--ast-global-color-4)","background-image":"","background-repeat":"repeat","background-position":"center center","background-size":"auto","background-attachment":"scroll","background-type":"","background-media":"","overlay-type":"","overlay-color":"","overlay-opacity":"","overlay-gradient":""},"tablet":{"background-color":"var(--ast-global-color-4)","background-image":"","background-repeat":"repeat","background-position":"center center","background-size":"auto","background-attachment":"scroll","background-type":"","background-media":"","overlay-type":"","overlay-color":"","overlay-opacity":"","overlay-gradient":""},"mobile":{"background-color":"var(--ast-global-color-4)","background-image":"","background-repeat":"repeat","background-position":"center center","background-size":"auto","background-attachment":"scroll","background-type":"","background-media":"","overlay-type":"","overlay-color":"","overlay-opacity":"","overlay-gradient":""}},"footnotes":""},"categories":[86,442,649,493,769],"tags":[101,633,34,789,496,791,634,797,28,35],"class_list":["post-3855","post","type-post","status-publish","format-standard","has-post-thumbnail","hentry","category-actividades","category-biodiversidad","category-igerain-2","category-plantas-invasoras","category-trabajo-comunitario","tag-biodiversidad","tag-crocosmia-x-crocosmiiflora","tag-eraztun-berde-urdina","tag-igerainerreka","tag-plantas-exoticas-invasoras","tag-rio","tag-trabajo-comunitario","tag-zaeko","tag-zarautz","tag-zarauzko-udala"],"acf":[],"yoast_head":"<!-- This site is optimized with the Yoast SEO plugin v27.1.1 - https:\/\/yoast.com\/product\/yoast-seo-wordpress\/ -->\n<title>\u00a1Muchas gracias! - Anillo Verde Azul de Zarautz<\/title>\n<meta name=\"robots\" content=\"index, follow, max-snippet:-1, max-image-preview:large, max-video-preview:-1\" \/>\n<link rel=\"canonical\" href=\"https:\/\/eraztunberdeurdina.eus\/es\/muchas-gracias-3-20250406\/\" \/>\n<meta property=\"og:locale\" content=\"es_ES\" \/>\n<meta property=\"og:type\" content=\"article\" \/>\n<meta property=\"og:title\" content=\"\u00a1Muchas gracias! - Anillo Verde Azul de Zarautz\" \/>\n<meta property=\"og:description\" content=\"Muchas gracias a todas las personas que os hab\u00e9is acercado a la iniciativa de hoy \u2764\ufe0f Hemos celebrado el D\u00eda [&hellip;]\" \/>\n<meta property=\"og:url\" content=\"https:\/\/eraztunberdeurdina.eus\/es\/muchas-gracias-3-20250406\/\" \/>\n<meta property=\"og:site_name\" content=\"Anillo Verde Azul de Zarautz\" \/>\n<meta property=\"article:published_time\" content=\"2025-04-06T09:31:44+00:00\" \/>\n<meta property=\"article:modified_time\" content=\"2025-04-08T09:34:26+00:00\" \/>\n<meta property=\"og:image\" content=\"https:\/\/eraztunberdeurdina.eus\/wp-content\/uploads\/2025\/04\/WhatsApp-Image-2025-04-08-at-11.20.101.jpeg\" \/>\n\t<meta property=\"og:image:width\" content=\"899\" \/>\n\t<meta property=\"og:image:height\" content=\"1600\" \/>\n\t<meta property=\"og:image:type\" content=\"image\/jpeg\" \/>\n<meta name=\"author\" content=\"ebu\" \/>\n<meta name=\"twitter:card\" content=\"summary_large_image\" \/>\n<meta name=\"twitter:label1\" content=\"Escrito por\" \/>\n\t<meta name=\"twitter:data1\" content=\"ebu\" \/>\n\t<meta name=\"twitter:label2\" content=\"Tiempo de lectura\" \/>\n\t<meta name=\"twitter:data2\" content=\"1 minuto\" \/>\n<script type=\"application\/ld+json\" class=\"yoast-schema-graph\">{\"@context\":\"https:\/\/schema.org\",\"@graph\":[{\"@type\":\"Article\",\"@id\":\"https:\/\/eraztunberdeurdina.eus\/es\/muchas-gracias-3-20250406\/#article\",\"isPartOf\":{\"@id\":\"https:\/\/eraztunberdeurdina.eus\/es\/muchas-gracias-3-20250406\/\"},\"author\":{\"name\":\"ebu\",\"@id\":\"https:\/\/eraztunberdeurdina.eus\/#\/schema\/person\/a9c3a9d9ddfc0024a1d798d33b8eb53c\"},\"headline\":\"\u00a1Muchas gracias!\",\"datePublished\":\"2025-04-06T09:31:44+00:00\",\"dateModified\":\"2025-04-08T09:34:26+00:00\",\"mainEntityOfPage\":{\"@id\":\"https:\/\/eraztunberdeurdina.eus\/es\/muchas-gracias-3-20250406\/\"},\"wordCount\":124,\"publisher\":{\"@id\":\"https:\/\/eraztunberdeurdina.eus\/#organization\"},\"image\":{\"@id\":\"https:\/\/eraztunberdeurdina.eus\/es\/muchas-gracias-3-20250406\/#primaryimage\"},\"thumbnailUrl\":\"https:\/\/eraztunberdeurdina.eus\/wp-content\/uploads\/2025\/04\/WhatsApp-Image-2025-04-08-at-11.20.101.jpeg\",\"keywords\":[\"biodiversidad\",\"Crocosmia x crocosmiiflora\",\"Eraztun Berde Urdina\",\"Igerainerreka\",\"plantas ex\u00f3ticas invasoras\",\"r\u00edo\",\"trabajo comunitario\",\"ZAEKO\",\"Zarautz\",\"Zarauzko Udala\"],\"articleSection\":[\"Actividades\",\"biodiversidad\",\"Igerain\",\"plantas invasoras\",\"trabajo comunitario\"],\"inLanguage\":\"es\"},{\"@type\":\"WebPage\",\"@id\":\"https:\/\/eraztunberdeurdina.eus\/es\/muchas-gracias-3-20250406\/\",\"url\":\"https:\/\/eraztunberdeurdina.eus\/es\/muchas-gracias-3-20250406\/\",\"name\":\"\u00a1Muchas gracias! - Anillo Verde Azul de Zarautz\",\"isPartOf\":{\"@id\":\"https:\/\/eraztunberdeurdina.eus\/#website\"},\"primaryImageOfPage\":{\"@id\":\"https:\/\/eraztunberdeurdina.eus\/es\/muchas-gracias-3-20250406\/#primaryimage\"},\"image\":{\"@id\":\"https:\/\/eraztunberdeurdina.eus\/es\/muchas-gracias-3-20250406\/#primaryimage\"},\"thumbnailUrl\":\"https:\/\/eraztunberdeurdina.eus\/wp-content\/uploads\/2025\/04\/WhatsApp-Image-2025-04-08-at-11.20.101.jpeg\",\"datePublished\":\"2025-04-06T09:31:44+00:00\",\"dateModified\":\"2025-04-08T09:34:26+00:00\",\"breadcrumb\":{\"@id\":\"https:\/\/eraztunberdeurdina.eus\/es\/muchas-gracias-3-20250406\/#breadcrumb\"},\"inLanguage\":\"es\",\"potentialAction\":[{\"@type\":\"ReadAction\",\"target\":[\"https:\/\/eraztunberdeurdina.eus\/es\/muchas-gracias-3-20250406\/\"]}]},{\"@type\":\"ImageObject\",\"inLanguage\":\"es\",\"@id\":\"https:\/\/eraztunberdeurdina.eus\/es\/muchas-gracias-3-20250406\/#primaryimage\",\"url\":\"https:\/\/eraztunberdeurdina.eus\/wp-content\/uploads\/2025\/04\/WhatsApp-Image-2025-04-08-at-11.20.101.jpeg\",\"contentUrl\":\"https:\/\/eraztunberdeurdina.eus\/wp-content\/uploads\/2025\/04\/WhatsApp-Image-2025-04-08-at-11.20.101.jpeg\",\"width\":899,\"height\":1600},{\"@type\":\"BreadcrumbList\",\"@id\":\"https:\/\/eraztunberdeurdina.eus\/es\/muchas-gracias-3-20250406\/#breadcrumb\",\"itemListElement\":[{\"@type\":\"ListItem\",\"position\":1,\"name\":\"Home\",\"item\":\"https:\/\/eraztunberdeurdina.eus\/es\/anillo-verde-azul\/\"},{\"@type\":\"ListItem\",\"position\":2,\"name\":\"\u00a1Muchas gracias!\"}]},{\"@type\":\"WebSite\",\"@id\":\"https:\/\/eraztunberdeurdina.eus\/#website\",\"url\":\"https:\/\/eraztunberdeurdina.eus\/\",\"name\":\"Zarauzko Eraztun Berde Urdina\",\"description\":\"Herri-inguruko berdeguneen zaintza\",\"publisher\":{\"@id\":\"https:\/\/eraztunberdeurdina.eus\/#organization\"},\"potentialAction\":[{\"@type\":\"SearchAction\",\"target\":{\"@type\":\"EntryPoint\",\"urlTemplate\":\"https:\/\/eraztunberdeurdina.eus\/?s={search_term_string}\"},\"query-input\":{\"@type\":\"PropertyValueSpecification\",\"valueRequired\":true,\"valueName\":\"search_term_string\"}}],\"inLanguage\":\"es\"},{\"@type\":\"Organization\",\"@id\":\"https:\/\/eraztunberdeurdina.eus\/#organization\",\"name\":\"Zarauzko Eraztun Berde Urdina\",\"url\":\"https:\/\/eraztunberdeurdina.eus\/\",\"logo\":{\"@type\":\"ImageObject\",\"inLanguage\":\"es\",\"@id\":\"https:\/\/eraztunberdeurdina.eus\/#\/schema\/logo\/image\/\",\"url\":\"https:\/\/eraztunberdeurdina.eus\/wp-content\/uploads\/2018\/07\/EBUkoloretan.jpg\",\"contentUrl\":\"https:\/\/eraztunberdeurdina.eus\/wp-content\/uploads\/2018\/07\/EBUkoloretan.jpg\",\"width\":934,\"height\":687,\"caption\":\"Zarauzko Eraztun Berde Urdina\"},\"image\":{\"@id\":\"https:\/\/eraztunberdeurdina.eus\/#\/schema\/logo\/image\/\"}},{\"@type\":\"Person\",\"@id\":\"https:\/\/eraztunberdeurdina.eus\/#\/schema\/person\/a9c3a9d9ddfc0024a1d798d33b8eb53c\",\"name\":\"ebu\"}]}<\/script>\n<!-- \/ Yoast SEO plugin. -->","yoast_head_json":{"title":"\u00a1Muchas gracias! - Anillo Verde Azul de Zarautz","robots":{"index":"index","follow":"follow","max-snippet":"max-snippet:-1","max-image-preview":"max-image-preview:large","max-video-preview":"max-video-preview:-1"},"canonical":"https:\/\/eraztunberdeurdina.eus\/es\/muchas-gracias-3-20250406\/","og_locale":"es_ES","og_type":"article","og_title":"\u00a1Muchas gracias! - Anillo Verde Azul de Zarautz","og_description":"Muchas gracias a todas las personas que os hab\u00e9is acercado a la iniciativa de hoy \u2764\ufe0f Hemos celebrado el D\u00eda [&hellip;]","og_url":"https:\/\/eraztunberdeurdina.eus\/es\/muchas-gracias-3-20250406\/","og_site_name":"Anillo Verde Azul de Zarautz","article_published_time":"2025-04-06T09:31:44+00:00","article_modified_time":"2025-04-08T09:34:26+00:00","og_image":[{"width":899,"height":1600,"url":"https:\/\/eraztunberdeurdina.eus\/wp-content\/uploads\/2025\/04\/WhatsApp-Image-2025-04-08-at-11.20.101.jpeg","type":"image\/jpeg"}],"author":"ebu","twitter_card":"summary_large_image","twitter_misc":{"Escrito por":"ebu","Tiempo de lectura":"1 minuto"},"schema":{"@context":"https:\/\/schema.org","@graph":[{"@type":"Article","@id":"https:\/\/eraztunberdeurdina.eus\/es\/muchas-gracias-3-20250406\/#article","isPartOf":{"@id":"https:\/\/eraztunberdeurdina.eus\/es\/muchas-gracias-3-20250406\/"},"author":{"name":"ebu","@id":"https:\/\/eraztunberdeurdina.eus\/#\/schema\/person\/a9c3a9d9ddfc0024a1d798d33b8eb53c"},"headline":"\u00a1Muchas gracias!","datePublished":"2025-04-06T09:31:44+00:00","dateModified":"2025-04-08T09:34:26+00:00","mainEntityOfPage":{"@id":"https:\/\/eraztunberdeurdina.eus\/es\/muchas-gracias-3-20250406\/"},"wordCount":124,"publisher":{"@id":"https:\/\/eraztunberdeurdina.eus\/#organization"},"image":{"@id":"https:\/\/eraztunberdeurdina.eus\/es\/muchas-gracias-3-20250406\/#primaryimage"},"thumbnailUrl":"https:\/\/eraztunberdeurdina.eus\/wp-content\/uploads\/2025\/04\/WhatsApp-Image-2025-04-08-at-11.20.101.jpeg","keywords":["biodiversidad","Crocosmia x crocosmiiflora","Eraztun Berde Urdina","Igerainerreka","plantas ex\u00f3ticas invasoras","r\u00edo","trabajo comunitario","ZAEKO","Zarautz","Zarauzko Udala"],"articleSection":["Actividades","biodiversidad","Igerain","plantas invasoras","trabajo comunitario"],"inLanguage":"es"},{"@type":"WebPage","@id":"https:\/\/eraztunberdeurdina.eus\/es\/muchas-gracias-3-20250406\/","url":"https:\/\/eraztunberdeurdina.eus\/es\/muchas-gracias-3-20250406\/","name":"\u00a1Muchas gracias! - Anillo Verde Azul de Zarautz","isPartOf":{"@id":"https:\/\/eraztunberdeurdina.eus\/#website"},"primaryImageOfPage":{"@id":"https:\/\/eraztunberdeurdina.eus\/es\/muchas-gracias-3-20250406\/#primaryimage"},"image":{"@id":"https:\/\/eraztunberdeurdina.eus\/es\/muchas-gracias-3-20250406\/#primaryimage"},"thumbnailUrl":"https:\/\/eraztunberdeurdina.eus\/wp-content\/uploads\/2025\/04\/WhatsApp-Image-2025-04-08-at-11.20.101.jpeg","datePublished":"2025-04-06T09:31:44+00:00","dateModified":"2025-04-08T09:34:26+00:00","breadcrumb":{"@id":"https:\/\/eraztunberdeurdina.eus\/es\/muchas-gracias-3-20250406\/#breadcrumb"},"inLanguage":"es","potentialAction":[{"@type":"ReadAction","target":["https:\/\/eraztunberdeurdina.eus\/es\/muchas-gracias-3-20250406\/"]}]},{"@type":"ImageObject","inLanguage":"es","@id":"https:\/\/eraztunberdeurdina.eus\/es\/muchas-gracias-3-20250406\/#primaryimage","url":"https:\/\/eraztunberdeurdina.eus\/wp-content\/uploads\/2025\/04\/WhatsApp-Image-2025-04-08-at-11.20.101.jpeg","contentUrl":"https:\/\/eraztunberdeurdina.eus\/wp-content\/uploads\/2025\/04\/WhatsApp-Image-2025-04-08-at-11.20.101.jpeg","width":899,"height":1600},{"@type":"BreadcrumbList","@id":"https:\/\/eraztunberdeurdina.eus\/es\/muchas-gracias-3-20250406\/#breadcrumb","itemListElement":[{"@type":"ListItem","position":1,"name":"Home","item":"https:\/\/eraztunberdeurdina.eus\/es\/anillo-verde-azul\/"},{"@type":"ListItem","position":2,"name":"\u00a1Muchas gracias!"}]},{"@type":"WebSite","@id":"https:\/\/eraztunberdeurdina.eus\/#website","url":"https:\/\/eraztunberdeurdina.eus\/","name":"Zarauzko Eraztun Berde Urdina","description":"Herri-inguruko berdeguneen zaintza","publisher":{"@id":"https:\/\/eraztunberdeurdina.eus\/#organization"},"potentialAction":[{"@type":"SearchAction","target":{"@type":"EntryPoint","urlTemplate":"https:\/\/eraztunberdeurdina.eus\/?s={search_term_string}"},"query-input":{"@type":"PropertyValueSpecification","valueRequired":true,"valueName":"search_term_string"}}],"inLanguage":"es"},{"@type":"Organization","@id":"https:\/\/eraztunberdeurdina.eus\/#organization","name":"Zarauzko Eraztun Berde Urdina","url":"https:\/\/eraztunberdeurdina.eus\/","logo":{"@type":"ImageObject","inLanguage":"es","@id":"https:\/\/eraztunberdeurdina.eus\/#\/schema\/logo\/image\/","url":"https:\/\/eraztunberdeurdina.eus\/wp-content\/uploads\/2018\/07\/EBUkoloretan.jpg","contentUrl":"https:\/\/eraztunberdeurdina.eus\/wp-content\/uploads\/2018\/07\/EBUkoloretan.jpg","width":934,"height":687,"caption":"Zarauzko Eraztun Berde Urdina"},"image":{"@id":"https:\/\/eraztunberdeurdina.eus\/#\/schema\/logo\/image\/"}},{"@type":"Person","@id":"https:\/\/eraztunberdeurdina.eus\/#\/schema\/person\/a9c3a9d9ddfc0024a1d798d33b8eb53c","name":"ebu"}]}},"_links":{"self":[{"href":"https:\/\/eraztunberdeurdina.eus\/es\/wp-json\/wp\/v2\/posts\/3855","targetHints":{"allow":["GET"]}}],"collection":[{"href":"https:\/\/eraztunberdeurdina.eus\/es\/wp-json\/wp\/v2\/posts"}],"about":[{"href":"https:\/\/eraztunberdeurdina.eus\/es\/wp-json\/wp\/v2\/types\/post"}],"author":[{"embeddable":true,"href":"https:\/\/eraztunberdeurdina.eus\/es\/wp-json\/wp\/v2\/users\/3"}],"replies":[{"embeddable":true,"href":"https:\/\/eraztunberdeurdina.eus\/es\/wp-json\/wp\/v2\/comments?post=3855"}],"version-history":[{"count":1,"href":"https:\/\/eraztunberdeurdina.eus\/es\/wp-json\/wp\/v2\/posts\/3855\/revisions"}],"predecessor-version":[{"id":3856,"href":"https:\/\/eraztunberdeurdina.eus\/es\/wp-json\/wp\/v2\/posts\/3855\/revisions\/3856"}],"wp:featuredmedia":[{"embeddable":true,"href":"https:\/\/eraztunberdeurdina.eus\/es\/wp-json\/wp\/v2\/media\/3853"}],"wp:attachment":[{"href":"https:\/\/eraztunberdeurdina.eus\/es\/wp-json\/wp\/v2\/media?parent=3855"}],"wp:term":[{"taxonomy":"category","embeddable":true,"href":"https:\/\/eraztunberdeurdina.eus\/es\/wp-json\/wp\/v2\/categories?post=3855"},{"taxonomy":"post_tag","embeddable":true,"href":"https:\/\/eraztunberdeurdina.eus\/es\/wp-json\/wp\/v2\/tags?post=3855"}],"curies":[{"name":"wp","href":"https:\/\/api.w.org\/{rel}","templated":true}]}}