{"id":3987,"date":"2025-04-09T15:53:27","date_gmt":"2025-04-09T13:53:27","guid":{"rendered":"https:\/\/eraztunberdeurdina.eus\/?p=3987"},"modified":"2025-04-09T15:53:27","modified_gmt":"2025-04-09T13:53:27","slug":"el-domingo-realizaremos-una-ruta-para-conocer-las-orquideas-de-zarautz-con-arkamurka","status":"publish","type":"post","link":"https:\/\/eraztunberdeurdina.eus\/es\/el-domingo-realizaremos-una-ruta-para-conocer-las-orquideas-de-zarautz-con-arkamurka-20250409\/","title":{"rendered":"El domingo realizaremos una ruta para conocer las orqu\u00eddeas de Zarautz con Arkamurka"},"content":{"rendered":"<p>Este domingo haremos una salida junto a Juantxo Unzueta de Arkamurka Natur Taldea para conocer las orqu\u00eddeas salvajes que se encuentran en los jardines de Zarautz.<\/p>\n<p>El objetivo de esta salida guiada es dar a conocer la riqueza y la diversidad de estas orqu\u00eddeas, para poder as\u00ed cuidarlas y respetarlas.<\/p>\n<p>Las orqu\u00eddeas ex\u00f3ticas que se venden en florister\u00edas son las m\u00e1s conocidas, pero tambi\u00e9n tenemos orqu\u00eddeas salvajes en nuestro entorno. Generalmente son de menor tama\u00f1o, por ello, aunque las tenemos cerca, muchas veces pasan desapercibidas. Pero aunque sean m\u00e1s peque\u00f1as \u00a1Son realmente curiosas!<\/p>\n<p>El a\u00f1o pasado Juantxo complet\u00f3 el mapa de las orqu\u00eddeas de Zarautz y este a\u00f1o tambi\u00e9n hemos marcado y protegido varias orqu\u00eddeas de los jardines del pueblo para garantizar su conocimiento y supervivencia.<\/p>\n<p>En la salidas nos adentraremos en el fascinante mundo de las orqu\u00eddeas y conoceremos muchas curiosidades a cerca de ellas. \u00a1Un buen plan para hacer con amig@s y familiares!<\/p>\n<p>\u00a1TE ESPERAMOS!<\/p>\n<p>\ud83d\udcc6 Domingo, 13 de abril.<br \/>\n\ud83d\udd63 9:30<br \/>\n\ud83d\udccc Rotonda de Agues. <\/p>\n","protected":false},"excerpt":{"rendered":"<p>Este domingo haremos una salida junto a Juantxo Unzueta de Arkamurka Natur Taldea para conocer las orqu\u00eddeas salvajes que se [&hellip;]<\/p>\n","protected":false},"author":3,"featured_media":3985,"comment_status":"closed","ping_status":"closed","sticky":false,"template":"","format":"standard","meta":{"_acf_changed":false,"site-sidebar-layout":"default","site-content-layout":"","ast-site-content-layout":"default","site-content-style":"default","site-sidebar-style":"default","ast-global-header-display":"","ast-banner-title-visibility":"","ast-main-header-display":"","ast-hfb-above-header-display":"","ast-hfb-below-header-display":"","ast-hfb-mobile-header-display":"","site-post-title":"","ast-breadcrumbs-content":"","ast-featured-img":"","footer-sml-layout":"","ast-disable-related-posts":"","theme-transparent-header-meta":"","adv-header-id-meta":"","stick-header-meta":"","header-above-stick-meta":"","header-main-stick-meta":"","header-below-stick-meta":"","astra-migrate-meta-layouts":"default","ast-page-background-enabled":"default","ast-page-background-meta":{"desktop":{"background-color":"var(--ast-global-color-5)","background-image":"","background-repeat":"repeat","background-position":"center center","background-size":"auto","background-attachment":"scroll","background-type":"","background-media":"","overlay-type":"","overlay-color":"","overlay-opacity":"","overlay-gradient":""},"tablet":{"background-color":"","background-image":"","background-repeat":"repeat","background-position":"center center","background-size":"auto","background-attachment":"scroll","background-type":"","background-media":"","overlay-type":"","overlay-color":"","overlay-opacity":"","overlay-gradient":""},"mobile":{"background-color":"","background-image":"","background-repeat":"repeat","background-position":"center center","background-size":"auto","background-attachment":"scroll","background-type":"","background-media":"","overlay-type":"","overlay-color":"","overlay-opacity":"","overlay-gradient":""}},"ast-content-background-meta":{"desktop":{"background-color":"var(--ast-global-color-4)","background-image":"","background-repeat":"repeat","background-position":"center center","background-size":"auto","background-attachment":"scroll","background-type":"","background-media":"","overlay-type":"","overlay-color":"","overlay-opacity":"","overlay-gradient":""},"tablet":{"background-color":"var(--ast-global-color-4)","background-image":"","background-repeat":"repeat","background-position":"center center","background-size":"auto","background-attachment":"scroll","background-type":"","background-media":"","overlay-type":"","overlay-color":"","overlay-opacity":"","overlay-gradient":""},"mobile":{"background-color":"var(--ast-global-color-4)","background-image":"","background-repeat":"repeat","background-position":"center center","background-size":"auto","background-attachment":"scroll","background-type":"","background-media":"","overlay-type":"","overlay-color":"","overlay-opacity":"","overlay-gradient":""}},"footnotes":""},"categories":[442,800],"tags":[101,669,28],"class_list":["post-3987","post","type-post","status-publish","format-standard","has-post-thumbnail","hentry","category-biodiversidad","category-orquideas","tag-biodiversidad","tag-orquideas","tag-zarautz"],"acf":[],"yoast_head":"<!-- This site is optimized with the Yoast SEO plugin v27.1.1 - https:\/\/yoast.com\/product\/yoast-seo-wordpress\/ -->\n<title>El domingo realizaremos una ruta para conocer las orqu\u00eddeas de Zarautz con Arkamurka - Anillo Verde Azul de Zarautz<\/title>\n<meta name=\"robots\" content=\"index, follow, max-snippet:-1, max-image-preview:large, max-video-preview:-1\" \/>\n<link rel=\"canonical\" href=\"https:\/\/eraztunberdeurdina.eus\/es\/el-domingo-realizaremos-una-ruta-para-conocer-las-orquideas-de-zarautz-con-arkamurka-20250409\/\" \/>\n<meta property=\"og:locale\" content=\"es_ES\" \/>\n<meta property=\"og:type\" content=\"article\" \/>\n<meta property=\"og:title\" content=\"El domingo realizaremos una ruta para conocer las orqu\u00eddeas de Zarautz con Arkamurka - Anillo Verde Azul de Zarautz\" \/>\n<meta property=\"og:description\" content=\"Este domingo haremos una salida junto a Juantxo Unzueta de Arkamurka Natur Taldea para conocer las orqu\u00eddeas salvajes que se [&hellip;]\" \/>\n<meta property=\"og:url\" content=\"https:\/\/eraztunberdeurdina.eus\/es\/el-domingo-realizaremos-una-ruta-para-conocer-las-orquideas-de-zarautz-con-arkamurka-20250409\/\" \/>\n<meta property=\"og:site_name\" content=\"Anillo Verde Azul de Zarautz\" \/>\n<meta property=\"article:published_time\" content=\"2025-04-09T13:53:27+00:00\" \/>\n<meta property=\"og:image\" content=\"https:\/\/eraztunberdeurdina.eus\/wp-content\/uploads\/2025\/04\/Zarauzko-orkidea-basatiak-1.png\" \/>\n\t<meta property=\"og:image:width\" content=\"1080\" \/>\n\t<meta property=\"og:image:height\" content=\"1080\" \/>\n\t<meta property=\"og:image:type\" content=\"image\/png\" \/>\n<meta name=\"author\" content=\"ebu\" \/>\n<meta name=\"twitter:card\" content=\"summary_large_image\" \/>\n<meta name=\"twitter:label1\" content=\"Escrito por\" \/>\n\t<meta name=\"twitter:data1\" content=\"ebu\" \/>\n\t<meta name=\"twitter:label2\" content=\"Tiempo de lectura\" \/>\n\t<meta name=\"twitter:data2\" content=\"1 minuto\" \/>\n<script type=\"application\/ld+json\" class=\"yoast-schema-graph\">{\"@context\":\"https:\/\/schema.org\",\"@graph\":[{\"@type\":\"Article\",\"@id\":\"https:\/\/eraztunberdeurdina.eus\/es\/el-domingo-realizaremos-una-ruta-para-conocer-las-orquideas-de-zarautz-con-arkamurka-20250409\/#article\",\"isPartOf\":{\"@id\":\"https:\/\/eraztunberdeurdina.eus\/es\/el-domingo-realizaremos-una-ruta-para-conocer-las-orquideas-de-zarautz-con-arkamurka-20250409\/\"},\"author\":{\"name\":\"ebu\",\"@id\":\"https:\/\/eraztunberdeurdina.eus\/#\/schema\/person\/a9c3a9d9ddfc0024a1d798d33b8eb53c\"},\"headline\":\"El domingo realizaremos una ruta para conocer las orqu\u00eddeas de Zarautz con Arkamurka\",\"datePublished\":\"2025-04-09T13:53:27+00:00\",\"mainEntityOfPage\":{\"@id\":\"https:\/\/eraztunberdeurdina.eus\/es\/el-domingo-realizaremos-una-ruta-para-conocer-las-orquideas-de-zarautz-con-arkamurka-20250409\/\"},\"wordCount\":195,\"publisher\":{\"@id\":\"https:\/\/eraztunberdeurdina.eus\/#organization\"},\"image\":{\"@id\":\"https:\/\/eraztunberdeurdina.eus\/es\/el-domingo-realizaremos-una-ruta-para-conocer-las-orquideas-de-zarautz-con-arkamurka-20250409\/#primaryimage\"},\"thumbnailUrl\":\"https:\/\/eraztunberdeurdina.eus\/wp-content\/uploads\/2025\/04\/Zarauzko-orkidea-basatiak-1.png\",\"keywords\":[\"biodiversidad\",\"orqu\u00eddeas\",\"Zarautz\"],\"articleSection\":[\"biodiversidad\",\"orqu\u00eddeas\"],\"inLanguage\":\"es\"},{\"@type\":\"WebPage\",\"@id\":\"https:\/\/eraztunberdeurdina.eus\/es\/el-domingo-realizaremos-una-ruta-para-conocer-las-orquideas-de-zarautz-con-arkamurka-20250409\/\",\"url\":\"https:\/\/eraztunberdeurdina.eus\/es\/el-domingo-realizaremos-una-ruta-para-conocer-las-orquideas-de-zarautz-con-arkamurka-20250409\/\",\"name\":\"El domingo realizaremos una ruta para conocer las orqu\u00eddeas de Zarautz con Arkamurka - Anillo Verde Azul de Zarautz\",\"isPartOf\":{\"@id\":\"https:\/\/eraztunberdeurdina.eus\/#website\"},\"primaryImageOfPage\":{\"@id\":\"https:\/\/eraztunberdeurdina.eus\/es\/el-domingo-realizaremos-una-ruta-para-conocer-las-orquideas-de-zarautz-con-arkamurka-20250409\/#primaryimage\"},\"image\":{\"@id\":\"https:\/\/eraztunberdeurdina.eus\/es\/el-domingo-realizaremos-una-ruta-para-conocer-las-orquideas-de-zarautz-con-arkamurka-20250409\/#primaryimage\"},\"thumbnailUrl\":\"https:\/\/eraztunberdeurdina.eus\/wp-content\/uploads\/2025\/04\/Zarauzko-orkidea-basatiak-1.png\",\"datePublished\":\"2025-04-09T13:53:27+00:00\",\"breadcrumb\":{\"@id\":\"https:\/\/eraztunberdeurdina.eus\/es\/el-domingo-realizaremos-una-ruta-para-conocer-las-orquideas-de-zarautz-con-arkamurka-20250409\/#breadcrumb\"},\"inLanguage\":\"es\",\"potentialAction\":[{\"@type\":\"ReadAction\",\"target\":[\"https:\/\/eraztunberdeurdina.eus\/es\/el-domingo-realizaremos-una-ruta-para-conocer-las-orquideas-de-zarautz-con-arkamurka-20250409\/\"]}]},{\"@type\":\"ImageObject\",\"inLanguage\":\"es\",\"@id\":\"https:\/\/eraztunberdeurdina.eus\/es\/el-domingo-realizaremos-una-ruta-para-conocer-las-orquideas-de-zarautz-con-arkamurka-20250409\/#primaryimage\",\"url\":\"https:\/\/eraztunberdeurdina.eus\/wp-content\/uploads\/2025\/04\/Zarauzko-orkidea-basatiak-1.png\",\"contentUrl\":\"https:\/\/eraztunberdeurdina.eus\/wp-content\/uploads\/2025\/04\/Zarauzko-orkidea-basatiak-1.png\",\"width\":1080,\"height\":1080},{\"@type\":\"BreadcrumbList\",\"@id\":\"https:\/\/eraztunberdeurdina.eus\/es\/el-domingo-realizaremos-una-ruta-para-conocer-las-orquideas-de-zarautz-con-arkamurka-20250409\/#breadcrumb\",\"itemListElement\":[{\"@type\":\"ListItem\",\"position\":1,\"name\":\"Home\",\"item\":\"https:\/\/eraztunberdeurdina.eus\/es\/anillo-verde-azul\/\"},{\"@type\":\"ListItem\",\"position\":2,\"name\":\"El domingo realizaremos una ruta para conocer las orqu\u00eddeas de Zarautz con Arkamurka\"}]},{\"@type\":\"WebSite\",\"@id\":\"https:\/\/eraztunberdeurdina.eus\/#website\",\"url\":\"https:\/\/eraztunberdeurdina.eus\/\",\"name\":\"Zarauzko Eraztun Berde Urdina\",\"description\":\"Herri-inguruko berdeguneen zaintza\",\"publisher\":{\"@id\":\"https:\/\/eraztunberdeurdina.eus\/#organization\"},\"potentialAction\":[{\"@type\":\"SearchAction\",\"target\":{\"@type\":\"EntryPoint\",\"urlTemplate\":\"https:\/\/eraztunberdeurdina.eus\/?s={search_term_string}\"},\"query-input\":{\"@type\":\"PropertyValueSpecification\",\"valueRequired\":true,\"valueName\":\"search_term_string\"}}],\"inLanguage\":\"es\"},{\"@type\":\"Organization\",\"@id\":\"https:\/\/eraztunberdeurdina.eus\/#organization\",\"name\":\"Zarauzko Eraztun Berde Urdina\",\"url\":\"https:\/\/eraztunberdeurdina.eus\/\",\"logo\":{\"@type\":\"ImageObject\",\"inLanguage\":\"es\",\"@id\":\"https:\/\/eraztunberdeurdina.eus\/#\/schema\/logo\/image\/\",\"url\":\"https:\/\/eraztunberdeurdina.eus\/wp-content\/uploads\/2018\/07\/EBUkoloretan.jpg\",\"contentUrl\":\"https:\/\/eraztunberdeurdina.eus\/wp-content\/uploads\/2018\/07\/EBUkoloretan.jpg\",\"width\":934,\"height\":687,\"caption\":\"Zarauzko Eraztun Berde Urdina\"},\"image\":{\"@id\":\"https:\/\/eraztunberdeurdina.eus\/#\/schema\/logo\/image\/\"}},{\"@type\":\"Person\",\"@id\":\"https:\/\/eraztunberdeurdina.eus\/#\/schema\/person\/a9c3a9d9ddfc0024a1d798d33b8eb53c\",\"name\":\"ebu\"}]}<\/script>\n<!-- \/ Yoast SEO plugin. -->","yoast_head_json":{"title":"El domingo realizaremos una ruta para conocer las orqu\u00eddeas de Zarautz con Arkamurka - Anillo Verde Azul de Zarautz","robots":{"index":"index","follow":"follow","max-snippet":"max-snippet:-1","max-image-preview":"max-image-preview:large","max-video-preview":"max-video-preview:-1"},"canonical":"https:\/\/eraztunberdeurdina.eus\/es\/el-domingo-realizaremos-una-ruta-para-conocer-las-orquideas-de-zarautz-con-arkamurka-20250409\/","og_locale":"es_ES","og_type":"article","og_title":"El domingo realizaremos una ruta para conocer las orqu\u00eddeas de Zarautz con Arkamurka - Anillo Verde Azul de Zarautz","og_description":"Este domingo haremos una salida junto a Juantxo Unzueta de Arkamurka Natur Taldea para conocer las orqu\u00eddeas salvajes que se [&hellip;]","og_url":"https:\/\/eraztunberdeurdina.eus\/es\/el-domingo-realizaremos-una-ruta-para-conocer-las-orquideas-de-zarautz-con-arkamurka-20250409\/","og_site_name":"Anillo Verde Azul de Zarautz","article_published_time":"2025-04-09T13:53:27+00:00","og_image":[{"width":1080,"height":1080,"url":"https:\/\/eraztunberdeurdina.eus\/wp-content\/uploads\/2025\/04\/Zarauzko-orkidea-basatiak-1.png","type":"image\/png"}],"author":"ebu","twitter_card":"summary_large_image","twitter_misc":{"Escrito por":"ebu","Tiempo de lectura":"1 minuto"},"schema":{"@context":"https:\/\/schema.org","@graph":[{"@type":"Article","@id":"https:\/\/eraztunberdeurdina.eus\/es\/el-domingo-realizaremos-una-ruta-para-conocer-las-orquideas-de-zarautz-con-arkamurka-20250409\/#article","isPartOf":{"@id":"https:\/\/eraztunberdeurdina.eus\/es\/el-domingo-realizaremos-una-ruta-para-conocer-las-orquideas-de-zarautz-con-arkamurka-20250409\/"},"author":{"name":"ebu","@id":"https:\/\/eraztunberdeurdina.eus\/#\/schema\/person\/a9c3a9d9ddfc0024a1d798d33b8eb53c"},"headline":"El domingo realizaremos una ruta para conocer las orqu\u00eddeas de Zarautz con Arkamurka","datePublished":"2025-04-09T13:53:27+00:00","mainEntityOfPage":{"@id":"https:\/\/eraztunberdeurdina.eus\/es\/el-domingo-realizaremos-una-ruta-para-conocer-las-orquideas-de-zarautz-con-arkamurka-20250409\/"},"wordCount":195,"publisher":{"@id":"https:\/\/eraztunberdeurdina.eus\/#organization"},"image":{"@id":"https:\/\/eraztunberdeurdina.eus\/es\/el-domingo-realizaremos-una-ruta-para-conocer-las-orquideas-de-zarautz-con-arkamurka-20250409\/#primaryimage"},"thumbnailUrl":"https:\/\/eraztunberdeurdina.eus\/wp-content\/uploads\/2025\/04\/Zarauzko-orkidea-basatiak-1.png","keywords":["biodiversidad","orqu\u00eddeas","Zarautz"],"articleSection":["biodiversidad","orqu\u00eddeas"],"inLanguage":"es"},{"@type":"WebPage","@id":"https:\/\/eraztunberdeurdina.eus\/es\/el-domingo-realizaremos-una-ruta-para-conocer-las-orquideas-de-zarautz-con-arkamurka-20250409\/","url":"https:\/\/eraztunberdeurdina.eus\/es\/el-domingo-realizaremos-una-ruta-para-conocer-las-orquideas-de-zarautz-con-arkamurka-20250409\/","name":"El domingo realizaremos una ruta para conocer las orqu\u00eddeas de Zarautz con Arkamurka - Anillo Verde Azul de Zarautz","isPartOf":{"@id":"https:\/\/eraztunberdeurdina.eus\/#website"},"primaryImageOfPage":{"@id":"https:\/\/eraztunberdeurdina.eus\/es\/el-domingo-realizaremos-una-ruta-para-conocer-las-orquideas-de-zarautz-con-arkamurka-20250409\/#primaryimage"},"image":{"@id":"https:\/\/eraztunberdeurdina.eus\/es\/el-domingo-realizaremos-una-ruta-para-conocer-las-orquideas-de-zarautz-con-arkamurka-20250409\/#primaryimage"},"thumbnailUrl":"https:\/\/eraztunberdeurdina.eus\/wp-content\/uploads\/2025\/04\/Zarauzko-orkidea-basatiak-1.png","datePublished":"2025-04-09T13:53:27+00:00","breadcrumb":{"@id":"https:\/\/eraztunberdeurdina.eus\/es\/el-domingo-realizaremos-una-ruta-para-conocer-las-orquideas-de-zarautz-con-arkamurka-20250409\/#breadcrumb"},"inLanguage":"es","potentialAction":[{"@type":"ReadAction","target":["https:\/\/eraztunberdeurdina.eus\/es\/el-domingo-realizaremos-una-ruta-para-conocer-las-orquideas-de-zarautz-con-arkamurka-20250409\/"]}]},{"@type":"ImageObject","inLanguage":"es","@id":"https:\/\/eraztunberdeurdina.eus\/es\/el-domingo-realizaremos-una-ruta-para-conocer-las-orquideas-de-zarautz-con-arkamurka-20250409\/#primaryimage","url":"https:\/\/eraztunberdeurdina.eus\/wp-content\/uploads\/2025\/04\/Zarauzko-orkidea-basatiak-1.png","contentUrl":"https:\/\/eraztunberdeurdina.eus\/wp-content\/uploads\/2025\/04\/Zarauzko-orkidea-basatiak-1.png","width":1080,"height":1080},{"@type":"BreadcrumbList","@id":"https:\/\/eraztunberdeurdina.eus\/es\/el-domingo-realizaremos-una-ruta-para-conocer-las-orquideas-de-zarautz-con-arkamurka-20250409\/#breadcrumb","itemListElement":[{"@type":"ListItem","position":1,"name":"Home","item":"https:\/\/eraztunberdeurdina.eus\/es\/anillo-verde-azul\/"},{"@type":"ListItem","position":2,"name":"El domingo realizaremos una ruta para conocer las orqu\u00eddeas de Zarautz con Arkamurka"}]},{"@type":"WebSite","@id":"https:\/\/eraztunberdeurdina.eus\/#website","url":"https:\/\/eraztunberdeurdina.eus\/","name":"Zarauzko Eraztun Berde Urdina","description":"Herri-inguruko berdeguneen zaintza","publisher":{"@id":"https:\/\/eraztunberdeurdina.eus\/#organization"},"potentialAction":[{"@type":"SearchAction","target":{"@type":"EntryPoint","urlTemplate":"https:\/\/eraztunberdeurdina.eus\/?s={search_term_string}"},"query-input":{"@type":"PropertyValueSpecification","valueRequired":true,"valueName":"search_term_string"}}],"inLanguage":"es"},{"@type":"Organization","@id":"https:\/\/eraztunberdeurdina.eus\/#organization","name":"Zarauzko Eraztun Berde Urdina","url":"https:\/\/eraztunberdeurdina.eus\/","logo":{"@type":"ImageObject","inLanguage":"es","@id":"https:\/\/eraztunberdeurdina.eus\/#\/schema\/logo\/image\/","url":"https:\/\/eraztunberdeurdina.eus\/wp-content\/uploads\/2018\/07\/EBUkoloretan.jpg","contentUrl":"https:\/\/eraztunberdeurdina.eus\/wp-content\/uploads\/2018\/07\/EBUkoloretan.jpg","width":934,"height":687,"caption":"Zarauzko Eraztun Berde Urdina"},"image":{"@id":"https:\/\/eraztunberdeurdina.eus\/#\/schema\/logo\/image\/"}},{"@type":"Person","@id":"https:\/\/eraztunberdeurdina.eus\/#\/schema\/person\/a9c3a9d9ddfc0024a1d798d33b8eb53c","name":"ebu"}]}},"_links":{"self":[{"href":"https:\/\/eraztunberdeurdina.eus\/es\/wp-json\/wp\/v2\/posts\/3987","targetHints":{"allow":["GET"]}}],"collection":[{"href":"https:\/\/eraztunberdeurdina.eus\/es\/wp-json\/wp\/v2\/posts"}],"about":[{"href":"https:\/\/eraztunberdeurdina.eus\/es\/wp-json\/wp\/v2\/types\/post"}],"author":[{"embeddable":true,"href":"https:\/\/eraztunberdeurdina.eus\/es\/wp-json\/wp\/v2\/users\/3"}],"replies":[{"embeddable":true,"href":"https:\/\/eraztunberdeurdina.eus\/es\/wp-json\/wp\/v2\/comments?post=3987"}],"version-history":[{"count":1,"href":"https:\/\/eraztunberdeurdina.eus\/es\/wp-json\/wp\/v2\/posts\/3987\/revisions"}],"predecessor-version":[{"id":3988,"href":"https:\/\/eraztunberdeurdina.eus\/es\/wp-json\/wp\/v2\/posts\/3987\/revisions\/3988"}],"wp:featuredmedia":[{"embeddable":true,"href":"https:\/\/eraztunberdeurdina.eus\/es\/wp-json\/wp\/v2\/media\/3985"}],"wp:attachment":[{"href":"https:\/\/eraztunberdeurdina.eus\/es\/wp-json\/wp\/v2\/media?parent=3987"}],"wp:term":[{"taxonomy":"category","embeddable":true,"href":"https:\/\/eraztunberdeurdina.eus\/es\/wp-json\/wp\/v2\/categories?post=3987"},{"taxonomy":"post_tag","embeddable":true,"href":"https:\/\/eraztunberdeurdina.eus\/es\/wp-json\/wp\/v2\/tags?post=3987"}],"curies":[{"name":"wp","href":"https:\/\/api.w.org\/{rel}","templated":true}]}}