{"id":3994,"date":"2025-04-15T13:49:33","date_gmt":"2025-04-15T11:49:33","guid":{"rendered":"https:\/\/eraztunberdeurdina.eus\/?p=3994"},"modified":"2025-04-15T13:50:37","modified_gmt":"2025-04-15T11:50:37","slug":"rutas-guiadas-del-ebu-en-semana-santa","status":"publish","type":"post","link":"https:\/\/eraztunberdeurdina.eus\/es\/rutas-guiadas-del-ebu-en-semana-santa-20250415\/","title":{"rendered":"Rutas guiadas del EBU en Semana Santa"},"content":{"rendered":"<p>El \u00c1rea de Medio Ambiente del Ayuntamiento de Zarautz ha organizado visitas guiadas al Anillo Verde Azul de cara a la Semana Santa con el objetivo de dar a conocer el valor de este entorno natural. Las rutas guiadas se realizar\u00e1n en 3 itinerarios: Humedales, Arkamurka e I\u00f1urritza. Los dos primeros se ofrecer\u00e1n el viernes por la tarde, por turnos, mientras que el de I\u00f1urritza se ofrecer\u00e1 el s\u00e1bado de la semana de Pascua, por la ma\u00f1ana, coincidiendo con la bajamar.<\/p>\n<p>El objetivo de estas rutas guiadas es dar a conocer los diferentes ecosistemas presentes en el Anillo Verde Azul y sensibilizar a la ciudadan\u00eda sobre estos valores ambientales. Estas salidas se ofrecen a la ciudadan\u00eda en verano y Semana Santa, as\u00ed como a los centros escolares durante el curso escolar.<br \/>\nEstas visitas mostrar\u00e1n las caracter\u00edsticas de estos espacios naturales, como los h\u00e1bitats de cada zona, fauna, flora, hidrogeolog\u00eda, paisaje, impacto en el cambio clim\u00e1tico, gesti\u00f3n del espacio, figuras de protecci\u00f3n, planes de gesti\u00f3n, trabajos de recuperaci\u00f3n realizados hasta la fecha, que se llevar\u00e1n a cabo a partir de ahora, etc.<\/p>\n<p>En los \u00faltimos a\u00f1os se han realizado varias mejoras para convertir dos espacios del Anillo Verde Azul de manera m\u00e1s accesible, concretamente el parque de Vista Alegre y el trazado de I\u00f1urritza. Esta \u00faltima est\u00e1 adaptada para hacer en silla de ruedas. Adem\u00e1s, se ha posibilitado una app accesible para que la informaci\u00f3n de los paneles situados en los puntos de inter\u00e9s llegue a m\u00e1s gente, en lengua de signos, y se puede recibir informaci\u00f3n en 6 idiomas.<\/p>\n<p>Las salidas guiadas tienen un car\u00e1cter participativo, es decir, permitir\u00e1n al visitante escuchar las explicaciones y realizar diversos experimentos, adecuados para las familias. El aforo ser\u00e1 limitado, por lo que los interesados deber\u00e1n inscribirse previamente (por tel\u00e9fono, presencial o por e-mail) en la Oficina de Turismo de Zarautz. En cada salida se ofrecer\u00e1 documentaci\u00f3n espec\u00edfica relacionada con los ecosistemas del entorno.<\/p>\n","protected":false},"excerpt":{"rendered":"<p>El \u00c1rea de Medio Ambiente del Ayuntamiento de Zarautz ha organizado visitas guiadas al Anillo Verde Azul de cara a [&hellip;]<\/p>\n","protected":false},"author":3,"featured_media":3993,"comment_status":"closed","ping_status":"closed","sticky":false,"template":"","format":"standard","meta":{"_acf_changed":false,"site-sidebar-layout":"default","site-content-layout":"","ast-site-content-layout":"default","site-content-style":"default","site-sidebar-style":"default","ast-global-header-display":"","ast-banner-title-visibility":"","ast-main-header-display":"","ast-hfb-above-header-display":"","ast-hfb-below-header-display":"","ast-hfb-mobile-header-display":"","site-post-title":"","ast-breadcrumbs-content":"","ast-featured-img":"","footer-sml-layout":"","ast-disable-related-posts":"","theme-transparent-header-meta":"","adv-header-id-meta":"","stick-header-meta":"","header-above-stick-meta":"","header-main-stick-meta":"","header-below-stick-meta":"","astra-migrate-meta-layouts":"default","ast-page-background-enabled":"default","ast-page-background-meta":{"desktop":{"background-color":"var(--ast-global-color-5)","background-image":"","background-repeat":"repeat","background-position":"center center","background-size":"auto","background-attachment":"scroll","background-type":"","background-media":"","overlay-type":"","overlay-color":"","overlay-opacity":"","overlay-gradient":""},"tablet":{"background-color":"","background-image":"","background-repeat":"repeat","background-position":"center center","background-size":"auto","background-attachment":"scroll","background-type":"","background-media":"","overlay-type":"","overlay-color":"","overlay-opacity":"","overlay-gradient":""},"mobile":{"background-color":"","background-image":"","background-repeat":"repeat","background-position":"center center","background-size":"auto","background-attachment":"scroll","background-type":"","background-media":"","overlay-type":"","overlay-color":"","overlay-opacity":"","overlay-gradient":""}},"ast-content-background-meta":{"desktop":{"background-color":"var(--ast-global-color-4)","background-image":"","background-repeat":"repeat","background-position":"center center","background-size":"auto","background-attachment":"scroll","background-type":"","background-media":"","overlay-type":"","overlay-color":"","overlay-opacity":"","overlay-gradient":""},"tablet":{"background-color":"var(--ast-global-color-4)","background-image":"","background-repeat":"repeat","background-position":"center center","background-size":"auto","background-attachment":"scroll","background-type":"","background-media":"","overlay-type":"","overlay-color":"","overlay-opacity":"","overlay-gradient":""},"mobile":{"background-color":"var(--ast-global-color-4)","background-image":"","background-repeat":"repeat","background-position":"center center","background-size":"auto","background-attachment":"scroll","background-type":"","background-media":"","overlay-type":"","overlay-color":"","overlay-opacity":"","overlay-gradient":""}},"footnotes":""},"categories":[86,442,555],"tags":[33,44,34,89,83,801,538],"class_list":["post-3994","post","type-post","status-publish","format-standard","has-post-thumbnail","hentry","category-actividades","category-biodiversidad","category-salidas-guiadas","tag-anillo-verde-azul","tag-arkamurka","tag-eraztun-berde-urdina","tag-humedales","tag-inurritza","tag-rutas-guiadas","tag-salidas-guiadas"],"acf":[],"yoast_head":"<!-- This site is optimized with the Yoast SEO plugin v27.1.1 - https:\/\/yoast.com\/product\/yoast-seo-wordpress\/ -->\n<title>Rutas guiadas del EBU en Semana Santa - Anillo Verde Azul de Zarautz<\/title>\n<meta name=\"robots\" content=\"index, follow, max-snippet:-1, max-image-preview:large, max-video-preview:-1\" \/>\n<link rel=\"canonical\" href=\"https:\/\/eraztunberdeurdina.eus\/es\/rutas-guiadas-del-ebu-en-semana-santa-20250415\/\" \/>\n<meta property=\"og:locale\" content=\"es_ES\" \/>\n<meta property=\"og:type\" content=\"article\" \/>\n<meta property=\"og:title\" content=\"Rutas guiadas del EBU en Semana Santa - Anillo Verde Azul de Zarautz\" \/>\n<meta property=\"og:description\" content=\"El \u00c1rea de Medio Ambiente del Ayuntamiento de Zarautz ha organizado visitas guiadas al Anillo Verde Azul de cara a [&hellip;]\" \/>\n<meta property=\"og:url\" content=\"https:\/\/eraztunberdeurdina.eus\/es\/rutas-guiadas-del-ebu-en-semana-santa-20250415\/\" \/>\n<meta property=\"og:site_name\" content=\"Anillo Verde Azul de Zarautz\" \/>\n<meta property=\"article:published_time\" content=\"2025-04-15T11:49:33+00:00\" \/>\n<meta property=\"article:modified_time\" content=\"2025-04-15T11:50:37+00:00\" \/>\n<meta property=\"og:image\" content=\"https:\/\/eraztunberdeurdina.eus\/wp-content\/uploads\/2025\/04\/ebu-IRTEERA-GIDATUAK1-600x600.png\" \/>\n\t<meta property=\"og:image:width\" content=\"600\" \/>\n\t<meta property=\"og:image:height\" content=\"600\" \/>\n\t<meta property=\"og:image:type\" content=\"image\/png\" \/>\n<meta name=\"author\" content=\"ebu\" \/>\n<meta name=\"twitter:card\" content=\"summary_large_image\" \/>\n<meta name=\"twitter:label1\" content=\"Escrito por\" \/>\n\t<meta name=\"twitter:data1\" content=\"ebu\" \/>\n\t<meta name=\"twitter:label2\" content=\"Tiempo de lectura\" \/>\n\t<meta name=\"twitter:data2\" content=\"2 minutos\" \/>\n<script type=\"application\/ld+json\" class=\"yoast-schema-graph\">{\"@context\":\"https:\/\/schema.org\",\"@graph\":[{\"@type\":\"Article\",\"@id\":\"https:\/\/eraztunberdeurdina.eus\/es\/rutas-guiadas-del-ebu-en-semana-santa-20250415\/#article\",\"isPartOf\":{\"@id\":\"https:\/\/eraztunberdeurdina.eus\/es\/rutas-guiadas-del-ebu-en-semana-santa-20250415\/\"},\"author\":{\"name\":\"ebu\",\"@id\":\"https:\/\/eraztunberdeurdina.eus\/#\/schema\/person\/a9c3a9d9ddfc0024a1d798d33b8eb53c\"},\"headline\":\"Rutas guiadas del EBU en Semana Santa\",\"datePublished\":\"2025-04-15T11:49:33+00:00\",\"dateModified\":\"2025-04-15T11:50:37+00:00\",\"mainEntityOfPage\":{\"@id\":\"https:\/\/eraztunberdeurdina.eus\/es\/rutas-guiadas-del-ebu-en-semana-santa-20250415\/\"},\"wordCount\":357,\"publisher\":{\"@id\":\"https:\/\/eraztunberdeurdina.eus\/#organization\"},\"image\":{\"@id\":\"https:\/\/eraztunberdeurdina.eus\/es\/rutas-guiadas-del-ebu-en-semana-santa-20250415\/#primaryimage\"},\"thumbnailUrl\":\"https:\/\/eraztunberdeurdina.eus\/wp-content\/uploads\/2025\/04\/ebu-IRTEERA-GIDATUAK1.png\",\"keywords\":[\"anillo verde azul\",\"arkamurka\",\"Eraztun Berde Urdina\",\"humedales\",\"I\u00f1urritza\",\"rutas guiadas\",\"salidas guiadas\"],\"articleSection\":[\"Actividades\",\"biodiversidad\",\"salidas guiadas\"],\"inLanguage\":\"es\"},{\"@type\":\"WebPage\",\"@id\":\"https:\/\/eraztunberdeurdina.eus\/es\/rutas-guiadas-del-ebu-en-semana-santa-20250415\/\",\"url\":\"https:\/\/eraztunberdeurdina.eus\/es\/rutas-guiadas-del-ebu-en-semana-santa-20250415\/\",\"name\":\"Rutas guiadas del EBU en Semana Santa - Anillo Verde Azul de Zarautz\",\"isPartOf\":{\"@id\":\"https:\/\/eraztunberdeurdina.eus\/#website\"},\"primaryImageOfPage\":{\"@id\":\"https:\/\/eraztunberdeurdina.eus\/es\/rutas-guiadas-del-ebu-en-semana-santa-20250415\/#primaryimage\"},\"image\":{\"@id\":\"https:\/\/eraztunberdeurdina.eus\/es\/rutas-guiadas-del-ebu-en-semana-santa-20250415\/#primaryimage\"},\"thumbnailUrl\":\"https:\/\/eraztunberdeurdina.eus\/wp-content\/uploads\/2025\/04\/ebu-IRTEERA-GIDATUAK1.png\",\"datePublished\":\"2025-04-15T11:49:33+00:00\",\"dateModified\":\"2025-04-15T11:50:37+00:00\",\"breadcrumb\":{\"@id\":\"https:\/\/eraztunberdeurdina.eus\/es\/rutas-guiadas-del-ebu-en-semana-santa-20250415\/#breadcrumb\"},\"inLanguage\":\"es\",\"potentialAction\":[{\"@type\":\"ReadAction\",\"target\":[\"https:\/\/eraztunberdeurdina.eus\/es\/rutas-guiadas-del-ebu-en-semana-santa-20250415\/\"]}]},{\"@type\":\"ImageObject\",\"inLanguage\":\"es\",\"@id\":\"https:\/\/eraztunberdeurdina.eus\/es\/rutas-guiadas-del-ebu-en-semana-santa-20250415\/#primaryimage\",\"url\":\"https:\/\/eraztunberdeurdina.eus\/wp-content\/uploads\/2025\/04\/ebu-IRTEERA-GIDATUAK1.png\",\"contentUrl\":\"https:\/\/eraztunberdeurdina.eus\/wp-content\/uploads\/2025\/04\/ebu-IRTEERA-GIDATUAK1.png\",\"width\":1587,\"height\":2245},{\"@type\":\"BreadcrumbList\",\"@id\":\"https:\/\/eraztunberdeurdina.eus\/es\/rutas-guiadas-del-ebu-en-semana-santa-20250415\/#breadcrumb\",\"itemListElement\":[{\"@type\":\"ListItem\",\"position\":1,\"name\":\"Home\",\"item\":\"https:\/\/eraztunberdeurdina.eus\/es\/anillo-verde-azul\/\"},{\"@type\":\"ListItem\",\"position\":2,\"name\":\"Rutas guiadas del EBU en Semana Santa\"}]},{\"@type\":\"WebSite\",\"@id\":\"https:\/\/eraztunberdeurdina.eus\/#website\",\"url\":\"https:\/\/eraztunberdeurdina.eus\/\",\"name\":\"Zarauzko Eraztun Berde Urdina\",\"description\":\"Herri-inguruko berdeguneen zaintza\",\"publisher\":{\"@id\":\"https:\/\/eraztunberdeurdina.eus\/#organization\"},\"potentialAction\":[{\"@type\":\"SearchAction\",\"target\":{\"@type\":\"EntryPoint\",\"urlTemplate\":\"https:\/\/eraztunberdeurdina.eus\/?s={search_term_string}\"},\"query-input\":{\"@type\":\"PropertyValueSpecification\",\"valueRequired\":true,\"valueName\":\"search_term_string\"}}],\"inLanguage\":\"es\"},{\"@type\":\"Organization\",\"@id\":\"https:\/\/eraztunberdeurdina.eus\/#organization\",\"name\":\"Zarauzko Eraztun Berde Urdina\",\"url\":\"https:\/\/eraztunberdeurdina.eus\/\",\"logo\":{\"@type\":\"ImageObject\",\"inLanguage\":\"es\",\"@id\":\"https:\/\/eraztunberdeurdina.eus\/#\/schema\/logo\/image\/\",\"url\":\"https:\/\/eraztunberdeurdina.eus\/wp-content\/uploads\/2018\/07\/EBUkoloretan.jpg\",\"contentUrl\":\"https:\/\/eraztunberdeurdina.eus\/wp-content\/uploads\/2018\/07\/EBUkoloretan.jpg\",\"width\":934,\"height\":687,\"caption\":\"Zarauzko Eraztun Berde Urdina\"},\"image\":{\"@id\":\"https:\/\/eraztunberdeurdina.eus\/#\/schema\/logo\/image\/\"}},{\"@type\":\"Person\",\"@id\":\"https:\/\/eraztunberdeurdina.eus\/#\/schema\/person\/a9c3a9d9ddfc0024a1d798d33b8eb53c\",\"name\":\"ebu\"}]}<\/script>\n<!-- \/ Yoast SEO plugin. -->","yoast_head_json":{"title":"Rutas guiadas del EBU en Semana Santa - Anillo Verde Azul de Zarautz","robots":{"index":"index","follow":"follow","max-snippet":"max-snippet:-1","max-image-preview":"max-image-preview:large","max-video-preview":"max-video-preview:-1"},"canonical":"https:\/\/eraztunberdeurdina.eus\/es\/rutas-guiadas-del-ebu-en-semana-santa-20250415\/","og_locale":"es_ES","og_type":"article","og_title":"Rutas guiadas del EBU en Semana Santa - Anillo Verde Azul de Zarautz","og_description":"El \u00c1rea de Medio Ambiente del Ayuntamiento de Zarautz ha organizado visitas guiadas al Anillo Verde Azul de cara a [&hellip;]","og_url":"https:\/\/eraztunberdeurdina.eus\/es\/rutas-guiadas-del-ebu-en-semana-santa-20250415\/","og_site_name":"Anillo Verde Azul de Zarautz","article_published_time":"2025-04-15T11:49:33+00:00","article_modified_time":"2025-04-15T11:50:37+00:00","og_image":[{"width":600,"height":600,"url":"https:\/\/eraztunberdeurdina.eus\/wp-content\/uploads\/2025\/04\/ebu-IRTEERA-GIDATUAK1-600x600.png","type":"image\/png"}],"author":"ebu","twitter_card":"summary_large_image","twitter_misc":{"Escrito por":"ebu","Tiempo de lectura":"2 minutos"},"schema":{"@context":"https:\/\/schema.org","@graph":[{"@type":"Article","@id":"https:\/\/eraztunberdeurdina.eus\/es\/rutas-guiadas-del-ebu-en-semana-santa-20250415\/#article","isPartOf":{"@id":"https:\/\/eraztunberdeurdina.eus\/es\/rutas-guiadas-del-ebu-en-semana-santa-20250415\/"},"author":{"name":"ebu","@id":"https:\/\/eraztunberdeurdina.eus\/#\/schema\/person\/a9c3a9d9ddfc0024a1d798d33b8eb53c"},"headline":"Rutas guiadas del EBU en Semana Santa","datePublished":"2025-04-15T11:49:33+00:00","dateModified":"2025-04-15T11:50:37+00:00","mainEntityOfPage":{"@id":"https:\/\/eraztunberdeurdina.eus\/es\/rutas-guiadas-del-ebu-en-semana-santa-20250415\/"},"wordCount":357,"publisher":{"@id":"https:\/\/eraztunberdeurdina.eus\/#organization"},"image":{"@id":"https:\/\/eraztunberdeurdina.eus\/es\/rutas-guiadas-del-ebu-en-semana-santa-20250415\/#primaryimage"},"thumbnailUrl":"https:\/\/eraztunberdeurdina.eus\/wp-content\/uploads\/2025\/04\/ebu-IRTEERA-GIDATUAK1.png","keywords":["anillo verde azul","arkamurka","Eraztun Berde Urdina","humedales","I\u00f1urritza","rutas guiadas","salidas guiadas"],"articleSection":["Actividades","biodiversidad","salidas guiadas"],"inLanguage":"es"},{"@type":"WebPage","@id":"https:\/\/eraztunberdeurdina.eus\/es\/rutas-guiadas-del-ebu-en-semana-santa-20250415\/","url":"https:\/\/eraztunberdeurdina.eus\/es\/rutas-guiadas-del-ebu-en-semana-santa-20250415\/","name":"Rutas guiadas del EBU en Semana Santa - Anillo Verde Azul de Zarautz","isPartOf":{"@id":"https:\/\/eraztunberdeurdina.eus\/#website"},"primaryImageOfPage":{"@id":"https:\/\/eraztunberdeurdina.eus\/es\/rutas-guiadas-del-ebu-en-semana-santa-20250415\/#primaryimage"},"image":{"@id":"https:\/\/eraztunberdeurdina.eus\/es\/rutas-guiadas-del-ebu-en-semana-santa-20250415\/#primaryimage"},"thumbnailUrl":"https:\/\/eraztunberdeurdina.eus\/wp-content\/uploads\/2025\/04\/ebu-IRTEERA-GIDATUAK1.png","datePublished":"2025-04-15T11:49:33+00:00","dateModified":"2025-04-15T11:50:37+00:00","breadcrumb":{"@id":"https:\/\/eraztunberdeurdina.eus\/es\/rutas-guiadas-del-ebu-en-semana-santa-20250415\/#breadcrumb"},"inLanguage":"es","potentialAction":[{"@type":"ReadAction","target":["https:\/\/eraztunberdeurdina.eus\/es\/rutas-guiadas-del-ebu-en-semana-santa-20250415\/"]}]},{"@type":"ImageObject","inLanguage":"es","@id":"https:\/\/eraztunberdeurdina.eus\/es\/rutas-guiadas-del-ebu-en-semana-santa-20250415\/#primaryimage","url":"https:\/\/eraztunberdeurdina.eus\/wp-content\/uploads\/2025\/04\/ebu-IRTEERA-GIDATUAK1.png","contentUrl":"https:\/\/eraztunberdeurdina.eus\/wp-content\/uploads\/2025\/04\/ebu-IRTEERA-GIDATUAK1.png","width":1587,"height":2245},{"@type":"BreadcrumbList","@id":"https:\/\/eraztunberdeurdina.eus\/es\/rutas-guiadas-del-ebu-en-semana-santa-20250415\/#breadcrumb","itemListElement":[{"@type":"ListItem","position":1,"name":"Home","item":"https:\/\/eraztunberdeurdina.eus\/es\/anillo-verde-azul\/"},{"@type":"ListItem","position":2,"name":"Rutas guiadas del EBU en Semana Santa"}]},{"@type":"WebSite","@id":"https:\/\/eraztunberdeurdina.eus\/#website","url":"https:\/\/eraztunberdeurdina.eus\/","name":"Zarauzko Eraztun Berde Urdina","description":"Herri-inguruko berdeguneen zaintza","publisher":{"@id":"https:\/\/eraztunberdeurdina.eus\/#organization"},"potentialAction":[{"@type":"SearchAction","target":{"@type":"EntryPoint","urlTemplate":"https:\/\/eraztunberdeurdina.eus\/?s={search_term_string}"},"query-input":{"@type":"PropertyValueSpecification","valueRequired":true,"valueName":"search_term_string"}}],"inLanguage":"es"},{"@type":"Organization","@id":"https:\/\/eraztunberdeurdina.eus\/#organization","name":"Zarauzko Eraztun Berde Urdina","url":"https:\/\/eraztunberdeurdina.eus\/","logo":{"@type":"ImageObject","inLanguage":"es","@id":"https:\/\/eraztunberdeurdina.eus\/#\/schema\/logo\/image\/","url":"https:\/\/eraztunberdeurdina.eus\/wp-content\/uploads\/2018\/07\/EBUkoloretan.jpg","contentUrl":"https:\/\/eraztunberdeurdina.eus\/wp-content\/uploads\/2018\/07\/EBUkoloretan.jpg","width":934,"height":687,"caption":"Zarauzko Eraztun Berde Urdina"},"image":{"@id":"https:\/\/eraztunberdeurdina.eus\/#\/schema\/logo\/image\/"}},{"@type":"Person","@id":"https:\/\/eraztunberdeurdina.eus\/#\/schema\/person\/a9c3a9d9ddfc0024a1d798d33b8eb53c","name":"ebu"}]}},"_links":{"self":[{"href":"https:\/\/eraztunberdeurdina.eus\/es\/wp-json\/wp\/v2\/posts\/3994","targetHints":{"allow":["GET"]}}],"collection":[{"href":"https:\/\/eraztunberdeurdina.eus\/es\/wp-json\/wp\/v2\/posts"}],"about":[{"href":"https:\/\/eraztunberdeurdina.eus\/es\/wp-json\/wp\/v2\/types\/post"}],"author":[{"embeddable":true,"href":"https:\/\/eraztunberdeurdina.eus\/es\/wp-json\/wp\/v2\/users\/3"}],"replies":[{"embeddable":true,"href":"https:\/\/eraztunberdeurdina.eus\/es\/wp-json\/wp\/v2\/comments?post=3994"}],"version-history":[{"count":1,"href":"https:\/\/eraztunberdeurdina.eus\/es\/wp-json\/wp\/v2\/posts\/3994\/revisions"}],"predecessor-version":[{"id":3995,"href":"https:\/\/eraztunberdeurdina.eus\/es\/wp-json\/wp\/v2\/posts\/3994\/revisions\/3995"}],"wp:featuredmedia":[{"embeddable":true,"href":"https:\/\/eraztunberdeurdina.eus\/es\/wp-json\/wp\/v2\/media\/3993"}],"wp:attachment":[{"href":"https:\/\/eraztunberdeurdina.eus\/es\/wp-json\/wp\/v2\/media?parent=3994"}],"wp:term":[{"taxonomy":"category","embeddable":true,"href":"https:\/\/eraztunberdeurdina.eus\/es\/wp-json\/wp\/v2\/categories?post=3994"},{"taxonomy":"post_tag","embeddable":true,"href":"https:\/\/eraztunberdeurdina.eus\/es\/wp-json\/wp\/v2\/tags?post=3994"}],"curies":[{"name":"wp","href":"https:\/\/api.w.org\/{rel}","templated":true}]}}