{"id":4052,"date":"2025-04-28T10:59:44","date_gmt":"2025-04-28T08:59:44","guid":{"rendered":"https:\/\/eraztunberdeurdina.eus\/?p=4052"},"modified":"2025-04-30T11:03:05","modified_gmt":"2025-04-30T09:03:05","slug":"zarautz-familia-giroan-2025","status":"publish","type":"post","link":"https:\/\/eraztunberdeurdina.eus\/es\/zarautz-familia-giroan-2025-20250428\/","title":{"rendered":"Zarautz Familia Giroan 2025"},"content":{"rendered":"<p>Ma\u00f1ana (1 de mayo) celebraremos el festival Zarautz Familia Giroan y con vuestra familia podr\u00e9is disfrutar de una gran variedad de actividades en Zarautz. Muchas de estas actividades se llevar\u00e1n a cabo en el Anillo Verde Azul: itinerarios de orientaci\u00f3n permanentes, parque de juegos y tirolinas del parque de Vista Alegre, rutas guiadas, recorridos autoguiados&#8230;<\/p>\n<p><img fetchpriority=\"high\" decoding=\"async\" class=\"alignnone size-medium wp-image-4043\" src=\"https:\/\/eraztunberdeurdina.eus\/wp-content\/uploads\/2025\/04\/WhatsApp-Image-2025-04-29-at-16.34.57-600x600.jpeg\" alt=\"\" width=\"600\" height=\"600\" srcset=\"https:\/\/eraztunberdeurdina.eus\/wp-content\/uploads\/2025\/04\/WhatsApp-Image-2025-04-29-at-16.34.57-600x600.jpeg 600w, https:\/\/eraztunberdeurdina.eus\/wp-content\/uploads\/2025\/04\/WhatsApp-Image-2025-04-29-at-16.34.57-300x300.jpeg 300w, https:\/\/eraztunberdeurdina.eus\/wp-content\/uploads\/2025\/04\/WhatsApp-Image-2025-04-29-at-16.34.57-768x768.jpeg 768w, https:\/\/eraztunberdeurdina.eus\/wp-content\/uploads\/2025\/04\/WhatsApp-Image-2025-04-29-at-16.34.57-85x85.jpeg 85w, https:\/\/eraztunberdeurdina.eus\/wp-content\/uploads\/2025\/04\/WhatsApp-Image-2025-04-29-at-16.34.57-500x500.jpeg 500w, https:\/\/eraztunberdeurdina.eus\/wp-content\/uploads\/2025\/04\/WhatsApp-Image-2025-04-29-at-16.34.57.jpeg 1024w\" sizes=\"(max-width: 600px) 100vw, 600px\" \/><\/p>\n<p>Entre las distintas actividades, hemos organizado para ma\u00f1ana la ruta guiada Arkamurka, donde las familias realizar\u00e1n peque\u00f1os talleres y experimentos para descubrir y disfrutar de la naturaleza. Para esta excursi\u00f3n hay que apuntarse y las plazas de participaci\u00f3n se est\u00e1n agotando. \u00a1An\u00edmate y participa!<\/p>\n<p><strong>ARKAMURKA ibilbidea familian (plazas limitadas)<\/strong><\/p>\n<p><span class=\"x13faqbe x193iq5w x1943h6x x1cpjm7i x1fgarty x1gmr53x x1lliihq x1s928wv x1vvkbs x1xmvt09 x1yc453h x3x7a5m x6prxxf xeuugli xhkezso xo1l8bm xudqn12 xvq8zen xzsf02u\" dir=\"auto\"><span class=\"html-span x16tdsg8 x18d9i69 x1fcty0u x1hl2dhg x1j61x8r x1kky2od x1vvkbs x3nfvp2 x4uap5 xat24cr xdj266r xexx8yu xgzva0m xhhsvwb xkhd6sd xlup9mm xxymvpz\"><img decoding=\"async\" class=\"xz74otr x168nmei x13lgxp2 x5pf9jr xo71vjh\" src=\"https:\/\/static.xx.fbcdn.net\/images\/emoji.php\/v9\/t5c\/1\/16\/1f5d3.png\" alt=\"\ud83d\uddd3\" width=\"16\" height=\"16\" \/><\/span><\/span> 2025-05-01<\/p>\n<p><span class=\"x13faqbe x193iq5w x1943h6x x1cpjm7i x1fgarty x1gmr53x x1lliihq x1s928wv x1vvkbs x1xmvt09 x1yc453h x3x7a5m x6prxxf xeuugli xhkezso xo1l8bm xudqn12 xvq8zen xzsf02u\" dir=\"auto\"><span class=\"html-span x16tdsg8 x18d9i69 x1fcty0u x1hl2dhg x1j61x8r x1kky2od x1vvkbs x3nfvp2 x4uap5 xat24cr xdj266r xexx8yu xgzva0m xhhsvwb xkhd6sd xlup9mm xxymvpz\"><img decoding=\"async\" class=\"xz74otr x168nmei x13lgxp2 x5pf9jr xo71vjh\" src=\"https:\/\/static.xx.fbcdn.net\/images\/emoji.php\/v9\/t34\/1\/16\/23f0.png\" alt=\"\u23f0\" width=\"16\" height=\"16\" \/><\/span><\/span>\u00a010:00<\/p>\n<p>Izen-ematea:<br \/>\n<span class=\"x13faqbe x193iq5w x1943h6x x1cpjm7i x1fgarty x1gmr53x x1lliihq x1s928wv x1vvkbs x1xmvt09 x1yc453h x3x7a5m x6prxxf xeuugli xhkezso xo1l8bm xudqn12 xvq8zen xzsf02u\" dir=\"auto\"><span class=\"html-span x16tdsg8 x18d9i69 x1fcty0u x1hl2dhg x1j61x8r x1kky2od x1vvkbs x3nfvp2 x4uap5 xat24cr xdj266r xexx8yu xgzva0m xhhsvwb xkhd6sd xlup9mm xxymvpz\"><img loading=\"lazy\" decoding=\"async\" class=\"xz74otr x168nmei x13lgxp2 x5pf9jr xo71vjh\" src=\"https:\/\/static.xx.fbcdn.net\/images\/emoji.php\/v9\/t22\/1\/16\/260e.png\" alt=\"\u260e\ufe0f\" width=\"16\" height=\"16\" \/><\/span><\/span> 943830990<br \/>\n<span class=\"x19co3pv x1o6pynw x1xsqp64 x2b8uid x39eecv xat24cr xcwd3tp xdj266r xiy17q3\" data-testid=\"emoji\"><span class=\"x18d9i69 x1bhl96m x2fxd7x x3jgonx xexx8yu xn5pp95\">\ud83d\udce9<\/span><\/span>\u00a0turismoa@zarautz.eus<\/p>\n<p><img loading=\"lazy\" decoding=\"async\" class=\"alignnone size-medium wp-image-4045\" src=\"https:\/\/eraztunberdeurdina.eus\/wp-content\/uploads\/2025\/04\/Izenik-gabeko-diseinua-600x480.png\" alt=\"\" width=\"600\" height=\"480\" srcset=\"https:\/\/eraztunberdeurdina.eus\/wp-content\/uploads\/2025\/04\/Izenik-gabeko-diseinua-600x480.png 600w, https:\/\/eraztunberdeurdina.eus\/wp-content\/uploads\/2025\/04\/Izenik-gabeko-diseinua-768x614.png 768w, https:\/\/eraztunberdeurdina.eus\/wp-content\/uploads\/2025\/04\/Izenik-gabeko-diseinua.png 2000w\" sizes=\"(max-width: 600px) 100vw, 600px\" \/><\/p>\n<p>Aqu\u00ed pod\u00e9s consultar el programa y el plano de la fiesta Zarautz Familia Giroan 2025:<\/p>\n<p><img loading=\"lazy\" decoding=\"async\" class=\"alignnone size-medium wp-image-4047\" src=\"https:\/\/eraztunberdeurdina.eus\/wp-content\/uploads\/2025\/04\/492399199_1274485200758305_2519842811201679936_n-600x425.jpg\" alt=\"\" width=\"600\" height=\"425\" srcset=\"https:\/\/eraztunberdeurdina.eus\/wp-content\/uploads\/2025\/04\/492399199_1274485200758305_2519842811201679936_n-600x425.jpg 600w, https:\/\/eraztunberdeurdina.eus\/wp-content\/uploads\/2025\/04\/492399199_1274485200758305_2519842811201679936_n-768x543.jpg 768w, https:\/\/eraztunberdeurdina.eus\/wp-content\/uploads\/2025\/04\/492399199_1274485200758305_2519842811201679936_n.jpg 1754w\" sizes=\"(max-width: 600px) 100vw, 600px\" \/><\/p>\n<p><img loading=\"lazy\" decoding=\"async\" class=\"alignnone size-medium wp-image-4049\" src=\"https:\/\/eraztunberdeurdina.eus\/wp-content\/uploads\/2025\/04\/492502373_1274485204091638_7707812874399133193_n-600x425.jpg\" alt=\"\" width=\"600\" height=\"425\" srcset=\"https:\/\/eraztunberdeurdina.eus\/wp-content\/uploads\/2025\/04\/492502373_1274485204091638_7707812874399133193_n-600x425.jpg 600w, https:\/\/eraztunberdeurdina.eus\/wp-content\/uploads\/2025\/04\/492502373_1274485204091638_7707812874399133193_n-768x543.jpg 768w, https:\/\/eraztunberdeurdina.eus\/wp-content\/uploads\/2025\/04\/492502373_1274485204091638_7707812874399133193_n.jpg 1754w\" sizes=\"(max-width: 600px) 100vw, 600px\" \/><\/p>\n<p>M\u00e1s informaci\u00f3n <span class=\"x13faqbe x193iq5w x1943h6x x1cpjm7i x1fgarty x1gmr53x x1lliihq x1s928wv x1vvkbs x1xmvt09 x1yc453h x3x7a5m x6prxxf xeuugli xhkezso xo1l8bm xudqn12 xvq8zen xzsf02u\" dir=\"auto\"><span class=\"html-span x16tdsg8 x18d9i69 x1fcty0u x1hl2dhg x1j61x8r x1kky2od x1vvkbs x3nfvp2 x4uap5 xat24cr xdj266r xexx8yu xgzva0m xhhsvwb xkhd6sd xlup9mm xxymvpz\"><img loading=\"lazy\" decoding=\"async\" class=\"xz74otr x168nmei x13lgxp2 x5pf9jr xo71vjh\" src=\"https:\/\/static.xx.fbcdn.net\/images\/emoji.php\/v9\/t51\/1\/16\/1f449.png\" alt=\"\ud83d\udc49\" width=\"16\" height=\"16\" \/><\/span><\/span>\u00a0 <a href=\"https:\/\/l.facebook.com\/l.php?u=https%3A%2F%2Flabur.eus%2F6prpc5yn%3Ffbclid%3DIwZXh0bgNhZW0CMTAAYnJpZBEwb3hGdzlXYTZOTkYwV0hoegEec2-mktoCB1hW9LX5HzzpvBURcrsefoflhlcM6LPTh836YdcI_gqHqmpfdSI_aem_E70pHh-7E1JA5YoPLI2M4g&amp;h=AT25ttsIfc2FLuPoitzVbgk9atr5SKnRJiwkExwcbcVXTvz7wDxB12dTmu26tLdkAPF-EsDY3pfVFVE3yefmho1MtJyUV0MslKVUGYjBsp642zFfSxqcVwfbo-iqtc8FgkvPVF_Ooz6S7B0g&amp;__tn__=-UK-R&amp;c[0]=AT1hYJCeTaFo8BNfEDK6IROrlAAgOo28RLMM0lCK5fF2G8huVvJ9KyufKN2_F-hjaEJZOGBtDKoxn3iWPdYTEoXpmcFy1_CzA6gyWA5Z06PKGdBCdHGb6pG2vSfTHYUjCI0TBDy-wqMku3-wmcS6EVAPUaAw1yeJOpyoxkuxAERf3RnoA6iDb27pwahLp2vd2DItwku_tz8GHAYi-N82WkF5fZc\">https:\/\/labur.eus\/6prpc5yn<\/a><\/p>\n<p>&nbsp;<\/p>\n","protected":false},"excerpt":{"rendered":"<p>Ma\u00f1ana (1 de mayo) celebraremos el festival Zarautz Familia Giroan y con vuestra familia podr\u00e9is disfrutar de una gran variedad [&hellip;]<\/p>\n","protected":false},"author":3,"featured_media":4044,"comment_status":"closed","ping_status":"closed","sticky":false,"template":"","format":"standard","meta":{"_acf_changed":false,"site-sidebar-layout":"default","site-content-layout":"","ast-site-content-layout":"default","site-content-style":"default","site-sidebar-style":"default","ast-global-header-display":"","ast-banner-title-visibility":"","ast-main-header-display":"","ast-hfb-above-header-display":"","ast-hfb-below-header-display":"","ast-hfb-mobile-header-display":"","site-post-title":"","ast-breadcrumbs-content":"","ast-featured-img":"","footer-sml-layout":"","ast-disable-related-posts":"","theme-transparent-header-meta":"","adv-header-id-meta":"","stick-header-meta":"","header-above-stick-meta":"","header-main-stick-meta":"","header-below-stick-meta":"","astra-migrate-meta-layouts":"default","ast-page-background-enabled":"default","ast-page-background-meta":{"desktop":{"background-color":"var(--ast-global-color-5)","background-image":"","background-repeat":"repeat","background-position":"center center","background-size":"auto","background-attachment":"scroll","background-type":"","background-media":"","overlay-type":"","overlay-color":"","overlay-opacity":"","overlay-gradient":""},"tablet":{"background-color":"","background-image":"","background-repeat":"repeat","background-position":"center center","background-size":"auto","background-attachment":"scroll","background-type":"","background-media":"","overlay-type":"","overlay-color":"","overlay-opacity":"","overlay-gradient":""},"mobile":{"background-color":"","background-image":"","background-repeat":"repeat","background-position":"center center","background-size":"auto","background-attachment":"scroll","background-type":"","background-media":"","overlay-type":"","overlay-color":"","overlay-opacity":"","overlay-gradient":""}},"ast-content-background-meta":{"desktop":{"background-color":"var(--ast-global-color-4)","background-image":"","background-repeat":"repeat","background-position":"center center","background-size":"auto","background-attachment":"scroll","background-type":"","background-media":"","overlay-type":"","overlay-color":"","overlay-opacity":"","overlay-gradient":""},"tablet":{"background-color":"var(--ast-global-color-4)","background-image":"","background-repeat":"repeat","background-position":"center center","background-size":"auto","background-attachment":"scroll","background-type":"","background-media":"","overlay-type":"","overlay-color":"","overlay-opacity":"","overlay-gradient":""},"mobile":{"background-color":"var(--ast-global-color-4)","background-image":"","background-repeat":"repeat","background-position":"center center","background-size":"auto","background-attachment":"scroll","background-type":"","background-media":"","overlay-type":"","overlay-color":"","overlay-opacity":"","overlay-gradient":""}},"footnotes":""},"categories":[23],"tags":[33,106,34,817,28,480,816,428,35],"class_list":["post-4052","post","type-post","status-publish","format-standard","has-post-thumbnail","hentry","category-sin-categorizar","tag-anillo-verde-azul","tag-ayuntamiento-de-zarautz","tag-eraztun-berde-urdina","tag-turismo-zarautz","tag-zarautz","tag-zarautz-familia-giroan","tag-zarautz-familia-giroan-2025","tag-zarautz-udala","tag-zarauzko-udala"],"acf":[],"yoast_head":"<!-- This site is optimized with the Yoast SEO plugin v27.1.1 - https:\/\/yoast.com\/product\/yoast-seo-wordpress\/ -->\n<title>Zarautz Familia Giroan 2025 - Anillo Verde Azul de Zarautz<\/title>\n<meta name=\"robots\" content=\"index, follow, max-snippet:-1, max-image-preview:large, max-video-preview:-1\" \/>\n<link rel=\"canonical\" href=\"https:\/\/eraztunberdeurdina.eus\/es\/zarautz-familia-giroan-2025-20250428\/\" \/>\n<meta property=\"og:locale\" content=\"es_ES\" \/>\n<meta property=\"og:type\" content=\"article\" \/>\n<meta property=\"og:title\" content=\"Zarautz Familia Giroan 2025 - Anillo Verde Azul de Zarautz\" \/>\n<meta property=\"og:description\" content=\"Ma\u00f1ana (1 de mayo) celebraremos el festival Zarautz Familia Giroan y con vuestra familia podr\u00e9is disfrutar de una gran variedad [&hellip;]\" \/>\n<meta property=\"og:url\" content=\"https:\/\/eraztunberdeurdina.eus\/es\/zarautz-familia-giroan-2025-20250428\/\" \/>\n<meta property=\"og:site_name\" content=\"Anillo Verde Azul de Zarautz\" \/>\n<meta property=\"article:published_time\" content=\"2025-04-28T08:59:44+00:00\" \/>\n<meta property=\"article:modified_time\" content=\"2025-04-30T09:03:05+00:00\" \/>\n<meta property=\"og:image\" content=\"https:\/\/eraztunberdeurdina.eus\/wp-content\/uploads\/2025\/04\/WhatsApp-Image-2025-04-29-at-16.34.57.jpeg\" \/>\n\t<meta property=\"og:image:width\" content=\"1024\" \/>\n\t<meta property=\"og:image:height\" content=\"1024\" \/>\n\t<meta property=\"og:image:type\" content=\"image\/jpeg\" \/>\n<meta name=\"author\" content=\"ebu\" \/>\n<meta name=\"twitter:card\" content=\"summary_large_image\" \/>\n<meta name=\"twitter:label1\" content=\"Escrito por\" \/>\n\t<meta name=\"twitter:data1\" content=\"ebu\" \/>\n\t<meta name=\"twitter:label2\" content=\"Tiempo de lectura\" \/>\n\t<meta name=\"twitter:data2\" content=\"1 minuto\" \/>\n<script type=\"application\/ld+json\" class=\"yoast-schema-graph\">{\"@context\":\"https:\/\/schema.org\",\"@graph\":[{\"@type\":\"Article\",\"@id\":\"https:\/\/eraztunberdeurdina.eus\/es\/zarautz-familia-giroan-2025-20250428\/#article\",\"isPartOf\":{\"@id\":\"https:\/\/eraztunberdeurdina.eus\/es\/zarautz-familia-giroan-2025-20250428\/\"},\"author\":{\"name\":\"ebu\",\"@id\":\"https:\/\/eraztunberdeurdina.eus\/#\/schema\/person\/a9c3a9d9ddfc0024a1d798d33b8eb53c\"},\"headline\":\"Zarautz Familia Giroan 2025\",\"datePublished\":\"2025-04-28T08:59:44+00:00\",\"dateModified\":\"2025-04-30T09:03:05+00:00\",\"mainEntityOfPage\":{\"@id\":\"https:\/\/eraztunberdeurdina.eus\/es\/zarautz-familia-giroan-2025-20250428\/\"},\"wordCount\":148,\"publisher\":{\"@id\":\"https:\/\/eraztunberdeurdina.eus\/#organization\"},\"image\":{\"@id\":\"https:\/\/eraztunberdeurdina.eus\/es\/zarautz-familia-giroan-2025-20250428\/#primaryimage\"},\"thumbnailUrl\":\"https:\/\/eraztunberdeurdina.eus\/wp-content\/uploads\/2025\/04\/WhatsApp-Image-2025-04-29-at-16.34.57.jpeg\",\"keywords\":[\"anillo verde azul\",\"Ayuntamiento de Zarautz\",\"Eraztun Berde Urdina\",\"Turismo Zarautz\",\"Zarautz\",\"Zarautz Familia Giroan\",\"Zarautz Familia Giroan 2025\",\"Zarautz Udala\",\"Zarauzko Udala\"],\"articleSection\":[\"Sin categorizar\"],\"inLanguage\":\"es\"},{\"@type\":\"WebPage\",\"@id\":\"https:\/\/eraztunberdeurdina.eus\/es\/zarautz-familia-giroan-2025-20250428\/\",\"url\":\"https:\/\/eraztunberdeurdina.eus\/es\/zarautz-familia-giroan-2025-20250428\/\",\"name\":\"Zarautz Familia Giroan 2025 - Anillo Verde Azul de Zarautz\",\"isPartOf\":{\"@id\":\"https:\/\/eraztunberdeurdina.eus\/#website\"},\"primaryImageOfPage\":{\"@id\":\"https:\/\/eraztunberdeurdina.eus\/es\/zarautz-familia-giroan-2025-20250428\/#primaryimage\"},\"image\":{\"@id\":\"https:\/\/eraztunberdeurdina.eus\/es\/zarautz-familia-giroan-2025-20250428\/#primaryimage\"},\"thumbnailUrl\":\"https:\/\/eraztunberdeurdina.eus\/wp-content\/uploads\/2025\/04\/WhatsApp-Image-2025-04-29-at-16.34.57.jpeg\",\"datePublished\":\"2025-04-28T08:59:44+00:00\",\"dateModified\":\"2025-04-30T09:03:05+00:00\",\"breadcrumb\":{\"@id\":\"https:\/\/eraztunberdeurdina.eus\/es\/zarautz-familia-giroan-2025-20250428\/#breadcrumb\"},\"inLanguage\":\"es\",\"potentialAction\":[{\"@type\":\"ReadAction\",\"target\":[\"https:\/\/eraztunberdeurdina.eus\/es\/zarautz-familia-giroan-2025-20250428\/\"]}]},{\"@type\":\"ImageObject\",\"inLanguage\":\"es\",\"@id\":\"https:\/\/eraztunberdeurdina.eus\/es\/zarautz-familia-giroan-2025-20250428\/#primaryimage\",\"url\":\"https:\/\/eraztunberdeurdina.eus\/wp-content\/uploads\/2025\/04\/WhatsApp-Image-2025-04-29-at-16.34.57.jpeg\",\"contentUrl\":\"https:\/\/eraztunberdeurdina.eus\/wp-content\/uploads\/2025\/04\/WhatsApp-Image-2025-04-29-at-16.34.57.jpeg\",\"width\":1024,\"height\":1024},{\"@type\":\"BreadcrumbList\",\"@id\":\"https:\/\/eraztunberdeurdina.eus\/es\/zarautz-familia-giroan-2025-20250428\/#breadcrumb\",\"itemListElement\":[{\"@type\":\"ListItem\",\"position\":1,\"name\":\"Home\",\"item\":\"https:\/\/eraztunberdeurdina.eus\/es\/anillo-verde-azul\/\"},{\"@type\":\"ListItem\",\"position\":2,\"name\":\"Zarautz Familia Giroan 2025\"}]},{\"@type\":\"WebSite\",\"@id\":\"https:\/\/eraztunberdeurdina.eus\/#website\",\"url\":\"https:\/\/eraztunberdeurdina.eus\/\",\"name\":\"Zarauzko Eraztun Berde Urdina\",\"description\":\"Herri-inguruko berdeguneen zaintza\",\"publisher\":{\"@id\":\"https:\/\/eraztunberdeurdina.eus\/#organization\"},\"potentialAction\":[{\"@type\":\"SearchAction\",\"target\":{\"@type\":\"EntryPoint\",\"urlTemplate\":\"https:\/\/eraztunberdeurdina.eus\/?s={search_term_string}\"},\"query-input\":{\"@type\":\"PropertyValueSpecification\",\"valueRequired\":true,\"valueName\":\"search_term_string\"}}],\"inLanguage\":\"es\"},{\"@type\":\"Organization\",\"@id\":\"https:\/\/eraztunberdeurdina.eus\/#organization\",\"name\":\"Zarauzko Eraztun Berde Urdina\",\"url\":\"https:\/\/eraztunberdeurdina.eus\/\",\"logo\":{\"@type\":\"ImageObject\",\"inLanguage\":\"es\",\"@id\":\"https:\/\/eraztunberdeurdina.eus\/#\/schema\/logo\/image\/\",\"url\":\"https:\/\/eraztunberdeurdina.eus\/wp-content\/uploads\/2018\/07\/EBUkoloretan.jpg\",\"contentUrl\":\"https:\/\/eraztunberdeurdina.eus\/wp-content\/uploads\/2018\/07\/EBUkoloretan.jpg\",\"width\":934,\"height\":687,\"caption\":\"Zarauzko Eraztun Berde Urdina\"},\"image\":{\"@id\":\"https:\/\/eraztunberdeurdina.eus\/#\/schema\/logo\/image\/\"}},{\"@type\":\"Person\",\"@id\":\"https:\/\/eraztunberdeurdina.eus\/#\/schema\/person\/a9c3a9d9ddfc0024a1d798d33b8eb53c\",\"name\":\"ebu\"}]}<\/script>\n<!-- \/ Yoast SEO plugin. -->","yoast_head_json":{"title":"Zarautz Familia Giroan 2025 - Anillo Verde Azul de Zarautz","robots":{"index":"index","follow":"follow","max-snippet":"max-snippet:-1","max-image-preview":"max-image-preview:large","max-video-preview":"max-video-preview:-1"},"canonical":"https:\/\/eraztunberdeurdina.eus\/es\/zarautz-familia-giroan-2025-20250428\/","og_locale":"es_ES","og_type":"article","og_title":"Zarautz Familia Giroan 2025 - Anillo Verde Azul de Zarautz","og_description":"Ma\u00f1ana (1 de mayo) celebraremos el festival Zarautz Familia Giroan y con vuestra familia podr\u00e9is disfrutar de una gran variedad [&hellip;]","og_url":"https:\/\/eraztunberdeurdina.eus\/es\/zarautz-familia-giroan-2025-20250428\/","og_site_name":"Anillo Verde Azul de Zarautz","article_published_time":"2025-04-28T08:59:44+00:00","article_modified_time":"2025-04-30T09:03:05+00:00","og_image":[{"width":1024,"height":1024,"url":"https:\/\/eraztunberdeurdina.eus\/wp-content\/uploads\/2025\/04\/WhatsApp-Image-2025-04-29-at-16.34.57.jpeg","type":"image\/jpeg"}],"author":"ebu","twitter_card":"summary_large_image","twitter_misc":{"Escrito por":"ebu","Tiempo de lectura":"1 minuto"},"schema":{"@context":"https:\/\/schema.org","@graph":[{"@type":"Article","@id":"https:\/\/eraztunberdeurdina.eus\/es\/zarautz-familia-giroan-2025-20250428\/#article","isPartOf":{"@id":"https:\/\/eraztunberdeurdina.eus\/es\/zarautz-familia-giroan-2025-20250428\/"},"author":{"name":"ebu","@id":"https:\/\/eraztunberdeurdina.eus\/#\/schema\/person\/a9c3a9d9ddfc0024a1d798d33b8eb53c"},"headline":"Zarautz Familia Giroan 2025","datePublished":"2025-04-28T08:59:44+00:00","dateModified":"2025-04-30T09:03:05+00:00","mainEntityOfPage":{"@id":"https:\/\/eraztunberdeurdina.eus\/es\/zarautz-familia-giroan-2025-20250428\/"},"wordCount":148,"publisher":{"@id":"https:\/\/eraztunberdeurdina.eus\/#organization"},"image":{"@id":"https:\/\/eraztunberdeurdina.eus\/es\/zarautz-familia-giroan-2025-20250428\/#primaryimage"},"thumbnailUrl":"https:\/\/eraztunberdeurdina.eus\/wp-content\/uploads\/2025\/04\/WhatsApp-Image-2025-04-29-at-16.34.57.jpeg","keywords":["anillo verde azul","Ayuntamiento de Zarautz","Eraztun Berde Urdina","Turismo Zarautz","Zarautz","Zarautz Familia Giroan","Zarautz Familia Giroan 2025","Zarautz Udala","Zarauzko Udala"],"articleSection":["Sin categorizar"],"inLanguage":"es"},{"@type":"WebPage","@id":"https:\/\/eraztunberdeurdina.eus\/es\/zarautz-familia-giroan-2025-20250428\/","url":"https:\/\/eraztunberdeurdina.eus\/es\/zarautz-familia-giroan-2025-20250428\/","name":"Zarautz Familia Giroan 2025 - Anillo Verde Azul de Zarautz","isPartOf":{"@id":"https:\/\/eraztunberdeurdina.eus\/#website"},"primaryImageOfPage":{"@id":"https:\/\/eraztunberdeurdina.eus\/es\/zarautz-familia-giroan-2025-20250428\/#primaryimage"},"image":{"@id":"https:\/\/eraztunberdeurdina.eus\/es\/zarautz-familia-giroan-2025-20250428\/#primaryimage"},"thumbnailUrl":"https:\/\/eraztunberdeurdina.eus\/wp-content\/uploads\/2025\/04\/WhatsApp-Image-2025-04-29-at-16.34.57.jpeg","datePublished":"2025-04-28T08:59:44+00:00","dateModified":"2025-04-30T09:03:05+00:00","breadcrumb":{"@id":"https:\/\/eraztunberdeurdina.eus\/es\/zarautz-familia-giroan-2025-20250428\/#breadcrumb"},"inLanguage":"es","potentialAction":[{"@type":"ReadAction","target":["https:\/\/eraztunberdeurdina.eus\/es\/zarautz-familia-giroan-2025-20250428\/"]}]},{"@type":"ImageObject","inLanguage":"es","@id":"https:\/\/eraztunberdeurdina.eus\/es\/zarautz-familia-giroan-2025-20250428\/#primaryimage","url":"https:\/\/eraztunberdeurdina.eus\/wp-content\/uploads\/2025\/04\/WhatsApp-Image-2025-04-29-at-16.34.57.jpeg","contentUrl":"https:\/\/eraztunberdeurdina.eus\/wp-content\/uploads\/2025\/04\/WhatsApp-Image-2025-04-29-at-16.34.57.jpeg","width":1024,"height":1024},{"@type":"BreadcrumbList","@id":"https:\/\/eraztunberdeurdina.eus\/es\/zarautz-familia-giroan-2025-20250428\/#breadcrumb","itemListElement":[{"@type":"ListItem","position":1,"name":"Home","item":"https:\/\/eraztunberdeurdina.eus\/es\/anillo-verde-azul\/"},{"@type":"ListItem","position":2,"name":"Zarautz Familia Giroan 2025"}]},{"@type":"WebSite","@id":"https:\/\/eraztunberdeurdina.eus\/#website","url":"https:\/\/eraztunberdeurdina.eus\/","name":"Zarauzko Eraztun Berde Urdina","description":"Herri-inguruko berdeguneen zaintza","publisher":{"@id":"https:\/\/eraztunberdeurdina.eus\/#organization"},"potentialAction":[{"@type":"SearchAction","target":{"@type":"EntryPoint","urlTemplate":"https:\/\/eraztunberdeurdina.eus\/?s={search_term_string}"},"query-input":{"@type":"PropertyValueSpecification","valueRequired":true,"valueName":"search_term_string"}}],"inLanguage":"es"},{"@type":"Organization","@id":"https:\/\/eraztunberdeurdina.eus\/#organization","name":"Zarauzko Eraztun Berde Urdina","url":"https:\/\/eraztunberdeurdina.eus\/","logo":{"@type":"ImageObject","inLanguage":"es","@id":"https:\/\/eraztunberdeurdina.eus\/#\/schema\/logo\/image\/","url":"https:\/\/eraztunberdeurdina.eus\/wp-content\/uploads\/2018\/07\/EBUkoloretan.jpg","contentUrl":"https:\/\/eraztunberdeurdina.eus\/wp-content\/uploads\/2018\/07\/EBUkoloretan.jpg","width":934,"height":687,"caption":"Zarauzko Eraztun Berde Urdina"},"image":{"@id":"https:\/\/eraztunberdeurdina.eus\/#\/schema\/logo\/image\/"}},{"@type":"Person","@id":"https:\/\/eraztunberdeurdina.eus\/#\/schema\/person\/a9c3a9d9ddfc0024a1d798d33b8eb53c","name":"ebu"}]}},"_links":{"self":[{"href":"https:\/\/eraztunberdeurdina.eus\/es\/wp-json\/wp\/v2\/posts\/4052","targetHints":{"allow":["GET"]}}],"collection":[{"href":"https:\/\/eraztunberdeurdina.eus\/es\/wp-json\/wp\/v2\/posts"}],"about":[{"href":"https:\/\/eraztunberdeurdina.eus\/es\/wp-json\/wp\/v2\/types\/post"}],"author":[{"embeddable":true,"href":"https:\/\/eraztunberdeurdina.eus\/es\/wp-json\/wp\/v2\/users\/3"}],"replies":[{"embeddable":true,"href":"https:\/\/eraztunberdeurdina.eus\/es\/wp-json\/wp\/v2\/comments?post=4052"}],"version-history":[{"count":1,"href":"https:\/\/eraztunberdeurdina.eus\/es\/wp-json\/wp\/v2\/posts\/4052\/revisions"}],"predecessor-version":[{"id":4053,"href":"https:\/\/eraztunberdeurdina.eus\/es\/wp-json\/wp\/v2\/posts\/4052\/revisions\/4053"}],"wp:featuredmedia":[{"embeddable":true,"href":"https:\/\/eraztunberdeurdina.eus\/es\/wp-json\/wp\/v2\/media\/4044"}],"wp:attachment":[{"href":"https:\/\/eraztunberdeurdina.eus\/es\/wp-json\/wp\/v2\/media?parent=4052"}],"wp:term":[{"taxonomy":"category","embeddable":true,"href":"https:\/\/eraztunberdeurdina.eus\/es\/wp-json\/wp\/v2\/categories?post=4052"},{"taxonomy":"post_tag","embeddable":true,"href":"https:\/\/eraztunberdeurdina.eus\/es\/wp-json\/wp\/v2\/tags?post=4052"}],"curies":[{"name":"wp","href":"https:\/\/api.w.org\/{rel}","templated":true}]}}