{"id":4441,"date":"2025-07-01T15:50:33","date_gmt":"2025-07-01T13:50:33","guid":{"rendered":"https:\/\/eraztunberdeurdina.eus\/?p=4441"},"modified":"2025-07-01T15:50:33","modified_gmt":"2025-07-01T13:50:33","slug":"salidas-guiadas-en-verano","status":"publish","type":"post","link":"https:\/\/eraztunberdeurdina.eus\/es\/salidas-guiadas-en-verano-20250701\/","title":{"rendered":"Salidas guiadas en verano"},"content":{"rendered":"<p>El departamento de Medio Ambiente del Ayuntamiento de Zarautz retoma las visitas guiadas en el Anillo Verde Azul. Estas visitas se ofrecen tanto a la ciudadan\u00eda en verano y Semana Santa, como a los centros escolares durante el curso para dar a conocer los valores naturales del Anillo Verde Azul.<\/p>\n<p>El objetivo principal de estas salidas guiadas es dar a conocer el valor medio ambiental de los diferentes ecosistemas que se encuentran en el Anillo verde Azul, una infraestructura verde que tiene como objetivo fundamental la preservaci\u00f3n y el cuidado de la naturaleza, as\u00ed como sensibilizar a la ciudadan\u00eda en estos valores medio ambientales. Tambi\u00e9n ofrecemos las mismas salidas guiadas cada curso a todos los centros de Primaria y Pre escolar. Durante el curso que acaba de finalizar han participado 517 alumnos y alumnas de todos los centros escolares de Zarautz.<\/p>\n<p>Las rutas guiadas se llevar\u00e1n a cabo en 3 itinerarios: el de Arkamurka, el de los Humedales y el itinerario de I\u00f1urritza. Los dos primeros se ofrecer\u00e1n los viernes por la tarde en verano alternativamente y el de I\u00f1urritza los s\u00e1bados por la ma\u00f1ana cada dos semanas, durante los meses de julio, agosto y terminando el 6 de septiembre. Las salidas se ofertar\u00e1n siempre en euskera y en castellano para lo que se organizar\u00e1n dos grupos en cada salida.<\/p>\n<p>La primera de las salidas de este verano ser\u00e1 este viernes, 4 de julio, en el recorrido de los humedales a las 18:00, saliendo de la parada de autobuses de la rotonda de bomberos. Por su parte, el viernes 11 de julio se realizar\u00e1 en el recorrido de Arkamurka a las 18:00, con inicio en el ascensor de Aldapeta y el s\u00e1bado, 12 de julio, en el itinerario de I\u00f1urritza, partiendo a las 10:00 desde Borghetto.<\/p>\n<p>Los horarios y puntos de partida se mantendr\u00e1n a lo largo del verano. En las visitas guiadas se mostrar\u00e1n las caracter\u00edsticas de estos espacios naturales, tales como h\u00e1bitats de cada zona, fauna, flora, hidrogeolog\u00eda, paisaje, su afecci\u00f3n al cambio clim\u00e1tico, gesti\u00f3n del espacio, figuras de protecci\u00f3n, planes de gesti\u00f3n, labores de recuperaci\u00f3n realizadas hasta la fecha, las que se llevar\u00e1n a cabo a partir de ahora, etc.<\/p>\n<p>El aforo m\u00e1ximo ser\u00e1 de 20 personas. Dado que el aforo ser\u00e1 limitado, las personas interesadas deber\u00e1n inscribirse (por tel\u00e9fono, de forma presencial o v\u00eda e-mail) previamente en la Oficina de Turismo de Zarautz. En cada salida se ofrecer\u00e1 documentaci\u00f3n espec\u00edfica relacionada con los ecosistemas de la zona. <\/p>\n","protected":false},"excerpt":{"rendered":"<p>El departamento de Medio Ambiente del Ayuntamiento de Zarautz retoma las visitas guiadas en el Anillo Verde Azul. Estas visitas [&hellip;]<\/p>\n","protected":false},"author":3,"featured_media":4438,"comment_status":"closed","ping_status":"closed","sticky":false,"template":"","format":"standard","meta":{"_acf_changed":false,"site-sidebar-layout":"default","site-content-layout":"","ast-site-content-layout":"default","site-content-style":"default","site-sidebar-style":"default","ast-global-header-display":"","ast-banner-title-visibility":"","ast-main-header-display":"","ast-hfb-above-header-display":"","ast-hfb-below-header-display":"","ast-hfb-mobile-header-display":"","site-post-title":"","ast-breadcrumbs-content":"","ast-featured-img":"","footer-sml-layout":"","ast-disable-related-posts":"","theme-transparent-header-meta":"","adv-header-id-meta":"","stick-header-meta":"","header-above-stick-meta":"","header-main-stick-meta":"","header-below-stick-meta":"","astra-migrate-meta-layouts":"default","ast-page-background-enabled":"default","ast-page-background-meta":{"desktop":{"background-color":"var(--ast-global-color-5)","background-image":"","background-repeat":"repeat","background-position":"center center","background-size":"auto","background-attachment":"scroll","background-type":"","background-media":"","overlay-type":"","overlay-color":"","overlay-opacity":"","overlay-gradient":""},"tablet":{"background-color":"","background-image":"","background-repeat":"repeat","background-position":"center center","background-size":"auto","background-attachment":"scroll","background-type":"","background-media":"","overlay-type":"","overlay-color":"","overlay-opacity":"","overlay-gradient":""},"mobile":{"background-color":"","background-image":"","background-repeat":"repeat","background-position":"center center","background-size":"auto","background-attachment":"scroll","background-type":"","background-media":"","overlay-type":"","overlay-color":"","overlay-opacity":"","overlay-gradient":""}},"ast-content-background-meta":{"desktop":{"background-color":"var(--ast-global-color-4)","background-image":"","background-repeat":"repeat","background-position":"center center","background-size":"auto","background-attachment":"scroll","background-type":"","background-media":"","overlay-type":"","overlay-color":"","overlay-opacity":"","overlay-gradient":""},"tablet":{"background-color":"var(--ast-global-color-4)","background-image":"","background-repeat":"repeat","background-position":"center center","background-size":"auto","background-attachment":"scroll","background-type":"","background-media":"","overlay-type":"","overlay-color":"","overlay-opacity":"","overlay-gradient":""},"mobile":{"background-color":"var(--ast-global-color-4)","background-image":"","background-repeat":"repeat","background-position":"center center","background-size":"auto","background-attachment":"scroll","background-type":"","background-media":"","overlay-type":"","overlay-color":"","overlay-opacity":"","overlay-gradient":""}},"footnotes":""},"categories":[86,818,555],"tags":[33,106,30,65,72,801,538,244,243,28],"class_list":["post-4441","post","type-post","status-publish","format-standard","has-post-thumbnail","hentry","category-actividades","category-rutas-guiadas","category-salidas-guiadas","tag-anillo-verde-azul","tag-ayuntamiento-de-zarautz","tag-ebu","tag-ingurumena","tag-medio-ambiente","tag-rutas-guiadas","tag-salidas-guiadas","tag-verano","tag-visitas-guiadas","tag-zarautz"],"acf":[],"yoast_head":"<!-- This site is optimized with the Yoast SEO plugin v27.1.1 - https:\/\/yoast.com\/product\/yoast-seo-wordpress\/ -->\n<title>Salidas guiadas en verano - Anillo Verde Azul de Zarautz<\/title>\n<meta name=\"robots\" content=\"index, follow, max-snippet:-1, max-image-preview:large, max-video-preview:-1\" \/>\n<link rel=\"canonical\" href=\"https:\/\/eraztunberdeurdina.eus\/es\/salidas-guiadas-en-verano-20250701\/\" \/>\n<meta property=\"og:locale\" content=\"es_ES\" \/>\n<meta property=\"og:type\" content=\"article\" \/>\n<meta property=\"og:title\" content=\"Salidas guiadas en verano - Anillo Verde Azul de Zarautz\" \/>\n<meta property=\"og:description\" content=\"El departamento de Medio Ambiente del Ayuntamiento de Zarautz retoma las visitas guiadas en el Anillo Verde Azul. Estas visitas [&hellip;]\" \/>\n<meta property=\"og:url\" content=\"https:\/\/eraztunberdeurdina.eus\/es\/salidas-guiadas-en-verano-20250701\/\" \/>\n<meta property=\"og:site_name\" content=\"Anillo Verde Azul de Zarautz\" \/>\n<meta property=\"article:published_time\" content=\"2025-07-01T13:50:33+00:00\" \/>\n<meta property=\"og:image\" content=\"https:\/\/eraztunberdeurdina.eus\/wp-content\/uploads\/2025\/07\/ebu-IRTEERA-GIDATUAK-diseinuaren-kopia.jpg\" \/>\n\t<meta property=\"og:image:width\" content=\"1587\" \/>\n\t<meta property=\"og:image:height\" content=\"2245\" \/>\n\t<meta property=\"og:image:type\" content=\"image\/jpeg\" \/>\n<meta name=\"author\" content=\"ebu\" \/>\n<meta name=\"twitter:card\" content=\"summary_large_image\" \/>\n<meta name=\"twitter:label1\" content=\"Escrito por\" \/>\n\t<meta name=\"twitter:data1\" content=\"ebu\" \/>\n\t<meta name=\"twitter:label2\" content=\"Tiempo de lectura\" \/>\n\t<meta name=\"twitter:data2\" content=\"2 minutos\" \/>\n<script type=\"application\/ld+json\" class=\"yoast-schema-graph\">{\"@context\":\"https:\/\/schema.org\",\"@graph\":[{\"@type\":\"Article\",\"@id\":\"https:\/\/eraztunberdeurdina.eus\/es\/salidas-guiadas-en-verano-20250701\/#article\",\"isPartOf\":{\"@id\":\"https:\/\/eraztunberdeurdina.eus\/es\/salidas-guiadas-en-verano-20250701\/\"},\"author\":{\"name\":\"ebu\",\"@id\":\"https:\/\/eraztunberdeurdina.eus\/#\/schema\/person\/a9c3a9d9ddfc0024a1d798d33b8eb53c\"},\"headline\":\"Salidas guiadas en verano\",\"datePublished\":\"2025-07-01T13:50:33+00:00\",\"mainEntityOfPage\":{\"@id\":\"https:\/\/eraztunberdeurdina.eus\/es\/salidas-guiadas-en-verano-20250701\/\"},\"wordCount\":437,\"publisher\":{\"@id\":\"https:\/\/eraztunberdeurdina.eus\/#organization\"},\"image\":{\"@id\":\"https:\/\/eraztunberdeurdina.eus\/es\/salidas-guiadas-en-verano-20250701\/#primaryimage\"},\"thumbnailUrl\":\"https:\/\/eraztunberdeurdina.eus\/wp-content\/uploads\/2025\/07\/ebu-IRTEERA-GIDATUAK-diseinuaren-kopia.jpg\",\"keywords\":[\"anillo verde azul\",\"Ayuntamiento de Zarautz\",\"EBU\",\"ingurumena\",\"Medio Ambiente\",\"rutas guiadas\",\"salidas guiadas\",\"verano\",\"visitas guiadas\",\"Zarautz\"],\"articleSection\":[\"Actividades\",\"rutas guiadas\",\"salidas guiadas\"],\"inLanguage\":\"es\"},{\"@type\":\"WebPage\",\"@id\":\"https:\/\/eraztunberdeurdina.eus\/es\/salidas-guiadas-en-verano-20250701\/\",\"url\":\"https:\/\/eraztunberdeurdina.eus\/es\/salidas-guiadas-en-verano-20250701\/\",\"name\":\"Salidas guiadas en verano - Anillo Verde Azul de Zarautz\",\"isPartOf\":{\"@id\":\"https:\/\/eraztunberdeurdina.eus\/#website\"},\"primaryImageOfPage\":{\"@id\":\"https:\/\/eraztunberdeurdina.eus\/es\/salidas-guiadas-en-verano-20250701\/#primaryimage\"},\"image\":{\"@id\":\"https:\/\/eraztunberdeurdina.eus\/es\/salidas-guiadas-en-verano-20250701\/#primaryimage\"},\"thumbnailUrl\":\"https:\/\/eraztunberdeurdina.eus\/wp-content\/uploads\/2025\/07\/ebu-IRTEERA-GIDATUAK-diseinuaren-kopia.jpg\",\"datePublished\":\"2025-07-01T13:50:33+00:00\",\"breadcrumb\":{\"@id\":\"https:\/\/eraztunberdeurdina.eus\/es\/salidas-guiadas-en-verano-20250701\/#breadcrumb\"},\"inLanguage\":\"es\",\"potentialAction\":[{\"@type\":\"ReadAction\",\"target\":[\"https:\/\/eraztunberdeurdina.eus\/es\/salidas-guiadas-en-verano-20250701\/\"]}]},{\"@type\":\"ImageObject\",\"inLanguage\":\"es\",\"@id\":\"https:\/\/eraztunberdeurdina.eus\/es\/salidas-guiadas-en-verano-20250701\/#primaryimage\",\"url\":\"https:\/\/eraztunberdeurdina.eus\/wp-content\/uploads\/2025\/07\/ebu-IRTEERA-GIDATUAK-diseinuaren-kopia.jpg\",\"contentUrl\":\"https:\/\/eraztunberdeurdina.eus\/wp-content\/uploads\/2025\/07\/ebu-IRTEERA-GIDATUAK-diseinuaren-kopia.jpg\",\"width\":1587,\"height\":2245},{\"@type\":\"BreadcrumbList\",\"@id\":\"https:\/\/eraztunberdeurdina.eus\/es\/salidas-guiadas-en-verano-20250701\/#breadcrumb\",\"itemListElement\":[{\"@type\":\"ListItem\",\"position\":1,\"name\":\"Home\",\"item\":\"https:\/\/eraztunberdeurdina.eus\/es\/anillo-verde-azul\/\"},{\"@type\":\"ListItem\",\"position\":2,\"name\":\"Salidas guiadas en verano\"}]},{\"@type\":\"WebSite\",\"@id\":\"https:\/\/eraztunberdeurdina.eus\/#website\",\"url\":\"https:\/\/eraztunberdeurdina.eus\/\",\"name\":\"Zarauzko Eraztun Berde Urdina\",\"description\":\"Herri-inguruko berdeguneen zaintza\",\"publisher\":{\"@id\":\"https:\/\/eraztunberdeurdina.eus\/#organization\"},\"potentialAction\":[{\"@type\":\"SearchAction\",\"target\":{\"@type\":\"EntryPoint\",\"urlTemplate\":\"https:\/\/eraztunberdeurdina.eus\/?s={search_term_string}\"},\"query-input\":{\"@type\":\"PropertyValueSpecification\",\"valueRequired\":true,\"valueName\":\"search_term_string\"}}],\"inLanguage\":\"es\"},{\"@type\":\"Organization\",\"@id\":\"https:\/\/eraztunberdeurdina.eus\/#organization\",\"name\":\"Zarauzko Eraztun Berde Urdina\",\"url\":\"https:\/\/eraztunberdeurdina.eus\/\",\"logo\":{\"@type\":\"ImageObject\",\"inLanguage\":\"es\",\"@id\":\"https:\/\/eraztunberdeurdina.eus\/#\/schema\/logo\/image\/\",\"url\":\"https:\/\/eraztunberdeurdina.eus\/wp-content\/uploads\/2018\/07\/EBUkoloretan.jpg\",\"contentUrl\":\"https:\/\/eraztunberdeurdina.eus\/wp-content\/uploads\/2018\/07\/EBUkoloretan.jpg\",\"width\":934,\"height\":687,\"caption\":\"Zarauzko Eraztun Berde Urdina\"},\"image\":{\"@id\":\"https:\/\/eraztunberdeurdina.eus\/#\/schema\/logo\/image\/\"}},{\"@type\":\"Person\",\"@id\":\"https:\/\/eraztunberdeurdina.eus\/#\/schema\/person\/a9c3a9d9ddfc0024a1d798d33b8eb53c\",\"name\":\"ebu\"}]}<\/script>\n<!-- \/ Yoast SEO plugin. -->","yoast_head_json":{"title":"Salidas guiadas en verano - Anillo Verde Azul de Zarautz","robots":{"index":"index","follow":"follow","max-snippet":"max-snippet:-1","max-image-preview":"max-image-preview:large","max-video-preview":"max-video-preview:-1"},"canonical":"https:\/\/eraztunberdeurdina.eus\/es\/salidas-guiadas-en-verano-20250701\/","og_locale":"es_ES","og_type":"article","og_title":"Salidas guiadas en verano - Anillo Verde Azul de Zarautz","og_description":"El departamento de Medio Ambiente del Ayuntamiento de Zarautz retoma las visitas guiadas en el Anillo Verde Azul. Estas visitas [&hellip;]","og_url":"https:\/\/eraztunberdeurdina.eus\/es\/salidas-guiadas-en-verano-20250701\/","og_site_name":"Anillo Verde Azul de Zarautz","article_published_time":"2025-07-01T13:50:33+00:00","og_image":[{"width":1587,"height":2245,"url":"https:\/\/eraztunberdeurdina.eus\/wp-content\/uploads\/2025\/07\/ebu-IRTEERA-GIDATUAK-diseinuaren-kopia.jpg","type":"image\/jpeg"}],"author":"ebu","twitter_card":"summary_large_image","twitter_misc":{"Escrito por":"ebu","Tiempo de lectura":"2 minutos"},"schema":{"@context":"https:\/\/schema.org","@graph":[{"@type":"Article","@id":"https:\/\/eraztunberdeurdina.eus\/es\/salidas-guiadas-en-verano-20250701\/#article","isPartOf":{"@id":"https:\/\/eraztunberdeurdina.eus\/es\/salidas-guiadas-en-verano-20250701\/"},"author":{"name":"ebu","@id":"https:\/\/eraztunberdeurdina.eus\/#\/schema\/person\/a9c3a9d9ddfc0024a1d798d33b8eb53c"},"headline":"Salidas guiadas en verano","datePublished":"2025-07-01T13:50:33+00:00","mainEntityOfPage":{"@id":"https:\/\/eraztunberdeurdina.eus\/es\/salidas-guiadas-en-verano-20250701\/"},"wordCount":437,"publisher":{"@id":"https:\/\/eraztunberdeurdina.eus\/#organization"},"image":{"@id":"https:\/\/eraztunberdeurdina.eus\/es\/salidas-guiadas-en-verano-20250701\/#primaryimage"},"thumbnailUrl":"https:\/\/eraztunberdeurdina.eus\/wp-content\/uploads\/2025\/07\/ebu-IRTEERA-GIDATUAK-diseinuaren-kopia.jpg","keywords":["anillo verde azul","Ayuntamiento de Zarautz","EBU","ingurumena","Medio Ambiente","rutas guiadas","salidas guiadas","verano","visitas guiadas","Zarautz"],"articleSection":["Actividades","rutas guiadas","salidas guiadas"],"inLanguage":"es"},{"@type":"WebPage","@id":"https:\/\/eraztunberdeurdina.eus\/es\/salidas-guiadas-en-verano-20250701\/","url":"https:\/\/eraztunberdeurdina.eus\/es\/salidas-guiadas-en-verano-20250701\/","name":"Salidas guiadas en verano - Anillo Verde Azul de Zarautz","isPartOf":{"@id":"https:\/\/eraztunberdeurdina.eus\/#website"},"primaryImageOfPage":{"@id":"https:\/\/eraztunberdeurdina.eus\/es\/salidas-guiadas-en-verano-20250701\/#primaryimage"},"image":{"@id":"https:\/\/eraztunberdeurdina.eus\/es\/salidas-guiadas-en-verano-20250701\/#primaryimage"},"thumbnailUrl":"https:\/\/eraztunberdeurdina.eus\/wp-content\/uploads\/2025\/07\/ebu-IRTEERA-GIDATUAK-diseinuaren-kopia.jpg","datePublished":"2025-07-01T13:50:33+00:00","breadcrumb":{"@id":"https:\/\/eraztunberdeurdina.eus\/es\/salidas-guiadas-en-verano-20250701\/#breadcrumb"},"inLanguage":"es","potentialAction":[{"@type":"ReadAction","target":["https:\/\/eraztunberdeurdina.eus\/es\/salidas-guiadas-en-verano-20250701\/"]}]},{"@type":"ImageObject","inLanguage":"es","@id":"https:\/\/eraztunberdeurdina.eus\/es\/salidas-guiadas-en-verano-20250701\/#primaryimage","url":"https:\/\/eraztunberdeurdina.eus\/wp-content\/uploads\/2025\/07\/ebu-IRTEERA-GIDATUAK-diseinuaren-kopia.jpg","contentUrl":"https:\/\/eraztunberdeurdina.eus\/wp-content\/uploads\/2025\/07\/ebu-IRTEERA-GIDATUAK-diseinuaren-kopia.jpg","width":1587,"height":2245},{"@type":"BreadcrumbList","@id":"https:\/\/eraztunberdeurdina.eus\/es\/salidas-guiadas-en-verano-20250701\/#breadcrumb","itemListElement":[{"@type":"ListItem","position":1,"name":"Home","item":"https:\/\/eraztunberdeurdina.eus\/es\/anillo-verde-azul\/"},{"@type":"ListItem","position":2,"name":"Salidas guiadas en verano"}]},{"@type":"WebSite","@id":"https:\/\/eraztunberdeurdina.eus\/#website","url":"https:\/\/eraztunberdeurdina.eus\/","name":"Zarauzko Eraztun Berde Urdina","description":"Herri-inguruko berdeguneen zaintza","publisher":{"@id":"https:\/\/eraztunberdeurdina.eus\/#organization"},"potentialAction":[{"@type":"SearchAction","target":{"@type":"EntryPoint","urlTemplate":"https:\/\/eraztunberdeurdina.eus\/?s={search_term_string}"},"query-input":{"@type":"PropertyValueSpecification","valueRequired":true,"valueName":"search_term_string"}}],"inLanguage":"es"},{"@type":"Organization","@id":"https:\/\/eraztunberdeurdina.eus\/#organization","name":"Zarauzko Eraztun Berde Urdina","url":"https:\/\/eraztunberdeurdina.eus\/","logo":{"@type":"ImageObject","inLanguage":"es","@id":"https:\/\/eraztunberdeurdina.eus\/#\/schema\/logo\/image\/","url":"https:\/\/eraztunberdeurdina.eus\/wp-content\/uploads\/2018\/07\/EBUkoloretan.jpg","contentUrl":"https:\/\/eraztunberdeurdina.eus\/wp-content\/uploads\/2018\/07\/EBUkoloretan.jpg","width":934,"height":687,"caption":"Zarauzko Eraztun Berde Urdina"},"image":{"@id":"https:\/\/eraztunberdeurdina.eus\/#\/schema\/logo\/image\/"}},{"@type":"Person","@id":"https:\/\/eraztunberdeurdina.eus\/#\/schema\/person\/a9c3a9d9ddfc0024a1d798d33b8eb53c","name":"ebu"}]}},"_links":{"self":[{"href":"https:\/\/eraztunberdeurdina.eus\/es\/wp-json\/wp\/v2\/posts\/4441","targetHints":{"allow":["GET"]}}],"collection":[{"href":"https:\/\/eraztunberdeurdina.eus\/es\/wp-json\/wp\/v2\/posts"}],"about":[{"href":"https:\/\/eraztunberdeurdina.eus\/es\/wp-json\/wp\/v2\/types\/post"}],"author":[{"embeddable":true,"href":"https:\/\/eraztunberdeurdina.eus\/es\/wp-json\/wp\/v2\/users\/3"}],"replies":[{"embeddable":true,"href":"https:\/\/eraztunberdeurdina.eus\/es\/wp-json\/wp\/v2\/comments?post=4441"}],"version-history":[{"count":1,"href":"https:\/\/eraztunberdeurdina.eus\/es\/wp-json\/wp\/v2\/posts\/4441\/revisions"}],"predecessor-version":[{"id":4442,"href":"https:\/\/eraztunberdeurdina.eus\/es\/wp-json\/wp\/v2\/posts\/4441\/revisions\/4442"}],"wp:featuredmedia":[{"embeddable":true,"href":"https:\/\/eraztunberdeurdina.eus\/es\/wp-json\/wp\/v2\/media\/4438"}],"wp:attachment":[{"href":"https:\/\/eraztunberdeurdina.eus\/es\/wp-json\/wp\/v2\/media?parent=4441"}],"wp:term":[{"taxonomy":"category","embeddable":true,"href":"https:\/\/eraztunberdeurdina.eus\/es\/wp-json\/wp\/v2\/categories?post=4441"},{"taxonomy":"post_tag","embeddable":true,"href":"https:\/\/eraztunberdeurdina.eus\/es\/wp-json\/wp\/v2\/tags?post=4441"}],"curies":[{"name":"wp","href":"https:\/\/api.w.org\/{rel}","templated":true}]}}